{"id":9625,"date":"2026-04-24T18:53:47","date_gmt":"2026-04-24T22:53:47","guid":{"rendered":"https:\/\/www.manaus.am.gov.br\/seminf\/obras-servicos-conjunto-castanheira\/"},"modified":"2026-04-24T18:53:49","modified_gmt":"2026-04-24T22:53:49","slug":"obras-servicos-conjunto-castanheira","status":"publish","type":"post","link":"https:\/\/www.manaus.am.gov.br\/seminf\/obras-servicos-conjunto-castanheira\/","title":{"rendered":"Prefeitura de Manaus recupera nova rua do conjunto Castanheira, no bairro S\u00e3o Jos\u00e9 Oper\u00e1rio\u00a0"},"content":{"rendered":"\n<p>A Prefeitura de Manaus, por meio da Secretaria Municipal de Infraestrutura (Seminf), deu continuidade, nesta sexta-feira, 24\/4, aos servi\u00e7os que garantem mais qualidade de vida para a popula\u00e7\u00e3o. Desta vez, os trabalhos de recupera\u00e7\u00e3o vi\u00e1ria se concentraram na rua Guaramiranga, no conjunto Castanheira, bairro S\u00e3o Jos\u00e9 Oper\u00e1rio.&nbsp;<\/p>\n\n\n\n<p>As a\u00e7\u00f5es fazem parte de um planejamento estrat\u00e9gico que atende diferentes bairros, levando mais seguran\u00e7a e mobilidade para motoristas e pedestres, como relata o secret\u00e1rio de Infraestrutura, Madson Rodrigues.&nbsp;<\/p>\n\n\n\n<p>\u201cMais um avan\u00e7o de recupera\u00e7\u00e3o asf\u00e1ltica na cidade, e a gest\u00e3o do prefeito Renato Junior reafirma seu compromisso de seguir avan\u00e7ando, levando infraestrutura de qualidade para todas as zonas da cidade. A recupera\u00e7\u00e3o asf\u00e1ltica \u00e9 mais um passo importante dentro desse trabalho permanente de cuidado e desenvolvimento urbano\u201d, afirma Madson.&nbsp;<\/p>\n\n\n\n<p>Os trabalhos realizados incluem recupera\u00e7\u00e3o asf\u00e1ltica e corre\u00e7\u00e3o de imperfei\u00e7\u00f5es na pista, que \u00e9 um servi\u00e7o necess\u00e1rio para garantir um tr\u00e1fego mais seguro e confort\u00e1vel. A presen\u00e7a das equipes no local refor\u00e7a o compromisso da gest\u00e3o municipal em atender as demandas da popula\u00e7\u00e3o com agilidade e efici\u00eancia.<\/p>\n\n\n\n<p>A obra demonstra o esfor\u00e7o cont\u00ednuo da Prefeitura de Manaus em transformar a realidade das comunidades. Ruas em boas condi\u00e7\u00f5es contribuem n\u00e3o apenas para a mobilidade urbana, mas tamb\u00e9m para a valoriza\u00e7\u00e3o das \u00e1reas atendidas.<\/p>\n\n\n\n<p>\u00a0&#8212; &#8212; &#8212;\u00a0<br><strong>Texto &#8211; <\/strong>Rayana Coutinho\/ Seminf <strong>\u00a0<\/strong><br><strong>Fotos &#8211;<\/strong> Divulga\u00e7\u00e3o\/Seminf \u00a0<\/p>\n","protected":false},"excerpt":{"rendered":"","protected":false},"author":68,"featured_media":9626,"comment_status":"closed","ping_status":"closed","sticky":false,"template":"","format":"standard","meta":{"footnotes":""},"categories":[6],"tags":[22,3357,43,3358,26],"acf":[],"yoast_head":"<!-- This site is optimized with the Yoast SEO plugin v23.0 - https:\/\/yoast.com\/wordpress\/plugins\/seo\/ -->\n<title>Prefeitura de Manaus recupera nova rua do conjunto Castanheira<\/title>\n<meta name=\"description\" content=\"A Prefeitura de Manaus deu continuidade, nesta sexta-feira, 24\/4, aos servi\u00e7os que garantem mais qualidade de vida para a popula\u00e7\u00e3o.\" \/>\n<meta name=\"robots\" content=\"index, follow, max-snippet:-1, max-image-preview:large, max-video-preview:-1\" \/>\n<link rel=\"canonical\" href=\"https:\/\/www.manaus.am.gov.br\/seminf\/obras-servicos-conjunto-castanheira\/\" \/>\n<meta property=\"og:locale\" content=\"pt_BR\" \/>\n<meta property=\"og:type\" content=\"article\" \/>\n<meta property=\"og:title\" content=\"Prefeitura de Manaus recupera nova rua do conjunto Castanheira\" \/>\n<meta property=\"og:description\" content=\"A Prefeitura de Manaus deu continuidade, nesta sexta-feira, 24\/4, aos servi\u00e7os que garantem mais qualidade de vida para a popula\u00e7\u00e3o.\" \/>\n<meta property=\"og:url\" content=\"https:\/\/www.manaus.am.gov.br\/seminf\/obras-servicos-conjunto-castanheira\/\" \/>\n<meta property=\"og:site_name\" content=\"SEMINF\" \/>\n<meta property=\"article:published_time\" content=\"2026-04-24T22:53:47+00:00\" \/>\n<meta property=\"article:modified_time\" content=\"2026-04-24T22:53:49+00:00\" \/>\n<meta property=\"og:image\" content=\"https:\/\/www.manaus.am.gov.br\/seminf\/wp-content\/uploads\/sites\/6\/2026\/04\/Prefeitura-de-Manaus-recupera-nova-rua-do-conjunto-Castanheira-no-bairro-Sao-Jose-Operario-2.jpg\" \/>\n\t<meta property=\"og:image:width\" content=\"1599\" \/>\n\t<meta property=\"og:image:height\" content=\"1047\" \/>\n\t<meta property=\"og:image:type\" content=\"image\/jpeg\" \/>\n<meta name=\"author\" content=\"bvalente\" \/>\n<meta name=\"twitter:card\" content=\"summary_large_image\" \/>\n<meta name=\"twitter:label1\" content=\"Written by\" \/>\n\t<meta name=\"twitter:data1\" content=\"bvalente\" \/>\n\t<meta name=\"twitter:label2\" content=\"Est. reading time\" \/>\n\t<meta name=\"twitter:data2\" content=\"2 minutos\" \/>\n<script type=\"application\/ld+json\" class=\"yoast-schema-graph\">{\"@context\":\"https:\/\/schema.org\",\"@graph\":[{\"@type\":\"WebPage\",\"@id\":\"https:\/\/www.manaus.am.gov.br\/seminf\/obras-servicos-conjunto-castanheira\/\",\"url\":\"https:\/\/www.manaus.am.gov.br\/seminf\/obras-servicos-conjunto-castanheira\/\",\"name\":\"Prefeitura de Manaus recupera nova rua do conjunto Castanheira\",\"isPartOf\":{\"@id\":\"https:\/\/www.manaus.am.gov.br\/seminf\/#website\"},\"primaryImageOfPage\":{\"@id\":\"https:\/\/www.manaus.am.gov.br\/seminf\/obras-servicos-conjunto-castanheira\/#primaryimage\"},\"image\":{\"@id\":\"https:\/\/www.manaus.am.gov.br\/seminf\/obras-servicos-conjunto-castanheira\/#primaryimage\"},\"thumbnailUrl\":\"https:\/\/www.manaus.am.gov.br\/seminf\/wp-content\/uploads\/sites\/6\/2026\/04\/Prefeitura-de-Manaus-recupera-nova-rua-do-conjunto-Castanheira-no-bairro-Sao-Jose-Operario-2.jpg\",\"datePublished\":\"2026-04-24T22:53:47+00:00\",\"dateModified\":\"2026-04-24T22:53:49+00:00\",\"author\":{\"@id\":\"https:\/\/www.manaus.am.gov.br\/seminf\/#\/schema\/person\/466a0e03ae4b6062809046bd560ac955\"},\"description\":\"A Prefeitura de Manaus deu continuidade, nesta sexta-feira, 24\/4, aos servi\u00e7os que garantem mais qualidade de vida para a popula\u00e7\u00e3o.\",\"inLanguage\":\"pt-BR\",\"potentialAction\":[{\"@type\":\"ReadAction\",\"target\":[\"https:\/\/www.manaus.am.gov.br\/seminf\/obras-servicos-conjunto-castanheira\/\"]}]},{\"@type\":\"ImageObject\",\"inLanguage\":\"pt-BR\",\"@id\":\"https:\/\/www.manaus.am.gov.br\/seminf\/obras-servicos-conjunto-castanheira\/#primaryimage\",\"url\":\"https:\/\/www.manaus.am.gov.br\/seminf\/wp-content\/uploads\/sites\/6\/2026\/04\/Prefeitura-de-Manaus-recupera-nova-rua-do-conjunto-Castanheira-no-bairro-Sao-Jose-Operario-2.jpg\",\"contentUrl\":\"https:\/\/www.manaus.am.gov.br\/seminf\/wp-content\/uploads\/sites\/6\/2026\/04\/Prefeitura-de-Manaus-recupera-nova-rua-do-conjunto-Castanheira-no-bairro-Sao-Jose-Operario-2.jpg\",\"width\":1599,\"height\":1047,\"caption\":\"#paratodosverem - Equipe da Seminf aplicando novo asfalto em via\"},{\"@type\":\"WebSite\",\"@id\":\"https:\/\/www.manaus.am.gov.br\/seminf\/#website\",\"url\":\"https:\/\/www.manaus.am.gov.br\/seminf\/\",\"name\":\"Secretaria de Infraestrutura\",\"description\":\"Secretaria Municipal de Infraestrutura\",\"potentialAction\":[{\"@type\":\"SearchAction\",\"target\":{\"@type\":\"EntryPoint\",\"urlTemplate\":\"https:\/\/www.manaus.am.gov.br\/seminf\/?s={search_term_string}\"},\"query-input\":\"required name=search_term_string\"}],\"inLanguage\":\"pt-BR\"},{\"@type\":\"Person\",\"@id\":\"https:\/\/www.manaus.am.gov.br\/seminf\/#\/schema\/person\/466a0e03ae4b6062809046bd560ac955\",\"name\":\"bvalente\",\"image\":{\"@type\":\"ImageObject\",\"inLanguage\":\"pt-BR\",\"@id\":\"https:\/\/www.manaus.am.gov.br\/seminf\/#\/schema\/person\/image\/\",\"url\":\"https:\/\/secure.gravatar.com\/avatar\/3e69bc2b014bdad41adfec3a39de07d2?s=96&d=mm&r=g\",\"contentUrl\":\"https:\/\/secure.gravatar.com\/avatar\/3e69bc2b014bdad41adfec3a39de07d2?s=96&d=mm&r=g\",\"caption\":\"bvalente\"}}]}<\/script>\n<!-- \/ Yoast SEO plugin. -->","yoast_head_json":{"title":"Prefeitura de Manaus recupera nova rua do conjunto Castanheira","description":"A Prefeitura de Manaus deu continuidade, nesta sexta-feira, 24\/4, aos servi\u00e7os que garantem mais qualidade de vida para a popula\u00e7\u00e3o.","robots":{"index":"index","follow":"follow","max-snippet":"max-snippet:-1","max-image-preview":"max-image-preview:large","max-video-preview":"max-video-preview:-1"},"canonical":"https:\/\/www.manaus.am.gov.br\/seminf\/obras-servicos-conjunto-castanheira\/","og_locale":"pt_BR","og_type":"article","og_title":"Prefeitura de Manaus recupera nova rua do conjunto Castanheira","og_description":"A Prefeitura de Manaus deu continuidade, nesta sexta-feira, 24\/4, aos servi\u00e7os que garantem mais qualidade de vida para a popula\u00e7\u00e3o.","og_url":"https:\/\/www.manaus.am.gov.br\/seminf\/obras-servicos-conjunto-castanheira\/","og_site_name":"SEMINF","article_published_time":"2026-04-24T22:53:47+00:00","article_modified_time":"2026-04-24T22:53:49+00:00","og_image":[{"width":1599,"height":1047,"url":"https:\/\/www.manaus.am.gov.br\/seminf\/wp-content\/uploads\/sites\/6\/2026\/04\/Prefeitura-de-Manaus-recupera-nova-rua-do-conjunto-Castanheira-no-bairro-Sao-Jose-Operario-2.jpg","type":"image\/jpeg"}],"author":"bvalente","twitter_card":"summary_large_image","twitter_misc":{"Written by":"bvalente","Est. reading time":"2 minutos"},"schema":{"@context":"https:\/\/schema.org","@graph":[{"@type":"WebPage","@id":"https:\/\/www.manaus.am.gov.br\/seminf\/obras-servicos-conjunto-castanheira\/","url":"https:\/\/www.manaus.am.gov.br\/seminf\/obras-servicos-conjunto-castanheira\/","name":"Prefeitura de Manaus recupera nova rua do conjunto Castanheira","isPartOf":{"@id":"https:\/\/www.manaus.am.gov.br\/seminf\/#website"},"primaryImageOfPage":{"@id":"https:\/\/www.manaus.am.gov.br\/seminf\/obras-servicos-conjunto-castanheira\/#primaryimage"},"image":{"@id":"https:\/\/www.manaus.am.gov.br\/seminf\/obras-servicos-conjunto-castanheira\/#primaryimage"},"thumbnailUrl":"https:\/\/www.manaus.am.gov.br\/seminf\/wp-content\/uploads\/sites\/6\/2026\/04\/Prefeitura-de-Manaus-recupera-nova-rua-do-conjunto-Castanheira-no-bairro-Sao-Jose-Operario-2.jpg","datePublished":"2026-04-24T22:53:47+00:00","dateModified":"2026-04-24T22:53:49+00:00","author":{"@id":"https:\/\/www.manaus.am.gov.br\/seminf\/#\/schema\/person\/466a0e03ae4b6062809046bd560ac955"},"description":"A Prefeitura de Manaus deu continuidade, nesta sexta-feira, 24\/4, aos servi\u00e7os que garantem mais qualidade de vida para a popula\u00e7\u00e3o.","inLanguage":"pt-BR","potentialAction":[{"@type":"ReadAction","target":["https:\/\/www.manaus.am.gov.br\/seminf\/obras-servicos-conjunto-castanheira\/"]}]},{"@type":"ImageObject","inLanguage":"pt-BR","@id":"https:\/\/www.manaus.am.gov.br\/seminf\/obras-servicos-conjunto-castanheira\/#primaryimage","url":"https:\/\/www.manaus.am.gov.br\/seminf\/wp-content\/uploads\/sites\/6\/2026\/04\/Prefeitura-de-Manaus-recupera-nova-rua-do-conjunto-Castanheira-no-bairro-Sao-Jose-Operario-2.jpg","contentUrl":"https:\/\/www.manaus.am.gov.br\/seminf\/wp-content\/uploads\/sites\/6\/2026\/04\/Prefeitura-de-Manaus-recupera-nova-rua-do-conjunto-Castanheira-no-bairro-Sao-Jose-Operario-2.jpg","width":1599,"height":1047,"caption":"#paratodosverem - Equipe da Seminf aplicando novo asfalto em via"},{"@type":"WebSite","@id":"https:\/\/www.manaus.am.gov.br\/seminf\/#website","url":"https:\/\/www.manaus.am.gov.br\/seminf\/","name":"Secretaria de Infraestrutura","description":"Secretaria Municipal de Infraestrutura","potentialAction":[{"@type":"SearchAction","target":{"@type":"EntryPoint","urlTemplate":"https:\/\/www.manaus.am.gov.br\/seminf\/?s={search_term_string}"},"query-input":"required name=search_term_string"}],"inLanguage":"pt-BR"},{"@type":"Person","@id":"https:\/\/www.manaus.am.gov.br\/seminf\/#\/schema\/person\/466a0e03ae4b6062809046bd560ac955","name":"bvalente","image":{"@type":"ImageObject","inLanguage":"pt-BR","@id":"https:\/\/www.manaus.am.gov.br\/seminf\/#\/schema\/person\/image\/","url":"https:\/\/secure.gravatar.com\/avatar\/3e69bc2b014bdad41adfec3a39de07d2?s=96&d=mm&r=g","contentUrl":"https:\/\/secure.gravatar.com\/avatar\/3e69bc2b014bdad41adfec3a39de07d2?s=96&d=mm&r=g","caption":"bvalente"}}]}},"_links":{"self":[{"href":"https:\/\/www.manaus.am.gov.br\/seminf\/wp-json\/wp\/v2\/posts\/9625"}],"collection":[{"href":"https:\/\/www.manaus.am.gov.br\/seminf\/wp-json\/wp\/v2\/posts"}],"about":[{"href":"https:\/\/www.manaus.am.gov.br\/seminf\/wp-json\/wp\/v2\/types\/post"}],"author":[{"embeddable":true,"href":"https:\/\/www.manaus.am.gov.br\/seminf\/wp-json\/wp\/v2\/users\/68"}],"replies":[{"embeddable":true,"href":"https:\/\/www.manaus.am.gov.br\/seminf\/wp-json\/wp\/v2\/comments?post=9625"}],"version-history":[{"count":0,"href":"https:\/\/www.manaus.am.gov.br\/seminf\/wp-json\/wp\/v2\/posts\/9625\/revisions"}],"wp:featuredmedia":[{"embeddable":true,"href":"https:\/\/www.manaus.am.gov.br\/seminf\/wp-json\/wp\/v2\/media\/9626"}],"wp:attachment":[{"href":"https:\/\/www.manaus.am.gov.br\/seminf\/wp-json\/wp\/v2\/media?parent=9625"}],"wp:term":[{"taxonomy":"category","embeddable":true,"href":"https:\/\/www.manaus.am.gov.br\/seminf\/wp-json\/wp\/v2\/categories?post=9625"},{"taxonomy":"post_tag","embeddable":true,"href":"https:\/\/www.manaus.am.gov.br\/seminf\/wp-json\/wp\/v2\/tags?post=9625"}],"curies":[{"name":"wp","href":"https:\/\/api.w.org\/{rel}","templated":true}]}}