{"id":9622,"date":"2026-04-24T18:45:49","date_gmt":"2026-04-24T22:45:49","guid":{"rendered":"https:\/\/www.manaus.am.gov.br\/seminf\/servico-de-manutencao-asfaltica-2\/"},"modified":"2026-04-24T18:48:51","modified_gmt":"2026-04-24T22:48:51","slug":"servico-de-manutencao-asfaltica-2","status":"publish","type":"post","link":"https:\/\/www.manaus.am.gov.br\/seminf\/servico-de-manutencao-asfaltica-2\/","title":{"rendered":"Prefeitura de Manaus realiza servi\u00e7o de manuten\u00e7\u00e3o asf\u00e1ltica em 500 metros de extens\u00e3o da avenida 7 de Maio, no bairro Nova Cidade"},"content":{"rendered":"\n<p>A Prefeitura de Manaus, por meio da Secretaria Municipal de Infraestrutura (Seminf), realizou, nesta sexta-feira, 24\/4, uma opera\u00e7\u00e3o de manuten\u00e7\u00e3o asf\u00e1ltica na avenida 7 de Maio, no trecho da comunidade Itaporanga, localizada no bairro Nova Cidade, zona Norte, melhorando a trafegabilidade da popula\u00e7\u00e3o que circula na \u00e1rea.<\/p>\n\n\n\n<p>O secret\u00e1rio de Infraestrutura, Madson Rodrigues, destaca a import\u00e2ncia da a\u00e7\u00e3o para a mobilidade urbana na zona Norte da capital e refor\u00e7a o compromisso da Seminf com a manuten\u00e7\u00e3o di\u00e1ria das vias.&nbsp;<\/p>\n\n\n\n<p>\u201cEssa \u00e9 mais uma determina\u00e7\u00e3o do prefeito Renato Junior, para que a gente avance cada vez mais com os servi\u00e7os de manuten\u00e7\u00e3o asf\u00e1ltica nesta \u00e1rea da cidade. A avenida 7 de Maio \u00e9 uma avenida extensa, estamos trabalhando nela pelo grande fluxo de ve\u00edculos, moradores e trabalhadores que passam aqui diariamente. Nosso objetivo \u00e9 garantir mais seguran\u00e7a, melhorar a mobilidade e oferecer mais qualidade de vida a todos\u201d, afirma o secret\u00e1rio.&nbsp;<\/p>\n\n\n\n<p>A equipe atua em aproximadamente 500 metros da via, com a limpeza e prepara\u00e7\u00e3o da base, al\u00e9m de contar com o suporte de uma retroescavadeira para executar a limpeza. O trabalho consiste na aplica\u00e7\u00e3o da massa asf\u00e1ltica nos pontos mais degradados da avenida, devolvendo uma via trafeg\u00e1vel e boa para o tr\u00e2nsito.&nbsp;<\/p>\n\n\n\n<p>\u201c\u00c9 muito bacana acompanhar esse servi\u00e7o e ver que as equipes est\u00e3o atuando aqui na avenida, melhorando para a gente e para todo mundo que acessa a comunidade Itaporanga. Com certeza vai melhorar bastante, estamos bem agradecidos\u201d, agradece o aut\u00f4nomo Fabricio Bastos, de 45 anos.&nbsp;<\/p>\n\n\n\n<p>A Seminf tem intensificado obras que melhoram a malha vi\u00e1ria da cidade, com o objetivo de garantir mais seguran\u00e7a para todos que circulam nas ruas da capital, al\u00e9m de proporcionar mais fluidez no tr\u00e2nsito.<\/p>\n\n\n\n<p><br>&#8212; &#8212; &#8212;\u00a0<br><strong>Texto &#8211; <\/strong>\u00a0Eduarda Lira\/Seminf<strong>\u00a0\u00a0<\/strong><br><strong>Fotos &#8211;<\/strong> M\u00e1rcio Melo\/Seminf\u00a0\u00a0<\/p>\n","protected":false},"excerpt":{"rendered":"","protected":false},"author":68,"featured_media":9623,"comment_status":"closed","ping_status":"closed","sticky":false,"template":"","format":"standard","meta":{"footnotes":""},"categories":[8],"tags":[3356,43,26,1845],"acf":[],"yoast_head":"<!-- This site is optimized with the Yoast SEO plugin v23.0 - https:\/\/yoast.com\/wordpress\/plugins\/seo\/ -->\n<title>PMM realiza servi\u00e7o de manuten\u00e7\u00e3o asf\u00e1ltica na avenida 7 de Maio<\/title>\n<meta name=\"description\" content=\"A Prefeitura de Manaus realizou, nesta sexta-feira, 24\/4, uma opera\u00e7\u00e3o de manuten\u00e7\u00e3o asf\u00e1ltica na avenida 7 de Maio.\" \/>\n<meta name=\"robots\" content=\"index, follow, max-snippet:-1, max-image-preview:large, max-video-preview:-1\" \/>\n<link rel=\"canonical\" href=\"https:\/\/www.manaus.am.gov.br\/seminf\/servico-de-manutencao-asfaltica-2\/\" \/>\n<meta property=\"og:locale\" content=\"pt_BR\" \/>\n<meta property=\"og:type\" content=\"article\" \/>\n<meta property=\"og:title\" content=\"PMM realiza servi\u00e7o de manuten\u00e7\u00e3o asf\u00e1ltica na avenida 7 de Maio\" \/>\n<meta property=\"og:description\" content=\"A Prefeitura de Manaus realizou, nesta sexta-feira, 24\/4, uma opera\u00e7\u00e3o de manuten\u00e7\u00e3o asf\u00e1ltica na avenida 7 de Maio.\" \/>\n<meta property=\"og:url\" content=\"https:\/\/www.manaus.am.gov.br\/seminf\/servico-de-manutencao-asfaltica-2\/\" \/>\n<meta property=\"og:site_name\" content=\"SEMINF\" \/>\n<meta property=\"article:published_time\" content=\"2026-04-24T22:45:49+00:00\" \/>\n<meta property=\"article:modified_time\" content=\"2026-04-24T22:48:51+00:00\" \/>\n<meta property=\"og:image\" content=\"https:\/\/www.manaus.am.gov.br\/seminf\/wp-content\/uploads\/sites\/6\/2026\/04\/Prefeitura-de-Manaus-realiza-servico-de-manutencao-asfaltica-em-500-metros-de-extensao-da-avenida-7-de-maio-no-bairro-Nova-Cidade.jpg\" \/>\n\t<meta property=\"og:image:width\" content=\"1600\" \/>\n\t<meta property=\"og:image:height\" content=\"1067\" \/>\n\t<meta property=\"og:image:type\" content=\"image\/jpeg\" \/>\n<meta name=\"author\" content=\"bvalente\" \/>\n<meta name=\"twitter:card\" content=\"summary_large_image\" \/>\n<meta name=\"twitter:label1\" content=\"Written by\" \/>\n\t<meta name=\"twitter:data1\" content=\"bvalente\" \/>\n\t<meta name=\"twitter:label2\" content=\"Est. reading time\" \/>\n\t<meta name=\"twitter:data2\" content=\"1 minuto\" \/>\n<script type=\"application\/ld+json\" class=\"yoast-schema-graph\">{\"@context\":\"https:\/\/schema.org\",\"@graph\":[{\"@type\":\"WebPage\",\"@id\":\"https:\/\/www.manaus.am.gov.br\/seminf\/servico-de-manutencao-asfaltica-2\/\",\"url\":\"https:\/\/www.manaus.am.gov.br\/seminf\/servico-de-manutencao-asfaltica-2\/\",\"name\":\"PMM realiza servi\u00e7o de manuten\u00e7\u00e3o asf\u00e1ltica na avenida 7 de Maio\",\"isPartOf\":{\"@id\":\"https:\/\/www.manaus.am.gov.br\/seminf\/#website\"},\"primaryImageOfPage\":{\"@id\":\"https:\/\/www.manaus.am.gov.br\/seminf\/servico-de-manutencao-asfaltica-2\/#primaryimage\"},\"image\":{\"@id\":\"https:\/\/www.manaus.am.gov.br\/seminf\/servico-de-manutencao-asfaltica-2\/#primaryimage\"},\"thumbnailUrl\":\"https:\/\/www.manaus.am.gov.br\/seminf\/wp-content\/uploads\/sites\/6\/2026\/04\/Prefeitura-de-Manaus-realiza-servico-de-manutencao-asfaltica-em-500-metros-de-extensao-da-avenida-7-de-maio-no-bairro-Nova-Cidade.jpg\",\"datePublished\":\"2026-04-24T22:45:49+00:00\",\"dateModified\":\"2026-04-24T22:48:51+00:00\",\"author\":{\"@id\":\"https:\/\/www.manaus.am.gov.br\/seminf\/#\/schema\/person\/466a0e03ae4b6062809046bd560ac955\"},\"description\":\"A Prefeitura de Manaus realizou, nesta sexta-feira, 24\/4, uma opera\u00e7\u00e3o de manuten\u00e7\u00e3o asf\u00e1ltica na avenida 7 de Maio.\",\"inLanguage\":\"pt-BR\",\"potentialAction\":[{\"@type\":\"ReadAction\",\"target\":[\"https:\/\/www.manaus.am.gov.br\/seminf\/servico-de-manutencao-asfaltica-2\/\"]}]},{\"@type\":\"ImageObject\",\"inLanguage\":\"pt-BR\",\"@id\":\"https:\/\/www.manaus.am.gov.br\/seminf\/servico-de-manutencao-asfaltica-2\/#primaryimage\",\"url\":\"https:\/\/www.manaus.am.gov.br\/seminf\/wp-content\/uploads\/sites\/6\/2026\/04\/Prefeitura-de-Manaus-realiza-servico-de-manutencao-asfaltica-em-500-metros-de-extensao-da-avenida-7-de-maio-no-bairro-Nova-Cidade.jpg\",\"contentUrl\":\"https:\/\/www.manaus.am.gov.br\/seminf\/wp-content\/uploads\/sites\/6\/2026\/04\/Prefeitura-de-Manaus-realiza-servico-de-manutencao-asfaltica-em-500-metros-de-extensao-da-avenida-7-de-maio-no-bairro-Nova-Cidade.jpg\",\"width\":1600,\"height\":1067,\"caption\":\"#paratodosverem - Equipe da Seminf aplicando novo asfalto em via\"},{\"@type\":\"WebSite\",\"@id\":\"https:\/\/www.manaus.am.gov.br\/seminf\/#website\",\"url\":\"https:\/\/www.manaus.am.gov.br\/seminf\/\",\"name\":\"Secretaria de Infraestrutura\",\"description\":\"Secretaria Municipal de Infraestrutura\",\"potentialAction\":[{\"@type\":\"SearchAction\",\"target\":{\"@type\":\"EntryPoint\",\"urlTemplate\":\"https:\/\/www.manaus.am.gov.br\/seminf\/?s={search_term_string}\"},\"query-input\":\"required name=search_term_string\"}],\"inLanguage\":\"pt-BR\"},{\"@type\":\"Person\",\"@id\":\"https:\/\/www.manaus.am.gov.br\/seminf\/#\/schema\/person\/466a0e03ae4b6062809046bd560ac955\",\"name\":\"bvalente\",\"image\":{\"@type\":\"ImageObject\",\"inLanguage\":\"pt-BR\",\"@id\":\"https:\/\/www.manaus.am.gov.br\/seminf\/#\/schema\/person\/image\/\",\"url\":\"https:\/\/secure.gravatar.com\/avatar\/3e69bc2b014bdad41adfec3a39de07d2?s=96&d=mm&r=g\",\"contentUrl\":\"https:\/\/secure.gravatar.com\/avatar\/3e69bc2b014bdad41adfec3a39de07d2?s=96&d=mm&r=g\",\"caption\":\"bvalente\"}}]}<\/script>\n<!-- \/ Yoast SEO plugin. -->","yoast_head_json":{"title":"PMM realiza servi\u00e7o de manuten\u00e7\u00e3o asf\u00e1ltica na avenida 7 de Maio","description":"A Prefeitura de Manaus realizou, nesta sexta-feira, 24\/4, uma opera\u00e7\u00e3o de manuten\u00e7\u00e3o asf\u00e1ltica na avenida 7 de Maio.","robots":{"index":"index","follow":"follow","max-snippet":"max-snippet:-1","max-image-preview":"max-image-preview:large","max-video-preview":"max-video-preview:-1"},"canonical":"https:\/\/www.manaus.am.gov.br\/seminf\/servico-de-manutencao-asfaltica-2\/","og_locale":"pt_BR","og_type":"article","og_title":"PMM realiza servi\u00e7o de manuten\u00e7\u00e3o asf\u00e1ltica na avenida 7 de Maio","og_description":"A Prefeitura de Manaus realizou, nesta sexta-feira, 24\/4, uma opera\u00e7\u00e3o de manuten\u00e7\u00e3o asf\u00e1ltica na avenida 7 de Maio.","og_url":"https:\/\/www.manaus.am.gov.br\/seminf\/servico-de-manutencao-asfaltica-2\/","og_site_name":"SEMINF","article_published_time":"2026-04-24T22:45:49+00:00","article_modified_time":"2026-04-24T22:48:51+00:00","og_image":[{"width":1600,"height":1067,"url":"https:\/\/www.manaus.am.gov.br\/seminf\/wp-content\/uploads\/sites\/6\/2026\/04\/Prefeitura-de-Manaus-realiza-servico-de-manutencao-asfaltica-em-500-metros-de-extensao-da-avenida-7-de-maio-no-bairro-Nova-Cidade.jpg","type":"image\/jpeg"}],"author":"bvalente","twitter_card":"summary_large_image","twitter_misc":{"Written by":"bvalente","Est. reading time":"1 minuto"},"schema":{"@context":"https:\/\/schema.org","@graph":[{"@type":"WebPage","@id":"https:\/\/www.manaus.am.gov.br\/seminf\/servico-de-manutencao-asfaltica-2\/","url":"https:\/\/www.manaus.am.gov.br\/seminf\/servico-de-manutencao-asfaltica-2\/","name":"PMM realiza servi\u00e7o de manuten\u00e7\u00e3o asf\u00e1ltica na avenida 7 de Maio","isPartOf":{"@id":"https:\/\/www.manaus.am.gov.br\/seminf\/#website"},"primaryImageOfPage":{"@id":"https:\/\/www.manaus.am.gov.br\/seminf\/servico-de-manutencao-asfaltica-2\/#primaryimage"},"image":{"@id":"https:\/\/www.manaus.am.gov.br\/seminf\/servico-de-manutencao-asfaltica-2\/#primaryimage"},"thumbnailUrl":"https:\/\/www.manaus.am.gov.br\/seminf\/wp-content\/uploads\/sites\/6\/2026\/04\/Prefeitura-de-Manaus-realiza-servico-de-manutencao-asfaltica-em-500-metros-de-extensao-da-avenida-7-de-maio-no-bairro-Nova-Cidade.jpg","datePublished":"2026-04-24T22:45:49+00:00","dateModified":"2026-04-24T22:48:51+00:00","author":{"@id":"https:\/\/www.manaus.am.gov.br\/seminf\/#\/schema\/person\/466a0e03ae4b6062809046bd560ac955"},"description":"A Prefeitura de Manaus realizou, nesta sexta-feira, 24\/4, uma opera\u00e7\u00e3o de manuten\u00e7\u00e3o asf\u00e1ltica na avenida 7 de Maio.","inLanguage":"pt-BR","potentialAction":[{"@type":"ReadAction","target":["https:\/\/www.manaus.am.gov.br\/seminf\/servico-de-manutencao-asfaltica-2\/"]}]},{"@type":"ImageObject","inLanguage":"pt-BR","@id":"https:\/\/www.manaus.am.gov.br\/seminf\/servico-de-manutencao-asfaltica-2\/#primaryimage","url":"https:\/\/www.manaus.am.gov.br\/seminf\/wp-content\/uploads\/sites\/6\/2026\/04\/Prefeitura-de-Manaus-realiza-servico-de-manutencao-asfaltica-em-500-metros-de-extensao-da-avenida-7-de-maio-no-bairro-Nova-Cidade.jpg","contentUrl":"https:\/\/www.manaus.am.gov.br\/seminf\/wp-content\/uploads\/sites\/6\/2026\/04\/Prefeitura-de-Manaus-realiza-servico-de-manutencao-asfaltica-em-500-metros-de-extensao-da-avenida-7-de-maio-no-bairro-Nova-Cidade.jpg","width":1600,"height":1067,"caption":"#paratodosverem - Equipe da Seminf aplicando novo asfalto em via"},{"@type":"WebSite","@id":"https:\/\/www.manaus.am.gov.br\/seminf\/#website","url":"https:\/\/www.manaus.am.gov.br\/seminf\/","name":"Secretaria de Infraestrutura","description":"Secretaria Municipal de Infraestrutura","potentialAction":[{"@type":"SearchAction","target":{"@type":"EntryPoint","urlTemplate":"https:\/\/www.manaus.am.gov.br\/seminf\/?s={search_term_string}"},"query-input":"required name=search_term_string"}],"inLanguage":"pt-BR"},{"@type":"Person","@id":"https:\/\/www.manaus.am.gov.br\/seminf\/#\/schema\/person\/466a0e03ae4b6062809046bd560ac955","name":"bvalente","image":{"@type":"ImageObject","inLanguage":"pt-BR","@id":"https:\/\/www.manaus.am.gov.br\/seminf\/#\/schema\/person\/image\/","url":"https:\/\/secure.gravatar.com\/avatar\/3e69bc2b014bdad41adfec3a39de07d2?s=96&d=mm&r=g","contentUrl":"https:\/\/secure.gravatar.com\/avatar\/3e69bc2b014bdad41adfec3a39de07d2?s=96&d=mm&r=g","caption":"bvalente"}}]}},"_links":{"self":[{"href":"https:\/\/www.manaus.am.gov.br\/seminf\/wp-json\/wp\/v2\/posts\/9622"}],"collection":[{"href":"https:\/\/www.manaus.am.gov.br\/seminf\/wp-json\/wp\/v2\/posts"}],"about":[{"href":"https:\/\/www.manaus.am.gov.br\/seminf\/wp-json\/wp\/v2\/types\/post"}],"author":[{"embeddable":true,"href":"https:\/\/www.manaus.am.gov.br\/seminf\/wp-json\/wp\/v2\/users\/68"}],"replies":[{"embeddable":true,"href":"https:\/\/www.manaus.am.gov.br\/seminf\/wp-json\/wp\/v2\/comments?post=9622"}],"version-history":[{"count":1,"href":"https:\/\/www.manaus.am.gov.br\/seminf\/wp-json\/wp\/v2\/posts\/9622\/revisions"}],"predecessor-version":[{"id":9624,"href":"https:\/\/www.manaus.am.gov.br\/seminf\/wp-json\/wp\/v2\/posts\/9622\/revisions\/9624"}],"wp:featuredmedia":[{"embeddable":true,"href":"https:\/\/www.manaus.am.gov.br\/seminf\/wp-json\/wp\/v2\/media\/9623"}],"wp:attachment":[{"href":"https:\/\/www.manaus.am.gov.br\/seminf\/wp-json\/wp\/v2\/media?parent=9622"}],"wp:term":[{"taxonomy":"category","embeddable":true,"href":"https:\/\/www.manaus.am.gov.br\/seminf\/wp-json\/wp\/v2\/categories?post=9622"},{"taxonomy":"post_tag","embeddable":true,"href":"https:\/\/www.manaus.am.gov.br\/seminf\/wp-json\/wp\/v2\/tags?post=9622"}],"curies":[{"name":"wp","href":"https:\/\/api.w.org\/{rel}","templated":true}]}}