{"id":9618,"date":"2026-04-24T17:07:52","date_gmt":"2026-04-24T21:07:52","guid":{"rendered":"https:\/\/www.manaus.am.gov.br\/seminf\/pavimentacao-ramal-bons-amigos\/"},"modified":"2026-04-24T17:07:52","modified_gmt":"2026-04-24T21:07:52","slug":"pavimentacao-ramal-bons-amigos","status":"publish","type":"post","link":"https:\/\/www.manaus.am.gov.br\/seminf\/pavimentacao-ramal-bons-amigos\/","title":{"rendered":"Prefeitura de Manaus avan\u00e7a com pavimenta\u00e7\u00e3o em ramal e fortalece mobilidade e economia na zona rural"},"content":{"rendered":"\n<p>A Prefeitura de Manaus, por meio da Secretaria Municipal de Infraestrutura (Seminf), segue ampliando a presen\u00e7a das a\u00e7\u00f5es de infraestrutura em todas as zonas da cidade, incluindo a \u00e1rea rural. Nesta sexta-feira, 24\/4, as equipes avan\u00e7aram com a pavimenta\u00e7\u00e3o de mais uma ladeira no ramal Bons Amigos, localizado no quil\u00f4metro 26 da AM-010, garantindo melhorias significativas para a mobilidade e o desenvolvimento da regi\u00e3o.<\/p>\n\n\n\n<p>A interven\u00e7\u00e3o representa um ganho direto para moradores e produtores rurais, que passam a contar com uma via mais segura e trafeg\u00e1vel ao longo de todo o ano. A pavimenta\u00e7\u00e3o reduz o tempo de deslocamento, melhora o acesso a servi\u00e7os essenciais, como sa\u00fade e educa\u00e7\u00e3o, e fortalece a log\u00edstica de escoamento da produ\u00e7\u00e3o agr\u00edcola.<\/p>\n\n\n\n<p>Mais do que uma obra pontual, a a\u00e7\u00e3o refor\u00e7a a import\u00e2ncia do investimento cont\u00ednuo da gest\u00e3o municipal em infraestrutura, chegando de forma efetiva tanto \u00e0s \u00e1reas urbanas quanto \u00e0s comunidades mais afastadas, promovendo integra\u00e7\u00e3o, desenvolvimento e qualidade de vida.<\/p>\n\n\n\n<p>O secret\u00e1rio municipal de Infraestrutura, Madson Rodrigues, destacou o impacto social e econ\u00f4mico da obra, ressaltando o direcionamento da gest\u00e3o para atender toda a cidade.<\/p>\n\n\n\n<p>\u201cEsse \u00e9 um trabalho que mostra o compromisso da gest\u00e3o do prefeito Renato Junior com toda Manaus, da \u00e1rea urbana \u00e0 zona rural. Aqui no ramal, estamos garantindo mais do que mobilidade, estamos fortalecendo a economia de quem vive da produ\u00e7\u00e3o, dando melhores condi\u00e7\u00f5es para o escoamento e levando mais dignidade para essas fam\u00edlias. \u00c9 esse olhar atento que nos move, entender a necessidade de cada local e transformar em a\u00e7\u00e3o concreta\u201d, afirmou.<\/p>\n\n\n\n<p>Com frentes de obras ativas em todas as zonas da cidade, a Prefeitura de Manaus segue consolidando um trabalho cont\u00ednuo de infraestrutura, essencial para proporcionar desenvolvimento, inclus\u00e3o e melhores condi\u00e7\u00f5es de vida para a popula\u00e7\u00e3o, independentemente da dist\u00e2ncia ou localiza\u00e7\u00e3o.<\/p>\n\n\n\n<figure class=\"wp-block-image size-large\"><img loading=\"lazy\" decoding=\"async\" width=\"1024\" height=\"576\" src=\"https:\/\/www.manaus.am.gov.br\/seminf\/wp-content\/uploads\/sites\/6\/2026\/04\/WhatsApp-Image-2026-04-24-at-17.04.51-2-1024x576.jpeg\" alt=\"\" class=\"wp-image-9620\" srcset=\"https:\/\/www.manaus.am.gov.br\/seminf\/wp-content\/uploads\/sites\/6\/2026\/04\/WhatsApp-Image-2026-04-24-at-17.04.51-2-1024x576.jpeg 1024w, https:\/\/www.manaus.am.gov.br\/seminf\/wp-content\/uploads\/sites\/6\/2026\/04\/WhatsApp-Image-2026-04-24-at-17.04.51-2-300x169.jpeg 300w, https:\/\/www.manaus.am.gov.br\/seminf\/wp-content\/uploads\/sites\/6\/2026\/04\/WhatsApp-Image-2026-04-24-at-17.04.51-2-768x432.jpeg 768w, https:\/\/www.manaus.am.gov.br\/seminf\/wp-content\/uploads\/sites\/6\/2026\/04\/WhatsApp-Image-2026-04-24-at-17.04.51-2-1536x864.jpeg 1536w, https:\/\/www.manaus.am.gov.br\/seminf\/wp-content\/uploads\/sites\/6\/2026\/04\/WhatsApp-Image-2026-04-24-at-17.04.51-2.jpeg 1600w\" sizes=\"(max-width: 1024px) 100vw, 1024px\" \/><figcaption class=\"wp-element-caption\">#paratodosverem &#8211; Pavimenta\u00e7\u00e3o<\/figcaption><\/figure>\n\n\n\n<p>&#8212; &#8212; &#8212;<\/p>\n\n\n\n<p><strong>Texto &#8211;<\/strong> Rayana Coutinho\/Seminf<\/p>\n\n\n\n<p><strong>Fotos <\/strong>&#8211; Divulga\u00e7\u00e3o\/Seminf&nbsp;<\/p>\n","protected":false},"excerpt":{"rendered":"","protected":false},"author":39,"featured_media":9619,"comment_status":"closed","ping_status":"closed","sticky":false,"template":"","format":"standard","meta":{"footnotes":""},"categories":[3],"tags":[3354,487,43,3355,26],"acf":[],"yoast_head":"<!-- This site is optimized with the Yoast SEO plugin v23.0 - https:\/\/yoast.com\/wordpress\/plugins\/seo\/ -->\n<title>Prefeitura de Manaus avan\u00e7a com pavimenta\u00e7\u00e3o em ramal<\/title>\n<meta name=\"description\" content=\"Prefeitura de Manaus, por meio da Seminf, avan\u00e7a com pavimenta\u00e7\u00e3o em ramal e fortalece mobilidade e economia na zona rural.\" \/>\n<meta name=\"robots\" content=\"index, follow, max-snippet:-1, max-image-preview:large, max-video-preview:-1\" \/>\n<link rel=\"canonical\" href=\"https:\/\/www.manaus.am.gov.br\/seminf\/pavimentacao-ramal-bons-amigos\/\" \/>\n<meta property=\"og:locale\" content=\"pt_BR\" \/>\n<meta property=\"og:type\" content=\"article\" \/>\n<meta property=\"og:title\" content=\"Prefeitura de Manaus avan\u00e7a com pavimenta\u00e7\u00e3o em ramal\" \/>\n<meta property=\"og:description\" content=\"Prefeitura de Manaus, por meio da Seminf, avan\u00e7a com pavimenta\u00e7\u00e3o em ramal e fortalece mobilidade e economia na zona rural.\" \/>\n<meta property=\"og:url\" content=\"https:\/\/www.manaus.am.gov.br\/seminf\/pavimentacao-ramal-bons-amigos\/\" \/>\n<meta property=\"og:site_name\" content=\"SEMINF\" \/>\n<meta property=\"article:published_time\" content=\"2026-04-24T21:07:52+00:00\" \/>\n<meta property=\"og:image\" content=\"https:\/\/www.manaus.am.gov.br\/seminf\/wp-content\/uploads\/sites\/6\/2026\/04\/WhatsApp-Image-2026-04-24-at-17.04.51.jpeg\" \/>\n\t<meta property=\"og:image:width\" content=\"1600\" \/>\n\t<meta property=\"og:image:height\" content=\"900\" \/>\n\t<meta property=\"og:image:type\" content=\"image\/jpeg\" \/>\n<meta name=\"author\" content=\"Bruna Greco\" \/>\n<meta name=\"twitter:card\" content=\"summary_large_image\" \/>\n<meta name=\"twitter:label1\" content=\"Written by\" \/>\n\t<meta name=\"twitter:data1\" content=\"Bruna Greco\" \/>\n\t<meta name=\"twitter:label2\" content=\"Est. reading time\" \/>\n\t<meta name=\"twitter:data2\" content=\"3 minutos\" \/>\n<script type=\"application\/ld+json\" class=\"yoast-schema-graph\">{\"@context\":\"https:\/\/schema.org\",\"@graph\":[{\"@type\":\"WebPage\",\"@id\":\"https:\/\/www.manaus.am.gov.br\/seminf\/pavimentacao-ramal-bons-amigos\/\",\"url\":\"https:\/\/www.manaus.am.gov.br\/seminf\/pavimentacao-ramal-bons-amigos\/\",\"name\":\"Prefeitura de Manaus avan\u00e7a com pavimenta\u00e7\u00e3o em ramal\",\"isPartOf\":{\"@id\":\"https:\/\/www.manaus.am.gov.br\/seminf\/#website\"},\"primaryImageOfPage\":{\"@id\":\"https:\/\/www.manaus.am.gov.br\/seminf\/pavimentacao-ramal-bons-amigos\/#primaryimage\"},\"image\":{\"@id\":\"https:\/\/www.manaus.am.gov.br\/seminf\/pavimentacao-ramal-bons-amigos\/#primaryimage\"},\"thumbnailUrl\":\"https:\/\/www.manaus.am.gov.br\/seminf\/wp-content\/uploads\/sites\/6\/2026\/04\/WhatsApp-Image-2026-04-24-at-17.04.51.jpeg\",\"datePublished\":\"2026-04-24T21:07:52+00:00\",\"dateModified\":\"2026-04-24T21:07:52+00:00\",\"author\":{\"@id\":\"https:\/\/www.manaus.am.gov.br\/seminf\/#\/schema\/person\/05d223aea2bf115f9883a6ff3683d81b\"},\"description\":\"Prefeitura de Manaus, por meio da Seminf, avan\u00e7a com pavimenta\u00e7\u00e3o em ramal e fortalece mobilidade e economia na zona rural.\",\"inLanguage\":\"pt-BR\",\"potentialAction\":[{\"@type\":\"ReadAction\",\"target\":[\"https:\/\/www.manaus.am.gov.br\/seminf\/pavimentacao-ramal-bons-amigos\/\"]}]},{\"@type\":\"ImageObject\",\"inLanguage\":\"pt-BR\",\"@id\":\"https:\/\/www.manaus.am.gov.br\/seminf\/pavimentacao-ramal-bons-amigos\/#primaryimage\",\"url\":\"https:\/\/www.manaus.am.gov.br\/seminf\/wp-content\/uploads\/sites\/6\/2026\/04\/WhatsApp-Image-2026-04-24-at-17.04.51.jpeg\",\"contentUrl\":\"https:\/\/www.manaus.am.gov.br\/seminf\/wp-content\/uploads\/sites\/6\/2026\/04\/WhatsApp-Image-2026-04-24-at-17.04.51.jpeg\",\"width\":1600,\"height\":900,\"caption\":\"#paratodosverem - Equipe da Seminf executando a pavimenta\u00e7\u00e3o do ramal ramal Bons Amigos, no quil\u00f4metro 26 da AM-010\"},{\"@type\":\"WebSite\",\"@id\":\"https:\/\/www.manaus.am.gov.br\/seminf\/#website\",\"url\":\"https:\/\/www.manaus.am.gov.br\/seminf\/\",\"name\":\"Secretaria de Infraestrutura\",\"description\":\"Secretaria Municipal de Infraestrutura\",\"potentialAction\":[{\"@type\":\"SearchAction\",\"target\":{\"@type\":\"EntryPoint\",\"urlTemplate\":\"https:\/\/www.manaus.am.gov.br\/seminf\/?s={search_term_string}\"},\"query-input\":\"required name=search_term_string\"}],\"inLanguage\":\"pt-BR\"},{\"@type\":\"Person\",\"@id\":\"https:\/\/www.manaus.am.gov.br\/seminf\/#\/schema\/person\/05d223aea2bf115f9883a6ff3683d81b\",\"name\":\"Bruna Greco\",\"image\":{\"@type\":\"ImageObject\",\"inLanguage\":\"pt-BR\",\"@id\":\"https:\/\/www.manaus.am.gov.br\/seminf\/#\/schema\/person\/image\/\",\"url\":\"https:\/\/secure.gravatar.com\/avatar\/9c877d1a6adc2a055330e5c09a8653ce?s=96&d=mm&r=g\",\"contentUrl\":\"https:\/\/secure.gravatar.com\/avatar\/9c877d1a6adc2a055330e5c09a8653ce?s=96&d=mm&r=g\",\"caption\":\"Bruna Greco\"}}]}<\/script>\n<!-- \/ Yoast SEO plugin. -->","yoast_head_json":{"title":"Prefeitura de Manaus avan\u00e7a com pavimenta\u00e7\u00e3o em ramal","description":"Prefeitura de Manaus, por meio da Seminf, avan\u00e7a com pavimenta\u00e7\u00e3o em ramal e fortalece mobilidade e economia na zona rural.","robots":{"index":"index","follow":"follow","max-snippet":"max-snippet:-1","max-image-preview":"max-image-preview:large","max-video-preview":"max-video-preview:-1"},"canonical":"https:\/\/www.manaus.am.gov.br\/seminf\/pavimentacao-ramal-bons-amigos\/","og_locale":"pt_BR","og_type":"article","og_title":"Prefeitura de Manaus avan\u00e7a com pavimenta\u00e7\u00e3o em ramal","og_description":"Prefeitura de Manaus, por meio da Seminf, avan\u00e7a com pavimenta\u00e7\u00e3o em ramal e fortalece mobilidade e economia na zona rural.","og_url":"https:\/\/www.manaus.am.gov.br\/seminf\/pavimentacao-ramal-bons-amigos\/","og_site_name":"SEMINF","article_published_time":"2026-04-24T21:07:52+00:00","og_image":[{"width":1600,"height":900,"url":"https:\/\/www.manaus.am.gov.br\/seminf\/wp-content\/uploads\/sites\/6\/2026\/04\/WhatsApp-Image-2026-04-24-at-17.04.51.jpeg","type":"image\/jpeg"}],"author":"Bruna Greco","twitter_card":"summary_large_image","twitter_misc":{"Written by":"Bruna Greco","Est. reading time":"3 minutos"},"schema":{"@context":"https:\/\/schema.org","@graph":[{"@type":"WebPage","@id":"https:\/\/www.manaus.am.gov.br\/seminf\/pavimentacao-ramal-bons-amigos\/","url":"https:\/\/www.manaus.am.gov.br\/seminf\/pavimentacao-ramal-bons-amigos\/","name":"Prefeitura de Manaus avan\u00e7a com pavimenta\u00e7\u00e3o em ramal","isPartOf":{"@id":"https:\/\/www.manaus.am.gov.br\/seminf\/#website"},"primaryImageOfPage":{"@id":"https:\/\/www.manaus.am.gov.br\/seminf\/pavimentacao-ramal-bons-amigos\/#primaryimage"},"image":{"@id":"https:\/\/www.manaus.am.gov.br\/seminf\/pavimentacao-ramal-bons-amigos\/#primaryimage"},"thumbnailUrl":"https:\/\/www.manaus.am.gov.br\/seminf\/wp-content\/uploads\/sites\/6\/2026\/04\/WhatsApp-Image-2026-04-24-at-17.04.51.jpeg","datePublished":"2026-04-24T21:07:52+00:00","dateModified":"2026-04-24T21:07:52+00:00","author":{"@id":"https:\/\/www.manaus.am.gov.br\/seminf\/#\/schema\/person\/05d223aea2bf115f9883a6ff3683d81b"},"description":"Prefeitura de Manaus, por meio da Seminf, avan\u00e7a com pavimenta\u00e7\u00e3o em ramal e fortalece mobilidade e economia na zona rural.","inLanguage":"pt-BR","potentialAction":[{"@type":"ReadAction","target":["https:\/\/www.manaus.am.gov.br\/seminf\/pavimentacao-ramal-bons-amigos\/"]}]},{"@type":"ImageObject","inLanguage":"pt-BR","@id":"https:\/\/www.manaus.am.gov.br\/seminf\/pavimentacao-ramal-bons-amigos\/#primaryimage","url":"https:\/\/www.manaus.am.gov.br\/seminf\/wp-content\/uploads\/sites\/6\/2026\/04\/WhatsApp-Image-2026-04-24-at-17.04.51.jpeg","contentUrl":"https:\/\/www.manaus.am.gov.br\/seminf\/wp-content\/uploads\/sites\/6\/2026\/04\/WhatsApp-Image-2026-04-24-at-17.04.51.jpeg","width":1600,"height":900,"caption":"#paratodosverem - Equipe da Seminf executando a pavimenta\u00e7\u00e3o do ramal ramal Bons Amigos, no quil\u00f4metro 26 da AM-010"},{"@type":"WebSite","@id":"https:\/\/www.manaus.am.gov.br\/seminf\/#website","url":"https:\/\/www.manaus.am.gov.br\/seminf\/","name":"Secretaria de Infraestrutura","description":"Secretaria Municipal de Infraestrutura","potentialAction":[{"@type":"SearchAction","target":{"@type":"EntryPoint","urlTemplate":"https:\/\/www.manaus.am.gov.br\/seminf\/?s={search_term_string}"},"query-input":"required name=search_term_string"}],"inLanguage":"pt-BR"},{"@type":"Person","@id":"https:\/\/www.manaus.am.gov.br\/seminf\/#\/schema\/person\/05d223aea2bf115f9883a6ff3683d81b","name":"Bruna Greco","image":{"@type":"ImageObject","inLanguage":"pt-BR","@id":"https:\/\/www.manaus.am.gov.br\/seminf\/#\/schema\/person\/image\/","url":"https:\/\/secure.gravatar.com\/avatar\/9c877d1a6adc2a055330e5c09a8653ce?s=96&d=mm&r=g","contentUrl":"https:\/\/secure.gravatar.com\/avatar\/9c877d1a6adc2a055330e5c09a8653ce?s=96&d=mm&r=g","caption":"Bruna Greco"}}]}},"_links":{"self":[{"href":"https:\/\/www.manaus.am.gov.br\/seminf\/wp-json\/wp\/v2\/posts\/9618"}],"collection":[{"href":"https:\/\/www.manaus.am.gov.br\/seminf\/wp-json\/wp\/v2\/posts"}],"about":[{"href":"https:\/\/www.manaus.am.gov.br\/seminf\/wp-json\/wp\/v2\/types\/post"}],"author":[{"embeddable":true,"href":"https:\/\/www.manaus.am.gov.br\/seminf\/wp-json\/wp\/v2\/users\/39"}],"replies":[{"embeddable":true,"href":"https:\/\/www.manaus.am.gov.br\/seminf\/wp-json\/wp\/v2\/comments?post=9618"}],"version-history":[{"count":1,"href":"https:\/\/www.manaus.am.gov.br\/seminf\/wp-json\/wp\/v2\/posts\/9618\/revisions"}],"predecessor-version":[{"id":9621,"href":"https:\/\/www.manaus.am.gov.br\/seminf\/wp-json\/wp\/v2\/posts\/9618\/revisions\/9621"}],"wp:featuredmedia":[{"embeddable":true,"href":"https:\/\/www.manaus.am.gov.br\/seminf\/wp-json\/wp\/v2\/media\/9619"}],"wp:attachment":[{"href":"https:\/\/www.manaus.am.gov.br\/seminf\/wp-json\/wp\/v2\/media?parent=9618"}],"wp:term":[{"taxonomy":"category","embeddable":true,"href":"https:\/\/www.manaus.am.gov.br\/seminf\/wp-json\/wp\/v2\/categories?post=9618"},{"taxonomy":"post_tag","embeddable":true,"href":"https:\/\/www.manaus.am.gov.br\/seminf\/wp-json\/wp\/v2\/tags?post=9618"}],"curies":[{"name":"wp","href":"https:\/\/api.w.org\/{rel}","templated":true}]}}