{"id":9611,"date":"2026-04-24T15:30:23","date_gmt":"2026-04-24T19:30:23","guid":{"rendered":"https:\/\/www.manaus.am.gov.br\/seminf\/nova-escadaria-45-metros\/"},"modified":"2026-04-24T15:30:25","modified_gmt":"2026-04-24T19:30:25","slug":"nova-escadaria-45-metros","status":"publish","type":"post","link":"https:\/\/www.manaus.am.gov.br\/seminf\/nova-escadaria-45-metros\/","title":{"rendered":"Prefeitura de Manaus constr\u00f3i escadaria de 45 metros e garante mais seguran\u00e7a e mobilidade na zona Norte\u00a0\u00a0\u00a0"},"content":{"rendered":"\n<p>A Prefeitura de Manaus, por meio da Secretaria Municipal de Infraestrutura (Seminf), iniciou, na quinta-feira, 23\/4, a constru\u00e7\u00e3o de uma nova escadaria na comunidade Celebridade, localizada na rua Jeric\u00f3, bairro Col\u00f4nia Terra Nova, zona Norte da capital. Com aproximadamente 45 metros de extens\u00e3o, a estrutura vai garantir mais seguran\u00e7a, mobilidade e melhores condi\u00e7\u00f5es de deslocamento para cerca de 90 fam\u00edlias que utilizam o acesso diariamente.<\/p>\n\n\n\n<p>A interven\u00e7\u00e3o prossegue nesta sexta-feira, 24\/4, atendendo a uma demanda antiga dos moradores e representa um avan\u00e7o significativo na promo\u00e7\u00e3o da acessibilidade e da dignidade urbana.&nbsp;<\/p>\n\n\n\n<p>Mais do que uma obra, a iniciativa refor\u00e7a o compromisso da gest\u00e3o municipal em levar infraestrutura essencial \u00e0s \u00e1reas que mais precisam, transformando realidades e proporcionando mais qualidade de vida \u00e0 popula\u00e7\u00e3o.<\/p>\n\n\n\n<p>O secret\u00e1rio municipal de Infraestrutura, Madson Rodrigues, destacou o impacto social da a\u00e7\u00e3o e o direcionamento da gest\u00e3o. \u201cEssa \u00e9 uma determina\u00e7\u00e3o do prefeito Renato Junior, que nos orienta a priorizar as pessoas. Aqui estamos garantindo dignidade, seguran\u00e7a e respeito para essas fam\u00edlias. \u00c9 esse olhar humano que guia cada obra que realizamos na cidade\u201d, afirmou o secret\u00e1rio Madson Rodrigues.<\/p>\n\n\n\n<p>Executada por uma equipe de 12 trabalhadores, a obra integra um conjunto de melhorias planejadas para a comunidade. Em uma pr\u00f3xima etapa, o local tamb\u00e9m ser\u00e1 contemplado com a constru\u00e7\u00e3o de uma ponte de 20 metros de extens\u00e3o, ampliando ainda mais a mobilidade e facilitando a travessia dos moradores.<\/p>\n\n\n\n<p>A aut\u00f4noma Priscila Chaves, de 37 anos, moradora da \u00e1rea, celebrou o in\u00edcio da obra e destacou a import\u00e2ncia da interven\u00e7\u00e3o para a comunidade. \u201c\u00c9 uma alegria muito grande ver esse pedido sendo atendido. A gente esperava h\u00e1 muito tempo por essa melhoria, e agora sabemos que nossa vida vai melhorar\u201d, relatou.<\/p>\n\n\n\n<p>Com a\u00e7\u00f5es como essa, a Prefeitura de Manaus segue avan\u00e7ando na constru\u00e7\u00e3o de uma cidade mais acess\u00edvel, segura e humana, onde a infraestrutura chega como instrumento de transforma\u00e7\u00e3o social.<\/p>\n\n\n\n<p>\u2014- \u2014- \u2014-<br><strong>Texto &#8211; <\/strong>Eduarda Lira\/Seminf<br><strong>Fotos &#8211;<\/strong> M\u00e1rcio Melo\/Seminf<\/p>\n","protected":false},"excerpt":{"rendered":"","protected":false},"author":68,"featured_media":9612,"comment_status":"closed","ping_status":"closed","sticky":false,"template":"","format":"standard","meta":{"footnotes":""},"categories":[3],"tags":[3351,3352,208,43,26],"acf":[],"yoast_head":"<!-- This site is optimized with the Yoast SEO plugin v23.0 - https:\/\/yoast.com\/wordpress\/plugins\/seo\/ -->\n<title>Prefeitura de Manaus constr\u00f3i escadaria de 45 metros<\/title>\n<meta name=\"description\" content=\"A Prefeitura de Manaus iniciou, na quinta-feira, 23\/4, a constru\u00e7\u00e3o de uma nova escadaria na comunidade Celebridade.\" \/>\n<meta name=\"robots\" content=\"index, follow, max-snippet:-1, max-image-preview:large, max-video-preview:-1\" \/>\n<link rel=\"canonical\" href=\"https:\/\/www.manaus.am.gov.br\/seminf\/nova-escadaria-45-metros\/\" \/>\n<meta property=\"og:locale\" content=\"pt_BR\" \/>\n<meta property=\"og:type\" content=\"article\" \/>\n<meta property=\"og:title\" content=\"Prefeitura de Manaus constr\u00f3i escadaria de 45 metros\" \/>\n<meta property=\"og:description\" content=\"A Prefeitura de Manaus iniciou, na quinta-feira, 23\/4, a constru\u00e7\u00e3o de uma nova escadaria na comunidade Celebridade.\" \/>\n<meta property=\"og:url\" content=\"https:\/\/www.manaus.am.gov.br\/seminf\/nova-escadaria-45-metros\/\" \/>\n<meta property=\"og:site_name\" content=\"SEMINF\" \/>\n<meta property=\"article:published_time\" content=\"2026-04-24T19:30:23+00:00\" \/>\n<meta property=\"article:modified_time\" content=\"2026-04-24T19:30:25+00:00\" \/>\n<meta property=\"og:image\" content=\"https:\/\/www.manaus.am.gov.br\/seminf\/wp-content\/uploads\/sites\/6\/2026\/04\/Prefeitura-de-Manaus-constroi-escadaria-de-45-metros-e-garante-mais-seguranca-e-mobilidade-na-zona-Norte-2.jpg\" \/>\n\t<meta property=\"og:image:width\" content=\"1600\" \/>\n\t<meta property=\"og:image:height\" content=\"1067\" \/>\n\t<meta property=\"og:image:type\" content=\"image\/jpeg\" \/>\n<meta name=\"author\" content=\"bvalente\" \/>\n<meta name=\"twitter:card\" content=\"summary_large_image\" \/>\n<meta name=\"twitter:label1\" content=\"Written by\" \/>\n\t<meta name=\"twitter:data1\" content=\"bvalente\" \/>\n\t<meta name=\"twitter:label2\" content=\"Est. reading time\" \/>\n\t<meta name=\"twitter:data2\" content=\"2 minutos\" \/>\n<script type=\"application\/ld+json\" class=\"yoast-schema-graph\">{\"@context\":\"https:\/\/schema.org\",\"@graph\":[{\"@type\":\"WebPage\",\"@id\":\"https:\/\/www.manaus.am.gov.br\/seminf\/nova-escadaria-45-metros\/\",\"url\":\"https:\/\/www.manaus.am.gov.br\/seminf\/nova-escadaria-45-metros\/\",\"name\":\"Prefeitura de Manaus constr\u00f3i escadaria de 45 metros\",\"isPartOf\":{\"@id\":\"https:\/\/www.manaus.am.gov.br\/seminf\/#website\"},\"primaryImageOfPage\":{\"@id\":\"https:\/\/www.manaus.am.gov.br\/seminf\/nova-escadaria-45-metros\/#primaryimage\"},\"image\":{\"@id\":\"https:\/\/www.manaus.am.gov.br\/seminf\/nova-escadaria-45-metros\/#primaryimage\"},\"thumbnailUrl\":\"https:\/\/www.manaus.am.gov.br\/seminf\/wp-content\/uploads\/sites\/6\/2026\/04\/Prefeitura-de-Manaus-constroi-escadaria-de-45-metros-e-garante-mais-seguranca-e-mobilidade-na-zona-Norte-2.jpg\",\"datePublished\":\"2026-04-24T19:30:23+00:00\",\"dateModified\":\"2026-04-24T19:30:25+00:00\",\"author\":{\"@id\":\"https:\/\/www.manaus.am.gov.br\/seminf\/#\/schema\/person\/466a0e03ae4b6062809046bd560ac955\"},\"description\":\"A Prefeitura de Manaus iniciou, na quinta-feira, 23\/4, a constru\u00e7\u00e3o de uma nova escadaria na comunidade Celebridade.\",\"inLanguage\":\"pt-BR\",\"potentialAction\":[{\"@type\":\"ReadAction\",\"target\":[\"https:\/\/www.manaus.am.gov.br\/seminf\/nova-escadaria-45-metros\/\"]}]},{\"@type\":\"ImageObject\",\"inLanguage\":\"pt-BR\",\"@id\":\"https:\/\/www.manaus.am.gov.br\/seminf\/nova-escadaria-45-metros\/#primaryimage\",\"url\":\"https:\/\/www.manaus.am.gov.br\/seminf\/wp-content\/uploads\/sites\/6\/2026\/04\/Prefeitura-de-Manaus-constroi-escadaria-de-45-metros-e-garante-mais-seguranca-e-mobilidade-na-zona-Norte-2.jpg\",\"contentUrl\":\"https:\/\/www.manaus.am.gov.br\/seminf\/wp-content\/uploads\/sites\/6\/2026\/04\/Prefeitura-de-Manaus-constroi-escadaria-de-45-metros-e-garante-mais-seguranca-e-mobilidade-na-zona-Norte-2.jpg\",\"width\":1600,\"height\":1067,\"caption\":\"#paratodosverem \u2013 Equipes da Seminf construindo escada\"},{\"@type\":\"WebSite\",\"@id\":\"https:\/\/www.manaus.am.gov.br\/seminf\/#website\",\"url\":\"https:\/\/www.manaus.am.gov.br\/seminf\/\",\"name\":\"Secretaria de Infraestrutura\",\"description\":\"Secretaria Municipal de Infraestrutura\",\"potentialAction\":[{\"@type\":\"SearchAction\",\"target\":{\"@type\":\"EntryPoint\",\"urlTemplate\":\"https:\/\/www.manaus.am.gov.br\/seminf\/?s={search_term_string}\"},\"query-input\":\"required name=search_term_string\"}],\"inLanguage\":\"pt-BR\"},{\"@type\":\"Person\",\"@id\":\"https:\/\/www.manaus.am.gov.br\/seminf\/#\/schema\/person\/466a0e03ae4b6062809046bd560ac955\",\"name\":\"bvalente\",\"image\":{\"@type\":\"ImageObject\",\"inLanguage\":\"pt-BR\",\"@id\":\"https:\/\/www.manaus.am.gov.br\/seminf\/#\/schema\/person\/image\/\",\"url\":\"https:\/\/secure.gravatar.com\/avatar\/3e69bc2b014bdad41adfec3a39de07d2?s=96&d=mm&r=g\",\"contentUrl\":\"https:\/\/secure.gravatar.com\/avatar\/3e69bc2b014bdad41adfec3a39de07d2?s=96&d=mm&r=g\",\"caption\":\"bvalente\"}}]}<\/script>\n<!-- \/ Yoast SEO plugin. -->","yoast_head_json":{"title":"Prefeitura de Manaus constr\u00f3i escadaria de 45 metros","description":"A Prefeitura de Manaus iniciou, na quinta-feira, 23\/4, a constru\u00e7\u00e3o de uma nova escadaria na comunidade Celebridade.","robots":{"index":"index","follow":"follow","max-snippet":"max-snippet:-1","max-image-preview":"max-image-preview:large","max-video-preview":"max-video-preview:-1"},"canonical":"https:\/\/www.manaus.am.gov.br\/seminf\/nova-escadaria-45-metros\/","og_locale":"pt_BR","og_type":"article","og_title":"Prefeitura de Manaus constr\u00f3i escadaria de 45 metros","og_description":"A Prefeitura de Manaus iniciou, na quinta-feira, 23\/4, a constru\u00e7\u00e3o de uma nova escadaria na comunidade Celebridade.","og_url":"https:\/\/www.manaus.am.gov.br\/seminf\/nova-escadaria-45-metros\/","og_site_name":"SEMINF","article_published_time":"2026-04-24T19:30:23+00:00","article_modified_time":"2026-04-24T19:30:25+00:00","og_image":[{"width":1600,"height":1067,"url":"https:\/\/www.manaus.am.gov.br\/seminf\/wp-content\/uploads\/sites\/6\/2026\/04\/Prefeitura-de-Manaus-constroi-escadaria-de-45-metros-e-garante-mais-seguranca-e-mobilidade-na-zona-Norte-2.jpg","type":"image\/jpeg"}],"author":"bvalente","twitter_card":"summary_large_image","twitter_misc":{"Written by":"bvalente","Est. reading time":"2 minutos"},"schema":{"@context":"https:\/\/schema.org","@graph":[{"@type":"WebPage","@id":"https:\/\/www.manaus.am.gov.br\/seminf\/nova-escadaria-45-metros\/","url":"https:\/\/www.manaus.am.gov.br\/seminf\/nova-escadaria-45-metros\/","name":"Prefeitura de Manaus constr\u00f3i escadaria de 45 metros","isPartOf":{"@id":"https:\/\/www.manaus.am.gov.br\/seminf\/#website"},"primaryImageOfPage":{"@id":"https:\/\/www.manaus.am.gov.br\/seminf\/nova-escadaria-45-metros\/#primaryimage"},"image":{"@id":"https:\/\/www.manaus.am.gov.br\/seminf\/nova-escadaria-45-metros\/#primaryimage"},"thumbnailUrl":"https:\/\/www.manaus.am.gov.br\/seminf\/wp-content\/uploads\/sites\/6\/2026\/04\/Prefeitura-de-Manaus-constroi-escadaria-de-45-metros-e-garante-mais-seguranca-e-mobilidade-na-zona-Norte-2.jpg","datePublished":"2026-04-24T19:30:23+00:00","dateModified":"2026-04-24T19:30:25+00:00","author":{"@id":"https:\/\/www.manaus.am.gov.br\/seminf\/#\/schema\/person\/466a0e03ae4b6062809046bd560ac955"},"description":"A Prefeitura de Manaus iniciou, na quinta-feira, 23\/4, a constru\u00e7\u00e3o de uma nova escadaria na comunidade Celebridade.","inLanguage":"pt-BR","potentialAction":[{"@type":"ReadAction","target":["https:\/\/www.manaus.am.gov.br\/seminf\/nova-escadaria-45-metros\/"]}]},{"@type":"ImageObject","inLanguage":"pt-BR","@id":"https:\/\/www.manaus.am.gov.br\/seminf\/nova-escadaria-45-metros\/#primaryimage","url":"https:\/\/www.manaus.am.gov.br\/seminf\/wp-content\/uploads\/sites\/6\/2026\/04\/Prefeitura-de-Manaus-constroi-escadaria-de-45-metros-e-garante-mais-seguranca-e-mobilidade-na-zona-Norte-2.jpg","contentUrl":"https:\/\/www.manaus.am.gov.br\/seminf\/wp-content\/uploads\/sites\/6\/2026\/04\/Prefeitura-de-Manaus-constroi-escadaria-de-45-metros-e-garante-mais-seguranca-e-mobilidade-na-zona-Norte-2.jpg","width":1600,"height":1067,"caption":"#paratodosverem \u2013 Equipes da Seminf construindo escada"},{"@type":"WebSite","@id":"https:\/\/www.manaus.am.gov.br\/seminf\/#website","url":"https:\/\/www.manaus.am.gov.br\/seminf\/","name":"Secretaria de Infraestrutura","description":"Secretaria Municipal de Infraestrutura","potentialAction":[{"@type":"SearchAction","target":{"@type":"EntryPoint","urlTemplate":"https:\/\/www.manaus.am.gov.br\/seminf\/?s={search_term_string}"},"query-input":"required name=search_term_string"}],"inLanguage":"pt-BR"},{"@type":"Person","@id":"https:\/\/www.manaus.am.gov.br\/seminf\/#\/schema\/person\/466a0e03ae4b6062809046bd560ac955","name":"bvalente","image":{"@type":"ImageObject","inLanguage":"pt-BR","@id":"https:\/\/www.manaus.am.gov.br\/seminf\/#\/schema\/person\/image\/","url":"https:\/\/secure.gravatar.com\/avatar\/3e69bc2b014bdad41adfec3a39de07d2?s=96&d=mm&r=g","contentUrl":"https:\/\/secure.gravatar.com\/avatar\/3e69bc2b014bdad41adfec3a39de07d2?s=96&d=mm&r=g","caption":"bvalente"}}]}},"_links":{"self":[{"href":"https:\/\/www.manaus.am.gov.br\/seminf\/wp-json\/wp\/v2\/posts\/9611"}],"collection":[{"href":"https:\/\/www.manaus.am.gov.br\/seminf\/wp-json\/wp\/v2\/posts"}],"about":[{"href":"https:\/\/www.manaus.am.gov.br\/seminf\/wp-json\/wp\/v2\/types\/post"}],"author":[{"embeddable":true,"href":"https:\/\/www.manaus.am.gov.br\/seminf\/wp-json\/wp\/v2\/users\/68"}],"replies":[{"embeddable":true,"href":"https:\/\/www.manaus.am.gov.br\/seminf\/wp-json\/wp\/v2\/comments?post=9611"}],"version-history":[{"count":0,"href":"https:\/\/www.manaus.am.gov.br\/seminf\/wp-json\/wp\/v2\/posts\/9611\/revisions"}],"wp:featuredmedia":[{"embeddable":true,"href":"https:\/\/www.manaus.am.gov.br\/seminf\/wp-json\/wp\/v2\/media\/9612"}],"wp:attachment":[{"href":"https:\/\/www.manaus.am.gov.br\/seminf\/wp-json\/wp\/v2\/media?parent=9611"}],"wp:term":[{"taxonomy":"category","embeddable":true,"href":"https:\/\/www.manaus.am.gov.br\/seminf\/wp-json\/wp\/v2\/categories?post=9611"},{"taxonomy":"post_tag","embeddable":true,"href":"https:\/\/www.manaus.am.gov.br\/seminf\/wp-json\/wp\/v2\/tags?post=9611"}],"curies":[{"name":"wp","href":"https:\/\/api.w.org\/{rel}","templated":true}]}}