{"id":8994,"date":"2026-03-16T18:50:16","date_gmt":"2026-03-16T22:50:16","guid":{"rendered":"https:\/\/www.manaus.am.gov.br\/seminf\/recupera-via-cidade-nova\/"},"modified":"2026-03-17T11:04:07","modified_gmt":"2026-03-17T15:04:07","slug":"recupera-via-cidade-nova","status":"publish","type":"post","link":"https:\/\/www.manaus.am.gov.br\/seminf\/recupera-via-cidade-nova\/","title":{"rendered":"Prefeitura de Manaus segue transformando ruas e recupera mais uma via no bairro Cidade Nova"},"content":{"rendered":"\n<p>A<a href=\"https:\/\/www.instagram.com\/prefeiturademanaus\/\"> Prefeitura de Manaus<\/a>, por meio da Secretaria Municipal de Infraestrutura<a href=\"https:\/\/www.manaus.am.gov.br\/\"> (Semin<\/a>f), avan\u00e7ou nesta segunda-feira, 16\/3, com uma nova frente de manuten\u00e7\u00e3o asf\u00e1ltica no bairro Cidade Nova, zona Norte da capital. Desta vez, as equipes atuam na rua 211, no n\u00facleo 16, garantindo melhores condi\u00e7\u00f5es de tr\u00e1fego e mais seguran\u00e7a para quem vive e circula pela \u00e1rea.<\/p>\n\n\n\n<p>Os servi\u00e7os integram o cronograma cont\u00ednuo de recupera\u00e7\u00e3o da malha vi\u00e1ria executado pela gest\u00e3o municipal, que vem ampliando as frentes de obras em diferentes bairros para assegurar mais mobilidade urbana, trafegabilidade e qualidade de vida \u00e0 popula\u00e7\u00e3o.<\/p>\n\n\n\n<p>O vice-prefeito e secret\u00e1rio de Obras, Renato Junior, destaca que a presen\u00e7a das equipes nos bairros \u00e9 fundamental para manter as vias em boas condi\u00e7\u00f5es e acompanhar o crescimento da cidade.<\/p>\n\n\n\n<p>\u201cEstamos trabalhando de forma permanente nos bairros, levando infraestrutura e melhoria para a popula\u00e7\u00e3o. A determina\u00e7\u00e3o do prefeito David Almeida \u00e9 seguir avan\u00e7ando com o recapeamento e, ao mesmo tempo, garantir a manuten\u00e7\u00e3o das vias j\u00e1 recuperadas. A zona Norte, especialmente o Cidade Nova, recebe uma aten\u00e7\u00e3o constante, porque nossa meta \u00e9 transformar a realidade das ruas e oferecer mais seguran\u00e7a e mobilidade para os moradores\u201d, afirmou Renato Junior.<\/p>\n\n\n\n<p>As equipes da Seminf v\u00eam intensificando os servi\u00e7os de recupera\u00e7\u00e3o e manuten\u00e7\u00e3o asf\u00e1ltica em v\u00e1rias zonas da cidade, garantindo mais durabilidade ao pavimento e melhores condi\u00e7\u00f5es de circula\u00e7\u00e3o para motoristas, motociclistas, ciclistas e pedestres.<\/p>\n\n\n\n<p>Morador da \u00e1rea h\u00e1 d\u00e9cadas, o assessor parlamentar Ederson Cunha, de 46 anos, destaca que as melhorias j\u00e1 s\u00e3o vis\u00edveis no n\u00facleo 16 e refletem diretamente no dia a dia da comunidade.<\/p>\n\n\n<div class=\"wp-block-image\">\n<figure class=\"aligncenter size-large\"><img loading=\"lazy\" decoding=\"async\" width=\"1024\" height=\"683\" src=\"https:\/\/www.manaus.am.gov.br\/seminf\/wp-content\/uploads\/sites\/6\/2026\/03\/Seminf-Asfalto-Cidade-Nova-2-1024x683.jpg\" alt=\"\" class=\"wp-image-8996\" srcset=\"https:\/\/www.manaus.am.gov.br\/seminf\/wp-content\/uploads\/sites\/6\/2026\/03\/Seminf-Asfalto-Cidade-Nova-2-1024x683.jpg 1024w, https:\/\/www.manaus.am.gov.br\/seminf\/wp-content\/uploads\/sites\/6\/2026\/03\/Seminf-Asfalto-Cidade-Nova-2-300x200.jpg 300w, https:\/\/www.manaus.am.gov.br\/seminf\/wp-content\/uploads\/sites\/6\/2026\/03\/Seminf-Asfalto-Cidade-Nova-2-768x512.jpg 768w, https:\/\/www.manaus.am.gov.br\/seminf\/wp-content\/uploads\/sites\/6\/2026\/03\/Seminf-Asfalto-Cidade-Nova-2.jpg 1464w\" sizes=\"(max-width: 1024px) 100vw, 1024px\" \/><figcaption class=\"wp-element-caption\">#paratodosverem &#8211; morador Ederson agradece o trabalho realizado<\/figcaption><\/figure><\/div>\n\n\n<p>\u201cHoje a gente v\u00ea as equipes trabalhando em v\u00e1rias ruas aqui do n\u00facleo 16. Est\u00e3o recapeando, fazendo manuten\u00e7\u00e3o e renovando o asfalto. Foram mais de 20 anos sem uma aten\u00e7\u00e3o como essa. Agora a gente percebe a mudan\u00e7a, as ruas est\u00e3o ficando novas e isso melhora muito a vida de quem mora aqui\u201d, afirmou.<\/p>\n\n\n\n<p>A Prefeitura de Manaus segue atuando diariamente com diversas frentes de obras, refor\u00e7ando o compromisso com a melhoria da infraestrutura urbana e garantindo mais seguran\u00e7a, mobilidade e conforto para a popula\u00e7\u00e3o manauara.<\/p>\n\n\n\n<p>&#8212; &#8212; &#8212;<\/p>\n\n\n\n<p><strong>Texto<\/strong> \u2013 Rayana Coutinho \/ Seminf<\/p>\n\n\n\n<p><strong>Fotos <\/strong>\u2013 M\u00e1rcio Melo \/ Seminf<\/p>\n","protected":false},"excerpt":{"rendered":"","protected":false},"author":61,"featured_media":8995,"comment_status":"closed","ping_status":"closed","sticky":false,"template":"","format":"standard","meta":{"footnotes":""},"categories":[3],"tags":[1433,368,3156,26],"acf":[],"yoast_head":"<!-- This site is optimized with the Yoast SEO plugin v23.0 - https:\/\/yoast.com\/wordpress\/plugins\/seo\/ -->\n<title>Prefeitura de Manaus segue transformando ruas e recupera mais uma via no bairro Cidade Nova<\/title>\n<meta name=\"description\" content=\"A Prefeitura de Manaus, por meio da Secretaria Municipal de Infraestrutura (Seminf), avan\u00e7ou nesta segunda-feira, 16\/3, com uma nova frente de manuten\u00e7\u00e3o asf\u00e1ltica no bairro Cidade Nova, zona Norte da capital.\" \/>\n<meta name=\"robots\" content=\"index, follow, max-snippet:-1, max-image-preview:large, max-video-preview:-1\" \/>\n<link rel=\"canonical\" href=\"https:\/\/www.manaus.am.gov.br\/seminf\/recupera-via-cidade-nova\/\" \/>\n<meta property=\"og:locale\" content=\"pt_BR\" \/>\n<meta property=\"og:type\" content=\"article\" \/>\n<meta property=\"og:title\" content=\"Prefeitura de Manaus segue transformando ruas e recupera mais uma via no bairro Cidade Nova\" \/>\n<meta property=\"og:description\" content=\"A Prefeitura de Manaus, por meio da Secretaria Municipal de Infraestrutura (Seminf), avan\u00e7ou nesta segunda-feira, 16\/3, com uma nova frente de manuten\u00e7\u00e3o asf\u00e1ltica no bairro Cidade Nova, zona Norte da capital.\" \/>\n<meta property=\"og:url\" content=\"https:\/\/www.manaus.am.gov.br\/seminf\/recupera-via-cidade-nova\/\" \/>\n<meta property=\"og:site_name\" content=\"SEMINF\" \/>\n<meta property=\"article:published_time\" content=\"2026-03-16T22:50:16+00:00\" \/>\n<meta property=\"article:modified_time\" content=\"2026-03-17T15:04:07+00:00\" \/>\n<meta property=\"og:image\" content=\"https:\/\/www.manaus.am.gov.br\/seminf\/wp-content\/uploads\/sites\/6\/2026\/03\/Seminf-Asfalto-Cidade-Nova-3.jpg\" \/>\n\t<meta property=\"og:image:width\" content=\"1464\" \/>\n\t<meta property=\"og:image:height\" content=\"976\" \/>\n\t<meta property=\"og:image:type\" content=\"image\/jpeg\" \/>\n<meta name=\"author\" content=\"smonteiro\" \/>\n<meta name=\"twitter:card\" content=\"summary_large_image\" \/>\n<meta name=\"twitter:label1\" content=\"Written by\" \/>\n\t<meta name=\"twitter:data1\" content=\"smonteiro\" \/>\n\t<meta name=\"twitter:label2\" content=\"Est. reading time\" \/>\n\t<meta name=\"twitter:data2\" content=\"3 minutos\" \/>\n<script type=\"application\/ld+json\" class=\"yoast-schema-graph\">{\"@context\":\"https:\/\/schema.org\",\"@graph\":[{\"@type\":\"WebPage\",\"@id\":\"https:\/\/www.manaus.am.gov.br\/seminf\/recupera-via-cidade-nova\/\",\"url\":\"https:\/\/www.manaus.am.gov.br\/seminf\/recupera-via-cidade-nova\/\",\"name\":\"Prefeitura de Manaus segue transformando ruas e recupera mais uma via no bairro Cidade Nova\",\"isPartOf\":{\"@id\":\"https:\/\/www.manaus.am.gov.br\/seminf\/#website\"},\"primaryImageOfPage\":{\"@id\":\"https:\/\/www.manaus.am.gov.br\/seminf\/recupera-via-cidade-nova\/#primaryimage\"},\"image\":{\"@id\":\"https:\/\/www.manaus.am.gov.br\/seminf\/recupera-via-cidade-nova\/#primaryimage\"},\"thumbnailUrl\":\"https:\/\/www.manaus.am.gov.br\/seminf\/wp-content\/uploads\/sites\/6\/2026\/03\/Seminf-Asfalto-Cidade-Nova-3.jpg\",\"datePublished\":\"2026-03-16T22:50:16+00:00\",\"dateModified\":\"2026-03-17T15:04:07+00:00\",\"author\":{\"@id\":\"https:\/\/www.manaus.am.gov.br\/seminf\/#\/schema\/person\/ab4dcf766a54dff74e8d267f5c591961\"},\"description\":\"A Prefeitura de Manaus, por meio da Secretaria Municipal de Infraestrutura (Seminf), avan\u00e7ou nesta segunda-feira, 16\/3, com uma nova frente de manuten\u00e7\u00e3o asf\u00e1ltica no bairro Cidade Nova, zona Norte da capital.\",\"inLanguage\":\"pt-BR\",\"potentialAction\":[{\"@type\":\"ReadAction\",\"target\":[\"https:\/\/www.manaus.am.gov.br\/seminf\/recupera-via-cidade-nova\/\"]}]},{\"@type\":\"ImageObject\",\"inLanguage\":\"pt-BR\",\"@id\":\"https:\/\/www.manaus.am.gov.br\/seminf\/recupera-via-cidade-nova\/#primaryimage\",\"url\":\"https:\/\/www.manaus.am.gov.br\/seminf\/wp-content\/uploads\/sites\/6\/2026\/03\/Seminf-Asfalto-Cidade-Nova-3.jpg\",\"contentUrl\":\"https:\/\/www.manaus.am.gov.br\/seminf\/wp-content\/uploads\/sites\/6\/2026\/03\/Seminf-Asfalto-Cidade-Nova-3.jpg\",\"width\":1464,\"height\":976,\"caption\":\"#paratodosverem - servidores da Seminf trabalham na coloca\u00e7\u00e3o do asfalto\"},{\"@type\":\"WebSite\",\"@id\":\"https:\/\/www.manaus.am.gov.br\/seminf\/#website\",\"url\":\"https:\/\/www.manaus.am.gov.br\/seminf\/\",\"name\":\"Secretaria de Infraestrutura\",\"description\":\"Secretaria Municipal de Infraestrutura\",\"potentialAction\":[{\"@type\":\"SearchAction\",\"target\":{\"@type\":\"EntryPoint\",\"urlTemplate\":\"https:\/\/www.manaus.am.gov.br\/seminf\/?s={search_term_string}\"},\"query-input\":\"required name=search_term_string\"}],\"inLanguage\":\"pt-BR\"},{\"@type\":\"Person\",\"@id\":\"https:\/\/www.manaus.am.gov.br\/seminf\/#\/schema\/person\/ab4dcf766a54dff74e8d267f5c591961\",\"name\":\"smonteiro\",\"image\":{\"@type\":\"ImageObject\",\"inLanguage\":\"pt-BR\",\"@id\":\"https:\/\/www.manaus.am.gov.br\/seminf\/#\/schema\/person\/image\/\",\"url\":\"https:\/\/secure.gravatar.com\/avatar\/21c8776ef61d9272c73322052e042d77?s=96&d=mm&r=g\",\"contentUrl\":\"https:\/\/secure.gravatar.com\/avatar\/21c8776ef61d9272c73322052e042d77?s=96&d=mm&r=g\",\"caption\":\"smonteiro\"}}]}<\/script>\n<!-- \/ Yoast SEO plugin. -->","yoast_head_json":{"title":"Prefeitura de Manaus segue transformando ruas e recupera mais uma via no bairro Cidade Nova","description":"A Prefeitura de Manaus, por meio da Secretaria Municipal de Infraestrutura (Seminf), avan\u00e7ou nesta segunda-feira, 16\/3, com uma nova frente de manuten\u00e7\u00e3o asf\u00e1ltica no bairro Cidade Nova, zona Norte da capital.","robots":{"index":"index","follow":"follow","max-snippet":"max-snippet:-1","max-image-preview":"max-image-preview:large","max-video-preview":"max-video-preview:-1"},"canonical":"https:\/\/www.manaus.am.gov.br\/seminf\/recupera-via-cidade-nova\/","og_locale":"pt_BR","og_type":"article","og_title":"Prefeitura de Manaus segue transformando ruas e recupera mais uma via no bairro Cidade Nova","og_description":"A Prefeitura de Manaus, por meio da Secretaria Municipal de Infraestrutura (Seminf), avan\u00e7ou nesta segunda-feira, 16\/3, com uma nova frente de manuten\u00e7\u00e3o asf\u00e1ltica no bairro Cidade Nova, zona Norte da capital.","og_url":"https:\/\/www.manaus.am.gov.br\/seminf\/recupera-via-cidade-nova\/","og_site_name":"SEMINF","article_published_time":"2026-03-16T22:50:16+00:00","article_modified_time":"2026-03-17T15:04:07+00:00","og_image":[{"width":1464,"height":976,"url":"https:\/\/www.manaus.am.gov.br\/seminf\/wp-content\/uploads\/sites\/6\/2026\/03\/Seminf-Asfalto-Cidade-Nova-3.jpg","type":"image\/jpeg"}],"author":"smonteiro","twitter_card":"summary_large_image","twitter_misc":{"Written by":"smonteiro","Est. reading time":"3 minutos"},"schema":{"@context":"https:\/\/schema.org","@graph":[{"@type":"WebPage","@id":"https:\/\/www.manaus.am.gov.br\/seminf\/recupera-via-cidade-nova\/","url":"https:\/\/www.manaus.am.gov.br\/seminf\/recupera-via-cidade-nova\/","name":"Prefeitura de Manaus segue transformando ruas e recupera mais uma via no bairro Cidade Nova","isPartOf":{"@id":"https:\/\/www.manaus.am.gov.br\/seminf\/#website"},"primaryImageOfPage":{"@id":"https:\/\/www.manaus.am.gov.br\/seminf\/recupera-via-cidade-nova\/#primaryimage"},"image":{"@id":"https:\/\/www.manaus.am.gov.br\/seminf\/recupera-via-cidade-nova\/#primaryimage"},"thumbnailUrl":"https:\/\/www.manaus.am.gov.br\/seminf\/wp-content\/uploads\/sites\/6\/2026\/03\/Seminf-Asfalto-Cidade-Nova-3.jpg","datePublished":"2026-03-16T22:50:16+00:00","dateModified":"2026-03-17T15:04:07+00:00","author":{"@id":"https:\/\/www.manaus.am.gov.br\/seminf\/#\/schema\/person\/ab4dcf766a54dff74e8d267f5c591961"},"description":"A Prefeitura de Manaus, por meio da Secretaria Municipal de Infraestrutura (Seminf), avan\u00e7ou nesta segunda-feira, 16\/3, com uma nova frente de manuten\u00e7\u00e3o asf\u00e1ltica no bairro Cidade Nova, zona Norte da capital.","inLanguage":"pt-BR","potentialAction":[{"@type":"ReadAction","target":["https:\/\/www.manaus.am.gov.br\/seminf\/recupera-via-cidade-nova\/"]}]},{"@type":"ImageObject","inLanguage":"pt-BR","@id":"https:\/\/www.manaus.am.gov.br\/seminf\/recupera-via-cidade-nova\/#primaryimage","url":"https:\/\/www.manaus.am.gov.br\/seminf\/wp-content\/uploads\/sites\/6\/2026\/03\/Seminf-Asfalto-Cidade-Nova-3.jpg","contentUrl":"https:\/\/www.manaus.am.gov.br\/seminf\/wp-content\/uploads\/sites\/6\/2026\/03\/Seminf-Asfalto-Cidade-Nova-3.jpg","width":1464,"height":976,"caption":"#paratodosverem - servidores da Seminf trabalham na coloca\u00e7\u00e3o do asfalto"},{"@type":"WebSite","@id":"https:\/\/www.manaus.am.gov.br\/seminf\/#website","url":"https:\/\/www.manaus.am.gov.br\/seminf\/","name":"Secretaria de Infraestrutura","description":"Secretaria Municipal de Infraestrutura","potentialAction":[{"@type":"SearchAction","target":{"@type":"EntryPoint","urlTemplate":"https:\/\/www.manaus.am.gov.br\/seminf\/?s={search_term_string}"},"query-input":"required name=search_term_string"}],"inLanguage":"pt-BR"},{"@type":"Person","@id":"https:\/\/www.manaus.am.gov.br\/seminf\/#\/schema\/person\/ab4dcf766a54dff74e8d267f5c591961","name":"smonteiro","image":{"@type":"ImageObject","inLanguage":"pt-BR","@id":"https:\/\/www.manaus.am.gov.br\/seminf\/#\/schema\/person\/image\/","url":"https:\/\/secure.gravatar.com\/avatar\/21c8776ef61d9272c73322052e042d77?s=96&d=mm&r=g","contentUrl":"https:\/\/secure.gravatar.com\/avatar\/21c8776ef61d9272c73322052e042d77?s=96&d=mm&r=g","caption":"smonteiro"}}]}},"_links":{"self":[{"href":"https:\/\/www.manaus.am.gov.br\/seminf\/wp-json\/wp\/v2\/posts\/8994"}],"collection":[{"href":"https:\/\/www.manaus.am.gov.br\/seminf\/wp-json\/wp\/v2\/posts"}],"about":[{"href":"https:\/\/www.manaus.am.gov.br\/seminf\/wp-json\/wp\/v2\/types\/post"}],"author":[{"embeddable":true,"href":"https:\/\/www.manaus.am.gov.br\/seminf\/wp-json\/wp\/v2\/users\/61"}],"replies":[{"embeddable":true,"href":"https:\/\/www.manaus.am.gov.br\/seminf\/wp-json\/wp\/v2\/comments?post=8994"}],"version-history":[{"count":5,"href":"https:\/\/www.manaus.am.gov.br\/seminf\/wp-json\/wp\/v2\/posts\/8994\/revisions"}],"predecessor-version":[{"id":9002,"href":"https:\/\/www.manaus.am.gov.br\/seminf\/wp-json\/wp\/v2\/posts\/8994\/revisions\/9002"}],"wp:featuredmedia":[{"embeddable":true,"href":"https:\/\/www.manaus.am.gov.br\/seminf\/wp-json\/wp\/v2\/media\/8995"}],"wp:attachment":[{"href":"https:\/\/www.manaus.am.gov.br\/seminf\/wp-json\/wp\/v2\/media?parent=8994"}],"wp:term":[{"taxonomy":"category","embeddable":true,"href":"https:\/\/www.manaus.am.gov.br\/seminf\/wp-json\/wp\/v2\/categories?post=8994"},{"taxonomy":"post_tag","embeddable":true,"href":"https:\/\/www.manaus.am.gov.br\/seminf\/wp-json\/wp\/v2\/tags?post=8994"}],"curies":[{"name":"wp","href":"https:\/\/api.w.org\/{rel}","templated":true}]}}