{"id":8966,"date":"2026-03-13T19:38:14","date_gmt":"2026-03-13T23:38:14","guid":{"rendered":"https:\/\/www.manaus.am.gov.br\/seminf\/intensifica-reparos-asfalto\/"},"modified":"2026-03-16T12:51:10","modified_gmt":"2026-03-16T16:51:10","slug":"intensifica-manutencao-asfaltica","status":"publish","type":"post","link":"https:\/\/www.manaus.am.gov.br\/seminf\/intensifica-manutencao-asfaltica\/","title":{"rendered":"Prefeitura de Manaus intensifica reparos no asfalto e fortalece mobilidade no bairro Cidade Nova"},"content":{"rendered":"\n<p>A <a href=\"https:\/\/www.manaus.am.gov.br\/\">Prefeitura de Manaus<\/a>, por meio da <a href=\"https:\/\/www.instagram.com\/seminf.manaus\/\">Secretaria Municipal de Infraestrutura<\/a> (Seminf), segue ampliando as frentes de obras pela capital e realizou, nesta sexta-feira, 13\/3, mais uma importante a\u00e7\u00e3o de manuten\u00e7\u00e3o asf\u00e1ltica na zona Norte. Desta vez, os servi\u00e7os contemplaram a avenida Jurunas e a rua 52, importantes vias do bairro Cidade Nova, garantindo mais mobilidade, seguran\u00e7a e conforto para moradores e condutores que utilizam diariamente a regi\u00e3o.<\/p>\n\n\n\n<p>A interven\u00e7\u00e3o integra o planejamento estrat\u00e9gico da gest\u00e3o municipal para recuperar trechos comprometidos pelo desgaste natural do pavimento, melhorando a trafegabilidade e fortalecendo a infraestrutura vi\u00e1ria em uma das \u00e1reas mais populosas da cidade.<\/p>\n\n\n\n<p>O vice-prefeito e secret\u00e1rio de Obras, Renato Junior, destacou que a zona Norte vive um momento de forte atua\u00e7\u00e3o da prefeitura, com diversas frentes de trabalho avan\u00e7ando simultaneamente em diferentes bairros.<\/p>\n\n\n\n<p>\u201cEstamos nas ruas, acompanhando de perto cada obra e cada servi\u00e7o executado. Ao lado do prefeito David Almeida, seguimos avan\u00e7ando com um grande movimento de infraestrutura na zona Norte. Al\u00e9m das obras de drenagem e limpeza das caixas coletoras, os servi\u00e7os de recapeamento e recupera\u00e7\u00e3o asf\u00e1ltica est\u00e3o acontecendo em v\u00e1rios pontos, levando melhorias reais para a mobilidade e para a qualidade de vida da popula\u00e7\u00e3o\u201d, afirmou Renato Junior.<\/p>\n\n\n\n<p>Os trabalhos tiveram in\u00edcio na avenida Jurunas, uma das principais vias do bairro Cidade Nova, que registra grande fluxo de ve\u00edculos e pedestres ao longo do dia. Devido \u00e0 intensa circula\u00e7\u00e3o, o pavimento tende a apresentar desgaste mais acelerado. Para garantir melhores condi\u00e7\u00f5es de tr\u00e1fego, as equipes da Seminf executaram os servi\u00e7os de manuten\u00e7\u00e3o ao longo dos cerca de 600 metros de extens\u00e3o da via, recuperando pontos danificados e devolvendo mais estabilidade e seguran\u00e7a ao pavimento.<\/p>\n\n\n\n<p>A massoterapeuta Leonildes da Silva, de 59 anos, que acompanha a movimenta\u00e7\u00e3o no local, destacou a import\u00e2ncia da interven\u00e7\u00e3o para quem vive e circula pela \u00e1rea.<\/p>\n\n\n\n<p>\u201cEssa avenida tem muito movimento, passam muitos carros todos os dias, e j\u00e1 tinha v\u00e1rios buracos. Agora a prefeitura veio fazer o servi\u00e7o e com certeza vai melhorar muito para todo mundo que passa por aqui\u201d, comentou.<\/p>\n\n\n\n<p>Al\u00e9m da avenida Jurunas, a rua 52 tamb\u00e9m recebeu manuten\u00e7\u00e3o asf\u00e1ltica com o objetivo de recuperar trechos desgastados, restaurando a qualidade da via e garantindo melhores condi\u00e7\u00f5es de deslocamento para moradores e trabalhadores da regi\u00e3o.<\/p>\n\n\n\n<p>Morador do bairro h\u00e1 mais de quatro d\u00e9cadas, o servidor p\u00fablico Dorvan Rodrigues, de 58 anos, afirma que tem acompanhado de perto as melhorias realizadas na \u00e1rea.<\/p>\n\n\n<div class=\"wp-block-image\">\n<figure class=\"aligncenter size-large\"><img loading=\"lazy\" decoding=\"async\" width=\"1024\" height=\"993\" src=\"https:\/\/www.manaus.am.gov.br\/seminf\/wp-content\/uploads\/sites\/6\/2026\/03\/Seminf-Cidade-Nova-1-e1773445182452-1024x993.jpg\" alt=\"\" class=\"wp-image-8970\" srcset=\"https:\/\/www.manaus.am.gov.br\/seminf\/wp-content\/uploads\/sites\/6\/2026\/03\/Seminf-Cidade-Nova-1-e1773445182452-1024x993.jpg 1024w, https:\/\/www.manaus.am.gov.br\/seminf\/wp-content\/uploads\/sites\/6\/2026\/03\/Seminf-Cidade-Nova-1-e1773445182452-300x291.jpg 300w, https:\/\/www.manaus.am.gov.br\/seminf\/wp-content\/uploads\/sites\/6\/2026\/03\/Seminf-Cidade-Nova-1-e1773445182452-768x745.jpg 768w, https:\/\/www.manaus.am.gov.br\/seminf\/wp-content\/uploads\/sites\/6\/2026\/03\/Seminf-Cidade-Nova-1-e1773445182452.jpg 1276w\" sizes=\"(max-width: 1024px) 100vw, 1024px\" \/><figcaption class=\"wp-element-caption\">#paratodosverem &#8211; morador aprova o servi\u00e7o da prefeitura<\/figcaption><\/figure><\/div>\n\n\n<p>\u201cEu moro na Cidade Nova h\u00e1 45 anos e tenho visto as melhorias acontecendo. Quero agradecer o trabalho da prefeitura, do prefeito David Almeida e do vice Renato Junior. Nosso bairro est\u00e1 sendo transformado, com obras chegando em v\u00e1rios n\u00facleos, e \u00e9 muito bom ver esse avan\u00e7o acontecendo\u201d, destacou.<\/p>\n\n\n\n<p>A Prefeitura de Manaus refor\u00e7a que as a\u00e7\u00f5es de manuten\u00e7\u00e3o e recupera\u00e7\u00e3o asf\u00e1ltica fazem parte de um amplo programa de infraestrutura urbana, que vem sendo executado em todas as zonas da cidade, levando mais mobilidade, seguran\u00e7a e qualidade de vida para os moradores da capital.<\/p>\n\n\n\n<p>&#8212; &#8212; &#8212;<\/p>\n\n\n\n<p><strong>Texto<\/strong> &#8211; Eduarda Lira e Rayana Coutinho \/ Seminf<\/p>\n\n\n\n<p><strong>Fotos<\/strong> &#8211; M\u00e1rcio Melo \/ Seminf<\/p>\n","protected":false},"excerpt":{"rendered":"","protected":false},"author":61,"featured_media":8967,"comment_status":"closed","ping_status":"closed","sticky":false,"template":"","format":"standard","meta":{"footnotes":""},"categories":[3],"tags":[43,26],"acf":[],"yoast_head":"<!-- This site is optimized with the Yoast SEO plugin v23.0 - https:\/\/yoast.com\/wordpress\/plugins\/seo\/ -->\n<title>Prefeitura de Manaus intensifica reparos no asfalto e fortalece mobilidade no bairro Cidade Nova<\/title>\n<meta name=\"description\" content=\"A Prefeitura de Manaus, por meio da Secretaria Municipal de Infraestrutura (Seminf), segue ampliando as frentes de obras pela capital e realizou, nesta sexta-feira, 13\/3, mais uma importante a\u00e7\u00e3o de manuten\u00e7\u00e3o asf\u00e1ltica na zona Norte.\" \/>\n<meta name=\"robots\" content=\"index, follow, max-snippet:-1, max-image-preview:large, max-video-preview:-1\" \/>\n<link rel=\"canonical\" href=\"https:\/\/www.manaus.am.gov.br\/seminf\/intensifica-reparos-asfalto\/\" \/>\n<meta property=\"og:locale\" content=\"pt_BR\" \/>\n<meta property=\"og:type\" content=\"article\" \/>\n<meta property=\"og:title\" content=\"Prefeitura de Manaus intensifica reparos no asfalto e fortalece mobilidade no bairro Cidade Nova\" \/>\n<meta property=\"og:description\" content=\"A Prefeitura de Manaus, por meio da Secretaria Municipal de Infraestrutura (Seminf), segue ampliando as frentes de obras pela capital e realizou, nesta sexta-feira, 13\/3, mais uma importante a\u00e7\u00e3o de manuten\u00e7\u00e3o asf\u00e1ltica na zona Norte.\" \/>\n<meta property=\"og:url\" content=\"https:\/\/www.manaus.am.gov.br\/seminf\/intensifica-reparos-asfalto\/\" \/>\n<meta property=\"og:site_name\" content=\"SEMINF\" \/>\n<meta property=\"article:published_time\" content=\"2026-03-13T23:38:14+00:00\" \/>\n<meta property=\"article:modified_time\" content=\"2026-03-16T16:51:10+00:00\" \/>\n<meta property=\"og:image\" content=\"https:\/\/www.manaus.am.gov.br\/seminf\/wp-content\/uploads\/sites\/6\/2026\/03\/Seminf-Cidade-Nova-2.jpg\" \/>\n\t<meta property=\"og:image:width\" content=\"1464\" \/>\n\t<meta property=\"og:image:height\" content=\"976\" \/>\n\t<meta property=\"og:image:type\" content=\"image\/jpeg\" \/>\n<meta name=\"author\" content=\"smonteiro\" \/>\n<meta name=\"twitter:card\" content=\"summary_large_image\" \/>\n<meta name=\"twitter:label1\" content=\"Written by\" \/>\n\t<meta name=\"twitter:data1\" content=\"smonteiro\" \/>\n\t<meta name=\"twitter:label2\" content=\"Est. reading time\" \/>\n\t<meta name=\"twitter:data2\" content=\"4 minutos\" \/>\n<script type=\"application\/ld+json\" class=\"yoast-schema-graph\">{\"@context\":\"https:\/\/schema.org\",\"@graph\":[{\"@type\":\"WebPage\",\"@id\":\"https:\/\/www.manaus.am.gov.br\/seminf\/intensifica-reparos-asfalto\/\",\"url\":\"https:\/\/www.manaus.am.gov.br\/seminf\/intensifica-reparos-asfalto\/\",\"name\":\"Prefeitura de Manaus intensifica reparos no asfalto e fortalece mobilidade no bairro Cidade Nova\",\"isPartOf\":{\"@id\":\"https:\/\/www.manaus.am.gov.br\/seminf\/#website\"},\"primaryImageOfPage\":{\"@id\":\"https:\/\/www.manaus.am.gov.br\/seminf\/intensifica-reparos-asfalto\/#primaryimage\"},\"image\":{\"@id\":\"https:\/\/www.manaus.am.gov.br\/seminf\/intensifica-reparos-asfalto\/#primaryimage\"},\"thumbnailUrl\":\"https:\/\/www.manaus.am.gov.br\/seminf\/wp-content\/uploads\/sites\/6\/2026\/03\/Seminf-Cidade-Nova-2.jpg\",\"datePublished\":\"2026-03-13T23:38:14+00:00\",\"dateModified\":\"2026-03-16T16:51:10+00:00\",\"author\":{\"@id\":\"https:\/\/www.manaus.am.gov.br\/seminf\/#\/schema\/person\/ab4dcf766a54dff74e8d267f5c591961\"},\"description\":\"A Prefeitura de Manaus, por meio da Secretaria Municipal de Infraestrutura (Seminf), segue ampliando as frentes de obras pela capital e realizou, nesta sexta-feira, 13\/3, mais uma importante a\u00e7\u00e3o de manuten\u00e7\u00e3o asf\u00e1ltica na zona Norte.\",\"inLanguage\":\"pt-BR\",\"potentialAction\":[{\"@type\":\"ReadAction\",\"target\":[\"https:\/\/www.manaus.am.gov.br\/seminf\/intensifica-reparos-asfalto\/\"]}]},{\"@type\":\"ImageObject\",\"inLanguage\":\"pt-BR\",\"@id\":\"https:\/\/www.manaus.am.gov.br\/seminf\/intensifica-reparos-asfalto\/#primaryimage\",\"url\":\"https:\/\/www.manaus.am.gov.br\/seminf\/wp-content\/uploads\/sites\/6\/2026\/03\/Seminf-Cidade-Nova-2.jpg\",\"contentUrl\":\"https:\/\/www.manaus.am.gov.br\/seminf\/wp-content\/uploads\/sites\/6\/2026\/03\/Seminf-Cidade-Nova-2.jpg\",\"width\":1464,\"height\":976,\"caption\":\"#paratodosverem - equipe da Seminf fazendo a recupera\u00e7\u00e3o do asfalto na Cidade Nova\"},{\"@type\":\"WebSite\",\"@id\":\"https:\/\/www.manaus.am.gov.br\/seminf\/#website\",\"url\":\"https:\/\/www.manaus.am.gov.br\/seminf\/\",\"name\":\"Secretaria de Infraestrutura\",\"description\":\"Secretaria Municipal de Infraestrutura\",\"potentialAction\":[{\"@type\":\"SearchAction\",\"target\":{\"@type\":\"EntryPoint\",\"urlTemplate\":\"https:\/\/www.manaus.am.gov.br\/seminf\/?s={search_term_string}\"},\"query-input\":\"required name=search_term_string\"}],\"inLanguage\":\"pt-BR\"},{\"@type\":\"Person\",\"@id\":\"https:\/\/www.manaus.am.gov.br\/seminf\/#\/schema\/person\/ab4dcf766a54dff74e8d267f5c591961\",\"name\":\"smonteiro\",\"image\":{\"@type\":\"ImageObject\",\"inLanguage\":\"pt-BR\",\"@id\":\"https:\/\/www.manaus.am.gov.br\/seminf\/#\/schema\/person\/image\/\",\"url\":\"https:\/\/secure.gravatar.com\/avatar\/21c8776ef61d9272c73322052e042d77?s=96&d=mm&r=g\",\"contentUrl\":\"https:\/\/secure.gravatar.com\/avatar\/21c8776ef61d9272c73322052e042d77?s=96&d=mm&r=g\",\"caption\":\"smonteiro\"}}]}<\/script>\n<!-- \/ Yoast SEO plugin. -->","yoast_head_json":{"title":"Prefeitura de Manaus intensifica reparos no asfalto e fortalece mobilidade no bairro Cidade Nova","description":"A Prefeitura de Manaus, por meio da Secretaria Municipal de Infraestrutura (Seminf), segue ampliando as frentes de obras pela capital e realizou, nesta sexta-feira, 13\/3, mais uma importante a\u00e7\u00e3o de manuten\u00e7\u00e3o asf\u00e1ltica na zona Norte.","robots":{"index":"index","follow":"follow","max-snippet":"max-snippet:-1","max-image-preview":"max-image-preview:large","max-video-preview":"max-video-preview:-1"},"canonical":"https:\/\/www.manaus.am.gov.br\/seminf\/intensifica-reparos-asfalto\/","og_locale":"pt_BR","og_type":"article","og_title":"Prefeitura de Manaus intensifica reparos no asfalto e fortalece mobilidade no bairro Cidade Nova","og_description":"A Prefeitura de Manaus, por meio da Secretaria Municipal de Infraestrutura (Seminf), segue ampliando as frentes de obras pela capital e realizou, nesta sexta-feira, 13\/3, mais uma importante a\u00e7\u00e3o de manuten\u00e7\u00e3o asf\u00e1ltica na zona Norte.","og_url":"https:\/\/www.manaus.am.gov.br\/seminf\/intensifica-reparos-asfalto\/","og_site_name":"SEMINF","article_published_time":"2026-03-13T23:38:14+00:00","article_modified_time":"2026-03-16T16:51:10+00:00","og_image":[{"width":1464,"height":976,"url":"https:\/\/www.manaus.am.gov.br\/seminf\/wp-content\/uploads\/sites\/6\/2026\/03\/Seminf-Cidade-Nova-2.jpg","type":"image\/jpeg"}],"author":"smonteiro","twitter_card":"summary_large_image","twitter_misc":{"Written by":"smonteiro","Est. reading time":"4 minutos"},"schema":{"@context":"https:\/\/schema.org","@graph":[{"@type":"WebPage","@id":"https:\/\/www.manaus.am.gov.br\/seminf\/intensifica-reparos-asfalto\/","url":"https:\/\/www.manaus.am.gov.br\/seminf\/intensifica-reparos-asfalto\/","name":"Prefeitura de Manaus intensifica reparos no asfalto e fortalece mobilidade no bairro Cidade Nova","isPartOf":{"@id":"https:\/\/www.manaus.am.gov.br\/seminf\/#website"},"primaryImageOfPage":{"@id":"https:\/\/www.manaus.am.gov.br\/seminf\/intensifica-reparos-asfalto\/#primaryimage"},"image":{"@id":"https:\/\/www.manaus.am.gov.br\/seminf\/intensifica-reparos-asfalto\/#primaryimage"},"thumbnailUrl":"https:\/\/www.manaus.am.gov.br\/seminf\/wp-content\/uploads\/sites\/6\/2026\/03\/Seminf-Cidade-Nova-2.jpg","datePublished":"2026-03-13T23:38:14+00:00","dateModified":"2026-03-16T16:51:10+00:00","author":{"@id":"https:\/\/www.manaus.am.gov.br\/seminf\/#\/schema\/person\/ab4dcf766a54dff74e8d267f5c591961"},"description":"A Prefeitura de Manaus, por meio da Secretaria Municipal de Infraestrutura (Seminf), segue ampliando as frentes de obras pela capital e realizou, nesta sexta-feira, 13\/3, mais uma importante a\u00e7\u00e3o de manuten\u00e7\u00e3o asf\u00e1ltica na zona Norte.","inLanguage":"pt-BR","potentialAction":[{"@type":"ReadAction","target":["https:\/\/www.manaus.am.gov.br\/seminf\/intensifica-reparos-asfalto\/"]}]},{"@type":"ImageObject","inLanguage":"pt-BR","@id":"https:\/\/www.manaus.am.gov.br\/seminf\/intensifica-reparos-asfalto\/#primaryimage","url":"https:\/\/www.manaus.am.gov.br\/seminf\/wp-content\/uploads\/sites\/6\/2026\/03\/Seminf-Cidade-Nova-2.jpg","contentUrl":"https:\/\/www.manaus.am.gov.br\/seminf\/wp-content\/uploads\/sites\/6\/2026\/03\/Seminf-Cidade-Nova-2.jpg","width":1464,"height":976,"caption":"#paratodosverem - equipe da Seminf fazendo a recupera\u00e7\u00e3o do asfalto na Cidade Nova"},{"@type":"WebSite","@id":"https:\/\/www.manaus.am.gov.br\/seminf\/#website","url":"https:\/\/www.manaus.am.gov.br\/seminf\/","name":"Secretaria de Infraestrutura","description":"Secretaria Municipal de Infraestrutura","potentialAction":[{"@type":"SearchAction","target":{"@type":"EntryPoint","urlTemplate":"https:\/\/www.manaus.am.gov.br\/seminf\/?s={search_term_string}"},"query-input":"required name=search_term_string"}],"inLanguage":"pt-BR"},{"@type":"Person","@id":"https:\/\/www.manaus.am.gov.br\/seminf\/#\/schema\/person\/ab4dcf766a54dff74e8d267f5c591961","name":"smonteiro","image":{"@type":"ImageObject","inLanguage":"pt-BR","@id":"https:\/\/www.manaus.am.gov.br\/seminf\/#\/schema\/person\/image\/","url":"https:\/\/secure.gravatar.com\/avatar\/21c8776ef61d9272c73322052e042d77?s=96&d=mm&r=g","contentUrl":"https:\/\/secure.gravatar.com\/avatar\/21c8776ef61d9272c73322052e042d77?s=96&d=mm&r=g","caption":"smonteiro"}}]}},"_links":{"self":[{"href":"https:\/\/www.manaus.am.gov.br\/seminf\/wp-json\/wp\/v2\/posts\/8966"}],"collection":[{"href":"https:\/\/www.manaus.am.gov.br\/seminf\/wp-json\/wp\/v2\/posts"}],"about":[{"href":"https:\/\/www.manaus.am.gov.br\/seminf\/wp-json\/wp\/v2\/types\/post"}],"author":[{"embeddable":true,"href":"https:\/\/www.manaus.am.gov.br\/seminf\/wp-json\/wp\/v2\/users\/61"}],"replies":[{"embeddable":true,"href":"https:\/\/www.manaus.am.gov.br\/seminf\/wp-json\/wp\/v2\/comments?post=8966"}],"version-history":[{"count":6,"href":"https:\/\/www.manaus.am.gov.br\/seminf\/wp-json\/wp\/v2\/posts\/8966\/revisions"}],"predecessor-version":[{"id":8989,"href":"https:\/\/www.manaus.am.gov.br\/seminf\/wp-json\/wp\/v2\/posts\/8966\/revisions\/8989"}],"wp:featuredmedia":[{"embeddable":true,"href":"https:\/\/www.manaus.am.gov.br\/seminf\/wp-json\/wp\/v2\/media\/8967"}],"wp:attachment":[{"href":"https:\/\/www.manaus.am.gov.br\/seminf\/wp-json\/wp\/v2\/media?parent=8966"}],"wp:term":[{"taxonomy":"category","embeddable":true,"href":"https:\/\/www.manaus.am.gov.br\/seminf\/wp-json\/wp\/v2\/categories?post=8966"},{"taxonomy":"post_tag","embeddable":true,"href":"https:\/\/www.manaus.am.gov.br\/seminf\/wp-json\/wp\/v2\/tags?post=8966"}],"curies":[{"name":"wp","href":"https:\/\/api.w.org\/{rel}","templated":true}]}}