{"id":8962,"date":"2026-03-13T19:05:45","date_gmt":"2026-03-13T23:05:45","guid":{"rendered":"https:\/\/www.manaus.am.gov.br\/seminf\/avanca-servicos-recuperacao\/"},"modified":"2026-03-16T12:48:55","modified_gmt":"2026-03-16T16:48:55","slug":"avanca-servicos-recuperacao-asfaltica","status":"publish","type":"post","link":"https:\/\/www.manaus.am.gov.br\/seminf\/avanca-servicos-recuperacao-asfaltica\/","title":{"rendered":"Prefeitura de Manaus avan\u00e7a com servi\u00e7os de recupera\u00e7\u00e3o asf\u00e1ltica e transforma mobilidade na zona Norte"},"content":{"rendered":"\n<p>A <a href=\"https:\/\/www.manaus.am.gov.br\/\">Prefeitura de Manaus<\/a>, por meio da <a href=\"https:\/\/www.instagram.com\/seminf.manaus\/\">Secretaria Municipal de Infraestrutura<\/a> (Seminf), segue intensificando as frentes de obras na capital e realizou, nesta sexta-feira, 13\/3, mais uma importante interven\u00e7\u00e3o de recupera\u00e7\u00e3o asf\u00e1ltica na zona Norte. Desta vez, a rua Andir\u00e1-A\u00e7u, localizada no bairro Col\u00f4nia Terra Nova, recebeu os servi\u00e7os de manuten\u00e7\u00e3o no pavimento, garantindo mais seguran\u00e7a, mobilidade e qualidade de vida para os moradores da regi\u00e3o.<\/p>\n\n\n\n<p>A a\u00e7\u00e3o faz parte do compromisso da gest\u00e3o municipal de ampliar os investimentos em infraestrutura urbana, recuperando vias estrat\u00e9gicas e assegurando melhores condi\u00e7\u00f5es de tr\u00e1fego para motoristas, pedestres e usu\u00e1rios do transporte p\u00fablico.<\/p>\n\n\n\n<p>O vice-prefeito e secret\u00e1rio de Obras, Renato Junior, destacou que os servi\u00e7os seguem um planejamento cont\u00ednuo da prefeitura para melhorar a mobilidade em todas as zonas da cidade, com aten\u00e7\u00e3o especial \u00e0s \u00e1reas de maior fluxo.<\/p>\n\n\n\n<p>\u201cNa Seminf, nossas equipes atuam diariamente nas ruas de Manaus, levando infraestrutura e melhorias reais para a popula\u00e7\u00e3o. Esse \u00e9 um trabalho que segue a determina\u00e7\u00e3o do prefeito David Almeida, de avan\u00e7ar com obras que impactam diretamente o dia a dia dos moradores. Na zona Norte, seguimos firmes para garantir vias mais seguras, mais mobilidade e mais qualidade de vida para o povo manauara\u201d, afirmou Renato Junior.<\/p>\n\n\n\n<p>Durante a interven\u00e7\u00e3o, as equipes executaram a prepara\u00e7\u00e3o da base com aplica\u00e7\u00e3o de emuls\u00e3o asf\u00e1ltica, seguida da aplica\u00e7\u00e3o da nova massa asf\u00e1ltica e da compacta\u00e7\u00e3o do pavimento. O servi\u00e7o de recupera\u00e7\u00e3o asf\u00e1ltica garante maior durabilidade \u00e0 via, al\u00e9m de melhorar significativamente a trafegabilidade e a seguran\u00e7a para quem utiliza o local diariamente.<\/p>\n\n\n<div class=\"wp-block-image\">\n<figure class=\"aligncenter size-large\"><img loading=\"lazy\" decoding=\"async\" width=\"1024\" height=\"683\" src=\"https:\/\/www.manaus.am.gov.br\/seminf\/wp-content\/uploads\/sites\/6\/2026\/03\/Seminf-Manutencao-1-1024x683.jpg\" alt=\"\" class=\"wp-image-8963\" srcset=\"https:\/\/www.manaus.am.gov.br\/seminf\/wp-content\/uploads\/sites\/6\/2026\/03\/Seminf-Manutencao-1-1024x683.jpg 1024w, https:\/\/www.manaus.am.gov.br\/seminf\/wp-content\/uploads\/sites\/6\/2026\/03\/Seminf-Manutencao-1-300x200.jpg 300w, https:\/\/www.manaus.am.gov.br\/seminf\/wp-content\/uploads\/sites\/6\/2026\/03\/Seminf-Manutencao-1-768x512.jpg 768w, https:\/\/www.manaus.am.gov.br\/seminf\/wp-content\/uploads\/sites\/6\/2026\/03\/Seminf-Manutencao-1.jpg 1464w\" sizes=\"(max-width: 1024px) 100vw, 1024px\" \/><figcaption class=\"wp-element-caption\">#paratodosverem &#8211; trabalho segue orienta\u00e7\u00f5es t\u00e9cnicas para garantir a qualidade do asfalto<\/figcaption><\/figure><\/div>\n\n\n<p>Moradores da \u00e1rea acompanharam de perto os trabalhos e destacaram a import\u00e2ncia da recupera\u00e7\u00e3o da rua, considerada estrat\u00e9gica por interligar diversas vias residenciais e facilitar o deslocamento de moradores, trabalhadores e estudantes.<\/p>\n\n\n\n<p>\u201cEu acho isso um grande avan\u00e7o, principalmente para quem depende do transporte p\u00fablico. S\u00e3o muitas pessoas que passam por aqui todos os dias e, quando a rua est\u00e1 danificada, fica muito mais dif\u00edcil. Agora melhora para todo mundo\u201d, destacou o estudante Jos\u00e9 Augusto Silva, de 17 anos.<\/p>\n\n\n\n<p>As frentes de obras da Seminf seguem avan\u00e7ando simultaneamente em diferentes bairros da cidade. Na zona Norte, os servi\u00e7os t\u00eam contribu\u00eddo para fortalecer a infraestrutura vi\u00e1ria, proporcionando mais conforto, seguran\u00e7a e fluidez no tr\u00e2nsito.<\/p>\n\n\n\n<p>A Prefeitura de Manaus refor\u00e7a que as a\u00e7\u00f5es de recupera\u00e7\u00e3o asf\u00e1ltica integram um planejamento permanente de infraestrutura urbana, voltado para atender as demandas da popula\u00e7\u00e3o e promover mais dignidade, mobilidade e qualidade de vida para os manauaras.<\/p>\n\n\n\n<p>&#8212; &#8212; &#8212;<\/p>\n\n\n\n<p><strong>Texto<\/strong> &#8211; Maria Amed \/ Seminf<\/p>\n\n\n\n<p><strong>Fotos<\/strong> &#8211; M\u00e1rcio Melo \/ Seminf<\/p>\n","protected":false},"excerpt":{"rendered":"","protected":false},"author":61,"featured_media":8964,"comment_status":"closed","ping_status":"closed","sticky":false,"template":"","format":"standard","meta":{"footnotes":""},"categories":[3],"tags":[43,70,26],"acf":[],"yoast_head":"<!-- This site is optimized with the Yoast SEO plugin v23.0 - https:\/\/yoast.com\/wordpress\/plugins\/seo\/ -->\n<title>Prefeitura de Manaus avan\u00e7a com servi\u00e7os de recupera\u00e7\u00e3o asf\u00e1ltica e transforma mobilidade na zona Norte<\/title>\n<meta name=\"description\" content=\"A Prefeitura de Manaus, por meio da Secretaria Municipal de Infraestrutura (Seminf), segue intensificando as frentes de obras na capital\" \/>\n<meta name=\"robots\" content=\"index, follow, max-snippet:-1, max-image-preview:large, max-video-preview:-1\" \/>\n<link rel=\"canonical\" href=\"https:\/\/www.manaus.am.gov.br\/seminf\/avanca-servicos-recuperacao\/\" \/>\n<meta property=\"og:locale\" content=\"pt_BR\" \/>\n<meta property=\"og:type\" content=\"article\" \/>\n<meta property=\"og:title\" content=\"Prefeitura de Manaus avan\u00e7a com servi\u00e7os de recupera\u00e7\u00e3o asf\u00e1ltica e transforma mobilidade na zona Norte\" \/>\n<meta property=\"og:description\" content=\"A Prefeitura de Manaus, por meio da Secretaria Municipal de Infraestrutura (Seminf), segue intensificando as frentes de obras na capital\" \/>\n<meta property=\"og:url\" content=\"https:\/\/www.manaus.am.gov.br\/seminf\/avanca-servicos-recuperacao\/\" \/>\n<meta property=\"og:site_name\" content=\"SEMINF\" \/>\n<meta property=\"article:published_time\" content=\"2026-03-13T23:05:45+00:00\" \/>\n<meta property=\"article:modified_time\" content=\"2026-03-16T16:48:55+00:00\" \/>\n<meta property=\"og:image\" content=\"https:\/\/www.manaus.am.gov.br\/seminf\/wp-content\/uploads\/sites\/6\/2026\/03\/Seminf-Manutencao-2.jpg\" \/>\n\t<meta property=\"og:image:width\" content=\"1464\" \/>\n\t<meta property=\"og:image:height\" content=\"976\" \/>\n\t<meta property=\"og:image:type\" content=\"image\/jpeg\" \/>\n<meta name=\"author\" content=\"smonteiro\" \/>\n<meta name=\"twitter:card\" content=\"summary_large_image\" \/>\n<meta name=\"twitter:label1\" content=\"Written by\" \/>\n\t<meta name=\"twitter:data1\" content=\"smonteiro\" \/>\n\t<meta name=\"twitter:label2\" content=\"Est. reading time\" \/>\n\t<meta name=\"twitter:data2\" content=\"3 minutos\" \/>\n<script type=\"application\/ld+json\" class=\"yoast-schema-graph\">{\"@context\":\"https:\/\/schema.org\",\"@graph\":[{\"@type\":\"WebPage\",\"@id\":\"https:\/\/www.manaus.am.gov.br\/seminf\/avanca-servicos-recuperacao\/\",\"url\":\"https:\/\/www.manaus.am.gov.br\/seminf\/avanca-servicos-recuperacao\/\",\"name\":\"Prefeitura de Manaus avan\u00e7a com servi\u00e7os de recupera\u00e7\u00e3o asf\u00e1ltica e transforma mobilidade na zona Norte\",\"isPartOf\":{\"@id\":\"https:\/\/www.manaus.am.gov.br\/seminf\/#website\"},\"primaryImageOfPage\":{\"@id\":\"https:\/\/www.manaus.am.gov.br\/seminf\/avanca-servicos-recuperacao\/#primaryimage\"},\"image\":{\"@id\":\"https:\/\/www.manaus.am.gov.br\/seminf\/avanca-servicos-recuperacao\/#primaryimage\"},\"thumbnailUrl\":\"https:\/\/www.manaus.am.gov.br\/seminf\/wp-content\/uploads\/sites\/6\/2026\/03\/Seminf-Manutencao-2.jpg\",\"datePublished\":\"2026-03-13T23:05:45+00:00\",\"dateModified\":\"2026-03-16T16:48:55+00:00\",\"author\":{\"@id\":\"https:\/\/www.manaus.am.gov.br\/seminf\/#\/schema\/person\/ab4dcf766a54dff74e8d267f5c591961\"},\"description\":\"A Prefeitura de Manaus, por meio da Secretaria Municipal de Infraestrutura (Seminf), segue intensificando as frentes de obras na capital\",\"inLanguage\":\"pt-BR\",\"potentialAction\":[{\"@type\":\"ReadAction\",\"target\":[\"https:\/\/www.manaus.am.gov.br\/seminf\/avanca-servicos-recuperacao\/\"]}]},{\"@type\":\"ImageObject\",\"inLanguage\":\"pt-BR\",\"@id\":\"https:\/\/www.manaus.am.gov.br\/seminf\/avanca-servicos-recuperacao\/#primaryimage\",\"url\":\"https:\/\/www.manaus.am.gov.br\/seminf\/wp-content\/uploads\/sites\/6\/2026\/03\/Seminf-Manutencao-2.jpg\",\"contentUrl\":\"https:\/\/www.manaus.am.gov.br\/seminf\/wp-content\/uploads\/sites\/6\/2026\/03\/Seminf-Manutencao-2.jpg\",\"width\":1464,\"height\":976,\"caption\":\"#paratodosverem - servidores da Seminf fazem a manten\u00e7\u00e3o asf\u00e1ltica na cidade\"},{\"@type\":\"WebSite\",\"@id\":\"https:\/\/www.manaus.am.gov.br\/seminf\/#website\",\"url\":\"https:\/\/www.manaus.am.gov.br\/seminf\/\",\"name\":\"Secretaria de Infraestrutura\",\"description\":\"Secretaria Municipal de Infraestrutura\",\"potentialAction\":[{\"@type\":\"SearchAction\",\"target\":{\"@type\":\"EntryPoint\",\"urlTemplate\":\"https:\/\/www.manaus.am.gov.br\/seminf\/?s={search_term_string}\"},\"query-input\":\"required name=search_term_string\"}],\"inLanguage\":\"pt-BR\"},{\"@type\":\"Person\",\"@id\":\"https:\/\/www.manaus.am.gov.br\/seminf\/#\/schema\/person\/ab4dcf766a54dff74e8d267f5c591961\",\"name\":\"smonteiro\",\"image\":{\"@type\":\"ImageObject\",\"inLanguage\":\"pt-BR\",\"@id\":\"https:\/\/www.manaus.am.gov.br\/seminf\/#\/schema\/person\/image\/\",\"url\":\"https:\/\/secure.gravatar.com\/avatar\/21c8776ef61d9272c73322052e042d77?s=96&d=mm&r=g\",\"contentUrl\":\"https:\/\/secure.gravatar.com\/avatar\/21c8776ef61d9272c73322052e042d77?s=96&d=mm&r=g\",\"caption\":\"smonteiro\"}}]}<\/script>\n<!-- \/ Yoast SEO plugin. -->","yoast_head_json":{"title":"Prefeitura de Manaus avan\u00e7a com servi\u00e7os de recupera\u00e7\u00e3o asf\u00e1ltica e transforma mobilidade na zona Norte","description":"A Prefeitura de Manaus, por meio da Secretaria Municipal de Infraestrutura (Seminf), segue intensificando as frentes de obras na capital","robots":{"index":"index","follow":"follow","max-snippet":"max-snippet:-1","max-image-preview":"max-image-preview:large","max-video-preview":"max-video-preview:-1"},"canonical":"https:\/\/www.manaus.am.gov.br\/seminf\/avanca-servicos-recuperacao\/","og_locale":"pt_BR","og_type":"article","og_title":"Prefeitura de Manaus avan\u00e7a com servi\u00e7os de recupera\u00e7\u00e3o asf\u00e1ltica e transforma mobilidade na zona Norte","og_description":"A Prefeitura de Manaus, por meio da Secretaria Municipal de Infraestrutura (Seminf), segue intensificando as frentes de obras na capital","og_url":"https:\/\/www.manaus.am.gov.br\/seminf\/avanca-servicos-recuperacao\/","og_site_name":"SEMINF","article_published_time":"2026-03-13T23:05:45+00:00","article_modified_time":"2026-03-16T16:48:55+00:00","og_image":[{"width":1464,"height":976,"url":"https:\/\/www.manaus.am.gov.br\/seminf\/wp-content\/uploads\/sites\/6\/2026\/03\/Seminf-Manutencao-2.jpg","type":"image\/jpeg"}],"author":"smonteiro","twitter_card":"summary_large_image","twitter_misc":{"Written by":"smonteiro","Est. reading time":"3 minutos"},"schema":{"@context":"https:\/\/schema.org","@graph":[{"@type":"WebPage","@id":"https:\/\/www.manaus.am.gov.br\/seminf\/avanca-servicos-recuperacao\/","url":"https:\/\/www.manaus.am.gov.br\/seminf\/avanca-servicos-recuperacao\/","name":"Prefeitura de Manaus avan\u00e7a com servi\u00e7os de recupera\u00e7\u00e3o asf\u00e1ltica e transforma mobilidade na zona Norte","isPartOf":{"@id":"https:\/\/www.manaus.am.gov.br\/seminf\/#website"},"primaryImageOfPage":{"@id":"https:\/\/www.manaus.am.gov.br\/seminf\/avanca-servicos-recuperacao\/#primaryimage"},"image":{"@id":"https:\/\/www.manaus.am.gov.br\/seminf\/avanca-servicos-recuperacao\/#primaryimage"},"thumbnailUrl":"https:\/\/www.manaus.am.gov.br\/seminf\/wp-content\/uploads\/sites\/6\/2026\/03\/Seminf-Manutencao-2.jpg","datePublished":"2026-03-13T23:05:45+00:00","dateModified":"2026-03-16T16:48:55+00:00","author":{"@id":"https:\/\/www.manaus.am.gov.br\/seminf\/#\/schema\/person\/ab4dcf766a54dff74e8d267f5c591961"},"description":"A Prefeitura de Manaus, por meio da Secretaria Municipal de Infraestrutura (Seminf), segue intensificando as frentes de obras na capital","inLanguage":"pt-BR","potentialAction":[{"@type":"ReadAction","target":["https:\/\/www.manaus.am.gov.br\/seminf\/avanca-servicos-recuperacao\/"]}]},{"@type":"ImageObject","inLanguage":"pt-BR","@id":"https:\/\/www.manaus.am.gov.br\/seminf\/avanca-servicos-recuperacao\/#primaryimage","url":"https:\/\/www.manaus.am.gov.br\/seminf\/wp-content\/uploads\/sites\/6\/2026\/03\/Seminf-Manutencao-2.jpg","contentUrl":"https:\/\/www.manaus.am.gov.br\/seminf\/wp-content\/uploads\/sites\/6\/2026\/03\/Seminf-Manutencao-2.jpg","width":1464,"height":976,"caption":"#paratodosverem - servidores da Seminf fazem a manten\u00e7\u00e3o asf\u00e1ltica na cidade"},{"@type":"WebSite","@id":"https:\/\/www.manaus.am.gov.br\/seminf\/#website","url":"https:\/\/www.manaus.am.gov.br\/seminf\/","name":"Secretaria de Infraestrutura","description":"Secretaria Municipal de Infraestrutura","potentialAction":[{"@type":"SearchAction","target":{"@type":"EntryPoint","urlTemplate":"https:\/\/www.manaus.am.gov.br\/seminf\/?s={search_term_string}"},"query-input":"required name=search_term_string"}],"inLanguage":"pt-BR"},{"@type":"Person","@id":"https:\/\/www.manaus.am.gov.br\/seminf\/#\/schema\/person\/ab4dcf766a54dff74e8d267f5c591961","name":"smonteiro","image":{"@type":"ImageObject","inLanguage":"pt-BR","@id":"https:\/\/www.manaus.am.gov.br\/seminf\/#\/schema\/person\/image\/","url":"https:\/\/secure.gravatar.com\/avatar\/21c8776ef61d9272c73322052e042d77?s=96&d=mm&r=g","contentUrl":"https:\/\/secure.gravatar.com\/avatar\/21c8776ef61d9272c73322052e042d77?s=96&d=mm&r=g","caption":"smonteiro"}}]}},"_links":{"self":[{"href":"https:\/\/www.manaus.am.gov.br\/seminf\/wp-json\/wp\/v2\/posts\/8962"}],"collection":[{"href":"https:\/\/www.manaus.am.gov.br\/seminf\/wp-json\/wp\/v2\/posts"}],"about":[{"href":"https:\/\/www.manaus.am.gov.br\/seminf\/wp-json\/wp\/v2\/types\/post"}],"author":[{"embeddable":true,"href":"https:\/\/www.manaus.am.gov.br\/seminf\/wp-json\/wp\/v2\/users\/61"}],"replies":[{"embeddable":true,"href":"https:\/\/www.manaus.am.gov.br\/seminf\/wp-json\/wp\/v2\/comments?post=8962"}],"version-history":[{"count":3,"href":"https:\/\/www.manaus.am.gov.br\/seminf\/wp-json\/wp\/v2\/posts\/8962\/revisions"}],"predecessor-version":[{"id":8987,"href":"https:\/\/www.manaus.am.gov.br\/seminf\/wp-json\/wp\/v2\/posts\/8962\/revisions\/8987"}],"wp:featuredmedia":[{"embeddable":true,"href":"https:\/\/www.manaus.am.gov.br\/seminf\/wp-json\/wp\/v2\/media\/8964"}],"wp:attachment":[{"href":"https:\/\/www.manaus.am.gov.br\/seminf\/wp-json\/wp\/v2\/media?parent=8962"}],"wp:term":[{"taxonomy":"category","embeddable":true,"href":"https:\/\/www.manaus.am.gov.br\/seminf\/wp-json\/wp\/v2\/categories?post=8962"},{"taxonomy":"post_tag","embeddable":true,"href":"https:\/\/www.manaus.am.gov.br\/seminf\/wp-json\/wp\/v2\/tags?post=8962"}],"curies":[{"name":"wp","href":"https:\/\/api.w.org\/{rel}","templated":true}]}}