{"id":8943,"date":"2026-03-12T21:42:10","date_gmt":"2026-03-13T01:42:10","guid":{"rendered":"https:\/\/www.manaus.am.gov.br\/seminf\/anunciaampliacao-asfalta-manaus\/"},"modified":"2026-03-13T11:25:25","modified_gmt":"2026-03-13T15:25:25","slug":"anuncia-ampliacao-asfalta-manaus","status":"publish","type":"post","link":"https:\/\/www.manaus.am.gov.br\/seminf\/anuncia-ampliacao-asfalta-manaus\/","title":{"rendered":"David Almeida anuncia amplia\u00e7\u00e3o da Opera\u00e7\u00e3o Asfalta Manaus para mil toneladas de asfalto por dia"},"content":{"rendered":"\n<p>O prefeito de<a href=\"https:\/\/www.instagram.com\/prefeiturademanaus\/\"> Manaus,<\/a> David Almeida, anunciou, nesta quinta-feira, 12\/3, a amplia\u00e7\u00e3o da Opera\u00e7\u00e3o Asfalta Manaus, que passar\u00e1 a aplicar mil toneladas de asfalto por dia a partir da pr\u00f3xima semana para acelerar a recupera\u00e7\u00e3o das ruas da capital. O an\u00fancio foi feito durante vistoria aos servi\u00e7os de manuten\u00e7\u00e3o vi\u00e1ria na zona Norte da cidade, acompanhado do vice-prefeito e secret\u00e1rio municipal de Infraestrutura, Renato Junior, que coordena as frentes de trabalho da Secretaria Municipal de Infraestrutura <a href=\"https:\/\/www.manaus.am.gov.br\/\">(Seminf).<\/a><\/p>\n\n\n\n<p>A agenda ocorreu em importantes corredores vi\u00e1rios da regi\u00e3o e marca uma nova etapa da opera\u00e7\u00e3o, intensificada para reduzir os impactos provocados pelas fortes chuvas do inverno amaz\u00f4nico sobre o pavimento das ruas e avenidas da cidade.<\/p>\n\n\n<div class=\"wp-block-image\">\n<figure class=\"aligncenter size-large\"><img loading=\"lazy\" decoding=\"async\" width=\"1024\" height=\"981\" src=\"https:\/\/www.manaus.am.gov.br\/seminf\/wp-content\/uploads\/sites\/6\/2026\/03\/Prefeito-Asfalta-Manaus-7-1024x981.jpg\" alt=\"\" class=\"wp-image-8944\" srcset=\"https:\/\/www.manaus.am.gov.br\/seminf\/wp-content\/uploads\/sites\/6\/2026\/03\/Prefeito-Asfalta-Manaus-7-1024x981.jpg 1024w, https:\/\/www.manaus.am.gov.br\/seminf\/wp-content\/uploads\/sites\/6\/2026\/03\/Prefeito-Asfalta-Manaus-7-300x287.jpg 300w, https:\/\/www.manaus.am.gov.br\/seminf\/wp-content\/uploads\/sites\/6\/2026\/03\/Prefeito-Asfalta-Manaus-7-768x736.jpg 768w, https:\/\/www.manaus.am.gov.br\/seminf\/wp-content\/uploads\/sites\/6\/2026\/03\/Prefeito-Asfalta-Manaus-7.jpg 1292w\" sizes=\"(max-width: 1024px) 100vw, 1024px\" \/><figcaption class=\"wp-element-caption\">#paratodosverem &#8211; recupera\u00e7\u00e3o asf\u00e1ltica na opera\u00e7\u00e3o Asfalta Manaus<\/figcaption><\/figure><\/div>\n\n\n<p>As equipes iniciaram os servi\u00e7os pela avenida Max Teixeira e avan\u00e7aram para outros pontos da zona Norte, como a avenida Jurunas, nas proximidades do conjunto Boas Novas, e a avenida Timbiras, com foco na recomposi\u00e7\u00e3o asf\u00e1ltica e na melhoria das condi\u00e7\u00f5es de trafegabilidade.<\/p>\n\n\n\n<p>Somente nesta quinta-feira, a prefeitura mobilizou equipes para aplicar cerca de 500 toneladas de asfalto nas principais vias da regi\u00e3o. A partir da pr\u00f3xima semana, a meta ser\u00e1 ampliada para mil toneladas por dia, aumentando a capacidade de resposta da prefeitura diante das demandas de infraestrutura da cidade.<\/p>\n\n\n\n<p>\u201cEstivemos acompanhando os servi\u00e7os de recupera\u00e7\u00e3o asf\u00e1ltica na zona Norte da nossa cidade. Sabemos que esse \u00e9 um grande desafio, mas n\u00e3o fugimos do trabalho para resolver. J\u00e1 recapeamos mais de 3.600 ruas e mais de 7 mil ruas j\u00e1 foram recuperadas em Manaus, mas sabemos que ainda h\u00e1 muito a ser feito. Por isso estamos ampliando a Opera\u00e7\u00e3o Asfalta Manaus e refor\u00e7ando nossas equipes nas ruas\u201d, afirmou o prefeito David Almeida.<\/p>\n\n\n\n<p>O vice-prefeito e secret\u00e1rio municipal de Infraestrutura, Renato Junior, destacou que a determina\u00e7\u00e3o da gest\u00e3o \u00e9 ampliar o ritmo das frentes de trabalho para garantir mais mobilidade e seguran\u00e7a vi\u00e1ria para a popula\u00e7\u00e3o.<\/p>\n\n\n\n<figure class=\"wp-block-image aligncenter size-large\"><img loading=\"lazy\" decoding=\"async\" width=\"1024\" height=\"682\" src=\"https:\/\/www.manaus.am.gov.br\/seminf\/wp-content\/uploads\/sites\/6\/2026\/03\/Prefeito-Asfalta-Manaus-3-1024x682.jpeg\" alt=\"\" class=\"wp-image-8946\" srcset=\"https:\/\/www.manaus.am.gov.br\/seminf\/wp-content\/uploads\/sites\/6\/2026\/03\/Prefeito-Asfalta-Manaus-3-1024x682.jpeg 1024w, https:\/\/www.manaus.am.gov.br\/seminf\/wp-content\/uploads\/sites\/6\/2026\/03\/Prefeito-Asfalta-Manaus-3-300x200.jpeg 300w, https:\/\/www.manaus.am.gov.br\/seminf\/wp-content\/uploads\/sites\/6\/2026\/03\/Prefeito-Asfalta-Manaus-3-768x512.jpeg 768w, https:\/\/www.manaus.am.gov.br\/seminf\/wp-content\/uploads\/sites\/6\/2026\/03\/Prefeito-Asfalta-Manaus-3.jpeg 1160w\" sizes=\"(max-width: 1024px) 100vw, 1024px\" \/><figcaption class=\"wp-element-caption\">#paratodosverem &#8211; prefeito David Almeida e vice-prefeito e secret\u00e1rio da Seminf, Renato J\u00fanior\n<\/figcaption><\/figure>\n\n\n\n<p>\u201cA orienta\u00e7\u00e3o do prefeito David Almeida \u00e9 intensificar a Opera\u00e7\u00e3o Asfalta Manaus e ampliar a capacidade di\u00e1ria de aplica\u00e7\u00e3o de asfalto. Estamos mobilizando mais equipes e equipamentos para recuperar as vias mais afetadas e melhorar as condi\u00e7\u00f5es de tr\u00e1fego em todas as zonas da cidade\u201d, afirmou Renato Junior.<\/p>\n\n\n\n<p>Durante a agenda, o prefeito tamb\u00e9m vistoriou as obras da nova liga\u00e7\u00e3o vi\u00e1ria entre a avenida Timbiras e a avenida das Torres, interven\u00e7\u00e3o que j\u00e1 alcan\u00e7a aproximadamente 85% de execu\u00e7\u00e3o. A obra conta com sistema de drenagem profunda e deve se tornar um novo eixo de mobilidade urbana na zona Norte, ampliando as op\u00e7\u00f5es de deslocamento entre bairros da regi\u00e3o.<\/p>\n\n\n\n<p>Outro an\u00fancio feito durante a visita foi a futura denomina\u00e7\u00e3o de uma das vias em implanta\u00e7\u00e3o. A travessa em obras receber\u00e1 o nome de Billy Graham, em homenagem ao evangelista norte-americano reconhecido mundialmente por sua atua\u00e7\u00e3o religiosa e humanit\u00e1ria.<\/p>\n\n\n\n<p>Com a amplia\u00e7\u00e3o da Opera\u00e7\u00e3o Asfalta Manaus, a prefeitura refor\u00e7a a estrat\u00e9gia de aproveitar as janelas de estiagem para acelerar a recupera\u00e7\u00e3o da malha vi\u00e1ria da capital. As frentes de trabalho seguem atuando na zona Norte e devem avan\u00e7ar gradualmente para outras regi\u00f5es da cidade conforme as condi\u00e7\u00f5es clim\u00e1ticas permitirem.<\/p>\n\n\n\n<p>&#8212; &#8212; &#8212;<\/p>\n\n\n\n<p><strong>Texto<\/strong> &#8211; Emanuelle Baires \/ Semcom-Prefeito<\/p>\n\n\n\n<p><strong>Fotos<\/strong> &#8211; Dhyeizo Lemos \/ Semcom-Prefeito<\/p>\n","protected":false},"excerpt":{"rendered":"","protected":false},"author":61,"featured_media":8947,"comment_status":"closed","ping_status":"closed","sticky":false,"template":"","format":"standard","meta":{"footnotes":""},"categories":[77],"tags":[52,28,796,43,26],"acf":[],"yoast_head":"<!-- This site is optimized with the Yoast SEO plugin v23.0 - https:\/\/yoast.com\/wordpress\/plugins\/seo\/ -->\n<title>Prefeito David Almeida anuncia amplia\u00e7\u00e3o da Opera\u00e7\u00e3o Asfalta Manaus para mil toneladas de asfalto por dia<\/title>\n<meta name=\"description\" content=\"O prefeito de Manaus, David Almeida, anunciou, nesta quinta-feira, 12\/3, a amplia\u00e7\u00e3o da Opera\u00e7\u00e3o Asfalta Manaus, que passar\u00e1 a aplicar mil toneladas de asfalto por dia a partir da pr\u00f3xima semana.\" \/>\n<meta name=\"robots\" content=\"index, follow, max-snippet:-1, max-image-preview:large, max-video-preview:-1\" \/>\n<link rel=\"canonical\" href=\"https:\/\/www.manaus.am.gov.br\/seminf\/anuncia-ampliacao-asfalta-manaus\/\" \/>\n<meta property=\"og:locale\" content=\"pt_BR\" \/>\n<meta property=\"og:type\" content=\"article\" \/>\n<meta property=\"og:title\" content=\"Prefeito David Almeida anuncia amplia\u00e7\u00e3o da Opera\u00e7\u00e3o Asfalta Manaus para mil toneladas de asfalto por dia\" \/>\n<meta property=\"og:description\" content=\"O prefeito de Manaus, David Almeida, anunciou, nesta quinta-feira, 12\/3, a amplia\u00e7\u00e3o da Opera\u00e7\u00e3o Asfalta Manaus, que passar\u00e1 a aplicar mil toneladas de asfalto por dia a partir da pr\u00f3xima semana.\" \/>\n<meta property=\"og:url\" content=\"https:\/\/www.manaus.am.gov.br\/seminf\/anuncia-ampliacao-asfalta-manaus\/\" \/>\n<meta property=\"og:site_name\" content=\"SEMINF\" \/>\n<meta property=\"article:published_time\" content=\"2026-03-13T01:42:10+00:00\" \/>\n<meta property=\"article:modified_time\" content=\"2026-03-13T15:25:25+00:00\" \/>\n<meta property=\"og:image\" content=\"https:\/\/www.manaus.am.gov.br\/seminf\/wp-content\/uploads\/sites\/6\/2026\/03\/Prefeito-Asfalta-Manaus-2.jpeg\" \/>\n\t<meta property=\"og:image:width\" content=\"1272\" \/>\n\t<meta property=\"og:image:height\" content=\"848\" \/>\n\t<meta property=\"og:image:type\" content=\"image\/jpeg\" \/>\n<meta name=\"author\" content=\"smonteiro\" \/>\n<meta name=\"twitter:card\" content=\"summary_large_image\" \/>\n<meta name=\"twitter:label1\" content=\"Written by\" \/>\n\t<meta name=\"twitter:data1\" content=\"smonteiro\" \/>\n\t<meta name=\"twitter:label2\" content=\"Est. reading time\" \/>\n\t<meta name=\"twitter:data2\" content=\"4 minutos\" \/>\n<script type=\"application\/ld+json\" class=\"yoast-schema-graph\">{\"@context\":\"https:\/\/schema.org\",\"@graph\":[{\"@type\":\"WebPage\",\"@id\":\"https:\/\/www.manaus.am.gov.br\/seminf\/anuncia-ampliacao-asfalta-manaus\/\",\"url\":\"https:\/\/www.manaus.am.gov.br\/seminf\/anuncia-ampliacao-asfalta-manaus\/\",\"name\":\"Prefeito David Almeida anuncia amplia\u00e7\u00e3o da Opera\u00e7\u00e3o Asfalta Manaus para mil toneladas de asfalto por dia\",\"isPartOf\":{\"@id\":\"https:\/\/www.manaus.am.gov.br\/seminf\/#website\"},\"primaryImageOfPage\":{\"@id\":\"https:\/\/www.manaus.am.gov.br\/seminf\/anuncia-ampliacao-asfalta-manaus\/#primaryimage\"},\"image\":{\"@id\":\"https:\/\/www.manaus.am.gov.br\/seminf\/anuncia-ampliacao-asfalta-manaus\/#primaryimage\"},\"thumbnailUrl\":\"https:\/\/www.manaus.am.gov.br\/seminf\/wp-content\/uploads\/sites\/6\/2026\/03\/Prefeito-Asfalta-Manaus-2.jpeg\",\"datePublished\":\"2026-03-13T01:42:10+00:00\",\"dateModified\":\"2026-03-13T15:25:25+00:00\",\"author\":{\"@id\":\"https:\/\/www.manaus.am.gov.br\/seminf\/#\/schema\/person\/ab4dcf766a54dff74e8d267f5c591961\"},\"description\":\"O prefeito de Manaus, David Almeida, anunciou, nesta quinta-feira, 12\/3, a amplia\u00e7\u00e3o da Opera\u00e7\u00e3o Asfalta Manaus, que passar\u00e1 a aplicar mil toneladas de asfalto por dia a partir da pr\u00f3xima semana.\",\"inLanguage\":\"pt-BR\",\"potentialAction\":[{\"@type\":\"ReadAction\",\"target\":[\"https:\/\/www.manaus.am.gov.br\/seminf\/anuncia-ampliacao-asfalta-manaus\/\"]}]},{\"@type\":\"ImageObject\",\"inLanguage\":\"pt-BR\",\"@id\":\"https:\/\/www.manaus.am.gov.br\/seminf\/anuncia-ampliacao-asfalta-manaus\/#primaryimage\",\"url\":\"https:\/\/www.manaus.am.gov.br\/seminf\/wp-content\/uploads\/sites\/6\/2026\/03\/Prefeito-Asfalta-Manaus-2.jpeg\",\"contentUrl\":\"https:\/\/www.manaus.am.gov.br\/seminf\/wp-content\/uploads\/sites\/6\/2026\/03\/Prefeito-Asfalta-Manaus-2.jpeg\",\"width\":1272,\"height\":848,\"caption\":\"#paratodosverem - Prefeito David Almeida anuncia amplia\u00e7\u00e3o da Opera\u00e7\u00e3o Asfalta Manaus\"},{\"@type\":\"WebSite\",\"@id\":\"https:\/\/www.manaus.am.gov.br\/seminf\/#website\",\"url\":\"https:\/\/www.manaus.am.gov.br\/seminf\/\",\"name\":\"Secretaria de Infraestrutura\",\"description\":\"Secretaria Municipal de Infraestrutura\",\"potentialAction\":[{\"@type\":\"SearchAction\",\"target\":{\"@type\":\"EntryPoint\",\"urlTemplate\":\"https:\/\/www.manaus.am.gov.br\/seminf\/?s={search_term_string}\"},\"query-input\":\"required name=search_term_string\"}],\"inLanguage\":\"pt-BR\"},{\"@type\":\"Person\",\"@id\":\"https:\/\/www.manaus.am.gov.br\/seminf\/#\/schema\/person\/ab4dcf766a54dff74e8d267f5c591961\",\"name\":\"smonteiro\",\"image\":{\"@type\":\"ImageObject\",\"inLanguage\":\"pt-BR\",\"@id\":\"https:\/\/www.manaus.am.gov.br\/seminf\/#\/schema\/person\/image\/\",\"url\":\"https:\/\/secure.gravatar.com\/avatar\/21c8776ef61d9272c73322052e042d77?s=96&d=mm&r=g\",\"contentUrl\":\"https:\/\/secure.gravatar.com\/avatar\/21c8776ef61d9272c73322052e042d77?s=96&d=mm&r=g\",\"caption\":\"smonteiro\"}}]}<\/script>\n<!-- \/ Yoast SEO plugin. -->","yoast_head_json":{"title":"Prefeito David Almeida anuncia amplia\u00e7\u00e3o da Opera\u00e7\u00e3o Asfalta Manaus para mil toneladas de asfalto por dia","description":"O prefeito de Manaus, David Almeida, anunciou, nesta quinta-feira, 12\/3, a amplia\u00e7\u00e3o da Opera\u00e7\u00e3o Asfalta Manaus, que passar\u00e1 a aplicar mil toneladas de asfalto por dia a partir da pr\u00f3xima semana.","robots":{"index":"index","follow":"follow","max-snippet":"max-snippet:-1","max-image-preview":"max-image-preview:large","max-video-preview":"max-video-preview:-1"},"canonical":"https:\/\/www.manaus.am.gov.br\/seminf\/anuncia-ampliacao-asfalta-manaus\/","og_locale":"pt_BR","og_type":"article","og_title":"Prefeito David Almeida anuncia amplia\u00e7\u00e3o da Opera\u00e7\u00e3o Asfalta Manaus para mil toneladas de asfalto por dia","og_description":"O prefeito de Manaus, David Almeida, anunciou, nesta quinta-feira, 12\/3, a amplia\u00e7\u00e3o da Opera\u00e7\u00e3o Asfalta Manaus, que passar\u00e1 a aplicar mil toneladas de asfalto por dia a partir da pr\u00f3xima semana.","og_url":"https:\/\/www.manaus.am.gov.br\/seminf\/anuncia-ampliacao-asfalta-manaus\/","og_site_name":"SEMINF","article_published_time":"2026-03-13T01:42:10+00:00","article_modified_time":"2026-03-13T15:25:25+00:00","og_image":[{"width":1272,"height":848,"url":"https:\/\/www.manaus.am.gov.br\/seminf\/wp-content\/uploads\/sites\/6\/2026\/03\/Prefeito-Asfalta-Manaus-2.jpeg","type":"image\/jpeg"}],"author":"smonteiro","twitter_card":"summary_large_image","twitter_misc":{"Written by":"smonteiro","Est. reading time":"4 minutos"},"schema":{"@context":"https:\/\/schema.org","@graph":[{"@type":"WebPage","@id":"https:\/\/www.manaus.am.gov.br\/seminf\/anuncia-ampliacao-asfalta-manaus\/","url":"https:\/\/www.manaus.am.gov.br\/seminf\/anuncia-ampliacao-asfalta-manaus\/","name":"Prefeito David Almeida anuncia amplia\u00e7\u00e3o da Opera\u00e7\u00e3o Asfalta Manaus para mil toneladas de asfalto por dia","isPartOf":{"@id":"https:\/\/www.manaus.am.gov.br\/seminf\/#website"},"primaryImageOfPage":{"@id":"https:\/\/www.manaus.am.gov.br\/seminf\/anuncia-ampliacao-asfalta-manaus\/#primaryimage"},"image":{"@id":"https:\/\/www.manaus.am.gov.br\/seminf\/anuncia-ampliacao-asfalta-manaus\/#primaryimage"},"thumbnailUrl":"https:\/\/www.manaus.am.gov.br\/seminf\/wp-content\/uploads\/sites\/6\/2026\/03\/Prefeito-Asfalta-Manaus-2.jpeg","datePublished":"2026-03-13T01:42:10+00:00","dateModified":"2026-03-13T15:25:25+00:00","author":{"@id":"https:\/\/www.manaus.am.gov.br\/seminf\/#\/schema\/person\/ab4dcf766a54dff74e8d267f5c591961"},"description":"O prefeito de Manaus, David Almeida, anunciou, nesta quinta-feira, 12\/3, a amplia\u00e7\u00e3o da Opera\u00e7\u00e3o Asfalta Manaus, que passar\u00e1 a aplicar mil toneladas de asfalto por dia a partir da pr\u00f3xima semana.","inLanguage":"pt-BR","potentialAction":[{"@type":"ReadAction","target":["https:\/\/www.manaus.am.gov.br\/seminf\/anuncia-ampliacao-asfalta-manaus\/"]}]},{"@type":"ImageObject","inLanguage":"pt-BR","@id":"https:\/\/www.manaus.am.gov.br\/seminf\/anuncia-ampliacao-asfalta-manaus\/#primaryimage","url":"https:\/\/www.manaus.am.gov.br\/seminf\/wp-content\/uploads\/sites\/6\/2026\/03\/Prefeito-Asfalta-Manaus-2.jpeg","contentUrl":"https:\/\/www.manaus.am.gov.br\/seminf\/wp-content\/uploads\/sites\/6\/2026\/03\/Prefeito-Asfalta-Manaus-2.jpeg","width":1272,"height":848,"caption":"#paratodosverem - Prefeito David Almeida anuncia amplia\u00e7\u00e3o da Opera\u00e7\u00e3o Asfalta Manaus"},{"@type":"WebSite","@id":"https:\/\/www.manaus.am.gov.br\/seminf\/#website","url":"https:\/\/www.manaus.am.gov.br\/seminf\/","name":"Secretaria de Infraestrutura","description":"Secretaria Municipal de Infraestrutura","potentialAction":[{"@type":"SearchAction","target":{"@type":"EntryPoint","urlTemplate":"https:\/\/www.manaus.am.gov.br\/seminf\/?s={search_term_string}"},"query-input":"required name=search_term_string"}],"inLanguage":"pt-BR"},{"@type":"Person","@id":"https:\/\/www.manaus.am.gov.br\/seminf\/#\/schema\/person\/ab4dcf766a54dff74e8d267f5c591961","name":"smonteiro","image":{"@type":"ImageObject","inLanguage":"pt-BR","@id":"https:\/\/www.manaus.am.gov.br\/seminf\/#\/schema\/person\/image\/","url":"https:\/\/secure.gravatar.com\/avatar\/21c8776ef61d9272c73322052e042d77?s=96&d=mm&r=g","contentUrl":"https:\/\/secure.gravatar.com\/avatar\/21c8776ef61d9272c73322052e042d77?s=96&d=mm&r=g","caption":"smonteiro"}}]}},"_links":{"self":[{"href":"https:\/\/www.manaus.am.gov.br\/seminf\/wp-json\/wp\/v2\/posts\/8943"}],"collection":[{"href":"https:\/\/www.manaus.am.gov.br\/seminf\/wp-json\/wp\/v2\/posts"}],"about":[{"href":"https:\/\/www.manaus.am.gov.br\/seminf\/wp-json\/wp\/v2\/types\/post"}],"author":[{"embeddable":true,"href":"https:\/\/www.manaus.am.gov.br\/seminf\/wp-json\/wp\/v2\/users\/61"}],"replies":[{"embeddable":true,"href":"https:\/\/www.manaus.am.gov.br\/seminf\/wp-json\/wp\/v2\/comments?post=8943"}],"version-history":[{"count":5,"href":"https:\/\/www.manaus.am.gov.br\/seminf\/wp-json\/wp\/v2\/posts\/8943\/revisions"}],"predecessor-version":[{"id":8956,"href":"https:\/\/www.manaus.am.gov.br\/seminf\/wp-json\/wp\/v2\/posts\/8943\/revisions\/8956"}],"wp:featuredmedia":[{"embeddable":true,"href":"https:\/\/www.manaus.am.gov.br\/seminf\/wp-json\/wp\/v2\/media\/8947"}],"wp:attachment":[{"href":"https:\/\/www.manaus.am.gov.br\/seminf\/wp-json\/wp\/v2\/media?parent=8943"}],"wp:term":[{"taxonomy":"category","embeddable":true,"href":"https:\/\/www.manaus.am.gov.br\/seminf\/wp-json\/wp\/v2\/categories?post=8943"},{"taxonomy":"post_tag","embeddable":true,"href":"https:\/\/www.manaus.am.gov.br\/seminf\/wp-json\/wp\/v2\/tags?post=8943"}],"curies":[{"name":"wp","href":"https:\/\/api.w.org\/{rel}","templated":true}]}}