{"id":8933,"date":"2026-03-12T19:56:38","date_gmt":"2026-03-12T23:56:38","guid":{"rendered":"https:\/\/www.manaus.am.gov.br\/seminf\/reforca-malha-viaria\/"},"modified":"2026-03-13T11:11:27","modified_gmt":"2026-03-13T15:11:27","slug":"reforca-malha-viaria","status":"publish","type":"post","link":"https:\/\/www.manaus.am.gov.br\/seminf\/reforca-malha-viaria\/","title":{"rendered":"Prefeitura de Manaus refor\u00e7a recupera\u00e7\u00e3o da malha vi\u00e1ria na zona Sul com obras na avenida Duque de Caxias"},"content":{"rendered":"\n<p>A<a href=\"https:\/\/www.instagram.com\/prefeiturademanaus\/\"> Prefeitura de Manaus, <\/a>por meio da Secretaria Municipal de Infraestrutura<a href=\"https:\/\/www.manaus.am.gov.br\/\"> (Seminf<\/a>), intensificou nesta quinta-feira, 12\/3, os servi\u00e7os de manuten\u00e7\u00e3o asf\u00e1ltica na zona Sul da capital. Uma das frentes de trabalho ocorre na avenida Duque de Caxias, no bairro Pra\u00e7a 14, uma das principais vias da regi\u00e3o, por onde circula diariamente um grande fluxo de ve\u00edculos e diversas linhas do transporte coletivo.<\/p>\n\n\n\n<p>A interven\u00e7\u00e3o tem como objetivo recuperar trechos da via que apresentavam desgaste no pavimento e buracos, garantindo melhores condi\u00e7\u00f5es de trafegabilidade, mais seguran\u00e7a para motoristas e maior conforto para os passageiros do transporte p\u00fablico que utilizam a avenida diariamente.<\/p>\n\n\n\n<p>O vice-prefeito e secret\u00e1rio de Obras, Renato Junior, destacou que a manuten\u00e7\u00e3o permanente da malha vi\u00e1ria \u00e9 fundamental para acompanhar o crescimento da cidade e atender as demandas da popula\u00e7\u00e3o.<\/p>\n\n\n\n<p>\u201cCuidar das nossas avenidas \u00e9 cuidar da mobilidade e da seguran\u00e7a de quem precisa se deslocar todos os dias. A orienta\u00e7\u00e3o do prefeito David Almeida \u00e9 que a Prefeitura esteja presente nos bairros, realizando interven\u00e7\u00f5es que realmente fa\u00e7am a diferen\u00e7a na vida das pessoas. Hoje, al\u00e9m da avenida Duque de Caxias, a zona Sul recebeu v\u00e1rias frentes de obras simult\u00e2neas, refor\u00e7ando esse compromisso com a infraestrutura da cidade\u201d, afirmou Renato Junior.<\/p>\n\n\n\n<p>Taxista h\u00e1 mais de 30 anos, Francisco Dias, de 62 anos, passa diariamente pela avenida e destacou a import\u00e2ncia do servi\u00e7o para quem trabalha no tr\u00e2nsito da cidade.<\/p>\n\n\n\n<p>\u201cEu passo por aqui todos os dias e ver a Prefeitura realizando esse servi\u00e7o \u00e9 muito importante para n\u00f3s que dependemos da via para trabalhar. Quando o asfalto melhora, melhora tamb\u00e9m a seguran\u00e7a e o conforto para quem dirige e para quem utiliza o transporte p\u00fablico\u201d, comentou o taxista.<\/p>\n\n\n\n<p>Com a\u00e7\u00f5es como essa, a Prefeitura de Manaus segue fortalecendo o trabalho de recupera\u00e7\u00e3o da malha vi\u00e1ria da capital, garantindo mais mobilidade, seguran\u00e7a e qualidade de vida para a popula\u00e7\u00e3o.<\/p>\n\n\n\n<p>&#8212; &#8212; &#8212;<\/p>\n\n\n\n<p><strong>Texto<\/strong> &#8211; Rayana Coutinho \/ Seminf<\/p>\n\n\n\n<p><strong>Fotos<\/strong> &#8211; M\u00e1rcio Melo \/ Seminf<\/p>\n","protected":false},"excerpt":{"rendered":"","protected":false},"author":61,"featured_media":8934,"comment_status":"closed","ping_status":"closed","sticky":false,"template":"","format":"standard","meta":{"footnotes":""},"categories":[3],"tags":[2551,43,26],"acf":[],"yoast_head":"<!-- This site is optimized with the Yoast SEO plugin v23.0 - https:\/\/yoast.com\/wordpress\/plugins\/seo\/ -->\n<title>Prefeitura de Manaus refor\u00e7a recupera\u00e7\u00e3o da malha vi\u00e1ria na zona Sul com obras na avenida Duque de Caxias<\/title>\n<meta name=\"description\" content=\"A Prefeitura de Manaus, por meio da Secretaria Municipal de Infraestrutura (Seminf), intensificou nesta quinta-feira, 12\/3, os servi\u00e7os de manuten\u00e7\u00e3o asf\u00e1ltica na zona Sul da capital.\" \/>\n<meta name=\"robots\" content=\"index, follow, max-snippet:-1, max-image-preview:large, max-video-preview:-1\" \/>\n<link rel=\"canonical\" href=\"https:\/\/www.manaus.am.gov.br\/seminf\/reforca-malha-viaria\/\" \/>\n<meta property=\"og:locale\" content=\"pt_BR\" \/>\n<meta property=\"og:type\" content=\"article\" \/>\n<meta property=\"og:title\" content=\"Prefeitura de Manaus refor\u00e7a recupera\u00e7\u00e3o da malha vi\u00e1ria na zona Sul com obras na avenida Duque de Caxias\" \/>\n<meta property=\"og:description\" content=\"A Prefeitura de Manaus, por meio da Secretaria Municipal de Infraestrutura (Seminf), intensificou nesta quinta-feira, 12\/3, os servi\u00e7os de manuten\u00e7\u00e3o asf\u00e1ltica na zona Sul da capital.\" \/>\n<meta property=\"og:url\" content=\"https:\/\/www.manaus.am.gov.br\/seminf\/reforca-malha-viaria\/\" \/>\n<meta property=\"og:site_name\" content=\"SEMINF\" \/>\n<meta property=\"article:published_time\" content=\"2026-03-12T23:56:38+00:00\" \/>\n<meta property=\"article:modified_time\" content=\"2026-03-13T15:11:27+00:00\" \/>\n<meta property=\"og:image\" content=\"https:\/\/www.manaus.am.gov.br\/seminf\/wp-content\/uploads\/sites\/6\/2026\/03\/Seminf-Duque-de-Caxias-2.jpg\" \/>\n\t<meta property=\"og:image:width\" content=\"1464\" \/>\n\t<meta property=\"og:image:height\" content=\"976\" \/>\n\t<meta property=\"og:image:type\" content=\"image\/jpeg\" \/>\n<meta name=\"author\" content=\"smonteiro\" \/>\n<meta name=\"twitter:card\" content=\"summary_large_image\" \/>\n<meta name=\"twitter:label1\" content=\"Written by\" \/>\n\t<meta name=\"twitter:data1\" content=\"smonteiro\" \/>\n\t<meta name=\"twitter:label2\" content=\"Est. reading time\" \/>\n\t<meta name=\"twitter:data2\" content=\"2 minutos\" \/>\n<script type=\"application\/ld+json\" class=\"yoast-schema-graph\">{\"@context\":\"https:\/\/schema.org\",\"@graph\":[{\"@type\":\"WebPage\",\"@id\":\"https:\/\/www.manaus.am.gov.br\/seminf\/reforca-malha-viaria\/\",\"url\":\"https:\/\/www.manaus.am.gov.br\/seminf\/reforca-malha-viaria\/\",\"name\":\"Prefeitura de Manaus refor\u00e7a recupera\u00e7\u00e3o da malha vi\u00e1ria na zona Sul com obras na avenida Duque de Caxias\",\"isPartOf\":{\"@id\":\"https:\/\/www.manaus.am.gov.br\/seminf\/#website\"},\"primaryImageOfPage\":{\"@id\":\"https:\/\/www.manaus.am.gov.br\/seminf\/reforca-malha-viaria\/#primaryimage\"},\"image\":{\"@id\":\"https:\/\/www.manaus.am.gov.br\/seminf\/reforca-malha-viaria\/#primaryimage\"},\"thumbnailUrl\":\"https:\/\/www.manaus.am.gov.br\/seminf\/wp-content\/uploads\/sites\/6\/2026\/03\/Seminf-Duque-de-Caxias-2.jpg\",\"datePublished\":\"2026-03-12T23:56:38+00:00\",\"dateModified\":\"2026-03-13T15:11:27+00:00\",\"author\":{\"@id\":\"https:\/\/www.manaus.am.gov.br\/seminf\/#\/schema\/person\/ab4dcf766a54dff74e8d267f5c591961\"},\"description\":\"A Prefeitura de Manaus, por meio da Secretaria Municipal de Infraestrutura (Seminf), intensificou nesta quinta-feira, 12\/3, os servi\u00e7os de manuten\u00e7\u00e3o asf\u00e1ltica na zona Sul da capital.\",\"inLanguage\":\"pt-BR\",\"potentialAction\":[{\"@type\":\"ReadAction\",\"target\":[\"https:\/\/www.manaus.am.gov.br\/seminf\/reforca-malha-viaria\/\"]}]},{\"@type\":\"ImageObject\",\"inLanguage\":\"pt-BR\",\"@id\":\"https:\/\/www.manaus.am.gov.br\/seminf\/reforca-malha-viaria\/#primaryimage\",\"url\":\"https:\/\/www.manaus.am.gov.br\/seminf\/wp-content\/uploads\/sites\/6\/2026\/03\/Seminf-Duque-de-Caxias-2.jpg\",\"contentUrl\":\"https:\/\/www.manaus.am.gov.br\/seminf\/wp-content\/uploads\/sites\/6\/2026\/03\/Seminf-Duque-de-Caxias-2.jpg\",\"width\":1464,\"height\":976,\"caption\":\"#paratodosverem - equipe da Seminf atua na recupera\u00e7\u00e3o asf\u00e1ltica\"},{\"@type\":\"WebSite\",\"@id\":\"https:\/\/www.manaus.am.gov.br\/seminf\/#website\",\"url\":\"https:\/\/www.manaus.am.gov.br\/seminf\/\",\"name\":\"Secretaria de Infraestrutura\",\"description\":\"Secretaria Municipal de Infraestrutura\",\"potentialAction\":[{\"@type\":\"SearchAction\",\"target\":{\"@type\":\"EntryPoint\",\"urlTemplate\":\"https:\/\/www.manaus.am.gov.br\/seminf\/?s={search_term_string}\"},\"query-input\":\"required name=search_term_string\"}],\"inLanguage\":\"pt-BR\"},{\"@type\":\"Person\",\"@id\":\"https:\/\/www.manaus.am.gov.br\/seminf\/#\/schema\/person\/ab4dcf766a54dff74e8d267f5c591961\",\"name\":\"smonteiro\",\"image\":{\"@type\":\"ImageObject\",\"inLanguage\":\"pt-BR\",\"@id\":\"https:\/\/www.manaus.am.gov.br\/seminf\/#\/schema\/person\/image\/\",\"url\":\"https:\/\/secure.gravatar.com\/avatar\/21c8776ef61d9272c73322052e042d77?s=96&d=mm&r=g\",\"contentUrl\":\"https:\/\/secure.gravatar.com\/avatar\/21c8776ef61d9272c73322052e042d77?s=96&d=mm&r=g\",\"caption\":\"smonteiro\"}}]}<\/script>\n<!-- \/ Yoast SEO plugin. -->","yoast_head_json":{"title":"Prefeitura de Manaus refor\u00e7a recupera\u00e7\u00e3o da malha vi\u00e1ria na zona Sul com obras na avenida Duque de Caxias","description":"A Prefeitura de Manaus, por meio da Secretaria Municipal de Infraestrutura (Seminf), intensificou nesta quinta-feira, 12\/3, os servi\u00e7os de manuten\u00e7\u00e3o asf\u00e1ltica na zona Sul da capital.","robots":{"index":"index","follow":"follow","max-snippet":"max-snippet:-1","max-image-preview":"max-image-preview:large","max-video-preview":"max-video-preview:-1"},"canonical":"https:\/\/www.manaus.am.gov.br\/seminf\/reforca-malha-viaria\/","og_locale":"pt_BR","og_type":"article","og_title":"Prefeitura de Manaus refor\u00e7a recupera\u00e7\u00e3o da malha vi\u00e1ria na zona Sul com obras na avenida Duque de Caxias","og_description":"A Prefeitura de Manaus, por meio da Secretaria Municipal de Infraestrutura (Seminf), intensificou nesta quinta-feira, 12\/3, os servi\u00e7os de manuten\u00e7\u00e3o asf\u00e1ltica na zona Sul da capital.","og_url":"https:\/\/www.manaus.am.gov.br\/seminf\/reforca-malha-viaria\/","og_site_name":"SEMINF","article_published_time":"2026-03-12T23:56:38+00:00","article_modified_time":"2026-03-13T15:11:27+00:00","og_image":[{"width":1464,"height":976,"url":"https:\/\/www.manaus.am.gov.br\/seminf\/wp-content\/uploads\/sites\/6\/2026\/03\/Seminf-Duque-de-Caxias-2.jpg","type":"image\/jpeg"}],"author":"smonteiro","twitter_card":"summary_large_image","twitter_misc":{"Written by":"smonteiro","Est. reading time":"2 minutos"},"schema":{"@context":"https:\/\/schema.org","@graph":[{"@type":"WebPage","@id":"https:\/\/www.manaus.am.gov.br\/seminf\/reforca-malha-viaria\/","url":"https:\/\/www.manaus.am.gov.br\/seminf\/reforca-malha-viaria\/","name":"Prefeitura de Manaus refor\u00e7a recupera\u00e7\u00e3o da malha vi\u00e1ria na zona Sul com obras na avenida Duque de Caxias","isPartOf":{"@id":"https:\/\/www.manaus.am.gov.br\/seminf\/#website"},"primaryImageOfPage":{"@id":"https:\/\/www.manaus.am.gov.br\/seminf\/reforca-malha-viaria\/#primaryimage"},"image":{"@id":"https:\/\/www.manaus.am.gov.br\/seminf\/reforca-malha-viaria\/#primaryimage"},"thumbnailUrl":"https:\/\/www.manaus.am.gov.br\/seminf\/wp-content\/uploads\/sites\/6\/2026\/03\/Seminf-Duque-de-Caxias-2.jpg","datePublished":"2026-03-12T23:56:38+00:00","dateModified":"2026-03-13T15:11:27+00:00","author":{"@id":"https:\/\/www.manaus.am.gov.br\/seminf\/#\/schema\/person\/ab4dcf766a54dff74e8d267f5c591961"},"description":"A Prefeitura de Manaus, por meio da Secretaria Municipal de Infraestrutura (Seminf), intensificou nesta quinta-feira, 12\/3, os servi\u00e7os de manuten\u00e7\u00e3o asf\u00e1ltica na zona Sul da capital.","inLanguage":"pt-BR","potentialAction":[{"@type":"ReadAction","target":["https:\/\/www.manaus.am.gov.br\/seminf\/reforca-malha-viaria\/"]}]},{"@type":"ImageObject","inLanguage":"pt-BR","@id":"https:\/\/www.manaus.am.gov.br\/seminf\/reforca-malha-viaria\/#primaryimage","url":"https:\/\/www.manaus.am.gov.br\/seminf\/wp-content\/uploads\/sites\/6\/2026\/03\/Seminf-Duque-de-Caxias-2.jpg","contentUrl":"https:\/\/www.manaus.am.gov.br\/seminf\/wp-content\/uploads\/sites\/6\/2026\/03\/Seminf-Duque-de-Caxias-2.jpg","width":1464,"height":976,"caption":"#paratodosverem - equipe da Seminf atua na recupera\u00e7\u00e3o asf\u00e1ltica"},{"@type":"WebSite","@id":"https:\/\/www.manaus.am.gov.br\/seminf\/#website","url":"https:\/\/www.manaus.am.gov.br\/seminf\/","name":"Secretaria de Infraestrutura","description":"Secretaria Municipal de Infraestrutura","potentialAction":[{"@type":"SearchAction","target":{"@type":"EntryPoint","urlTemplate":"https:\/\/www.manaus.am.gov.br\/seminf\/?s={search_term_string}"},"query-input":"required name=search_term_string"}],"inLanguage":"pt-BR"},{"@type":"Person","@id":"https:\/\/www.manaus.am.gov.br\/seminf\/#\/schema\/person\/ab4dcf766a54dff74e8d267f5c591961","name":"smonteiro","image":{"@type":"ImageObject","inLanguage":"pt-BR","@id":"https:\/\/www.manaus.am.gov.br\/seminf\/#\/schema\/person\/image\/","url":"https:\/\/secure.gravatar.com\/avatar\/21c8776ef61d9272c73322052e042d77?s=96&d=mm&r=g","contentUrl":"https:\/\/secure.gravatar.com\/avatar\/21c8776ef61d9272c73322052e042d77?s=96&d=mm&r=g","caption":"smonteiro"}}]}},"_links":{"self":[{"href":"https:\/\/www.manaus.am.gov.br\/seminf\/wp-json\/wp\/v2\/posts\/8933"}],"collection":[{"href":"https:\/\/www.manaus.am.gov.br\/seminf\/wp-json\/wp\/v2\/posts"}],"about":[{"href":"https:\/\/www.manaus.am.gov.br\/seminf\/wp-json\/wp\/v2\/types\/post"}],"author":[{"embeddable":true,"href":"https:\/\/www.manaus.am.gov.br\/seminf\/wp-json\/wp\/v2\/users\/61"}],"replies":[{"embeddable":true,"href":"https:\/\/www.manaus.am.gov.br\/seminf\/wp-json\/wp\/v2\/comments?post=8933"}],"version-history":[{"count":1,"href":"https:\/\/www.manaus.am.gov.br\/seminf\/wp-json\/wp\/v2\/posts\/8933\/revisions"}],"predecessor-version":[{"id":8952,"href":"https:\/\/www.manaus.am.gov.br\/seminf\/wp-json\/wp\/v2\/posts\/8933\/revisions\/8952"}],"wp:featuredmedia":[{"embeddable":true,"href":"https:\/\/www.manaus.am.gov.br\/seminf\/wp-json\/wp\/v2\/media\/8934"}],"wp:attachment":[{"href":"https:\/\/www.manaus.am.gov.br\/seminf\/wp-json\/wp\/v2\/media?parent=8933"}],"wp:term":[{"taxonomy":"category","embeddable":true,"href":"https:\/\/www.manaus.am.gov.br\/seminf\/wp-json\/wp\/v2\/categories?post=8933"},{"taxonomy":"post_tag","embeddable":true,"href":"https:\/\/www.manaus.am.gov.br\/seminf\/wp-json\/wp\/v2\/tags?post=8933"}],"curies":[{"name":"wp","href":"https:\/\/api.w.org\/{rel}","templated":true}]}}