{"id":8894,"date":"2026-03-10T19:08:14","date_gmt":"2026-03-10T23:08:14","guid":{"rendered":"https:\/\/www.manaus.am.gov.br\/seminf\/reforca-manutencao-asfaltica\/"},"modified":"2026-03-11T12:02:45","modified_gmt":"2026-03-11T16:02:45","slug":"reforca-manutencao-asfaltica","status":"publish","type":"post","link":"https:\/\/www.manaus.am.gov.br\/seminf\/reforca-manutencao-asfaltica\/","title":{"rendered":"Prefeitura de Manaus refor\u00e7a manuten\u00e7\u00e3o asf\u00e1ltica e melhora mobilidade na rua Waldomiro Lustoza, no bairro Japiim"},"content":{"rendered":"\n<p>A<a href=\"https:\/\/www.instagram.com\/prefeiturademanaus\/\"> Prefeitura de Manaus<\/a>, por meio da Secretaria Municipal de Infraestrutura <a href=\"https:\/\/www.manaus.am.gov.br\/\">(Seminf)<\/a>, realizou nesta ter\u00e7a-feira, 10\/3, servi\u00e7os de manuten\u00e7\u00e3o asf\u00e1ltica na rua Waldomiro Lustoza, no bairro Japiim, zona Sul da capital. A interven\u00e7\u00e3o tem como objetivo melhorar as condi\u00e7\u00f5es de tr\u00e1fego em uma das vias mais movimentadas da regi\u00e3o, garantindo mais seguran\u00e7a e mobilidade para motoristas, pedestres e moradores que utilizam diariamente o trecho.<\/p>\n\n\n\n<p>A a\u00e7\u00e3o integra o cronograma cont\u00ednuo de recupera\u00e7\u00e3o da malha vi\u00e1ria executado pela prefeitura em diferentes zonas da cidade, priorizando vias com grande fluxo de ve\u00edculos e import\u00e2ncia estrat\u00e9gica para a mobilidade urbana.<\/p>\n\n\n\n<p>O vice-prefeito e secret\u00e1rio de Obras, Renato Junior, destacou que as equipes da prefeitura est\u00e3o diariamente nas ruas trabalhando para melhorar a infraestrutura da capital.<\/p>\n\n\n\n<p>\u201cNosso compromisso \u00e9 cuidar da cidade e garantir que as vias estejam em boas condi\u00e7\u00f5es para a popula\u00e7\u00e3o. Temos equipes atuando diariamente em diferentes pontos de Manaus, especialmente em ruas com grande circula\u00e7\u00e3o de ve\u00edculos. A rua Waldomiro Lustoza \u00e9 uma via estrat\u00e9gica, com tr\u00e1fego intenso, e por isso precisa de manuten\u00e7\u00e3o constante para assegurar mais seguran\u00e7a e melhor trafegabilidade para quem passa por aqui todos os dias\u201d, afirmou Renato Junior.<\/p>\n\n\n\n<p>Durante a interven\u00e7\u00e3o, os trabalhadores realizaram a aplica\u00e7\u00e3o de massa asf\u00e1ltica nos trechos mais comprometidos da via, seguida da compacta\u00e7\u00e3o do material, etapa fundamental para garantir maior resist\u00eancia e durabilidade ao pavimento.<\/p>\n\n\n\n<p>Morador da regi\u00e3o, o estudante de ci\u00eancia da computa\u00e7\u00e3o Daniel Leal, de 20 anos, destacou a import\u00e2ncia do servi\u00e7o para quem circula pelo local.<\/p>\n\n\n<div class=\"wp-block-image\">\n<figure class=\"aligncenter size-large\"><img loading=\"lazy\" decoding=\"async\" width=\"1024\" height=\"768\" src=\"https:\/\/www.manaus.am.gov.br\/seminf\/wp-content\/uploads\/sites\/6\/2026\/03\/Seminf-Japiim-1-1024x768.jpg\" alt=\"\" class=\"wp-image-8896\" srcset=\"https:\/\/www.manaus.am.gov.br\/seminf\/wp-content\/uploads\/sites\/6\/2026\/03\/Seminf-Japiim-1-1024x768.jpg 1024w, https:\/\/www.manaus.am.gov.br\/seminf\/wp-content\/uploads\/sites\/6\/2026\/03\/Seminf-Japiim-1-300x225.jpg 300w, https:\/\/www.manaus.am.gov.br\/seminf\/wp-content\/uploads\/sites\/6\/2026\/03\/Seminf-Japiim-1-768x576.jpg 768w, https:\/\/www.manaus.am.gov.br\/seminf\/wp-content\/uploads\/sites\/6\/2026\/03\/Seminf-Japiim-1.jpg 1212w\" sizes=\"(max-width: 1024px) 100vw, 1024px\" \/><figcaption class=\"wp-element-caption\">#paratodosverem &#8211; morador do Japiim elogiou o servi\u00e7o<\/figcaption><\/figure><\/div>\n\n\n<p>\u201cAqui passa muito carro, o tempo todo. Quando a prefeitura faz esse tipo de manuten\u00e7\u00e3o melhora bastante para os motoristas e tamb\u00e9m para quem mora aqui e usa a rua todos os dias\u201d, comentou o morador.<\/p>\n\n\n\n<p>Com a\u00e7\u00f5es permanentes de recupera\u00e7\u00e3o asf\u00e1ltica em diversas regi\u00f5es da capital, a Prefeitura de Manaus segue avan\u00e7ando no fortalecimento da infraestrutura urbana, promovendo mais seguran\u00e7a, mobilidade e qualidade de vida para a popula\u00e7\u00e3o.<\/p>\n\n\n\n<p>&#8212; &#8212; &#8212;<\/p>\n\n\n\n<p><strong>Texto<\/strong> &#8211; Eduarda Lira \/ Seminf<\/p>\n\n\n\n<p><strong>Fotos<\/strong> \u2013 Maria Amed \/ Seminf<\/p>\n","protected":false},"excerpt":{"rendered":"","protected":false},"author":61,"featured_media":8897,"comment_status":"closed","ping_status":"closed","sticky":false,"template":"","format":"standard","meta":{"footnotes":""},"categories":[3],"tags":[368,43,26],"acf":[],"yoast_head":"<!-- This site is optimized with the Yoast SEO plugin v23.0 - https:\/\/yoast.com\/wordpress\/plugins\/seo\/ -->\n<title>Prefeitura de Manaus refor\u00e7a manuten\u00e7\u00e3o asf\u00e1ltica e melhora mobilidade na rua Waldomiro Lustoza, no bairro Japiim<\/title>\n<meta name=\"description\" content=\"A Prefeitura de Manaus, por meio da Secretaria Municipal de Infraestrutura (Seminf), realizou nesta ter\u00e7a-feira, 10\/3, servi\u00e7os de manuten\u00e7\u00e3o asf\u00e1ltica na rua Waldomiro Lustoza, no bairro Japiim, zona Sul da capital.\" \/>\n<meta name=\"robots\" content=\"index, follow, max-snippet:-1, max-image-preview:large, max-video-preview:-1\" \/>\n<link rel=\"canonical\" href=\"https:\/\/www.manaus.am.gov.br\/seminf\/reforca-manutencao-asfaltica\/\" \/>\n<meta property=\"og:locale\" content=\"pt_BR\" \/>\n<meta property=\"og:type\" content=\"article\" \/>\n<meta property=\"og:title\" content=\"Prefeitura de Manaus refor\u00e7a manuten\u00e7\u00e3o asf\u00e1ltica e melhora mobilidade na rua Waldomiro Lustoza, no bairro Japiim\" \/>\n<meta property=\"og:description\" content=\"A Prefeitura de Manaus, por meio da Secretaria Municipal de Infraestrutura (Seminf), realizou nesta ter\u00e7a-feira, 10\/3, servi\u00e7os de manuten\u00e7\u00e3o asf\u00e1ltica na rua Waldomiro Lustoza, no bairro Japiim, zona Sul da capital.\" \/>\n<meta property=\"og:url\" content=\"https:\/\/www.manaus.am.gov.br\/seminf\/reforca-manutencao-asfaltica\/\" \/>\n<meta property=\"og:site_name\" content=\"SEMINF\" \/>\n<meta property=\"article:published_time\" content=\"2026-03-10T23:08:14+00:00\" \/>\n<meta property=\"article:modified_time\" content=\"2026-03-11T16:02:45+00:00\" \/>\n<meta property=\"og:image\" content=\"https:\/\/www.manaus.am.gov.br\/seminf\/wp-content\/uploads\/sites\/6\/2026\/03\/Seminf-Japiim-4.jpg\" \/>\n\t<meta property=\"og:image:width\" content=\"1212\" \/>\n\t<meta property=\"og:image:height\" content=\"909\" \/>\n\t<meta property=\"og:image:type\" content=\"image\/jpeg\" \/>\n<meta name=\"author\" content=\"smonteiro\" \/>\n<meta name=\"twitter:card\" content=\"summary_large_image\" \/>\n<meta name=\"twitter:label1\" content=\"Written by\" \/>\n\t<meta name=\"twitter:data1\" content=\"smonteiro\" \/>\n\t<meta name=\"twitter:label2\" content=\"Est. reading time\" \/>\n\t<meta name=\"twitter:data2\" content=\"3 minutos\" \/>\n<script type=\"application\/ld+json\" class=\"yoast-schema-graph\">{\"@context\":\"https:\/\/schema.org\",\"@graph\":[{\"@type\":\"WebPage\",\"@id\":\"https:\/\/www.manaus.am.gov.br\/seminf\/reforca-manutencao-asfaltica\/\",\"url\":\"https:\/\/www.manaus.am.gov.br\/seminf\/reforca-manutencao-asfaltica\/\",\"name\":\"Prefeitura de Manaus refor\u00e7a manuten\u00e7\u00e3o asf\u00e1ltica e melhora mobilidade na rua Waldomiro Lustoza, no bairro Japiim\",\"isPartOf\":{\"@id\":\"https:\/\/www.manaus.am.gov.br\/seminf\/#website\"},\"primaryImageOfPage\":{\"@id\":\"https:\/\/www.manaus.am.gov.br\/seminf\/reforca-manutencao-asfaltica\/#primaryimage\"},\"image\":{\"@id\":\"https:\/\/www.manaus.am.gov.br\/seminf\/reforca-manutencao-asfaltica\/#primaryimage\"},\"thumbnailUrl\":\"https:\/\/www.manaus.am.gov.br\/seminf\/wp-content\/uploads\/sites\/6\/2026\/03\/Seminf-Japiim-4.jpg\",\"datePublished\":\"2026-03-10T23:08:14+00:00\",\"dateModified\":\"2026-03-11T16:02:45+00:00\",\"author\":{\"@id\":\"https:\/\/www.manaus.am.gov.br\/seminf\/#\/schema\/person\/ab4dcf766a54dff74e8d267f5c591961\"},\"description\":\"A Prefeitura de Manaus, por meio da Secretaria Municipal de Infraestrutura (Seminf), realizou nesta ter\u00e7a-feira, 10\/3, servi\u00e7os de manuten\u00e7\u00e3o asf\u00e1ltica na rua Waldomiro Lustoza, no bairro Japiim, zona Sul da capital.\",\"inLanguage\":\"pt-BR\",\"potentialAction\":[{\"@type\":\"ReadAction\",\"target\":[\"https:\/\/www.manaus.am.gov.br\/seminf\/reforca-manutencao-asfaltica\/\"]}]},{\"@type\":\"ImageObject\",\"inLanguage\":\"pt-BR\",\"@id\":\"https:\/\/www.manaus.am.gov.br\/seminf\/reforca-manutencao-asfaltica\/#primaryimage\",\"url\":\"https:\/\/www.manaus.am.gov.br\/seminf\/wp-content\/uploads\/sites\/6\/2026\/03\/Seminf-Japiim-4.jpg\",\"contentUrl\":\"https:\/\/www.manaus.am.gov.br\/seminf\/wp-content\/uploads\/sites\/6\/2026\/03\/Seminf-Japiim-4.jpg\",\"width\":1212,\"height\":909,\"caption\":\"#paratodosverem - equipe da Seminf trabalhando na manuten\u00e7\u00e3o asf\u00e1ltica no Japiim\"},{\"@type\":\"WebSite\",\"@id\":\"https:\/\/www.manaus.am.gov.br\/seminf\/#website\",\"url\":\"https:\/\/www.manaus.am.gov.br\/seminf\/\",\"name\":\"Secretaria de Infraestrutura\",\"description\":\"Secretaria Municipal de Infraestrutura\",\"potentialAction\":[{\"@type\":\"SearchAction\",\"target\":{\"@type\":\"EntryPoint\",\"urlTemplate\":\"https:\/\/www.manaus.am.gov.br\/seminf\/?s={search_term_string}\"},\"query-input\":\"required name=search_term_string\"}],\"inLanguage\":\"pt-BR\"},{\"@type\":\"Person\",\"@id\":\"https:\/\/www.manaus.am.gov.br\/seminf\/#\/schema\/person\/ab4dcf766a54dff74e8d267f5c591961\",\"name\":\"smonteiro\",\"image\":{\"@type\":\"ImageObject\",\"inLanguage\":\"pt-BR\",\"@id\":\"https:\/\/www.manaus.am.gov.br\/seminf\/#\/schema\/person\/image\/\",\"url\":\"https:\/\/secure.gravatar.com\/avatar\/21c8776ef61d9272c73322052e042d77?s=96&d=mm&r=g\",\"contentUrl\":\"https:\/\/secure.gravatar.com\/avatar\/21c8776ef61d9272c73322052e042d77?s=96&d=mm&r=g\",\"caption\":\"smonteiro\"}}]}<\/script>\n<!-- \/ Yoast SEO plugin. -->","yoast_head_json":{"title":"Prefeitura de Manaus refor\u00e7a manuten\u00e7\u00e3o asf\u00e1ltica e melhora mobilidade na rua Waldomiro Lustoza, no bairro Japiim","description":"A Prefeitura de Manaus, por meio da Secretaria Municipal de Infraestrutura (Seminf), realizou nesta ter\u00e7a-feira, 10\/3, servi\u00e7os de manuten\u00e7\u00e3o asf\u00e1ltica na rua Waldomiro Lustoza, no bairro Japiim, zona Sul da capital.","robots":{"index":"index","follow":"follow","max-snippet":"max-snippet:-1","max-image-preview":"max-image-preview:large","max-video-preview":"max-video-preview:-1"},"canonical":"https:\/\/www.manaus.am.gov.br\/seminf\/reforca-manutencao-asfaltica\/","og_locale":"pt_BR","og_type":"article","og_title":"Prefeitura de Manaus refor\u00e7a manuten\u00e7\u00e3o asf\u00e1ltica e melhora mobilidade na rua Waldomiro Lustoza, no bairro Japiim","og_description":"A Prefeitura de Manaus, por meio da Secretaria Municipal de Infraestrutura (Seminf), realizou nesta ter\u00e7a-feira, 10\/3, servi\u00e7os de manuten\u00e7\u00e3o asf\u00e1ltica na rua Waldomiro Lustoza, no bairro Japiim, zona Sul da capital.","og_url":"https:\/\/www.manaus.am.gov.br\/seminf\/reforca-manutencao-asfaltica\/","og_site_name":"SEMINF","article_published_time":"2026-03-10T23:08:14+00:00","article_modified_time":"2026-03-11T16:02:45+00:00","og_image":[{"width":1212,"height":909,"url":"https:\/\/www.manaus.am.gov.br\/seminf\/wp-content\/uploads\/sites\/6\/2026\/03\/Seminf-Japiim-4.jpg","type":"image\/jpeg"}],"author":"smonteiro","twitter_card":"summary_large_image","twitter_misc":{"Written by":"smonteiro","Est. reading time":"3 minutos"},"schema":{"@context":"https:\/\/schema.org","@graph":[{"@type":"WebPage","@id":"https:\/\/www.manaus.am.gov.br\/seminf\/reforca-manutencao-asfaltica\/","url":"https:\/\/www.manaus.am.gov.br\/seminf\/reforca-manutencao-asfaltica\/","name":"Prefeitura de Manaus refor\u00e7a manuten\u00e7\u00e3o asf\u00e1ltica e melhora mobilidade na rua Waldomiro Lustoza, no bairro Japiim","isPartOf":{"@id":"https:\/\/www.manaus.am.gov.br\/seminf\/#website"},"primaryImageOfPage":{"@id":"https:\/\/www.manaus.am.gov.br\/seminf\/reforca-manutencao-asfaltica\/#primaryimage"},"image":{"@id":"https:\/\/www.manaus.am.gov.br\/seminf\/reforca-manutencao-asfaltica\/#primaryimage"},"thumbnailUrl":"https:\/\/www.manaus.am.gov.br\/seminf\/wp-content\/uploads\/sites\/6\/2026\/03\/Seminf-Japiim-4.jpg","datePublished":"2026-03-10T23:08:14+00:00","dateModified":"2026-03-11T16:02:45+00:00","author":{"@id":"https:\/\/www.manaus.am.gov.br\/seminf\/#\/schema\/person\/ab4dcf766a54dff74e8d267f5c591961"},"description":"A Prefeitura de Manaus, por meio da Secretaria Municipal de Infraestrutura (Seminf), realizou nesta ter\u00e7a-feira, 10\/3, servi\u00e7os de manuten\u00e7\u00e3o asf\u00e1ltica na rua Waldomiro Lustoza, no bairro Japiim, zona Sul da capital.","inLanguage":"pt-BR","potentialAction":[{"@type":"ReadAction","target":["https:\/\/www.manaus.am.gov.br\/seminf\/reforca-manutencao-asfaltica\/"]}]},{"@type":"ImageObject","inLanguage":"pt-BR","@id":"https:\/\/www.manaus.am.gov.br\/seminf\/reforca-manutencao-asfaltica\/#primaryimage","url":"https:\/\/www.manaus.am.gov.br\/seminf\/wp-content\/uploads\/sites\/6\/2026\/03\/Seminf-Japiim-4.jpg","contentUrl":"https:\/\/www.manaus.am.gov.br\/seminf\/wp-content\/uploads\/sites\/6\/2026\/03\/Seminf-Japiim-4.jpg","width":1212,"height":909,"caption":"#paratodosverem - equipe da Seminf trabalhando na manuten\u00e7\u00e3o asf\u00e1ltica no Japiim"},{"@type":"WebSite","@id":"https:\/\/www.manaus.am.gov.br\/seminf\/#website","url":"https:\/\/www.manaus.am.gov.br\/seminf\/","name":"Secretaria de Infraestrutura","description":"Secretaria Municipal de Infraestrutura","potentialAction":[{"@type":"SearchAction","target":{"@type":"EntryPoint","urlTemplate":"https:\/\/www.manaus.am.gov.br\/seminf\/?s={search_term_string}"},"query-input":"required name=search_term_string"}],"inLanguage":"pt-BR"},{"@type":"Person","@id":"https:\/\/www.manaus.am.gov.br\/seminf\/#\/schema\/person\/ab4dcf766a54dff74e8d267f5c591961","name":"smonteiro","image":{"@type":"ImageObject","inLanguage":"pt-BR","@id":"https:\/\/www.manaus.am.gov.br\/seminf\/#\/schema\/person\/image\/","url":"https:\/\/secure.gravatar.com\/avatar\/21c8776ef61d9272c73322052e042d77?s=96&d=mm&r=g","contentUrl":"https:\/\/secure.gravatar.com\/avatar\/21c8776ef61d9272c73322052e042d77?s=96&d=mm&r=g","caption":"smonteiro"}}]}},"_links":{"self":[{"href":"https:\/\/www.manaus.am.gov.br\/seminf\/wp-json\/wp\/v2\/posts\/8894"}],"collection":[{"href":"https:\/\/www.manaus.am.gov.br\/seminf\/wp-json\/wp\/v2\/posts"}],"about":[{"href":"https:\/\/www.manaus.am.gov.br\/seminf\/wp-json\/wp\/v2\/types\/post"}],"author":[{"embeddable":true,"href":"https:\/\/www.manaus.am.gov.br\/seminf\/wp-json\/wp\/v2\/users\/61"}],"replies":[{"embeddable":true,"href":"https:\/\/www.manaus.am.gov.br\/seminf\/wp-json\/wp\/v2\/comments?post=8894"}],"version-history":[{"count":4,"href":"https:\/\/www.manaus.am.gov.br\/seminf\/wp-json\/wp\/v2\/posts\/8894\/revisions"}],"predecessor-version":[{"id":8901,"href":"https:\/\/www.manaus.am.gov.br\/seminf\/wp-json\/wp\/v2\/posts\/8894\/revisions\/8901"}],"wp:featuredmedia":[{"embeddable":true,"href":"https:\/\/www.manaus.am.gov.br\/seminf\/wp-json\/wp\/v2\/media\/8897"}],"wp:attachment":[{"href":"https:\/\/www.manaus.am.gov.br\/seminf\/wp-json\/wp\/v2\/media?parent=8894"}],"wp:term":[{"taxonomy":"category","embeddable":true,"href":"https:\/\/www.manaus.am.gov.br\/seminf\/wp-json\/wp\/v2\/categories?post=8894"},{"taxonomy":"post_tag","embeddable":true,"href":"https:\/\/www.manaus.am.gov.br\/seminf\/wp-json\/wp\/v2\/tags?post=8894"}],"curies":[{"name":"wp","href":"https:\/\/api.w.org\/{rel}","templated":true}]}}