{"id":8874,"date":"2026-03-09T19:08:01","date_gmt":"2026-03-09T23:08:01","guid":{"rendered":"https:\/\/www.manaus.am.gov.br\/seminf\/prefeitura-de-manaus-recupera-asfalto-em-via-de-grande-fluxo-no-bairro-sao-francisco-e-melhora-mobilidade-na-zona-sul\/"},"modified":"2026-03-10T12:54:12","modified_gmt":"2026-03-10T16:54:12","slug":"recuperacao-asfaltica-melhora-mobilidade","status":"publish","type":"post","link":"https:\/\/www.manaus.am.gov.br\/seminf\/recuperacao-asfaltica-melhora-mobilidade\/","title":{"rendered":"Prefeitura de Manaus recupera asfalto em via de grande fluxo no bairro S\u00e3o Francisco e melhora mobilidade na zona Sul"},"content":{"rendered":"\n<p>A <a href=\"https:\/\/www.manaus.am.gov.br\/\">Prefeitura de Manaus<\/a>, por meio da <a href=\"https:\/\/www.instagram.com\/seminf.manaus\/\">Secretaria Municipal de Infraestrutura<\/a> (Seminf), executou nesta segunda-feira, 9\/3, servi\u00e7os de recupera\u00e7\u00e3o asf\u00e1ltica em diferentes trechos da rua Franco da S\u00e1, no bairro S\u00e3o Francisco, zona Sul da capital. A interven\u00e7\u00e3o tem como objetivo melhorar as condi\u00e7\u00f5es de tr\u00e1fego e garantir mais seguran\u00e7a para motoristas, motociclistas e pedestres que circulam diariamente pela via.<\/p>\n\n\n\n<p>A rua Franco da S\u00e1 \u00e9 considerada uma importante liga\u00e7\u00e3o vi\u00e1ria da regi\u00e3o e apresentava pontos de desgaste no pavimento, com buracos e irregularidades que comprometiam a trafegabilidade. Com a atua\u00e7\u00e3o das equipes da Seminf, os trechos danificados foram recuperados, restabelecendo melhores condi\u00e7\u00f5es de mobilidade urbana no local.<\/p>\n\n\n\n<p>Durante a interven\u00e7\u00e3o, foi realizada a aplica\u00e7\u00e3o de massa asf\u00e1ltica, t\u00e9cnica que permite recompor o pavimento com maior durabilidade. Os pontos que apresentavam cavidades e desn\u00edveis passaram por prepara\u00e7\u00e3o da base, imprima\u00e7\u00e3o e, posteriormente, compacta\u00e7\u00e3o da nova camada de asfalto, garantindo maior resist\u00eancia ao tr\u00e1fego intenso da \u00e1rea.<\/p>\n\n\n\n<p>O vice-prefeito e secret\u00e1rio de Obras, Renato Junior, destacou que as a\u00e7\u00f5es de recupera\u00e7\u00e3o vi\u00e1ria fazem parte de um trabalho cont\u00ednuo da prefeitura para melhorar a infraestrutura dos bairros e facilitar o deslocamento da popula\u00e7\u00e3o.<\/p>\n\n\n\n<p>\u201cNosso trabalho \u00e9 estar presente nas ruas, ouvindo as demandas da popula\u00e7\u00e3o e atuando para resolver os problemas que afetam o dia a dia de quem circula pela cidade. A recupera\u00e7\u00e3o asf\u00e1ltica melhora a mobilidade, traz mais seguran\u00e7a para motoristas e pedestres e garante mais qualidade para quem vive e trabalha nos bairros de Manaus\u201d, afirmou Renato Junior.<\/p>\n\n\n\n<p>A frente de obra foi executada com agilidade pelas equipes da Seminf, seguindo todas as etapas t\u00e9cnicas necess\u00e1rias para garantir a qualidade do servi\u00e7o, desde a prepara\u00e7\u00e3o da pista at\u00e9 a compacta\u00e7\u00e3o final da massa asf\u00e1ltica.<\/p>\n\n\n\n<figure class=\"wp-block-image size-large\"><img loading=\"lazy\" decoding=\"async\" width=\"1024\" height=\"683\" src=\"https:\/\/www.manaus.am.gov.br\/seminf\/wp-content\/uploads\/sites\/6\/2026\/03\/Seminf-Recupera-Via-1-1024x683.jpg\" alt=\"\" class=\"wp-image-8875\" srcset=\"https:\/\/www.manaus.am.gov.br\/seminf\/wp-content\/uploads\/sites\/6\/2026\/03\/Seminf-Recupera-Via-1-1024x683.jpg 1024w, https:\/\/www.manaus.am.gov.br\/seminf\/wp-content\/uploads\/sites\/6\/2026\/03\/Seminf-Recupera-Via-1-300x200.jpg 300w, https:\/\/www.manaus.am.gov.br\/seminf\/wp-content\/uploads\/sites\/6\/2026\/03\/Seminf-Recupera-Via-1-768x512.jpg 768w, https:\/\/www.manaus.am.gov.br\/seminf\/wp-content\/uploads\/sites\/6\/2026\/03\/Seminf-Recupera-Via-1.jpg 1464w\" sizes=\"(max-width: 1024px) 100vw, 1024px\" \/><figcaption class=\"wp-element-caption\">#paratodosverem &#8211; a recupera\u00e7\u00e3o do asfaltamenton\u00e3o interrompe o tr\u00e1fego de ve\u00edculos<\/figcaption><\/figure>\n\n\n\n<p>Quem utiliza a via diariamente j\u00e1 percebe a diferen\u00e7a. O aut\u00f4nomo Adair Lima, de 34 anos, acompanhou a execu\u00e7\u00e3o do servi\u00e7o e destacou a import\u00e2ncia da melhoria para quem circula pela regi\u00e3o. \u201cAntes tinha buracos que atrapalhavam bastante quem passava por aqui. Agora a rua ficou bem melhor para dirigir. A gente v\u00ea que o servi\u00e7o est\u00e1 sendo feito e isso melhora muito para quem trabalha e depende da rua todos os dias\u201d, comentou Adair.<\/p>\n\n\n\n<p>Com a\u00e7\u00f5es de manuten\u00e7\u00e3o e recupera\u00e7\u00e3o em diferentes zonas da cidade, a Prefeitura de Manaus segue avan\u00e7ando na melhoria da infraestrutura urbana, garantindo mais seguran\u00e7a, mobilidade e qualidade de vida para a popula\u00e7\u00e3o.<\/p>\n\n\n\n<p>&#8212; &#8212; &#8212;<\/p>\n\n\n\n<p><strong>Texto<\/strong> \u2013 Maria Amed \/ Seminf<\/p>\n\n\n\n<p><strong>Fotos <\/strong>\u2013 M\u00e1rcio Melo \/ Seminf<\/p>\n","protected":false},"excerpt":{"rendered":"","protected":false},"author":61,"featured_media":8876,"comment_status":"closed","ping_status":"closed","sticky":false,"template":"","format":"standard","meta":{"footnotes":""},"categories":[77],"tags":[43,70,26],"acf":[],"yoast_head":"<!-- This site is optimized with the Yoast SEO plugin v23.0 - https:\/\/yoast.com\/wordpress\/plugins\/seo\/ -->\n<title>Prefeitura de Manaus recupera asfalto em via de grande fluxo no bairro S\u00e3o Francisco e melhora mobilidade na zona Sul<\/title>\n<meta name=\"description\" content=\"A Prefeitura de Manaus, por meio da Secretaria Municipal de Infraestrutura (Seminf), executou nesta segunda-feira, 9\/3, servi\u00e7os de recupera\u00e7\u00e3o asf\u00e1ltica em diferentes trechos da rua Franco da S\u00e1.\" \/>\n<meta name=\"robots\" content=\"index, follow, max-snippet:-1, max-image-preview:large, max-video-preview:-1\" \/>\n<link rel=\"canonical\" href=\"https:\/\/www.manaus.am.gov.br\/seminf\/recupera-asfalto-melhora-mobilidade\/\" \/>\n<meta property=\"og:locale\" content=\"pt_BR\" \/>\n<meta property=\"og:type\" content=\"article\" \/>\n<meta property=\"og:title\" content=\"Prefeitura de Manaus recupera asfalto em via de grande fluxo no bairro S\u00e3o Francisco e melhora mobilidade na zona Sul\" \/>\n<meta property=\"og:description\" content=\"A Prefeitura de Manaus, por meio da Secretaria Municipal de Infraestrutura (Seminf), executou nesta segunda-feira, 9\/3, servi\u00e7os de recupera\u00e7\u00e3o asf\u00e1ltica em diferentes trechos da rua Franco da S\u00e1.\" \/>\n<meta property=\"og:url\" content=\"https:\/\/www.manaus.am.gov.br\/seminf\/recupera-asfalto-melhora-mobilidade\/\" \/>\n<meta property=\"og:site_name\" content=\"SEMINF\" \/>\n<meta property=\"article:published_time\" content=\"2026-03-09T23:08:01+00:00\" \/>\n<meta property=\"article:modified_time\" content=\"2026-03-10T16:54:12+00:00\" \/>\n<meta property=\"og:image\" content=\"https:\/\/www.manaus.am.gov.br\/seminf\/wp-content\/uploads\/sites\/6\/2026\/03\/Seminf-Recupera-Via-3.jpg\" \/>\n\t<meta property=\"og:image:width\" content=\"1464\" \/>\n\t<meta property=\"og:image:height\" content=\"976\" \/>\n\t<meta property=\"og:image:type\" content=\"image\/jpeg\" \/>\n<meta name=\"author\" content=\"smonteiro\" \/>\n<meta name=\"twitter:card\" content=\"summary_large_image\" \/>\n<meta name=\"twitter:label1\" content=\"Written by\" \/>\n\t<meta name=\"twitter:data1\" content=\"smonteiro\" \/>\n\t<meta name=\"twitter:label2\" content=\"Est. reading time\" \/>\n\t<meta name=\"twitter:data2\" content=\"3 minutos\" \/>\n<script type=\"application\/ld+json\" class=\"yoast-schema-graph\">{\"@context\":\"https:\/\/schema.org\",\"@graph\":[{\"@type\":\"WebPage\",\"@id\":\"https:\/\/www.manaus.am.gov.br\/seminf\/recupera-asfalto-melhora-mobilidade\/\",\"url\":\"https:\/\/www.manaus.am.gov.br\/seminf\/recupera-asfalto-melhora-mobilidade\/\",\"name\":\"Prefeitura de Manaus recupera asfalto em via de grande fluxo no bairro S\u00e3o Francisco e melhora mobilidade na zona Sul\",\"isPartOf\":{\"@id\":\"https:\/\/www.manaus.am.gov.br\/seminf\/#website\"},\"primaryImageOfPage\":{\"@id\":\"https:\/\/www.manaus.am.gov.br\/seminf\/recupera-asfalto-melhora-mobilidade\/#primaryimage\"},\"image\":{\"@id\":\"https:\/\/www.manaus.am.gov.br\/seminf\/recupera-asfalto-melhora-mobilidade\/#primaryimage\"},\"thumbnailUrl\":\"https:\/\/www.manaus.am.gov.br\/seminf\/wp-content\/uploads\/sites\/6\/2026\/03\/Seminf-Recupera-Via-3.jpg\",\"datePublished\":\"2026-03-09T23:08:01+00:00\",\"dateModified\":\"2026-03-10T16:54:12+00:00\",\"author\":{\"@id\":\"https:\/\/www.manaus.am.gov.br\/seminf\/#\/schema\/person\/ab4dcf766a54dff74e8d267f5c591961\"},\"description\":\"A Prefeitura de Manaus, por meio da Secretaria Municipal de Infraestrutura (Seminf), executou nesta segunda-feira, 9\/3, servi\u00e7os de recupera\u00e7\u00e3o asf\u00e1ltica em diferentes trechos da rua Franco da S\u00e1.\",\"inLanguage\":\"pt-BR\",\"potentialAction\":[{\"@type\":\"ReadAction\",\"target\":[\"https:\/\/www.manaus.am.gov.br\/seminf\/recupera-asfalto-melhora-mobilidade\/\"]}]},{\"@type\":\"ImageObject\",\"inLanguage\":\"pt-BR\",\"@id\":\"https:\/\/www.manaus.am.gov.br\/seminf\/recupera-asfalto-melhora-mobilidade\/#primaryimage\",\"url\":\"https:\/\/www.manaus.am.gov.br\/seminf\/wp-content\/uploads\/sites\/6\/2026\/03\/Seminf-Recupera-Via-3.jpg\",\"contentUrl\":\"https:\/\/www.manaus.am.gov.br\/seminf\/wp-content\/uploads\/sites\/6\/2026\/03\/Seminf-Recupera-Via-3.jpg\",\"width\":1464,\"height\":976,\"caption\":\"#paratodosverem - equipe da prefeitura trabalhando na recupera\u00e7\u00e3o do asfaltamento\"},{\"@type\":\"WebSite\",\"@id\":\"https:\/\/www.manaus.am.gov.br\/seminf\/#website\",\"url\":\"https:\/\/www.manaus.am.gov.br\/seminf\/\",\"name\":\"Secretaria de Infraestrutura\",\"description\":\"Secretaria Municipal de Infraestrutura\",\"potentialAction\":[{\"@type\":\"SearchAction\",\"target\":{\"@type\":\"EntryPoint\",\"urlTemplate\":\"https:\/\/www.manaus.am.gov.br\/seminf\/?s={search_term_string}\"},\"query-input\":\"required name=search_term_string\"}],\"inLanguage\":\"pt-BR\"},{\"@type\":\"Person\",\"@id\":\"https:\/\/www.manaus.am.gov.br\/seminf\/#\/schema\/person\/ab4dcf766a54dff74e8d267f5c591961\",\"name\":\"smonteiro\",\"image\":{\"@type\":\"ImageObject\",\"inLanguage\":\"pt-BR\",\"@id\":\"https:\/\/www.manaus.am.gov.br\/seminf\/#\/schema\/person\/image\/\",\"url\":\"https:\/\/secure.gravatar.com\/avatar\/21c8776ef61d9272c73322052e042d77?s=96&d=mm&r=g\",\"contentUrl\":\"https:\/\/secure.gravatar.com\/avatar\/21c8776ef61d9272c73322052e042d77?s=96&d=mm&r=g\",\"caption\":\"smonteiro\"}}]}<\/script>\n<!-- \/ Yoast SEO plugin. -->","yoast_head_json":{"title":"Prefeitura de Manaus recupera asfalto em via de grande fluxo no bairro S\u00e3o Francisco e melhora mobilidade na zona Sul","description":"A Prefeitura de Manaus, por meio da Secretaria Municipal de Infraestrutura (Seminf), executou nesta segunda-feira, 9\/3, servi\u00e7os de recupera\u00e7\u00e3o asf\u00e1ltica em diferentes trechos da rua Franco da S\u00e1.","robots":{"index":"index","follow":"follow","max-snippet":"max-snippet:-1","max-image-preview":"max-image-preview:large","max-video-preview":"max-video-preview:-1"},"canonical":"https:\/\/www.manaus.am.gov.br\/seminf\/recupera-asfalto-melhora-mobilidade\/","og_locale":"pt_BR","og_type":"article","og_title":"Prefeitura de Manaus recupera asfalto em via de grande fluxo no bairro S\u00e3o Francisco e melhora mobilidade na zona Sul","og_description":"A Prefeitura de Manaus, por meio da Secretaria Municipal de Infraestrutura (Seminf), executou nesta segunda-feira, 9\/3, servi\u00e7os de recupera\u00e7\u00e3o asf\u00e1ltica em diferentes trechos da rua Franco da S\u00e1.","og_url":"https:\/\/www.manaus.am.gov.br\/seminf\/recupera-asfalto-melhora-mobilidade\/","og_site_name":"SEMINF","article_published_time":"2026-03-09T23:08:01+00:00","article_modified_time":"2026-03-10T16:54:12+00:00","og_image":[{"width":1464,"height":976,"url":"https:\/\/www.manaus.am.gov.br\/seminf\/wp-content\/uploads\/sites\/6\/2026\/03\/Seminf-Recupera-Via-3.jpg","type":"image\/jpeg"}],"author":"smonteiro","twitter_card":"summary_large_image","twitter_misc":{"Written by":"smonteiro","Est. reading time":"3 minutos"},"schema":{"@context":"https:\/\/schema.org","@graph":[{"@type":"WebPage","@id":"https:\/\/www.manaus.am.gov.br\/seminf\/recupera-asfalto-melhora-mobilidade\/","url":"https:\/\/www.manaus.am.gov.br\/seminf\/recupera-asfalto-melhora-mobilidade\/","name":"Prefeitura de Manaus recupera asfalto em via de grande fluxo no bairro S\u00e3o Francisco e melhora mobilidade na zona Sul","isPartOf":{"@id":"https:\/\/www.manaus.am.gov.br\/seminf\/#website"},"primaryImageOfPage":{"@id":"https:\/\/www.manaus.am.gov.br\/seminf\/recupera-asfalto-melhora-mobilidade\/#primaryimage"},"image":{"@id":"https:\/\/www.manaus.am.gov.br\/seminf\/recupera-asfalto-melhora-mobilidade\/#primaryimage"},"thumbnailUrl":"https:\/\/www.manaus.am.gov.br\/seminf\/wp-content\/uploads\/sites\/6\/2026\/03\/Seminf-Recupera-Via-3.jpg","datePublished":"2026-03-09T23:08:01+00:00","dateModified":"2026-03-10T16:54:12+00:00","author":{"@id":"https:\/\/www.manaus.am.gov.br\/seminf\/#\/schema\/person\/ab4dcf766a54dff74e8d267f5c591961"},"description":"A Prefeitura de Manaus, por meio da Secretaria Municipal de Infraestrutura (Seminf), executou nesta segunda-feira, 9\/3, servi\u00e7os de recupera\u00e7\u00e3o asf\u00e1ltica em diferentes trechos da rua Franco da S\u00e1.","inLanguage":"pt-BR","potentialAction":[{"@type":"ReadAction","target":["https:\/\/www.manaus.am.gov.br\/seminf\/recupera-asfalto-melhora-mobilidade\/"]}]},{"@type":"ImageObject","inLanguage":"pt-BR","@id":"https:\/\/www.manaus.am.gov.br\/seminf\/recupera-asfalto-melhora-mobilidade\/#primaryimage","url":"https:\/\/www.manaus.am.gov.br\/seminf\/wp-content\/uploads\/sites\/6\/2026\/03\/Seminf-Recupera-Via-3.jpg","contentUrl":"https:\/\/www.manaus.am.gov.br\/seminf\/wp-content\/uploads\/sites\/6\/2026\/03\/Seminf-Recupera-Via-3.jpg","width":1464,"height":976,"caption":"#paratodosverem - equipe da prefeitura trabalhando na recupera\u00e7\u00e3o do asfaltamento"},{"@type":"WebSite","@id":"https:\/\/www.manaus.am.gov.br\/seminf\/#website","url":"https:\/\/www.manaus.am.gov.br\/seminf\/","name":"Secretaria de Infraestrutura","description":"Secretaria Municipal de Infraestrutura","potentialAction":[{"@type":"SearchAction","target":{"@type":"EntryPoint","urlTemplate":"https:\/\/www.manaus.am.gov.br\/seminf\/?s={search_term_string}"},"query-input":"required name=search_term_string"}],"inLanguage":"pt-BR"},{"@type":"Person","@id":"https:\/\/www.manaus.am.gov.br\/seminf\/#\/schema\/person\/ab4dcf766a54dff74e8d267f5c591961","name":"smonteiro","image":{"@type":"ImageObject","inLanguage":"pt-BR","@id":"https:\/\/www.manaus.am.gov.br\/seminf\/#\/schema\/person\/image\/","url":"https:\/\/secure.gravatar.com\/avatar\/21c8776ef61d9272c73322052e042d77?s=96&d=mm&r=g","contentUrl":"https:\/\/secure.gravatar.com\/avatar\/21c8776ef61d9272c73322052e042d77?s=96&d=mm&r=g","caption":"smonteiro"}}]}},"_links":{"self":[{"href":"https:\/\/www.manaus.am.gov.br\/seminf\/wp-json\/wp\/v2\/posts\/8874"}],"collection":[{"href":"https:\/\/www.manaus.am.gov.br\/seminf\/wp-json\/wp\/v2\/posts"}],"about":[{"href":"https:\/\/www.manaus.am.gov.br\/seminf\/wp-json\/wp\/v2\/types\/post"}],"author":[{"embeddable":true,"href":"https:\/\/www.manaus.am.gov.br\/seminf\/wp-json\/wp\/v2\/users\/61"}],"replies":[{"embeddable":true,"href":"https:\/\/www.manaus.am.gov.br\/seminf\/wp-json\/wp\/v2\/comments?post=8874"}],"version-history":[{"count":5,"href":"https:\/\/www.manaus.am.gov.br\/seminf\/wp-json\/wp\/v2\/posts\/8874\/revisions"}],"predecessor-version":[{"id":8889,"href":"https:\/\/www.manaus.am.gov.br\/seminf\/wp-json\/wp\/v2\/posts\/8874\/revisions\/8889"}],"wp:featuredmedia":[{"embeddable":true,"href":"https:\/\/www.manaus.am.gov.br\/seminf\/wp-json\/wp\/v2\/media\/8876"}],"wp:attachment":[{"href":"https:\/\/www.manaus.am.gov.br\/seminf\/wp-json\/wp\/v2\/media?parent=8874"}],"wp:term":[{"taxonomy":"category","embeddable":true,"href":"https:\/\/www.manaus.am.gov.br\/seminf\/wp-json\/wp\/v2\/categories?post=8874"},{"taxonomy":"post_tag","embeddable":true,"href":"https:\/\/www.manaus.am.gov.br\/seminf\/wp-json\/wp\/v2\/tags?post=8874"}],"curies":[{"name":"wp","href":"https:\/\/api.w.org\/{rel}","templated":true}]}}