{"id":8870,"date":"2026-03-09T18:45:30","date_gmt":"2026-03-09T22:45:30","guid":{"rendered":"https:\/\/www.manaus.am.gov.br\/seminf\/recupera-drenagem-reforca-escoamento\/"},"modified":"2026-03-10T09:43:59","modified_gmt":"2026-03-10T13:43:59","slug":"recupera-drenagem-reforca-escoamento","status":"publish","type":"post","link":"https:\/\/www.manaus.am.gov.br\/seminf\/recupera-drenagem-reforca-escoamento\/","title":{"rendered":"Prefeitura de Manaus faz reparos em drenagem profunda e refor\u00e7a sistema de escoamento de \u00e1guas pluviais no conjunto Ajuricaba"},"content":{"rendered":"\n<p>A <a href=\"https:\/\/www.instagram.com\/prefeiturademanaus\/\">Prefeitura de Manaus, <\/a>por meio da Secretaria Municipal de Infraestrutura<a href=\"https:\/\/www.manaus.am.gov.br\/\"> (Seminf<\/a>), realizou nesta segunda-feira, 9\/3, uma importante interven\u00e7\u00e3o no sistema de drenagem profunda da travessa Belmonte, localizada no conjunto Ajuricaba, bairro Alvorada, zona Centro-Oeste da capital. A a\u00e7\u00e3o tem como objetivo melhorar o escoamento das \u00e1guas das chuvas e evitar transtornos causados pelo ac\u00famulo de \u00e1gua na via, garantindo mais seguran\u00e7a e qualidade de vida para os moradores da regi\u00e3o.<\/p>\n\n\n\n<p>A interven\u00e7\u00e3o faz parte do conjunto de obras de manuten\u00e7\u00e3o e recupera\u00e7\u00e3o da rede de drenagem da cidade, que s\u00e3o fundamentais para preservar a estrutura das vias e reduzir riscos de alagamentos, especialmente em per\u00edodos de chuvas mais intensas.<\/p>\n\n\n\n<p>De acordo com o vice-prefeito e secret\u00e1rio de Obras, Renato Junior, a atua\u00e7\u00e3o das equipes da prefeitura busca resolver problemas estruturais e oferecer mais tranquilidade para quem vive nos bairros da capital.<\/p>\n\n\n\n<p>\u201cQuando a drenagem apresenta falhas, quem sente primeiro \u00e9 o morador, com \u00e1gua acumulada, dificuldade de circula\u00e7\u00e3o e at\u00e9 danos nas vias. Por isso nossas equipes atuam para recuperar essas estruturas e garantir que o sistema volte a funcionar corretamente. \u00c9 um trabalho muitas vezes invis\u00edvel, porque acontece debaixo da terra, mas que faz toda a diferen\u00e7a no dia a dia da popula\u00e7\u00e3o, sobretudo na hora das fortes chuvas\u201d, destacou Renato Junior.<\/p>\n\n\n\n<p>Durante os servi\u00e7os, as equipes identificaram trechos da tubula\u00e7\u00e3o comprometidos pelo desgaste causado pelo grande volume de \u00e1guas pluviais, o que exigiu a substitui\u00e7\u00e3o da estrutura danificada para restabelecer a capacidade de escoamento do sistema.<\/p>\n\n\n\n<p>Nesta etapa da obra, os oper\u00e1rios tamb\u00e9m executam a recupera\u00e7\u00e3o completa da caixa coletora da travessa Belmonte, estrutura respons\u00e1vel por captar e direcionar as \u00e1guas da chuva para a rede de drenagem subterr\u00e2nea. A melhoria permitir\u00e1 que o sistema funcione com maior efici\u00eancia, evitando que a \u00e1gua se acumule na superf\u00edcie da via.<\/p>\n\n\n\n<p>Para quem vive ou circula pela regi\u00e3o, a interven\u00e7\u00e3o representa um avan\u00e7o importante para a infraestrutura do bairro. O taxista S\u00e9rgio de Souza, de 71 anos, destacou a expectativa positiva da comunidade com a obra.<\/p>\n\n\n\n<p>\u201cA gente que passa aqui todos os dias sabe como esse servi\u00e7o era necess\u00e1rio. Quando chovia, a \u00e1gua acabava acumulando e trazendo transtorno. Agora vendo a equipe trabalhando, a gente fica mais confiante de que o problema vai ser resolvido e que a rua vai ficar melhor para todos\u201d, comentou o taxista.<\/p>\n\n\n\n<p>Com interven\u00e7\u00f5es como a realizada no conjunto Ajuricaba, a Prefeitura de Manaus segue fortalecendo o sistema de drenagem da cidade e investindo em obras que contribuem para melhorar a mobilidade urbana, prevenir alagamentos e garantir mais qualidade de vida para a popula\u00e7\u00e3o nos bairros da capital.<\/p>\n\n\n\n<p>&#8212; &#8212; &#8212;<\/p>\n\n\n\n<p><strong>Texto<\/strong> \u2013 Maria Amed \/ Seminf<\/p>\n\n\n\n<p><strong>Fotos<\/strong> \u2013 M\u00e1rcio Melo \/ Seminf e Divulga\u00e7\u00e3o Seminf<\/p>\n","protected":false},"excerpt":{"rendered":"","protected":false},"author":61,"featured_media":8871,"comment_status":"closed","ping_status":"closed","sticky":false,"template":"","format":"standard","meta":{"footnotes":""},"categories":[3],"tags":[3144,47,22,43,26],"acf":[],"yoast_head":"<!-- This site is optimized with the Yoast SEO plugin v23.0 - https:\/\/yoast.com\/wordpress\/plugins\/seo\/ -->\n<title>Prefeitura de Manaus recupera drenagem profunda e refor\u00e7a sistema de escoamento de \u00e1guas pluviais no conjunto Ajuricaba<\/title>\n<meta name=\"description\" content=\"A Prefeitura de Manaus, por meio da Secretaria Municipal de Infraestrutura (Seminf), realizou nesta segunda-feira, 9\/3, uma importante interven\u00e7\u00e3o no sistema de drenagem profunda da travessa Belmonte.\" \/>\n<meta name=\"robots\" content=\"index, follow, max-snippet:-1, max-image-preview:large, max-video-preview:-1\" \/>\n<link rel=\"canonical\" href=\"https:\/\/www.manaus.am.gov.br\/seminf\/recupera-drenagem-reforca-escoamento\/\" \/>\n<meta property=\"og:locale\" content=\"pt_BR\" \/>\n<meta property=\"og:type\" content=\"article\" \/>\n<meta property=\"og:title\" content=\"Prefeitura de Manaus recupera drenagem profunda e refor\u00e7a sistema de escoamento de \u00e1guas pluviais no conjunto Ajuricaba\" \/>\n<meta property=\"og:description\" content=\"A Prefeitura de Manaus, por meio da Secretaria Municipal de Infraestrutura (Seminf), realizou nesta segunda-feira, 9\/3, uma importante interven\u00e7\u00e3o no sistema de drenagem profunda da travessa Belmonte.\" \/>\n<meta property=\"og:url\" content=\"https:\/\/www.manaus.am.gov.br\/seminf\/recupera-drenagem-reforca-escoamento\/\" \/>\n<meta property=\"og:site_name\" content=\"SEMINF\" \/>\n<meta property=\"article:published_time\" content=\"2026-03-09T22:45:30+00:00\" \/>\n<meta property=\"article:modified_time\" content=\"2026-03-10T13:43:59+00:00\" \/>\n<meta property=\"og:image\" content=\"https:\/\/www.manaus.am.gov.br\/seminf\/wp-content\/uploads\/sites\/6\/2026\/03\/Seminf-Ajuricaba-1.jpg\" \/>\n\t<meta property=\"og:image:width\" content=\"1464\" \/>\n\t<meta property=\"og:image:height\" content=\"976\" \/>\n\t<meta property=\"og:image:type\" content=\"image\/jpeg\" \/>\n<meta name=\"author\" content=\"smonteiro\" \/>\n<meta name=\"twitter:card\" content=\"summary_large_image\" \/>\n<meta name=\"twitter:label1\" content=\"Written by\" \/>\n\t<meta name=\"twitter:data1\" content=\"smonteiro\" \/>\n\t<meta name=\"twitter:label2\" content=\"Est. reading time\" \/>\n\t<meta name=\"twitter:data2\" content=\"3 minutos\" \/>\n<script type=\"application\/ld+json\" class=\"yoast-schema-graph\">{\"@context\":\"https:\/\/schema.org\",\"@graph\":[{\"@type\":\"WebPage\",\"@id\":\"https:\/\/www.manaus.am.gov.br\/seminf\/recupera-drenagem-reforca-escoamento\/\",\"url\":\"https:\/\/www.manaus.am.gov.br\/seminf\/recupera-drenagem-reforca-escoamento\/\",\"name\":\"Prefeitura de Manaus recupera drenagem profunda e refor\u00e7a sistema de escoamento de \u00e1guas pluviais no conjunto Ajuricaba\",\"isPartOf\":{\"@id\":\"https:\/\/www.manaus.am.gov.br\/seminf\/#website\"},\"primaryImageOfPage\":{\"@id\":\"https:\/\/www.manaus.am.gov.br\/seminf\/recupera-drenagem-reforca-escoamento\/#primaryimage\"},\"image\":{\"@id\":\"https:\/\/www.manaus.am.gov.br\/seminf\/recupera-drenagem-reforca-escoamento\/#primaryimage\"},\"thumbnailUrl\":\"https:\/\/www.manaus.am.gov.br\/seminf\/wp-content\/uploads\/sites\/6\/2026\/03\/Seminf-Ajuricaba-1.jpg\",\"datePublished\":\"2026-03-09T22:45:30+00:00\",\"dateModified\":\"2026-03-10T13:43:59+00:00\",\"author\":{\"@id\":\"https:\/\/www.manaus.am.gov.br\/seminf\/#\/schema\/person\/ab4dcf766a54dff74e8d267f5c591961\"},\"description\":\"A Prefeitura de Manaus, por meio da Secretaria Municipal de Infraestrutura (Seminf), realizou nesta segunda-feira, 9\/3, uma importante interven\u00e7\u00e3o no sistema de drenagem profunda da travessa Belmonte.\",\"inLanguage\":\"pt-BR\",\"potentialAction\":[{\"@type\":\"ReadAction\",\"target\":[\"https:\/\/www.manaus.am.gov.br\/seminf\/recupera-drenagem-reforca-escoamento\/\"]}]},{\"@type\":\"ImageObject\",\"inLanguage\":\"pt-BR\",\"@id\":\"https:\/\/www.manaus.am.gov.br\/seminf\/recupera-drenagem-reforca-escoamento\/#primaryimage\",\"url\":\"https:\/\/www.manaus.am.gov.br\/seminf\/wp-content\/uploads\/sites\/6\/2026\/03\/Seminf-Ajuricaba-1.jpg\",\"contentUrl\":\"https:\/\/www.manaus.am.gov.br\/seminf\/wp-content\/uploads\/sites\/6\/2026\/03\/Seminf-Ajuricaba-1.jpg\",\"width\":1464,\"height\":976,\"caption\":\"#paratodosverem - servidores da prefeitura trabalham na substitui\u00e7\u00e3o da tubula\u00e7\u00e3o\"},{\"@type\":\"WebSite\",\"@id\":\"https:\/\/www.manaus.am.gov.br\/seminf\/#website\",\"url\":\"https:\/\/www.manaus.am.gov.br\/seminf\/\",\"name\":\"Secretaria de Infraestrutura\",\"description\":\"Secretaria Municipal de Infraestrutura\",\"potentialAction\":[{\"@type\":\"SearchAction\",\"target\":{\"@type\":\"EntryPoint\",\"urlTemplate\":\"https:\/\/www.manaus.am.gov.br\/seminf\/?s={search_term_string}\"},\"query-input\":\"required name=search_term_string\"}],\"inLanguage\":\"pt-BR\"},{\"@type\":\"Person\",\"@id\":\"https:\/\/www.manaus.am.gov.br\/seminf\/#\/schema\/person\/ab4dcf766a54dff74e8d267f5c591961\",\"name\":\"smonteiro\",\"image\":{\"@type\":\"ImageObject\",\"inLanguage\":\"pt-BR\",\"@id\":\"https:\/\/www.manaus.am.gov.br\/seminf\/#\/schema\/person\/image\/\",\"url\":\"https:\/\/secure.gravatar.com\/avatar\/21c8776ef61d9272c73322052e042d77?s=96&d=mm&r=g\",\"contentUrl\":\"https:\/\/secure.gravatar.com\/avatar\/21c8776ef61d9272c73322052e042d77?s=96&d=mm&r=g\",\"caption\":\"smonteiro\"}}]}<\/script>\n<!-- \/ Yoast SEO plugin. -->","yoast_head_json":{"title":"Prefeitura de Manaus recupera drenagem profunda e refor\u00e7a sistema de escoamento de \u00e1guas pluviais no conjunto Ajuricaba","description":"A Prefeitura de Manaus, por meio da Secretaria Municipal de Infraestrutura (Seminf), realizou nesta segunda-feira, 9\/3, uma importante interven\u00e7\u00e3o no sistema de drenagem profunda da travessa Belmonte.","robots":{"index":"index","follow":"follow","max-snippet":"max-snippet:-1","max-image-preview":"max-image-preview:large","max-video-preview":"max-video-preview:-1"},"canonical":"https:\/\/www.manaus.am.gov.br\/seminf\/recupera-drenagem-reforca-escoamento\/","og_locale":"pt_BR","og_type":"article","og_title":"Prefeitura de Manaus recupera drenagem profunda e refor\u00e7a sistema de escoamento de \u00e1guas pluviais no conjunto Ajuricaba","og_description":"A Prefeitura de Manaus, por meio da Secretaria Municipal de Infraestrutura (Seminf), realizou nesta segunda-feira, 9\/3, uma importante interven\u00e7\u00e3o no sistema de drenagem profunda da travessa Belmonte.","og_url":"https:\/\/www.manaus.am.gov.br\/seminf\/recupera-drenagem-reforca-escoamento\/","og_site_name":"SEMINF","article_published_time":"2026-03-09T22:45:30+00:00","article_modified_time":"2026-03-10T13:43:59+00:00","og_image":[{"width":1464,"height":976,"url":"https:\/\/www.manaus.am.gov.br\/seminf\/wp-content\/uploads\/sites\/6\/2026\/03\/Seminf-Ajuricaba-1.jpg","type":"image\/jpeg"}],"author":"smonteiro","twitter_card":"summary_large_image","twitter_misc":{"Written by":"smonteiro","Est. reading time":"3 minutos"},"schema":{"@context":"https:\/\/schema.org","@graph":[{"@type":"WebPage","@id":"https:\/\/www.manaus.am.gov.br\/seminf\/recupera-drenagem-reforca-escoamento\/","url":"https:\/\/www.manaus.am.gov.br\/seminf\/recupera-drenagem-reforca-escoamento\/","name":"Prefeitura de Manaus recupera drenagem profunda e refor\u00e7a sistema de escoamento de \u00e1guas pluviais no conjunto Ajuricaba","isPartOf":{"@id":"https:\/\/www.manaus.am.gov.br\/seminf\/#website"},"primaryImageOfPage":{"@id":"https:\/\/www.manaus.am.gov.br\/seminf\/recupera-drenagem-reforca-escoamento\/#primaryimage"},"image":{"@id":"https:\/\/www.manaus.am.gov.br\/seminf\/recupera-drenagem-reforca-escoamento\/#primaryimage"},"thumbnailUrl":"https:\/\/www.manaus.am.gov.br\/seminf\/wp-content\/uploads\/sites\/6\/2026\/03\/Seminf-Ajuricaba-1.jpg","datePublished":"2026-03-09T22:45:30+00:00","dateModified":"2026-03-10T13:43:59+00:00","author":{"@id":"https:\/\/www.manaus.am.gov.br\/seminf\/#\/schema\/person\/ab4dcf766a54dff74e8d267f5c591961"},"description":"A Prefeitura de Manaus, por meio da Secretaria Municipal de Infraestrutura (Seminf), realizou nesta segunda-feira, 9\/3, uma importante interven\u00e7\u00e3o no sistema de drenagem profunda da travessa Belmonte.","inLanguage":"pt-BR","potentialAction":[{"@type":"ReadAction","target":["https:\/\/www.manaus.am.gov.br\/seminf\/recupera-drenagem-reforca-escoamento\/"]}]},{"@type":"ImageObject","inLanguage":"pt-BR","@id":"https:\/\/www.manaus.am.gov.br\/seminf\/recupera-drenagem-reforca-escoamento\/#primaryimage","url":"https:\/\/www.manaus.am.gov.br\/seminf\/wp-content\/uploads\/sites\/6\/2026\/03\/Seminf-Ajuricaba-1.jpg","contentUrl":"https:\/\/www.manaus.am.gov.br\/seminf\/wp-content\/uploads\/sites\/6\/2026\/03\/Seminf-Ajuricaba-1.jpg","width":1464,"height":976,"caption":"#paratodosverem - servidores da prefeitura trabalham na substitui\u00e7\u00e3o da tubula\u00e7\u00e3o"},{"@type":"WebSite","@id":"https:\/\/www.manaus.am.gov.br\/seminf\/#website","url":"https:\/\/www.manaus.am.gov.br\/seminf\/","name":"Secretaria de Infraestrutura","description":"Secretaria Municipal de Infraestrutura","potentialAction":[{"@type":"SearchAction","target":{"@type":"EntryPoint","urlTemplate":"https:\/\/www.manaus.am.gov.br\/seminf\/?s={search_term_string}"},"query-input":"required name=search_term_string"}],"inLanguage":"pt-BR"},{"@type":"Person","@id":"https:\/\/www.manaus.am.gov.br\/seminf\/#\/schema\/person\/ab4dcf766a54dff74e8d267f5c591961","name":"smonteiro","image":{"@type":"ImageObject","inLanguage":"pt-BR","@id":"https:\/\/www.manaus.am.gov.br\/seminf\/#\/schema\/person\/image\/","url":"https:\/\/secure.gravatar.com\/avatar\/21c8776ef61d9272c73322052e042d77?s=96&d=mm&r=g","contentUrl":"https:\/\/secure.gravatar.com\/avatar\/21c8776ef61d9272c73322052e042d77?s=96&d=mm&r=g","caption":"smonteiro"}}]}},"_links":{"self":[{"href":"https:\/\/www.manaus.am.gov.br\/seminf\/wp-json\/wp\/v2\/posts\/8870"}],"collection":[{"href":"https:\/\/www.manaus.am.gov.br\/seminf\/wp-json\/wp\/v2\/posts"}],"about":[{"href":"https:\/\/www.manaus.am.gov.br\/seminf\/wp-json\/wp\/v2\/types\/post"}],"author":[{"embeddable":true,"href":"https:\/\/www.manaus.am.gov.br\/seminf\/wp-json\/wp\/v2\/users\/61"}],"replies":[{"embeddable":true,"href":"https:\/\/www.manaus.am.gov.br\/seminf\/wp-json\/wp\/v2\/comments?post=8870"}],"version-history":[{"count":1,"href":"https:\/\/www.manaus.am.gov.br\/seminf\/wp-json\/wp\/v2\/posts\/8870\/revisions"}],"predecessor-version":[{"id":8880,"href":"https:\/\/www.manaus.am.gov.br\/seminf\/wp-json\/wp\/v2\/posts\/8870\/revisions\/8880"}],"wp:featuredmedia":[{"embeddable":true,"href":"https:\/\/www.manaus.am.gov.br\/seminf\/wp-json\/wp\/v2\/media\/8871"}],"wp:attachment":[{"href":"https:\/\/www.manaus.am.gov.br\/seminf\/wp-json\/wp\/v2\/media?parent=8870"}],"wp:term":[{"taxonomy":"category","embeddable":true,"href":"https:\/\/www.manaus.am.gov.br\/seminf\/wp-json\/wp\/v2\/categories?post=8870"},{"taxonomy":"post_tag","embeddable":true,"href":"https:\/\/www.manaus.am.gov.br\/seminf\/wp-json\/wp\/v2\/tags?post=8870"}],"curies":[{"name":"wp","href":"https:\/\/api.w.org\/{rel}","templated":true}]}}