{"id":8865,"date":"2026-03-09T18:30:31","date_gmt":"2026-03-09T22:30:31","guid":{"rendered":"https:\/\/www.manaus.am.gov.br\/seminf\/recupera-drenagem-flores\/"},"modified":"2026-03-10T09:44:56","modified_gmt":"2026-03-10T13:44:56","slug":"recupera-drenagem-flores","status":"publish","type":"post","link":"https:\/\/www.manaus.am.gov.br\/seminf\/recupera-drenagem-flores\/","title":{"rendered":"Prefeitura de Manaus substitui 250 metros de drenagem profunda no bairro Flores para refor\u00e7ar sistema de escoamento e prevenir alagamentos"},"content":{"rendered":"\n<p>A<a href=\"https:\/\/www.instagram.com\/prefeiturademanaus\/\"> Prefeitura de Manaus<\/a>, por meio da Secretaria Municipal de Infraestrutura<a href=\"https:\/\/www.manaus.am.gov.br\/\"> (Semin<\/a>f), realiza uma importante obra de recupera\u00e7\u00e3o de drenagem profunda na rua Arax\u00e1, no conjunto Duque de Caxias, bairro Flores, zona Centro-Sul da capital. A interven\u00e7\u00e3o contempla cerca de 250 metros de extens\u00e3o e tem como objetivo principal solucionar problemas de escoamento da \u00e1gua da chuva que afetavam diretamente a rotina dos moradores.<\/p>\n\n\n\n<p>A obra, que exige escava\u00e7\u00e3o profunda para alcan\u00e7ar a rede subterr\u00e2nea, faz parte das a\u00e7\u00f5es estruturantes do munic\u00edpio para prevenir alagamentos e garantir mais seguran\u00e7a e mobilidade para quem vive e circula pela regi\u00e3o. Com a substitui\u00e7\u00e3o da tubula\u00e7\u00e3o antiga, o novo sistema ter\u00e1 maior capacidade de vaz\u00e3o, permitindo que a \u00e1gua das chuvas seja direcionada de forma mais eficiente para as galerias pluviais.<\/p>\n\n\n\n<p>Segundo o vice-prefeito e secret\u00e1rio de Obras, Renato Junior, esse tipo de interven\u00e7\u00e3o \u00e9 essencial para resolver problemas hist\u00f3ricos de drenagem que impactam diretamente a vida da popula\u00e7\u00e3o.<\/p>\n\n\n\n<p>\u201cSabemos que uma obra como essa causa transtornos moment\u00e2neos, porque \u00e9 preciso abrir a via para alcan\u00e7ar a rede subterr\u00e2nea. Mas \u00e9 um servi\u00e7o necess\u00e1rio para resolver o problema de verdade. Estamos substituindo tubula\u00e7\u00f5es antigas por estruturas mais modernas e resistentes, ampliando a capacidade de escoamento da \u00e1gua da chuva e evitando que os moradores sofram com alagamentos no futuro. Nosso compromisso \u00e9 trabalhar para dar uma solu\u00e7\u00e3o definitiva e proporcionar a tranquilidade para quem vive aqui\u201d, destacou Renato Junior.<\/p>\n\n\n\n<p>Durante os servi\u00e7os, as equipes realizaram a substitui\u00e7\u00e3o de tubos de 40 cent\u00edmetros por tubula\u00e7\u00f5es de 60 cent\u00edmetros de di\u00e2metro, fabricadas com material mais resistente e refor\u00e7ado com ferro, o que aumenta a durabilidade da rede e melhora significativamente o fluxo das \u00e1guas pluviais.<\/p>\n\n\n\n<p>Os trabalhos s\u00e3o executados por etapas para reduzir impactos na circula\u00e7\u00e3o da via. Cerca de 50 metros de rede j\u00e1 foram recuperados, e as equipes seguem avan\u00e7ando com os demais trechos para concluir a interven\u00e7\u00e3o com agilidade e restabelecer plenamente o tr\u00e1fego no local.<\/p>\n\n\n\n<p>Moradora da \u00e1rea h\u00e1 v\u00e1rios anos, a pedagoga Mirza Garcia, de 63 anos, acompanha de perto o andamento da obra e acredita que a melhoria vai trazer mais tranquilidade para a comunidade.<\/p>\n\n\n<div class=\"wp-block-image\">\n<figure class=\"aligncenter size-large\"><img loading=\"lazy\" decoding=\"async\" width=\"1024\" height=\"768\" src=\"https:\/\/www.manaus.am.gov.br\/seminf\/wp-content\/uploads\/sites\/6\/2026\/03\/Seminf-Flores-3-1024x768.jpg\" alt=\"\" class=\"wp-image-8867\" srcset=\"https:\/\/www.manaus.am.gov.br\/seminf\/wp-content\/uploads\/sites\/6\/2026\/03\/Seminf-Flores-3-1024x768.jpg 1024w, https:\/\/www.manaus.am.gov.br\/seminf\/wp-content\/uploads\/sites\/6\/2026\/03\/Seminf-Flores-3-300x225.jpg 300w, https:\/\/www.manaus.am.gov.br\/seminf\/wp-content\/uploads\/sites\/6\/2026\/03\/Seminf-Flores-3-768x576.jpg 768w, https:\/\/www.manaus.am.gov.br\/seminf\/wp-content\/uploads\/sites\/6\/2026\/03\/Seminf-Flores-3.jpg 1112w\" sizes=\"(max-width: 1024px) 100vw, 1024px\" \/><figcaption class=\"wp-element-caption\">#paratodosverem &#8211; a moradora observa o trabalho realizado pela Prefeitura<\/figcaption><\/figure><\/div>\n\n\n<p>\u201cA gente sabe que obra mexe com a rotina da rua, mas era algo que precisava ser feito. Aqui quando chovia forte ficava complicado. Agora estamos vendo as equipes trabalhando e isso d\u00e1 esperan\u00e7a de que o problema vai ser resolvido de vez. A comunidade est\u00e1 agradecida\u201d, afirmou a moradora.<\/p>\n\n\n\n<p>Com obras estruturais como a da rua Arax\u00e1, a Prefeitura de Manaus segue avan\u00e7ando em interven\u00e7\u00f5es de drenagem profunda em diferentes zonas da cidade, garantindo infraestrutura mais eficiente, prevenindo alagamentos e promovendo mais qualidade de vida para a popula\u00e7\u00e3o.<\/p>\n\n\n\n<p>&#8212; &#8212; &#8212;<\/p>\n\n\n\n<p><strong>Texto<\/strong> \u2013 Eduarda Lira \/ Seminf<\/p>\n\n\n\n<p><strong>Fotos <\/strong>\u2013 M\u00e1rcio Melo \/ Seminf<\/p>\n","protected":false},"excerpt":{"rendered":"","protected":false},"author":61,"featured_media":8868,"comment_status":"closed","ping_status":"closed","sticky":false,"template":"","format":"standard","meta":{"footnotes":""},"categories":[3],"tags":[47,43,3145,26,3143],"acf":[],"yoast_head":"<!-- This site is optimized with the Yoast SEO plugin v23.0 - https:\/\/yoast.com\/wordpress\/plugins\/seo\/ -->\n<title>Prefeitura de Manaus recupera 250 metros de drenagem profunda no bairro Flores para refor\u00e7ar sistema de escoamento e prevenir alagamentos<\/title>\n<meta name=\"description\" content=\"A Prefeitura de Manaus, por meio da Secretaria Municipal de Infraestrutura (Seminf), realiza uma importante obra de recupera\u00e7\u00e3o de drenagem profunda na rua Arax\u00e1, no conjunto Duque de Caxias, bairro Flores\" \/>\n<meta name=\"robots\" content=\"index, follow, max-snippet:-1, max-image-preview:large, max-video-preview:-1\" \/>\n<link rel=\"canonical\" href=\"https:\/\/www.manaus.am.gov.br\/seminf\/recupera-drenagem-flores\/\" \/>\n<meta property=\"og:locale\" content=\"pt_BR\" \/>\n<meta property=\"og:type\" content=\"article\" \/>\n<meta property=\"og:title\" content=\"Prefeitura de Manaus recupera 250 metros de drenagem profunda no bairro Flores para refor\u00e7ar sistema de escoamento e prevenir alagamentos\" \/>\n<meta property=\"og:description\" content=\"A Prefeitura de Manaus, por meio da Secretaria Municipal de Infraestrutura (Seminf), realiza uma importante obra de recupera\u00e7\u00e3o de drenagem profunda na rua Arax\u00e1, no conjunto Duque de Caxias, bairro Flores\" \/>\n<meta property=\"og:url\" content=\"https:\/\/www.manaus.am.gov.br\/seminf\/recupera-drenagem-flores\/\" \/>\n<meta property=\"og:site_name\" content=\"SEMINF\" \/>\n<meta property=\"article:published_time\" content=\"2026-03-09T22:30:31+00:00\" \/>\n<meta property=\"article:modified_time\" content=\"2026-03-10T13:44:56+00:00\" \/>\n<meta property=\"og:image\" content=\"https:\/\/www.manaus.am.gov.br\/seminf\/wp-content\/uploads\/sites\/6\/2026\/03\/Seminf-Flores-1.jpg\" \/>\n\t<meta property=\"og:image:width\" content=\"1464\" \/>\n\t<meta property=\"og:image:height\" content=\"976\" \/>\n\t<meta property=\"og:image:type\" content=\"image\/jpeg\" \/>\n<meta name=\"author\" content=\"smonteiro\" \/>\n<meta name=\"twitter:card\" content=\"summary_large_image\" \/>\n<meta name=\"twitter:label1\" content=\"Written by\" \/>\n\t<meta name=\"twitter:data1\" content=\"smonteiro\" \/>\n\t<meta name=\"twitter:label2\" content=\"Est. reading time\" \/>\n\t<meta name=\"twitter:data2\" content=\"3 minutos\" \/>\n<script type=\"application\/ld+json\" class=\"yoast-schema-graph\">{\"@context\":\"https:\/\/schema.org\",\"@graph\":[{\"@type\":\"WebPage\",\"@id\":\"https:\/\/www.manaus.am.gov.br\/seminf\/recupera-drenagem-flores\/\",\"url\":\"https:\/\/www.manaus.am.gov.br\/seminf\/recupera-drenagem-flores\/\",\"name\":\"Prefeitura de Manaus recupera 250 metros de drenagem profunda no bairro Flores para refor\u00e7ar sistema de escoamento e prevenir alagamentos\",\"isPartOf\":{\"@id\":\"https:\/\/www.manaus.am.gov.br\/seminf\/#website\"},\"primaryImageOfPage\":{\"@id\":\"https:\/\/www.manaus.am.gov.br\/seminf\/recupera-drenagem-flores\/#primaryimage\"},\"image\":{\"@id\":\"https:\/\/www.manaus.am.gov.br\/seminf\/recupera-drenagem-flores\/#primaryimage\"},\"thumbnailUrl\":\"https:\/\/www.manaus.am.gov.br\/seminf\/wp-content\/uploads\/sites\/6\/2026\/03\/Seminf-Flores-1.jpg\",\"datePublished\":\"2026-03-09T22:30:31+00:00\",\"dateModified\":\"2026-03-10T13:44:56+00:00\",\"author\":{\"@id\":\"https:\/\/www.manaus.am.gov.br\/seminf\/#\/schema\/person\/ab4dcf766a54dff74e8d267f5c591961\"},\"description\":\"A Prefeitura de Manaus, por meio da Secretaria Municipal de Infraestrutura (Seminf), realiza uma importante obra de recupera\u00e7\u00e3o de drenagem profunda na rua Arax\u00e1, no conjunto Duque de Caxias, bairro Flores\",\"inLanguage\":\"pt-BR\",\"potentialAction\":[{\"@type\":\"ReadAction\",\"target\":[\"https:\/\/www.manaus.am.gov.br\/seminf\/recupera-drenagem-flores\/\"]}]},{\"@type\":\"ImageObject\",\"inLanguage\":\"pt-BR\",\"@id\":\"https:\/\/www.manaus.am.gov.br\/seminf\/recupera-drenagem-flores\/#primaryimage\",\"url\":\"https:\/\/www.manaus.am.gov.br\/seminf\/wp-content\/uploads\/sites\/6\/2026\/03\/Seminf-Flores-1.jpg\",\"contentUrl\":\"https:\/\/www.manaus.am.gov.br\/seminf\/wp-content\/uploads\/sites\/6\/2026\/03\/Seminf-Flores-1.jpg\",\"width\":1464,\"height\":976,\"caption\":\"#paratodosvrem - Prefeitura realiza a troca de tubula\u00e7\u00e3o para prevenir alagamentos\"},{\"@type\":\"WebSite\",\"@id\":\"https:\/\/www.manaus.am.gov.br\/seminf\/#website\",\"url\":\"https:\/\/www.manaus.am.gov.br\/seminf\/\",\"name\":\"Secretaria de Infraestrutura\",\"description\":\"Secretaria Municipal de Infraestrutura\",\"potentialAction\":[{\"@type\":\"SearchAction\",\"target\":{\"@type\":\"EntryPoint\",\"urlTemplate\":\"https:\/\/www.manaus.am.gov.br\/seminf\/?s={search_term_string}\"},\"query-input\":\"required name=search_term_string\"}],\"inLanguage\":\"pt-BR\"},{\"@type\":\"Person\",\"@id\":\"https:\/\/www.manaus.am.gov.br\/seminf\/#\/schema\/person\/ab4dcf766a54dff74e8d267f5c591961\",\"name\":\"smonteiro\",\"image\":{\"@type\":\"ImageObject\",\"inLanguage\":\"pt-BR\",\"@id\":\"https:\/\/www.manaus.am.gov.br\/seminf\/#\/schema\/person\/image\/\",\"url\":\"https:\/\/secure.gravatar.com\/avatar\/21c8776ef61d9272c73322052e042d77?s=96&d=mm&r=g\",\"contentUrl\":\"https:\/\/secure.gravatar.com\/avatar\/21c8776ef61d9272c73322052e042d77?s=96&d=mm&r=g\",\"caption\":\"smonteiro\"}}]}<\/script>\n<!-- \/ Yoast SEO plugin. -->","yoast_head_json":{"title":"Prefeitura de Manaus recupera 250 metros de drenagem profunda no bairro Flores para refor\u00e7ar sistema de escoamento e prevenir alagamentos","description":"A Prefeitura de Manaus, por meio da Secretaria Municipal de Infraestrutura (Seminf), realiza uma importante obra de recupera\u00e7\u00e3o de drenagem profunda na rua Arax\u00e1, no conjunto Duque de Caxias, bairro Flores","robots":{"index":"index","follow":"follow","max-snippet":"max-snippet:-1","max-image-preview":"max-image-preview:large","max-video-preview":"max-video-preview:-1"},"canonical":"https:\/\/www.manaus.am.gov.br\/seminf\/recupera-drenagem-flores\/","og_locale":"pt_BR","og_type":"article","og_title":"Prefeitura de Manaus recupera 250 metros de drenagem profunda no bairro Flores para refor\u00e7ar sistema de escoamento e prevenir alagamentos","og_description":"A Prefeitura de Manaus, por meio da Secretaria Municipal de Infraestrutura (Seminf), realiza uma importante obra de recupera\u00e7\u00e3o de drenagem profunda na rua Arax\u00e1, no conjunto Duque de Caxias, bairro Flores","og_url":"https:\/\/www.manaus.am.gov.br\/seminf\/recupera-drenagem-flores\/","og_site_name":"SEMINF","article_published_time":"2026-03-09T22:30:31+00:00","article_modified_time":"2026-03-10T13:44:56+00:00","og_image":[{"width":1464,"height":976,"url":"https:\/\/www.manaus.am.gov.br\/seminf\/wp-content\/uploads\/sites\/6\/2026\/03\/Seminf-Flores-1.jpg","type":"image\/jpeg"}],"author":"smonteiro","twitter_card":"summary_large_image","twitter_misc":{"Written by":"smonteiro","Est. reading time":"3 minutos"},"schema":{"@context":"https:\/\/schema.org","@graph":[{"@type":"WebPage","@id":"https:\/\/www.manaus.am.gov.br\/seminf\/recupera-drenagem-flores\/","url":"https:\/\/www.manaus.am.gov.br\/seminf\/recupera-drenagem-flores\/","name":"Prefeitura de Manaus recupera 250 metros de drenagem profunda no bairro Flores para refor\u00e7ar sistema de escoamento e prevenir alagamentos","isPartOf":{"@id":"https:\/\/www.manaus.am.gov.br\/seminf\/#website"},"primaryImageOfPage":{"@id":"https:\/\/www.manaus.am.gov.br\/seminf\/recupera-drenagem-flores\/#primaryimage"},"image":{"@id":"https:\/\/www.manaus.am.gov.br\/seminf\/recupera-drenagem-flores\/#primaryimage"},"thumbnailUrl":"https:\/\/www.manaus.am.gov.br\/seminf\/wp-content\/uploads\/sites\/6\/2026\/03\/Seminf-Flores-1.jpg","datePublished":"2026-03-09T22:30:31+00:00","dateModified":"2026-03-10T13:44:56+00:00","author":{"@id":"https:\/\/www.manaus.am.gov.br\/seminf\/#\/schema\/person\/ab4dcf766a54dff74e8d267f5c591961"},"description":"A Prefeitura de Manaus, por meio da Secretaria Municipal de Infraestrutura (Seminf), realiza uma importante obra de recupera\u00e7\u00e3o de drenagem profunda na rua Arax\u00e1, no conjunto Duque de Caxias, bairro Flores","inLanguage":"pt-BR","potentialAction":[{"@type":"ReadAction","target":["https:\/\/www.manaus.am.gov.br\/seminf\/recupera-drenagem-flores\/"]}]},{"@type":"ImageObject","inLanguage":"pt-BR","@id":"https:\/\/www.manaus.am.gov.br\/seminf\/recupera-drenagem-flores\/#primaryimage","url":"https:\/\/www.manaus.am.gov.br\/seminf\/wp-content\/uploads\/sites\/6\/2026\/03\/Seminf-Flores-1.jpg","contentUrl":"https:\/\/www.manaus.am.gov.br\/seminf\/wp-content\/uploads\/sites\/6\/2026\/03\/Seminf-Flores-1.jpg","width":1464,"height":976,"caption":"#paratodosvrem - Prefeitura realiza a troca de tubula\u00e7\u00e3o para prevenir alagamentos"},{"@type":"WebSite","@id":"https:\/\/www.manaus.am.gov.br\/seminf\/#website","url":"https:\/\/www.manaus.am.gov.br\/seminf\/","name":"Secretaria de Infraestrutura","description":"Secretaria Municipal de Infraestrutura","potentialAction":[{"@type":"SearchAction","target":{"@type":"EntryPoint","urlTemplate":"https:\/\/www.manaus.am.gov.br\/seminf\/?s={search_term_string}"},"query-input":"required name=search_term_string"}],"inLanguage":"pt-BR"},{"@type":"Person","@id":"https:\/\/www.manaus.am.gov.br\/seminf\/#\/schema\/person\/ab4dcf766a54dff74e8d267f5c591961","name":"smonteiro","image":{"@type":"ImageObject","inLanguage":"pt-BR","@id":"https:\/\/www.manaus.am.gov.br\/seminf\/#\/schema\/person\/image\/","url":"https:\/\/secure.gravatar.com\/avatar\/21c8776ef61d9272c73322052e042d77?s=96&d=mm&r=g","contentUrl":"https:\/\/secure.gravatar.com\/avatar\/21c8776ef61d9272c73322052e042d77?s=96&d=mm&r=g","caption":"smonteiro"}}]}},"_links":{"self":[{"href":"https:\/\/www.manaus.am.gov.br\/seminf\/wp-json\/wp\/v2\/posts\/8865"}],"collection":[{"href":"https:\/\/www.manaus.am.gov.br\/seminf\/wp-json\/wp\/v2\/posts"}],"about":[{"href":"https:\/\/www.manaus.am.gov.br\/seminf\/wp-json\/wp\/v2\/types\/post"}],"author":[{"embeddable":true,"href":"https:\/\/www.manaus.am.gov.br\/seminf\/wp-json\/wp\/v2\/users\/61"}],"replies":[{"embeddable":true,"href":"https:\/\/www.manaus.am.gov.br\/seminf\/wp-json\/wp\/v2\/comments?post=8865"}],"version-history":[{"count":3,"href":"https:\/\/www.manaus.am.gov.br\/seminf\/wp-json\/wp\/v2\/posts\/8865\/revisions"}],"predecessor-version":[{"id":8882,"href":"https:\/\/www.manaus.am.gov.br\/seminf\/wp-json\/wp\/v2\/posts\/8865\/revisions\/8882"}],"wp:featuredmedia":[{"embeddable":true,"href":"https:\/\/www.manaus.am.gov.br\/seminf\/wp-json\/wp\/v2\/media\/8868"}],"wp:attachment":[{"href":"https:\/\/www.manaus.am.gov.br\/seminf\/wp-json\/wp\/v2\/media?parent=8865"}],"wp:term":[{"taxonomy":"category","embeddable":true,"href":"https:\/\/www.manaus.am.gov.br\/seminf\/wp-json\/wp\/v2\/categories?post=8865"},{"taxonomy":"post_tag","embeddable":true,"href":"https:\/\/www.manaus.am.gov.br\/seminf\/wp-json\/wp\/v2\/tags?post=8865"}],"curies":[{"name":"wp","href":"https:\/\/api.w.org\/{rel}","templated":true}]}}