{"id":8857,"date":"2026-03-09T17:26:56","date_gmt":"2026-03-09T21:26:56","guid":{"rendered":"https:\/\/www.manaus.am.gov.br\/seminf\/recupera-via-zona-norte\/"},"modified":"2026-03-10T12:44:59","modified_gmt":"2026-03-10T16:44:59","slug":"recuperacao-asfaltica-via-zona-norte","status":"publish","type":"post","link":"https:\/\/www.manaus.am.gov.br\/seminf\/recuperacao-asfaltica-via-zona-norte\/","title":{"rendered":"Prefeitura de Manaus requalifica via no Campo Dourado e melhora mobilidade na zona Norte"},"content":{"rendered":"\n<p>Moradores e condutores que circulam pelo loteamento Campo Dourado, no bairro Cidade Nova, zona Norte de Manaus, j\u00e1 come\u00e7am a perceber as melhorias na mobilidade da \u00e1rea com os servi\u00e7os de recupera\u00e7\u00e3o asf\u00e1ltica executados pela <a href=\"https:\/\/www.manaus.am.gov.br\/\">Prefeitura de Manaus<\/a>, por meio da <a href=\"https:\/\/www.instagram.com\/seminf.manaus\/\">Secretaria Municipal de Infraestrutura<\/a> (Seminf). Nesta segunda-feira, 9\/3, as equipes atuam na rua Durango, uma das vias importantes para o fluxo de ve\u00edculos e transporte p\u00fablico da regi\u00e3o.<\/p>\n\n\n\n<p>A interven\u00e7\u00e3o faz parte do trabalho cont\u00ednuo de manuten\u00e7\u00e3o da malha vi\u00e1ria realizado pela prefeitura em diferentes bairros da capital, recuperando trechos comprometidos pelo intenso tr\u00e1fego de ve\u00edculos e garantindo mais seguran\u00e7a e fluidez no tr\u00e2nsito para moradores, trabalhadores e comerciantes da \u00e1rea.<\/p>\n\n\n\n<p>O vice-prefeito e secret\u00e1rio de Obras, Renato Junior, destaca que as frentes de servi\u00e7o seguem avan\u00e7ando em regi\u00f5es estrat\u00e9gicas da cidade, especialmente em \u00e1reas com grande circula\u00e7\u00e3o de ve\u00edculos. \u201cA zona Norte tem um fluxo muito intenso de ve\u00edculos, inclusive transporte p\u00fablico e carros pesados, o que acaba desgastando o pavimento com mais rapidez. Por isso estamos refor\u00e7ando nossas equipes nessas \u00e1reas, recuperando as vias e garantindo melhores condi\u00e7\u00f5es de mobilidade para a popula\u00e7\u00e3o\u201d, afirmou Renato Junior.<\/p>\n\n\n<div class=\"wp-block-image\">\n<figure class=\"aligncenter size-large\"><img loading=\"lazy\" decoding=\"async\" width=\"1024\" height=\"683\" src=\"https:\/\/www.manaus.am.gov.br\/seminf\/wp-content\/uploads\/sites\/6\/2026\/03\/Seminf-Campo-Dourado-3-1024x683.jpg\" alt=\"\" class=\"wp-image-8859\" srcset=\"https:\/\/www.manaus.am.gov.br\/seminf\/wp-content\/uploads\/sites\/6\/2026\/03\/Seminf-Campo-Dourado-3-1024x683.jpg 1024w, https:\/\/www.manaus.am.gov.br\/seminf\/wp-content\/uploads\/sites\/6\/2026\/03\/Seminf-Campo-Dourado-3-300x200.jpg 300w, https:\/\/www.manaus.am.gov.br\/seminf\/wp-content\/uploads\/sites\/6\/2026\/03\/Seminf-Campo-Dourado-3-768x512.jpg 768w, https:\/\/www.manaus.am.gov.br\/seminf\/wp-content\/uploads\/sites\/6\/2026\/03\/Seminf-Campo-Dourado-3.jpg 1464w\" sizes=\"(max-width: 1024px) 100vw, 1024px\" \/><figcaption class=\"wp-element-caption\">#paratodosverem &#8211; m\u00e1quinas da Prefeitura s\u00e3o usadas no trabalho de recupera\u00e7\u00e3o das vias<\/figcaption><\/figure><\/div>\n\n\n<p>Na rua Durango, as equipes executam os servi\u00e7os de recupera\u00e7\u00e3o em cerca de 30 metros da via, realizando todas as etapas necess\u00e1rias para garantir a qualidade do pavimento, desde a imprima\u00e7\u00e3o at\u00e9 a aplica\u00e7\u00e3o e compacta\u00e7\u00e3o da nova massa asf\u00e1ltica nos trechos mais comprometidos.<\/p>\n\n\n\n<p>Moradora da \u00e1rea, a industri\u00e1ria Izeline Barbosa, de 46 anos, destacou a import\u00e2ncia da obra para a comunidade.<\/p>\n\n\n<div class=\"wp-block-image\">\n<figure class=\"aligncenter size-large\"><img loading=\"lazy\" decoding=\"async\" width=\"1024\" height=\"683\" src=\"https:\/\/www.manaus.am.gov.br\/seminf\/wp-content\/uploads\/sites\/6\/2026\/03\/Seminf-Campo-Dourado-2-1024x683.jpg\" alt=\"\" class=\"wp-image-8858\" srcset=\"https:\/\/www.manaus.am.gov.br\/seminf\/wp-content\/uploads\/sites\/6\/2026\/03\/Seminf-Campo-Dourado-2-1024x683.jpg 1024w, https:\/\/www.manaus.am.gov.br\/seminf\/wp-content\/uploads\/sites\/6\/2026\/03\/Seminf-Campo-Dourado-2-300x200.jpg 300w, https:\/\/www.manaus.am.gov.br\/seminf\/wp-content\/uploads\/sites\/6\/2026\/03\/Seminf-Campo-Dourado-2-768x512.jpg 768w, https:\/\/www.manaus.am.gov.br\/seminf\/wp-content\/uploads\/sites\/6\/2026\/03\/Seminf-Campo-Dourado-2.jpg 1464w\" sizes=\"(max-width: 1024px) 100vw, 1024px\" \/><figcaption class=\"wp-element-caption\">paratodosverem &#8211; a moradora aprova os servi\u00e7os realizados pela prefeitura<\/figcaption><\/figure><\/div>\n\n\n<p>\u201cEssa rua precisava muito desse servi\u00e7o. Aqui passam \u00f4nibus e muitos ve\u00edculos todos os dias, ent\u00e3o o asfalto novo melhora bastante para quem mora e trabalha na regi\u00e3o. A gente fica feliz em ver a prefeitura trazendo essa melhoria para a nossa rua\u201d, disse agradecida, a moradora.<\/p>\n\n\n\n<p>A a\u00e7\u00e3o refor\u00e7a o compromisso da Prefeitura de Manaus em manter a infraestrutura urbana da cidade em boas condi\u00e7\u00f5es, promovendo melhorias que impactam diretamente na mobilidade e na qualidade de vida da popula\u00e7\u00e3o.<\/p>\n\n\n\n<p>&#8212; &#8212; &#8212;<\/p>\n\n\n\n<p><strong>Texto<\/strong> \u2013 Eduarda Lira \/ Seminf<\/p>\n\n\n\n<p><strong>Fotos<\/strong> \u2013 M\u00e1rcio Melo \/ Seminf<\/p>\n","protected":false},"excerpt":{"rendered":"","protected":false},"author":61,"featured_media":8860,"comment_status":"closed","ping_status":"closed","sticky":false,"template":"","format":"standard","meta":{"footnotes":""},"categories":[3],"tags":[22,43,70,26],"acf":[],"yoast_head":"<!-- This site is optimized with the Yoast SEO plugin v23.0 - https:\/\/yoast.com\/wordpress\/plugins\/seo\/ -->\n<title>Prefeitura de Manaus recupera via no Campo Dourado e melhora mobilidade na zona Norte<\/title>\n<meta name=\"description\" content=\"Moradores e condutores que circulam pelo loteamento Campo Dourado, no bairro Cidade Nova, zona Norte de Manaus, j\u00e1 come\u00e7am a perceber as melhorias na mobilidade da \u00e1rea com os servi\u00e7os de recupera\u00e7\u00e3o asf\u00e1ltica executados pela Prefeitura de Manaus.\" \/>\n<meta name=\"robots\" content=\"index, follow, max-snippet:-1, max-image-preview:large, max-video-preview:-1\" \/>\n<link rel=\"canonical\" href=\"https:\/\/www.manaus.am.gov.br\/seminf\/recupera-via-zona-norte\/\" \/>\n<meta property=\"og:locale\" content=\"pt_BR\" \/>\n<meta property=\"og:type\" content=\"article\" \/>\n<meta property=\"og:title\" content=\"Prefeitura de Manaus recupera via no Campo Dourado e melhora mobilidade na zona Norte\" \/>\n<meta property=\"og:description\" content=\"Moradores e condutores que circulam pelo loteamento Campo Dourado, no bairro Cidade Nova, zona Norte de Manaus, j\u00e1 come\u00e7am a perceber as melhorias na mobilidade da \u00e1rea com os servi\u00e7os de recupera\u00e7\u00e3o asf\u00e1ltica executados pela Prefeitura de Manaus.\" \/>\n<meta property=\"og:url\" content=\"https:\/\/www.manaus.am.gov.br\/seminf\/recupera-via-zona-norte\/\" \/>\n<meta property=\"og:site_name\" content=\"SEMINF\" \/>\n<meta property=\"article:published_time\" content=\"2026-03-09T21:26:56+00:00\" \/>\n<meta property=\"article:modified_time\" content=\"2026-03-10T16:44:59+00:00\" \/>\n<meta property=\"og:image\" content=\"https:\/\/www.manaus.am.gov.br\/seminf\/wp-content\/uploads\/sites\/6\/2026\/03\/Seminf-Campo-Dourado-4.jpg\" \/>\n\t<meta property=\"og:image:width\" content=\"1464\" \/>\n\t<meta property=\"og:image:height\" content=\"976\" \/>\n\t<meta property=\"og:image:type\" content=\"image\/jpeg\" \/>\n<meta name=\"author\" content=\"smonteiro\" \/>\n<meta name=\"twitter:card\" content=\"summary_large_image\" \/>\n<meta name=\"twitter:label1\" content=\"Written by\" \/>\n\t<meta name=\"twitter:data1\" content=\"smonteiro\" \/>\n\t<meta name=\"twitter:label2\" content=\"Est. reading time\" \/>\n\t<meta name=\"twitter:data2\" content=\"3 minutos\" \/>\n<script type=\"application\/ld+json\" class=\"yoast-schema-graph\">{\"@context\":\"https:\/\/schema.org\",\"@graph\":[{\"@type\":\"WebPage\",\"@id\":\"https:\/\/www.manaus.am.gov.br\/seminf\/recupera-via-zona-norte\/\",\"url\":\"https:\/\/www.manaus.am.gov.br\/seminf\/recupera-via-zona-norte\/\",\"name\":\"Prefeitura de Manaus recupera via no Campo Dourado e melhora mobilidade na zona Norte\",\"isPartOf\":{\"@id\":\"https:\/\/www.manaus.am.gov.br\/seminf\/#website\"},\"primaryImageOfPage\":{\"@id\":\"https:\/\/www.manaus.am.gov.br\/seminf\/recupera-via-zona-norte\/#primaryimage\"},\"image\":{\"@id\":\"https:\/\/www.manaus.am.gov.br\/seminf\/recupera-via-zona-norte\/#primaryimage\"},\"thumbnailUrl\":\"https:\/\/www.manaus.am.gov.br\/seminf\/wp-content\/uploads\/sites\/6\/2026\/03\/Seminf-Campo-Dourado-4.jpg\",\"datePublished\":\"2026-03-09T21:26:56+00:00\",\"dateModified\":\"2026-03-10T16:44:59+00:00\",\"author\":{\"@id\":\"https:\/\/www.manaus.am.gov.br\/seminf\/#\/schema\/person\/ab4dcf766a54dff74e8d267f5c591961\"},\"description\":\"Moradores e condutores que circulam pelo loteamento Campo Dourado, no bairro Cidade Nova, zona Norte de Manaus, j\u00e1 come\u00e7am a perceber as melhorias na mobilidade da \u00e1rea com os servi\u00e7os de recupera\u00e7\u00e3o asf\u00e1ltica executados pela Prefeitura de Manaus.\",\"inLanguage\":\"pt-BR\",\"potentialAction\":[{\"@type\":\"ReadAction\",\"target\":[\"https:\/\/www.manaus.am.gov.br\/seminf\/recupera-via-zona-norte\/\"]}]},{\"@type\":\"ImageObject\",\"inLanguage\":\"pt-BR\",\"@id\":\"https:\/\/www.manaus.am.gov.br\/seminf\/recupera-via-zona-norte\/#primaryimage\",\"url\":\"https:\/\/www.manaus.am.gov.br\/seminf\/wp-content\/uploads\/sites\/6\/2026\/03\/Seminf-Campo-Dourado-4.jpg\",\"contentUrl\":\"https:\/\/www.manaus.am.gov.br\/seminf\/wp-content\/uploads\/sites\/6\/2026\/03\/Seminf-Campo-Dourado-4.jpg\",\"width\":1464,\"height\":976,\"caption\":\"#paratodosverem - equipe da Seminf realiza o recapeamento asf\u00e1ltico no Campo Dourado\"},{\"@type\":\"WebSite\",\"@id\":\"https:\/\/www.manaus.am.gov.br\/seminf\/#website\",\"url\":\"https:\/\/www.manaus.am.gov.br\/seminf\/\",\"name\":\"Secretaria de Infraestrutura\",\"description\":\"Secretaria Municipal de Infraestrutura\",\"potentialAction\":[{\"@type\":\"SearchAction\",\"target\":{\"@type\":\"EntryPoint\",\"urlTemplate\":\"https:\/\/www.manaus.am.gov.br\/seminf\/?s={search_term_string}\"},\"query-input\":\"required name=search_term_string\"}],\"inLanguage\":\"pt-BR\"},{\"@type\":\"Person\",\"@id\":\"https:\/\/www.manaus.am.gov.br\/seminf\/#\/schema\/person\/ab4dcf766a54dff74e8d267f5c591961\",\"name\":\"smonteiro\",\"image\":{\"@type\":\"ImageObject\",\"inLanguage\":\"pt-BR\",\"@id\":\"https:\/\/www.manaus.am.gov.br\/seminf\/#\/schema\/person\/image\/\",\"url\":\"https:\/\/secure.gravatar.com\/avatar\/21c8776ef61d9272c73322052e042d77?s=96&d=mm&r=g\",\"contentUrl\":\"https:\/\/secure.gravatar.com\/avatar\/21c8776ef61d9272c73322052e042d77?s=96&d=mm&r=g\",\"caption\":\"smonteiro\"}}]}<\/script>\n<!-- \/ Yoast SEO plugin. -->","yoast_head_json":{"title":"Prefeitura de Manaus recupera via no Campo Dourado e melhora mobilidade na zona Norte","description":"Moradores e condutores que circulam pelo loteamento Campo Dourado, no bairro Cidade Nova, zona Norte de Manaus, j\u00e1 come\u00e7am a perceber as melhorias na mobilidade da \u00e1rea com os servi\u00e7os de recupera\u00e7\u00e3o asf\u00e1ltica executados pela Prefeitura de Manaus.","robots":{"index":"index","follow":"follow","max-snippet":"max-snippet:-1","max-image-preview":"max-image-preview:large","max-video-preview":"max-video-preview:-1"},"canonical":"https:\/\/www.manaus.am.gov.br\/seminf\/recupera-via-zona-norte\/","og_locale":"pt_BR","og_type":"article","og_title":"Prefeitura de Manaus recupera via no Campo Dourado e melhora mobilidade na zona Norte","og_description":"Moradores e condutores que circulam pelo loteamento Campo Dourado, no bairro Cidade Nova, zona Norte de Manaus, j\u00e1 come\u00e7am a perceber as melhorias na mobilidade da \u00e1rea com os servi\u00e7os de recupera\u00e7\u00e3o asf\u00e1ltica executados pela Prefeitura de Manaus.","og_url":"https:\/\/www.manaus.am.gov.br\/seminf\/recupera-via-zona-norte\/","og_site_name":"SEMINF","article_published_time":"2026-03-09T21:26:56+00:00","article_modified_time":"2026-03-10T16:44:59+00:00","og_image":[{"width":1464,"height":976,"url":"https:\/\/www.manaus.am.gov.br\/seminf\/wp-content\/uploads\/sites\/6\/2026\/03\/Seminf-Campo-Dourado-4.jpg","type":"image\/jpeg"}],"author":"smonteiro","twitter_card":"summary_large_image","twitter_misc":{"Written by":"smonteiro","Est. reading time":"3 minutos"},"schema":{"@context":"https:\/\/schema.org","@graph":[{"@type":"WebPage","@id":"https:\/\/www.manaus.am.gov.br\/seminf\/recupera-via-zona-norte\/","url":"https:\/\/www.manaus.am.gov.br\/seminf\/recupera-via-zona-norte\/","name":"Prefeitura de Manaus recupera via no Campo Dourado e melhora mobilidade na zona Norte","isPartOf":{"@id":"https:\/\/www.manaus.am.gov.br\/seminf\/#website"},"primaryImageOfPage":{"@id":"https:\/\/www.manaus.am.gov.br\/seminf\/recupera-via-zona-norte\/#primaryimage"},"image":{"@id":"https:\/\/www.manaus.am.gov.br\/seminf\/recupera-via-zona-norte\/#primaryimage"},"thumbnailUrl":"https:\/\/www.manaus.am.gov.br\/seminf\/wp-content\/uploads\/sites\/6\/2026\/03\/Seminf-Campo-Dourado-4.jpg","datePublished":"2026-03-09T21:26:56+00:00","dateModified":"2026-03-10T16:44:59+00:00","author":{"@id":"https:\/\/www.manaus.am.gov.br\/seminf\/#\/schema\/person\/ab4dcf766a54dff74e8d267f5c591961"},"description":"Moradores e condutores que circulam pelo loteamento Campo Dourado, no bairro Cidade Nova, zona Norte de Manaus, j\u00e1 come\u00e7am a perceber as melhorias na mobilidade da \u00e1rea com os servi\u00e7os de recupera\u00e7\u00e3o asf\u00e1ltica executados pela Prefeitura de Manaus.","inLanguage":"pt-BR","potentialAction":[{"@type":"ReadAction","target":["https:\/\/www.manaus.am.gov.br\/seminf\/recupera-via-zona-norte\/"]}]},{"@type":"ImageObject","inLanguage":"pt-BR","@id":"https:\/\/www.manaus.am.gov.br\/seminf\/recupera-via-zona-norte\/#primaryimage","url":"https:\/\/www.manaus.am.gov.br\/seminf\/wp-content\/uploads\/sites\/6\/2026\/03\/Seminf-Campo-Dourado-4.jpg","contentUrl":"https:\/\/www.manaus.am.gov.br\/seminf\/wp-content\/uploads\/sites\/6\/2026\/03\/Seminf-Campo-Dourado-4.jpg","width":1464,"height":976,"caption":"#paratodosverem - equipe da Seminf realiza o recapeamento asf\u00e1ltico no Campo Dourado"},{"@type":"WebSite","@id":"https:\/\/www.manaus.am.gov.br\/seminf\/#website","url":"https:\/\/www.manaus.am.gov.br\/seminf\/","name":"Secretaria de Infraestrutura","description":"Secretaria Municipal de Infraestrutura","potentialAction":[{"@type":"SearchAction","target":{"@type":"EntryPoint","urlTemplate":"https:\/\/www.manaus.am.gov.br\/seminf\/?s={search_term_string}"},"query-input":"required name=search_term_string"}],"inLanguage":"pt-BR"},{"@type":"Person","@id":"https:\/\/www.manaus.am.gov.br\/seminf\/#\/schema\/person\/ab4dcf766a54dff74e8d267f5c591961","name":"smonteiro","image":{"@type":"ImageObject","inLanguage":"pt-BR","@id":"https:\/\/www.manaus.am.gov.br\/seminf\/#\/schema\/person\/image\/","url":"https:\/\/secure.gravatar.com\/avatar\/21c8776ef61d9272c73322052e042d77?s=96&d=mm&r=g","contentUrl":"https:\/\/secure.gravatar.com\/avatar\/21c8776ef61d9272c73322052e042d77?s=96&d=mm&r=g","caption":"smonteiro"}}]}},"_links":{"self":[{"href":"https:\/\/www.manaus.am.gov.br\/seminf\/wp-json\/wp\/v2\/posts\/8857"}],"collection":[{"href":"https:\/\/www.manaus.am.gov.br\/seminf\/wp-json\/wp\/v2\/posts"}],"about":[{"href":"https:\/\/www.manaus.am.gov.br\/seminf\/wp-json\/wp\/v2\/types\/post"}],"author":[{"embeddable":true,"href":"https:\/\/www.manaus.am.gov.br\/seminf\/wp-json\/wp\/v2\/users\/61"}],"replies":[{"embeddable":true,"href":"https:\/\/www.manaus.am.gov.br\/seminf\/wp-json\/wp\/v2\/comments?post=8857"}],"version-history":[{"count":3,"href":"https:\/\/www.manaus.am.gov.br\/seminf\/wp-json\/wp\/v2\/posts\/8857\/revisions"}],"predecessor-version":[{"id":8886,"href":"https:\/\/www.manaus.am.gov.br\/seminf\/wp-json\/wp\/v2\/posts\/8857\/revisions\/8886"}],"wp:featuredmedia":[{"embeddable":true,"href":"https:\/\/www.manaus.am.gov.br\/seminf\/wp-json\/wp\/v2\/media\/8860"}],"wp:attachment":[{"href":"https:\/\/www.manaus.am.gov.br\/seminf\/wp-json\/wp\/v2\/media?parent=8857"}],"wp:term":[{"taxonomy":"category","embeddable":true,"href":"https:\/\/www.manaus.am.gov.br\/seminf\/wp-json\/wp\/v2\/categories?post=8857"},{"taxonomy":"post_tag","embeddable":true,"href":"https:\/\/www.manaus.am.gov.br\/seminf\/wp-json\/wp\/v2\/tags?post=8857"}],"curies":[{"name":"wp","href":"https:\/\/api.w.org\/{rel}","templated":true}]}}