{"id":8853,"date":"2026-03-09T16:29:40","date_gmt":"2026-03-09T20:29:40","guid":{"rendered":"https:\/\/www.manaus.am.gov.br\/seminf\/recuperacao-asfaltica-gilberto-mestrinho\/"},"modified":"2026-03-10T10:54:47","modified_gmt":"2026-03-10T14:54:47","slug":"recuperacao-asfaltica-gilberto-mestrinho","status":"publish","type":"post","link":"https:\/\/www.manaus.am.gov.br\/seminf\/recuperacao-asfaltica-gilberto-mestrinho\/","title":{"rendered":"Prefeitura de Manaus intensifica recupera\u00e7\u00e3o asf\u00e1ltica no Gilberto Mestrinho e melhora mobilidade de moradores da zona Leste"},"content":{"rendered":"\n<p>A<a href=\"https:\/\/www.instagram.com\/prefeiturademanaus\/\"> Prefeitura de Manaus, <\/a>por meio da Secretaria Municipal de Infraestrutura<a href=\"https:\/\/www.manaus.am.gov.br\/\"> (Semin<\/a>f), avan\u00e7ou, nesta segunda-feira, 9\/3, com os servi\u00e7os de recupera\u00e7\u00e3o asf\u00e1ltica em importantes vias do bairro Gilberto Mestrinho, na zona Leste da capital. As equipes atuam na rua Sobral, no conjunto Castanheiras, e na rua Ant\u00f4nia Alexandrina Bentes, no loteamento Castanheiras, levando mais seguran\u00e7a, mobilidade e qualidade de vida para os moradores da \u00e1rea.<\/p>\n\n\n\n<p>O trabalho integra a programa\u00e7\u00e3o cont\u00ednua de manuten\u00e7\u00e3o da malha vi\u00e1ria da cidade, que avan\u00e7a diariamente em diferentes bairros para recuperar trechos comprometidos pelo desgaste do tempo e pelo fluxo intenso de ve\u00edculos, garantindo mais seguran\u00e7a e fluidez no tr\u00e2nsito.<\/p>\n\n\n\n<p>O vice-prefeito e secret\u00e1rio de Obras, Renato Junior, destaca que as frentes de obras seguem atuando de forma permanente nas ruas da capital, atendendo as necessidades da popula\u00e7\u00e3o.<\/p>\n\n\n\n<p>\u201cNosso compromisso \u00e9 manter as equipes nas ruas, identificando os pontos mais cr\u00edticos e executando os servi\u00e7os necess\u00e1rios para devolver vias mais seguras e trafeg\u00e1veis para a popula\u00e7\u00e3o. Esse trabalho cont\u00ednuo fortalece a infraestrutura da cidade e melhora a mobilidade de quem depende dessas ruas todos os dias\u201d, afirmou Renato Junior.<\/p>\n\n\n\n<p>A rua Sobral \u00e9 considerada uma via estrat\u00e9gica da regi\u00e3o, pois interliga o conjunto e o loteamento Castanheiras e recebe fluxo di\u00e1rio de ve\u00edculos e linhas de \u00f4nibus. Antes da aplica\u00e7\u00e3o do novo asfalto, o local tamb\u00e9m recebeu servi\u00e7os de manuten\u00e7\u00e3o na rede de drenagem profunda, etapa essencial para garantir maior durabilidade ao pavimento.<\/p>\n\n\n\n<p>J\u00e1 na rua Ant\u00f4nia Alexandrina Bentes, as equipes atuam na recupera\u00e7\u00e3o dos trechos mais desgastados, restabelecendo as condi\u00e7\u00f5es adequadas de tr\u00e1fego e facilitando o deslocamento de moradores, trabalhadores e estudantes que utilizam a via diariamente.<\/p>\n\n\n\n<p>As interven\u00e7\u00f5es refor\u00e7am o compromisso da Prefeitura de Manaus em investir na recupera\u00e7\u00e3o da malha vi\u00e1ria da capital, levando melhorias que impactam diretamente na mobilidade urbana e na qualidade de vida da popula\u00e7\u00e3o.<\/p>\n\n\n\n<figure class=\"wp-block-image size-large\"><img loading=\"lazy\" decoding=\"async\" width=\"1024\" height=\"577\" src=\"https:\/\/www.manaus.am.gov.br\/seminf\/wp-content\/uploads\/sites\/6\/2026\/03\/Servico-3-1024x577.jpeg\" alt=\"\" class=\"wp-image-8855\" srcset=\"https:\/\/www.manaus.am.gov.br\/seminf\/wp-content\/uploads\/sites\/6\/2026\/03\/Servico-3-1024x577.jpeg 1024w, https:\/\/www.manaus.am.gov.br\/seminf\/wp-content\/uploads\/sites\/6\/2026\/03\/Servico-3-300x169.jpeg 300w, https:\/\/www.manaus.am.gov.br\/seminf\/wp-content\/uploads\/sites\/6\/2026\/03\/Servico-3-768x432.jpeg 768w, https:\/\/www.manaus.am.gov.br\/seminf\/wp-content\/uploads\/sites\/6\/2026\/03\/Servico-3-1536x865.jpeg 1536w, https:\/\/www.manaus.am.gov.br\/seminf\/wp-content\/uploads\/sites\/6\/2026\/03\/Servico-3.jpeg 1600w\" sizes=\"(max-width: 1024px) 100vw, 1024px\" \/><figcaption class=\"wp-element-caption\">#paratodosverem &#8211; Servi\u00e7os de infraestrutura<\/figcaption><\/figure>\n\n\n\n<p>&#8212; &#8212; &#8212;<\/p>\n\n\n\n<p><strong>Texto<\/strong>&nbsp;&#8211; Rayana Coutinho\/Seminf<\/p>\n\n\n\n<p><strong>Fotos <\/strong>&#8211; Divulga\u00e7\u00e3o\/Seminf&nbsp;<\/p>\n","protected":false},"excerpt":{"rendered":"","protected":false},"author":39,"featured_media":8854,"comment_status":"closed","ping_status":"closed","sticky":false,"template":"","format":"standard","meta":{"footnotes":""},"categories":[6],"tags":[462,43,70,26],"acf":[],"yoast_head":"<!-- This site is optimized with the Yoast SEO plugin v23.0 - https:\/\/yoast.com\/wordpress\/plugins\/seo\/ -->\n<title>Prefeitura intensifica recupera\u00e7\u00e3o asf\u00e1ltica no Gilberto Mestrinho<\/title>\n<meta name=\"description\" content=\"Prefeitura de Manaus intensifica recupera\u00e7\u00e3o asf\u00e1ltica no Gilberto Mestrinho e melhora mobilidade de moradores da zona Leste.\" \/>\n<meta name=\"robots\" content=\"index, follow, max-snippet:-1, max-image-preview:large, max-video-preview:-1\" \/>\n<link rel=\"canonical\" href=\"https:\/\/www.manaus.am.gov.br\/seminf\/recuperacao-asfaltica-gilberto-mestrinho\/\" \/>\n<meta property=\"og:locale\" content=\"pt_BR\" \/>\n<meta property=\"og:type\" content=\"article\" \/>\n<meta property=\"og:title\" content=\"Prefeitura intensifica recupera\u00e7\u00e3o asf\u00e1ltica no Gilberto Mestrinho\" \/>\n<meta property=\"og:description\" content=\"Prefeitura de Manaus intensifica recupera\u00e7\u00e3o asf\u00e1ltica no Gilberto Mestrinho e melhora mobilidade de moradores da zona Leste.\" \/>\n<meta property=\"og:url\" content=\"https:\/\/www.manaus.am.gov.br\/seminf\/recuperacao-asfaltica-gilberto-mestrinho\/\" \/>\n<meta property=\"og:site_name\" content=\"SEMINF\" \/>\n<meta property=\"article:published_time\" content=\"2026-03-09T20:29:40+00:00\" \/>\n<meta property=\"article:modified_time\" content=\"2026-03-10T14:54:47+00:00\" \/>\n<meta property=\"og:image\" content=\"https:\/\/www.manaus.am.gov.br\/seminf\/wp-content\/uploads\/sites\/6\/2026\/03\/Servico-7.jpeg\" \/>\n\t<meta property=\"og:image:width\" content=\"1600\" \/>\n\t<meta property=\"og:image:height\" content=\"901\" \/>\n\t<meta property=\"og:image:type\" content=\"image\/jpeg\" \/>\n<meta name=\"author\" content=\"Bruna Greco\" \/>\n<meta name=\"twitter:card\" content=\"summary_large_image\" \/>\n<meta name=\"twitter:label1\" content=\"Written by\" \/>\n\t<meta name=\"twitter:data1\" content=\"Bruna Greco\" \/>\n\t<meta name=\"twitter:label2\" content=\"Est. reading time\" \/>\n\t<meta name=\"twitter:data2\" content=\"3 minutos\" \/>\n<script type=\"application\/ld+json\" class=\"yoast-schema-graph\">{\"@context\":\"https:\/\/schema.org\",\"@graph\":[{\"@type\":\"WebPage\",\"@id\":\"https:\/\/www.manaus.am.gov.br\/seminf\/recuperacao-asfaltica-gilberto-mestrinho\/\",\"url\":\"https:\/\/www.manaus.am.gov.br\/seminf\/recuperacao-asfaltica-gilberto-mestrinho\/\",\"name\":\"Prefeitura intensifica recupera\u00e7\u00e3o asf\u00e1ltica no Gilberto Mestrinho\",\"isPartOf\":{\"@id\":\"https:\/\/www.manaus.am.gov.br\/seminf\/#website\"},\"primaryImageOfPage\":{\"@id\":\"https:\/\/www.manaus.am.gov.br\/seminf\/recuperacao-asfaltica-gilberto-mestrinho\/#primaryimage\"},\"image\":{\"@id\":\"https:\/\/www.manaus.am.gov.br\/seminf\/recuperacao-asfaltica-gilberto-mestrinho\/#primaryimage\"},\"thumbnailUrl\":\"https:\/\/www.manaus.am.gov.br\/seminf\/wp-content\/uploads\/sites\/6\/2026\/03\/Servico-7.jpeg\",\"datePublished\":\"2026-03-09T20:29:40+00:00\",\"dateModified\":\"2026-03-10T14:54:47+00:00\",\"author\":{\"@id\":\"https:\/\/www.manaus.am.gov.br\/seminf\/#\/schema\/person\/05d223aea2bf115f9883a6ff3683d81b\"},\"description\":\"Prefeitura de Manaus intensifica recupera\u00e7\u00e3o asf\u00e1ltica no Gilberto Mestrinho e melhora mobilidade de moradores da zona Leste.\",\"inLanguage\":\"pt-BR\",\"potentialAction\":[{\"@type\":\"ReadAction\",\"target\":[\"https:\/\/www.manaus.am.gov.br\/seminf\/recuperacao-asfaltica-gilberto-mestrinho\/\"]}]},{\"@type\":\"ImageObject\",\"inLanguage\":\"pt-BR\",\"@id\":\"https:\/\/www.manaus.am.gov.br\/seminf\/recuperacao-asfaltica-gilberto-mestrinho\/#primaryimage\",\"url\":\"https:\/\/www.manaus.am.gov.br\/seminf\/wp-content\/uploads\/sites\/6\/2026\/03\/Servico-7.jpeg\",\"contentUrl\":\"https:\/\/www.manaus.am.gov.br\/seminf\/wp-content\/uploads\/sites\/6\/2026\/03\/Servico-7.jpeg\",\"width\":1600,\"height\":901,\"caption\":\"#paratodosverem - Equipe da Seminf realizando a recupera\u00e7\u00e3o asf\u00e1ltica de via no bairro Gilberto Mestrinho\"},{\"@type\":\"WebSite\",\"@id\":\"https:\/\/www.manaus.am.gov.br\/seminf\/#website\",\"url\":\"https:\/\/www.manaus.am.gov.br\/seminf\/\",\"name\":\"Secretaria de Infraestrutura\",\"description\":\"Secretaria Municipal de Infraestrutura\",\"potentialAction\":[{\"@type\":\"SearchAction\",\"target\":{\"@type\":\"EntryPoint\",\"urlTemplate\":\"https:\/\/www.manaus.am.gov.br\/seminf\/?s={search_term_string}\"},\"query-input\":\"required name=search_term_string\"}],\"inLanguage\":\"pt-BR\"},{\"@type\":\"Person\",\"@id\":\"https:\/\/www.manaus.am.gov.br\/seminf\/#\/schema\/person\/05d223aea2bf115f9883a6ff3683d81b\",\"name\":\"Bruna Greco\",\"image\":{\"@type\":\"ImageObject\",\"inLanguage\":\"pt-BR\",\"@id\":\"https:\/\/www.manaus.am.gov.br\/seminf\/#\/schema\/person\/image\/\",\"url\":\"https:\/\/secure.gravatar.com\/avatar\/9c877d1a6adc2a055330e5c09a8653ce?s=96&d=mm&r=g\",\"contentUrl\":\"https:\/\/secure.gravatar.com\/avatar\/9c877d1a6adc2a055330e5c09a8653ce?s=96&d=mm&r=g\",\"caption\":\"Bruna Greco\"}}]}<\/script>\n<!-- \/ Yoast SEO plugin. -->","yoast_head_json":{"title":"Prefeitura intensifica recupera\u00e7\u00e3o asf\u00e1ltica no Gilberto Mestrinho","description":"Prefeitura de Manaus intensifica recupera\u00e7\u00e3o asf\u00e1ltica no Gilberto Mestrinho e melhora mobilidade de moradores da zona Leste.","robots":{"index":"index","follow":"follow","max-snippet":"max-snippet:-1","max-image-preview":"max-image-preview:large","max-video-preview":"max-video-preview:-1"},"canonical":"https:\/\/www.manaus.am.gov.br\/seminf\/recuperacao-asfaltica-gilberto-mestrinho\/","og_locale":"pt_BR","og_type":"article","og_title":"Prefeitura intensifica recupera\u00e7\u00e3o asf\u00e1ltica no Gilberto Mestrinho","og_description":"Prefeitura de Manaus intensifica recupera\u00e7\u00e3o asf\u00e1ltica no Gilberto Mestrinho e melhora mobilidade de moradores da zona Leste.","og_url":"https:\/\/www.manaus.am.gov.br\/seminf\/recuperacao-asfaltica-gilberto-mestrinho\/","og_site_name":"SEMINF","article_published_time":"2026-03-09T20:29:40+00:00","article_modified_time":"2026-03-10T14:54:47+00:00","og_image":[{"width":1600,"height":901,"url":"https:\/\/www.manaus.am.gov.br\/seminf\/wp-content\/uploads\/sites\/6\/2026\/03\/Servico-7.jpeg","type":"image\/jpeg"}],"author":"Bruna Greco","twitter_card":"summary_large_image","twitter_misc":{"Written by":"Bruna Greco","Est. reading time":"3 minutos"},"schema":{"@context":"https:\/\/schema.org","@graph":[{"@type":"WebPage","@id":"https:\/\/www.manaus.am.gov.br\/seminf\/recuperacao-asfaltica-gilberto-mestrinho\/","url":"https:\/\/www.manaus.am.gov.br\/seminf\/recuperacao-asfaltica-gilberto-mestrinho\/","name":"Prefeitura intensifica recupera\u00e7\u00e3o asf\u00e1ltica no Gilberto Mestrinho","isPartOf":{"@id":"https:\/\/www.manaus.am.gov.br\/seminf\/#website"},"primaryImageOfPage":{"@id":"https:\/\/www.manaus.am.gov.br\/seminf\/recuperacao-asfaltica-gilberto-mestrinho\/#primaryimage"},"image":{"@id":"https:\/\/www.manaus.am.gov.br\/seminf\/recuperacao-asfaltica-gilberto-mestrinho\/#primaryimage"},"thumbnailUrl":"https:\/\/www.manaus.am.gov.br\/seminf\/wp-content\/uploads\/sites\/6\/2026\/03\/Servico-7.jpeg","datePublished":"2026-03-09T20:29:40+00:00","dateModified":"2026-03-10T14:54:47+00:00","author":{"@id":"https:\/\/www.manaus.am.gov.br\/seminf\/#\/schema\/person\/05d223aea2bf115f9883a6ff3683d81b"},"description":"Prefeitura de Manaus intensifica recupera\u00e7\u00e3o asf\u00e1ltica no Gilberto Mestrinho e melhora mobilidade de moradores da zona Leste.","inLanguage":"pt-BR","potentialAction":[{"@type":"ReadAction","target":["https:\/\/www.manaus.am.gov.br\/seminf\/recuperacao-asfaltica-gilberto-mestrinho\/"]}]},{"@type":"ImageObject","inLanguage":"pt-BR","@id":"https:\/\/www.manaus.am.gov.br\/seminf\/recuperacao-asfaltica-gilberto-mestrinho\/#primaryimage","url":"https:\/\/www.manaus.am.gov.br\/seminf\/wp-content\/uploads\/sites\/6\/2026\/03\/Servico-7.jpeg","contentUrl":"https:\/\/www.manaus.am.gov.br\/seminf\/wp-content\/uploads\/sites\/6\/2026\/03\/Servico-7.jpeg","width":1600,"height":901,"caption":"#paratodosverem - Equipe da Seminf realizando a recupera\u00e7\u00e3o asf\u00e1ltica de via no bairro Gilberto Mestrinho"},{"@type":"WebSite","@id":"https:\/\/www.manaus.am.gov.br\/seminf\/#website","url":"https:\/\/www.manaus.am.gov.br\/seminf\/","name":"Secretaria de Infraestrutura","description":"Secretaria Municipal de Infraestrutura","potentialAction":[{"@type":"SearchAction","target":{"@type":"EntryPoint","urlTemplate":"https:\/\/www.manaus.am.gov.br\/seminf\/?s={search_term_string}"},"query-input":"required name=search_term_string"}],"inLanguage":"pt-BR"},{"@type":"Person","@id":"https:\/\/www.manaus.am.gov.br\/seminf\/#\/schema\/person\/05d223aea2bf115f9883a6ff3683d81b","name":"Bruna Greco","image":{"@type":"ImageObject","inLanguage":"pt-BR","@id":"https:\/\/www.manaus.am.gov.br\/seminf\/#\/schema\/person\/image\/","url":"https:\/\/secure.gravatar.com\/avatar\/9c877d1a6adc2a055330e5c09a8653ce?s=96&d=mm&r=g","contentUrl":"https:\/\/secure.gravatar.com\/avatar\/9c877d1a6adc2a055330e5c09a8653ce?s=96&d=mm&r=g","caption":"Bruna Greco"}}]}},"_links":{"self":[{"href":"https:\/\/www.manaus.am.gov.br\/seminf\/wp-json\/wp\/v2\/posts\/8853"}],"collection":[{"href":"https:\/\/www.manaus.am.gov.br\/seminf\/wp-json\/wp\/v2\/posts"}],"about":[{"href":"https:\/\/www.manaus.am.gov.br\/seminf\/wp-json\/wp\/v2\/types\/post"}],"author":[{"embeddable":true,"href":"https:\/\/www.manaus.am.gov.br\/seminf\/wp-json\/wp\/v2\/users\/39"}],"replies":[{"embeddable":true,"href":"https:\/\/www.manaus.am.gov.br\/seminf\/wp-json\/wp\/v2\/comments?post=8853"}],"version-history":[{"count":3,"href":"https:\/\/www.manaus.am.gov.br\/seminf\/wp-json\/wp\/v2\/posts\/8853\/revisions"}],"predecessor-version":[{"id":8884,"href":"https:\/\/www.manaus.am.gov.br\/seminf\/wp-json\/wp\/v2\/posts\/8853\/revisions\/8884"}],"wp:featuredmedia":[{"embeddable":true,"href":"https:\/\/www.manaus.am.gov.br\/seminf\/wp-json\/wp\/v2\/media\/8854"}],"wp:attachment":[{"href":"https:\/\/www.manaus.am.gov.br\/seminf\/wp-json\/wp\/v2\/media?parent=8853"}],"wp:term":[{"taxonomy":"category","embeddable":true,"href":"https:\/\/www.manaus.am.gov.br\/seminf\/wp-json\/wp\/v2\/categories?post=8853"},{"taxonomy":"post_tag","embeddable":true,"href":"https:\/\/www.manaus.am.gov.br\/seminf\/wp-json\/wp\/v2\/tags?post=8853"}],"curies":[{"name":"wp","href":"https:\/\/api.w.org\/{rel}","templated":true}]}}