{"id":8846,"date":"2026-03-07T11:04:29","date_gmt":"2026-03-07T15:04:29","guid":{"rendered":"https:\/\/www.manaus.am.gov.br\/seminf\/prefeitura-seminf-obra-canaranas\/"},"modified":"2026-03-09T10:54:15","modified_gmt":"2026-03-09T14:54:15","slug":"prefeitura-seminf-obra-canaranas","status":"publish","type":"post","link":"https:\/\/www.manaus.am.gov.br\/seminf\/prefeitura-seminf-obra-canaranas\/","title":{"rendered":"Prefeitura de Manaus avan\u00e7a com obra de conten\u00e7\u00e3o no conjunto Canaranas"},"content":{"rendered":"\n<p>A <a href=\"https:\/\/www.instagram.com\/prefeiturademanaus\/\">Prefeitura de Manaus, <\/a>por meio da Secretaria Municipal de Infraestrutura<a href=\"https:\/\/www.manaus.am.gov.br\/\"> (Seminf<\/a>), avan\u00e7a, neste s\u00e1bado, 7\/3, na execu\u00e7\u00e3o da obra de conten\u00e7\u00e3o da eros\u00e3o na rua Lad\u00e1rio, no conjunto Canaranas, bairro Cidade Nova, zona Norte da capital. A interven\u00e7\u00e3o representa uma solu\u00e7\u00e3o estruturante para a \u00e1rea e garante mais seguran\u00e7a e tranquilidade \u00e0s fam\u00edlias que vivem no entorno.<\/p>\n\n\n\n<p>Para viabilizar a interven\u00e7\u00e3o, equipes t\u00e9cnicas da Seminf realizaram estudos e levantamentos topogr\u00e1ficos detalhados para avaliar as condi\u00e7\u00f5es do solo e definir a solu\u00e7\u00e3o de engenharia mais adequada para o local. O diagn\u00f3stico t\u00e9cnico permitiu estruturar um projeto seguro e eficiente, garantindo que a obra seja executada com planejamento, estabilidade e durabilidade.<\/p>\n\n\n\n<p>Com base nesses estudos, a prefeitura iniciou as obras de conten\u00e7\u00e3o, uma interven\u00e7\u00e3o de grande porte voltada \u00e0 estabiliza\u00e7\u00e3o da \u00e1rea e \u00e0 prote\u00e7\u00e3o das moradias pr\u00f3ximas.<\/p>\n\n\n\n<p>\u201cEssa interven\u00e7\u00e3o na rua Lad\u00e1rio \u00e9 uma obra de seguran\u00e7a para a popula\u00e7\u00e3o. Estamos falando de uma \u00e1rea que exigia planejamento t\u00e9cnico e uma solu\u00e7\u00e3o definitiva. Hoje, nossas equipes est\u00e3o aqui trabalhando para estabilizar o terreno e proteger as fam\u00edlias que vivem no entorno. A determina\u00e7\u00e3o do prefeito David Almeida \u00e9 agir com responsabilidade e garantir que obras como essa tragam mais seguran\u00e7a, dignidade e tranquilidade para a comunidade\u201d, destacou o vice-prefeito e secret\u00e1rio de Obras, Renato Junior.<\/p>\n\n\n\n<p>A \u00e1rea afetada possui aproximadamente 30 metros de profundidade, o que exige planejamento t\u00e9cnico rigoroso e execu\u00e7\u00e3o cuidadosa. Entre as a\u00e7\u00f5es realizadas no local est\u00e1 a constru\u00e7\u00e3o de um desvio provis\u00f3rio da linha de drenagem, com quase 90 metros de extens\u00e3o, garantindo o funcionamento do sistema de escoamento das \u00e1guas durante o andamento das obras.<\/p>\n\n\n\n<p>Os servi\u00e7os tamb\u00e9m contemplam a implanta\u00e7\u00e3o de caixas coletoras com aproximadamente dois metros de profundidade e a prepara\u00e7\u00e3o da estrutura que ser\u00e1 respons\u00e1vel pela estabiliza\u00e7\u00e3o definitiva do terreno. Com o avan\u00e7o das frentes de trabalho, as melhorias na infraestrutura j\u00e1 come\u00e7am a ser percebidas pelos moradores da \u00e1rea.<\/p>\n\n\n\n<p>A aposentada Celeste Moura, de 98 anos, moradora do conjunto Canaranas, destacou a import\u00e2ncia da interven\u00e7\u00e3o para a comunidade. \u201cAgrade\u00e7o \u00e0 prefeitura por olhar por todos n\u00f3s. Ver o trabalho acontecendo traz tranquilidade para a gente. Fico feliz em saber que meus vizinhos, as crian\u00e7as e todas as fam\u00edlias daqui v\u00e3o poder viver com mais seguran\u00e7a\u201d, disse a moradora.<\/p>\n\n\n\n<p>Enquanto as obras de conten\u00e7\u00e3o da eros\u00e3o avan\u00e7am na rua Lad\u00e1rio, no conjunto Canaranas, bairro Cidade Nova, zona Norte, a Prefeitura de Manaus mant\u00e9m outras frentes de trabalho simult\u00e2neas em diferentes pontos da cidade. Na rua Top\u00e1zio, no bairro Jorge Teixeira, zona Leste, equipes executam uma conten\u00e7\u00e3o com aproximadamente 70 metros de altura, refor\u00e7ando a seguran\u00e7a da \u00e1rea.<\/p>\n\n\n\n<p>J\u00e1 na avenida M\u00e1rio Ypiranga Monteiro, zona Centro-Sul, outra importante interven\u00e7\u00e3o de conten\u00e7\u00e3o tamb\u00e9m est\u00e1 em andamento, ampliando as a\u00e7\u00f5es da gest\u00e3o municipal voltadas \u00e0 estabiliza\u00e7\u00e3o de \u00e1reas de risco e \u00e0 garantia de mais seguran\u00e7a, mobilidade e qualidade de vida para a popula\u00e7\u00e3o manauara.<\/p>\n\n\n\n<p>&#8212; &#8212; &#8212;<\/p>\n\n\n\n<p><strong>Texto<\/strong>&nbsp;&#8211; Maria Amed\/ Seminf<\/p>\n\n\n\n<p><strong>Fotos<\/strong>&nbsp;&#8211; M\u00e1rcio Melo\/ Seminf<\/p>\n\n\n\n<p><strong>Dispon\u00edveis em<\/strong> &#8211; <a href=\"https:\/\/flic.kr\/s\/aHBqjCMn9L\">https:\/\/flic.kr\/s\/aHBqjCMn9L<\/a><\/p>\n","protected":false},"excerpt":{"rendered":"","protected":false},"author":23,"featured_media":8847,"comment_status":"closed","ping_status":"closed","sticky":false,"template":"","format":"standard","meta":{"footnotes":""},"categories":[221],"tags":[3017,177,2469,43,26],"acf":[],"yoast_head":"<!-- This site is optimized with the Yoast SEO plugin v23.0 - https:\/\/yoast.com\/wordpress\/plugins\/seo\/ -->\n<title>Prefeitura de Manaus avan\u00e7a com obra de conten\u00e7\u00e3o no conjunto Canaranas<\/title>\n<meta name=\"description\" content=\"A Prefeitura de Manaus, por meio da Secretaria Municipal de Infraestrutura (Seminf), avan\u00e7a, neste s\u00e1bado, 7\/3, na execu\u00e7\u00e3o da obra de conten\u00e7\u00e3o da eros\u00e3o na rua Lad\u00e1rio, no conjunto Canaranas, bairro Cidade Nova, zona Norte da capital.\" \/>\n<meta name=\"robots\" content=\"index, follow, max-snippet:-1, max-image-preview:large, max-video-preview:-1\" \/>\n<link rel=\"canonical\" href=\"https:\/\/www.manaus.am.gov.br\/seminf\/prefeitura-seminf-obra-canaranas\/\" \/>\n<meta property=\"og:locale\" content=\"pt_BR\" \/>\n<meta property=\"og:type\" content=\"article\" \/>\n<meta property=\"og:title\" content=\"Prefeitura de Manaus avan\u00e7a com obra de conten\u00e7\u00e3o no conjunto Canaranas\" \/>\n<meta property=\"og:description\" content=\"A Prefeitura de Manaus, por meio da Secretaria Municipal de Infraestrutura (Seminf), avan\u00e7a, neste s\u00e1bado, 7\/3, na execu\u00e7\u00e3o da obra de conten\u00e7\u00e3o da eros\u00e3o na rua Lad\u00e1rio, no conjunto Canaranas, bairro Cidade Nova, zona Norte da capital.\" \/>\n<meta property=\"og:url\" content=\"https:\/\/www.manaus.am.gov.br\/seminf\/prefeitura-seminf-obra-canaranas\/\" \/>\n<meta property=\"og:site_name\" content=\"SEMINF\" \/>\n<meta property=\"article:published_time\" content=\"2026-03-07T15:04:29+00:00\" \/>\n<meta property=\"article:modified_time\" content=\"2026-03-09T14:54:15+00:00\" \/>\n<meta property=\"og:image\" content=\"https:\/\/www.manaus.am.gov.br\/seminf\/wp-content\/uploads\/sites\/6\/2026\/03\/55133816016_7a31cb40f8_c.jpg\" \/>\n\t<meta property=\"og:image:width\" content=\"800\" \/>\n\t<meta property=\"og:image:height\" content=\"450\" \/>\n\t<meta property=\"og:image:type\" content=\"image\/jpeg\" \/>\n<meta name=\"author\" content=\"Adriana Costa\" \/>\n<meta name=\"twitter:card\" content=\"summary_large_image\" \/>\n<meta name=\"twitter:label1\" content=\"Written by\" \/>\n\t<meta name=\"twitter:data1\" content=\"Adriana Costa\" \/>\n\t<meta name=\"twitter:label2\" content=\"Est. reading time\" \/>\n\t<meta name=\"twitter:data2\" content=\"3 minutos\" \/>\n<script type=\"application\/ld+json\" class=\"yoast-schema-graph\">{\"@context\":\"https:\/\/schema.org\",\"@graph\":[{\"@type\":\"WebPage\",\"@id\":\"https:\/\/www.manaus.am.gov.br\/seminf\/prefeitura-seminf-obra-canaranas\/\",\"url\":\"https:\/\/www.manaus.am.gov.br\/seminf\/prefeitura-seminf-obra-canaranas\/\",\"name\":\"Prefeitura de Manaus avan\u00e7a com obra de conten\u00e7\u00e3o no conjunto Canaranas\",\"isPartOf\":{\"@id\":\"https:\/\/www.manaus.am.gov.br\/seminf\/#website\"},\"primaryImageOfPage\":{\"@id\":\"https:\/\/www.manaus.am.gov.br\/seminf\/prefeitura-seminf-obra-canaranas\/#primaryimage\"},\"image\":{\"@id\":\"https:\/\/www.manaus.am.gov.br\/seminf\/prefeitura-seminf-obra-canaranas\/#primaryimage\"},\"thumbnailUrl\":\"https:\/\/www.manaus.am.gov.br\/seminf\/wp-content\/uploads\/sites\/6\/2026\/03\/55133816016_7a31cb40f8_c.jpg\",\"datePublished\":\"2026-03-07T15:04:29+00:00\",\"dateModified\":\"2026-03-09T14:54:15+00:00\",\"author\":{\"@id\":\"https:\/\/www.manaus.am.gov.br\/seminf\/#\/schema\/person\/4e49f4e267757a06ca072ec61b2b9968\"},\"description\":\"A Prefeitura de Manaus, por meio da Secretaria Municipal de Infraestrutura (Seminf), avan\u00e7a, neste s\u00e1bado, 7\/3, na execu\u00e7\u00e3o da obra de conten\u00e7\u00e3o da eros\u00e3o na rua Lad\u00e1rio, no conjunto Canaranas, bairro Cidade Nova, zona Norte da capital.\",\"inLanguage\":\"pt-BR\",\"potentialAction\":[{\"@type\":\"ReadAction\",\"target\":[\"https:\/\/www.manaus.am.gov.br\/seminf\/prefeitura-seminf-obra-canaranas\/\"]}]},{\"@type\":\"ImageObject\",\"inLanguage\":\"pt-BR\",\"@id\":\"https:\/\/www.manaus.am.gov.br\/seminf\/prefeitura-seminf-obra-canaranas\/#primaryimage\",\"url\":\"https:\/\/www.manaus.am.gov.br\/seminf\/wp-content\/uploads\/sites\/6\/2026\/03\/55133816016_7a31cb40f8_c.jpg\",\"contentUrl\":\"https:\/\/www.manaus.am.gov.br\/seminf\/wp-content\/uploads\/sites\/6\/2026\/03\/55133816016_7a31cb40f8_c.jpg\",\"width\":800,\"height\":450,\"caption\":\"#paratodosverem - Obra de conten\u00e7\u00e3o de eros\u00e3o no conjunto Canaranas. Na imagem, maquin\u00e1rios e caminh\u00f5es da Seminf em execu\u00e7\u00e3o do trabalho\"},{\"@type\":\"WebSite\",\"@id\":\"https:\/\/www.manaus.am.gov.br\/seminf\/#website\",\"url\":\"https:\/\/www.manaus.am.gov.br\/seminf\/\",\"name\":\"Secretaria de Infraestrutura\",\"description\":\"Secretaria Municipal de Infraestrutura\",\"potentialAction\":[{\"@type\":\"SearchAction\",\"target\":{\"@type\":\"EntryPoint\",\"urlTemplate\":\"https:\/\/www.manaus.am.gov.br\/seminf\/?s={search_term_string}\"},\"query-input\":\"required name=search_term_string\"}],\"inLanguage\":\"pt-BR\"},{\"@type\":\"Person\",\"@id\":\"https:\/\/www.manaus.am.gov.br\/seminf\/#\/schema\/person\/4e49f4e267757a06ca072ec61b2b9968\",\"name\":\"Adriana Costa\",\"image\":{\"@type\":\"ImageObject\",\"inLanguage\":\"pt-BR\",\"@id\":\"https:\/\/www.manaus.am.gov.br\/seminf\/#\/schema\/person\/image\/\",\"url\":\"https:\/\/secure.gravatar.com\/avatar\/576258617ef7194f718179e766d57bd4?s=96&d=mm&r=g\",\"contentUrl\":\"https:\/\/secure.gravatar.com\/avatar\/576258617ef7194f718179e766d57bd4?s=96&d=mm&r=g\",\"caption\":\"Adriana Costa\"}}]}<\/script>\n<!-- \/ Yoast SEO plugin. -->","yoast_head_json":{"title":"Prefeitura de Manaus avan\u00e7a com obra de conten\u00e7\u00e3o no conjunto Canaranas","description":"A Prefeitura de Manaus, por meio da Secretaria Municipal de Infraestrutura (Seminf), avan\u00e7a, neste s\u00e1bado, 7\/3, na execu\u00e7\u00e3o da obra de conten\u00e7\u00e3o da eros\u00e3o na rua Lad\u00e1rio, no conjunto Canaranas, bairro Cidade Nova, zona Norte da capital.","robots":{"index":"index","follow":"follow","max-snippet":"max-snippet:-1","max-image-preview":"max-image-preview:large","max-video-preview":"max-video-preview:-1"},"canonical":"https:\/\/www.manaus.am.gov.br\/seminf\/prefeitura-seminf-obra-canaranas\/","og_locale":"pt_BR","og_type":"article","og_title":"Prefeitura de Manaus avan\u00e7a com obra de conten\u00e7\u00e3o no conjunto Canaranas","og_description":"A Prefeitura de Manaus, por meio da Secretaria Municipal de Infraestrutura (Seminf), avan\u00e7a, neste s\u00e1bado, 7\/3, na execu\u00e7\u00e3o da obra de conten\u00e7\u00e3o da eros\u00e3o na rua Lad\u00e1rio, no conjunto Canaranas, bairro Cidade Nova, zona Norte da capital.","og_url":"https:\/\/www.manaus.am.gov.br\/seminf\/prefeitura-seminf-obra-canaranas\/","og_site_name":"SEMINF","article_published_time":"2026-03-07T15:04:29+00:00","article_modified_time":"2026-03-09T14:54:15+00:00","og_image":[{"width":800,"height":450,"url":"https:\/\/www.manaus.am.gov.br\/seminf\/wp-content\/uploads\/sites\/6\/2026\/03\/55133816016_7a31cb40f8_c.jpg","type":"image\/jpeg"}],"author":"Adriana Costa","twitter_card":"summary_large_image","twitter_misc":{"Written by":"Adriana Costa","Est. reading time":"3 minutos"},"schema":{"@context":"https:\/\/schema.org","@graph":[{"@type":"WebPage","@id":"https:\/\/www.manaus.am.gov.br\/seminf\/prefeitura-seminf-obra-canaranas\/","url":"https:\/\/www.manaus.am.gov.br\/seminf\/prefeitura-seminf-obra-canaranas\/","name":"Prefeitura de Manaus avan\u00e7a com obra de conten\u00e7\u00e3o no conjunto Canaranas","isPartOf":{"@id":"https:\/\/www.manaus.am.gov.br\/seminf\/#website"},"primaryImageOfPage":{"@id":"https:\/\/www.manaus.am.gov.br\/seminf\/prefeitura-seminf-obra-canaranas\/#primaryimage"},"image":{"@id":"https:\/\/www.manaus.am.gov.br\/seminf\/prefeitura-seminf-obra-canaranas\/#primaryimage"},"thumbnailUrl":"https:\/\/www.manaus.am.gov.br\/seminf\/wp-content\/uploads\/sites\/6\/2026\/03\/55133816016_7a31cb40f8_c.jpg","datePublished":"2026-03-07T15:04:29+00:00","dateModified":"2026-03-09T14:54:15+00:00","author":{"@id":"https:\/\/www.manaus.am.gov.br\/seminf\/#\/schema\/person\/4e49f4e267757a06ca072ec61b2b9968"},"description":"A Prefeitura de Manaus, por meio da Secretaria Municipal de Infraestrutura (Seminf), avan\u00e7a, neste s\u00e1bado, 7\/3, na execu\u00e7\u00e3o da obra de conten\u00e7\u00e3o da eros\u00e3o na rua Lad\u00e1rio, no conjunto Canaranas, bairro Cidade Nova, zona Norte da capital.","inLanguage":"pt-BR","potentialAction":[{"@type":"ReadAction","target":["https:\/\/www.manaus.am.gov.br\/seminf\/prefeitura-seminf-obra-canaranas\/"]}]},{"@type":"ImageObject","inLanguage":"pt-BR","@id":"https:\/\/www.manaus.am.gov.br\/seminf\/prefeitura-seminf-obra-canaranas\/#primaryimage","url":"https:\/\/www.manaus.am.gov.br\/seminf\/wp-content\/uploads\/sites\/6\/2026\/03\/55133816016_7a31cb40f8_c.jpg","contentUrl":"https:\/\/www.manaus.am.gov.br\/seminf\/wp-content\/uploads\/sites\/6\/2026\/03\/55133816016_7a31cb40f8_c.jpg","width":800,"height":450,"caption":"#paratodosverem - Obra de conten\u00e7\u00e3o de eros\u00e3o no conjunto Canaranas. Na imagem, maquin\u00e1rios e caminh\u00f5es da Seminf em execu\u00e7\u00e3o do trabalho"},{"@type":"WebSite","@id":"https:\/\/www.manaus.am.gov.br\/seminf\/#website","url":"https:\/\/www.manaus.am.gov.br\/seminf\/","name":"Secretaria de Infraestrutura","description":"Secretaria Municipal de Infraestrutura","potentialAction":[{"@type":"SearchAction","target":{"@type":"EntryPoint","urlTemplate":"https:\/\/www.manaus.am.gov.br\/seminf\/?s={search_term_string}"},"query-input":"required name=search_term_string"}],"inLanguage":"pt-BR"},{"@type":"Person","@id":"https:\/\/www.manaus.am.gov.br\/seminf\/#\/schema\/person\/4e49f4e267757a06ca072ec61b2b9968","name":"Adriana Costa","image":{"@type":"ImageObject","inLanguage":"pt-BR","@id":"https:\/\/www.manaus.am.gov.br\/seminf\/#\/schema\/person\/image\/","url":"https:\/\/secure.gravatar.com\/avatar\/576258617ef7194f718179e766d57bd4?s=96&d=mm&r=g","contentUrl":"https:\/\/secure.gravatar.com\/avatar\/576258617ef7194f718179e766d57bd4?s=96&d=mm&r=g","caption":"Adriana Costa"}}]}},"_links":{"self":[{"href":"https:\/\/www.manaus.am.gov.br\/seminf\/wp-json\/wp\/v2\/posts\/8846"}],"collection":[{"href":"https:\/\/www.manaus.am.gov.br\/seminf\/wp-json\/wp\/v2\/posts"}],"about":[{"href":"https:\/\/www.manaus.am.gov.br\/seminf\/wp-json\/wp\/v2\/types\/post"}],"author":[{"embeddable":true,"href":"https:\/\/www.manaus.am.gov.br\/seminf\/wp-json\/wp\/v2\/users\/23"}],"replies":[{"embeddable":true,"href":"https:\/\/www.manaus.am.gov.br\/seminf\/wp-json\/wp\/v2\/comments?post=8846"}],"version-history":[{"count":1,"href":"https:\/\/www.manaus.am.gov.br\/seminf\/wp-json\/wp\/v2\/posts\/8846\/revisions"}],"predecessor-version":[{"id":8848,"href":"https:\/\/www.manaus.am.gov.br\/seminf\/wp-json\/wp\/v2\/posts\/8846\/revisions\/8848"}],"wp:featuredmedia":[{"embeddable":true,"href":"https:\/\/www.manaus.am.gov.br\/seminf\/wp-json\/wp\/v2\/media\/8847"}],"wp:attachment":[{"href":"https:\/\/www.manaus.am.gov.br\/seminf\/wp-json\/wp\/v2\/media?parent=8846"}],"wp:term":[{"taxonomy":"category","embeddable":true,"href":"https:\/\/www.manaus.am.gov.br\/seminf\/wp-json\/wp\/v2\/categories?post=8846"},{"taxonomy":"post_tag","embeddable":true,"href":"https:\/\/www.manaus.am.gov.br\/seminf\/wp-json\/wp\/v2\/tags?post=8846"}],"curies":[{"name":"wp","href":"https:\/\/api.w.org\/{rel}","templated":true}]}}