{"id":8830,"date":"2026-03-05T18:06:23","date_gmt":"2026-03-05T22:06:23","guid":{"rendered":"https:\/\/www.manaus.am.gov.br\/seminf\/recupera-escadaria-conteccao\/"},"modified":"2026-03-06T12:49:12","modified_gmt":"2026-03-06T16:49:12","slug":"recuperacao-escadaria-conteccao","status":"publish","type":"post","link":"https:\/\/www.manaus.am.gov.br\/seminf\/recuperacao-escadaria-conteccao\/","title":{"rendered":"Prefeitura de Manaus recupera escadaria de 30 metros e realiza obras de conten\u00e7\u00e3o no Tancredo Neves, garantindo mais seguran\u00e7a a moradores"},"content":{"rendered":"\n<p>A <a href=\"https:\/\/www.manaus.am.gov.br\/\">Prefeitura de Manaus<\/a>, por meio da <a href=\"https:\/\/www.instagram.com\/seminf.manaus\/\">Secretaria Municipal de Infraestrutura<\/a> (Seminf), executou nesta quinta-feira, 5\/3, uma s\u00e9rie de interven\u00e7\u00f5es na rua Itapiranga, no bairro Tancredo Neves, zona Leste da capital. A \u00e1rea, que apresentava desgaste estrutural e riscos para quem circula diariamente pelo local, recebeu servi\u00e7os de recupera\u00e7\u00e3o e conten\u00e7\u00e3o que devolvem seguran\u00e7a, mobilidade e melhores condi\u00e7\u00f5es de acesso aos moradores.<\/p>\n\n\n\n<p>Entre as principais melhorias est\u00e1 a recupera\u00e7\u00e3o completa de uma escadaria de concreto com aproximadamente 30 metros de extens\u00e3o, utilizada diariamente por moradores para deslocamento na comunidade. A estrutura foi requalificada para oferecer mais estabilidade, resist\u00eancia e conforto a quem precisa utilizar o trajeto.<\/p>\n\n\n\n<p>O vice-prefeito e secret\u00e1rio de Obras, Renato Junior, destacou que as interven\u00e7\u00f5es fazem parte do compromisso da gest\u00e3o municipal em atender as demandas das comunidades e levar infraestrutura para onde ela \u00e9 mais necess\u00e1ria. \u201cCada obra que chega a uma comunidade representa mais do que concreto e estrutura. Significa dignidade, seguran\u00e7a e respeito com quem vive ali. Quando a prefeitura atende a solicita\u00e7\u00e3o dos moradores e entrega uma melhoria como essa, a gente v\u00ea na pr\u00e1tica o quanto a infraestrutura transforma o dia a dia das pessoas\u201d, afirmou Renato Junior.<\/p>\n\n\n\n<p>Al\u00e9m da recupera\u00e7\u00e3o da escadaria, as equipes da Seminf executaram obras de conten\u00e7\u00e3o no local com a implanta\u00e7\u00e3o de rip-rap, t\u00e9cnica utilizada para estabilizar o solo e prevenir processos erosivos, especialmente em per\u00edodos de chuvas intensas. A interven\u00e7\u00e3o tamb\u00e9m incluiu a reconstru\u00e7\u00e3o total das cal\u00e7adas sobre a \u00e1rea de conten\u00e7\u00e3o, em um trecho de 19 metros de extens\u00e3o, refor\u00e7ando a seguran\u00e7a estrutural da via.<\/p>\n\n\n\n<p>Para melhorar o escoamento das \u00e1guas pluviais e preservar a nova estrutura, foram implantadas ainda canaletas e meio-fio ao longo de 36 metros de extens\u00e3o, contribuindo para evitar o desgaste da \u00e1rea e ampliar a durabilidade das melhorias realizadas.<\/p>\n\n\n\n<p>Morador da regi\u00e3o, Sidney Batista, de 48 anos, acompanhou a execu\u00e7\u00e3o dos servi\u00e7os e destacou a import\u00e2ncia da obra para a comunidade.<\/p>\n\n\n<div class=\"wp-block-image\">\n<figure class=\"aligncenter size-full\"><img loading=\"lazy\" decoding=\"async\" width=\"1020\" height=\"680\" src=\"https:\/\/www.manaus.am.gov.br\/seminf\/wp-content\/uploads\/sites\/6\/2026\/03\/Seminf-Contencao-3.jpg\" alt=\"\" class=\"wp-image-8831\" srcset=\"https:\/\/www.manaus.am.gov.br\/seminf\/wp-content\/uploads\/sites\/6\/2026\/03\/Seminf-Contencao-3.jpg 1020w, https:\/\/www.manaus.am.gov.br\/seminf\/wp-content\/uploads\/sites\/6\/2026\/03\/Seminf-Contencao-3-300x200.jpg 300w, https:\/\/www.manaus.am.gov.br\/seminf\/wp-content\/uploads\/sites\/6\/2026\/03\/Seminf-Contencao-3-768x512.jpg 768w\" sizes=\"(max-width: 1020px) 100vw, 1020px\" \/><figcaption class=\"wp-element-caption\">#paratodosverem &#8211; morador aprova a realiza\u00e7\u00e3o da obra<\/figcaption><\/figure><\/div>\n\n\n<p>\u201c\u00c9 um sentimento de gratid\u00e3o. A gente v\u00ea as equipes trabalhando debaixo de sol e chuva para melhorar o nosso bairro. Essa escada era muito usada por todos n\u00f3s, e agora ficou muito melhor e mais segura. S\u00f3 temos a agradecer\u201d, disse.<\/p>\n\n\n\n<p>Com as interven\u00e7\u00f5es, a Prefeitura de Manaus segue avan\u00e7ando com obras de infraestrutura em diferentes bairros da cidade, fortalecendo a preven\u00e7\u00e3o de riscos, melhorando a mobilidade nas comunidades e promovendo mais qualidade de vida.<\/p>\n\n\n\n<p>&#8212; &#8212; &#8212;<\/p>\n\n\n\n<p><strong>Texto<\/strong> &#8211; Maria Amed \/ Seminf<\/p>\n\n\n\n<p><strong>Fotos<\/strong> &#8211; M\u00e1rcio Melo \/ Seminf<\/p>\n","protected":false},"excerpt":{"rendered":"","protected":false},"author":61,"featured_media":8832,"comment_status":"closed","ping_status":"closed","sticky":false,"template":"","format":"standard","meta":{"footnotes":""},"categories":[3],"tags":[277,2241,43,26],"acf":[],"yoast_head":"<!-- This site is optimized with the Yoast SEO plugin v23.0 - https:\/\/yoast.com\/wordpress\/plugins\/seo\/ -->\n<title>Prefeitura de Manaus recupera escadaria de 30 metros e realiza obras de conten\u00e7\u00e3o no Tancredo Neves, garantindo mais seguran\u00e7a a moradores<\/title>\n<meta name=\"description\" content=\"A Prefeitura de Manaus, por meio da Secretaria Municipal de Infraestrutura (Seminf), executou nesta quinta-feira, 5\/3, uma s\u00e9rie de interven\u00e7\u00f5es na rua Itapiranga, no bairro Tancredo Neves, zona Leste da capital.\" \/>\n<meta name=\"robots\" content=\"index, follow, max-snippet:-1, max-image-preview:large, max-video-preview:-1\" \/>\n<link rel=\"canonical\" href=\"https:\/\/www.manaus.am.gov.br\/seminf\/recupera-escadaria-conteccao\/\" \/>\n<meta property=\"og:locale\" content=\"pt_BR\" \/>\n<meta property=\"og:type\" content=\"article\" \/>\n<meta property=\"og:title\" content=\"Prefeitura de Manaus recupera escadaria de 30 metros e realiza obras de conten\u00e7\u00e3o no Tancredo Neves, garantindo mais seguran\u00e7a a moradores\" \/>\n<meta property=\"og:description\" content=\"A Prefeitura de Manaus, por meio da Secretaria Municipal de Infraestrutura (Seminf), executou nesta quinta-feira, 5\/3, uma s\u00e9rie de interven\u00e7\u00f5es na rua Itapiranga, no bairro Tancredo Neves, zona Leste da capital.\" \/>\n<meta property=\"og:url\" content=\"https:\/\/www.manaus.am.gov.br\/seminf\/recupera-escadaria-conteccao\/\" \/>\n<meta property=\"og:site_name\" content=\"SEMINF\" \/>\n<meta property=\"article:published_time\" content=\"2026-03-05T22:06:23+00:00\" \/>\n<meta property=\"article:modified_time\" content=\"2026-03-06T16:49:12+00:00\" \/>\n<meta property=\"og:image\" content=\"https:\/\/www.manaus.am.gov.br\/seminf\/wp-content\/uploads\/sites\/6\/2026\/03\/Seminf-Contencao-2.jpg\" \/>\n\t<meta property=\"og:image:width\" content=\"1020\" \/>\n\t<meta property=\"og:image:height\" content=\"680\" \/>\n\t<meta property=\"og:image:type\" content=\"image\/jpeg\" \/>\n<meta name=\"author\" content=\"smonteiro\" \/>\n<meta name=\"twitter:card\" content=\"summary_large_image\" \/>\n<meta name=\"twitter:label1\" content=\"Written by\" \/>\n\t<meta name=\"twitter:data1\" content=\"smonteiro\" \/>\n\t<meta name=\"twitter:label2\" content=\"Est. reading time\" \/>\n\t<meta name=\"twitter:data2\" content=\"3 minutos\" \/>\n<script type=\"application\/ld+json\" class=\"yoast-schema-graph\">{\"@context\":\"https:\/\/schema.org\",\"@graph\":[{\"@type\":\"WebPage\",\"@id\":\"https:\/\/www.manaus.am.gov.br\/seminf\/recupera-escadaria-conteccao\/\",\"url\":\"https:\/\/www.manaus.am.gov.br\/seminf\/recupera-escadaria-conteccao\/\",\"name\":\"Prefeitura de Manaus recupera escadaria de 30 metros e realiza obras de conten\u00e7\u00e3o no Tancredo Neves, garantindo mais seguran\u00e7a a moradores\",\"isPartOf\":{\"@id\":\"https:\/\/www.manaus.am.gov.br\/seminf\/#website\"},\"primaryImageOfPage\":{\"@id\":\"https:\/\/www.manaus.am.gov.br\/seminf\/recupera-escadaria-conteccao\/#primaryimage\"},\"image\":{\"@id\":\"https:\/\/www.manaus.am.gov.br\/seminf\/recupera-escadaria-conteccao\/#primaryimage\"},\"thumbnailUrl\":\"https:\/\/www.manaus.am.gov.br\/seminf\/wp-content\/uploads\/sites\/6\/2026\/03\/Seminf-Contencao-2.jpg\",\"datePublished\":\"2026-03-05T22:06:23+00:00\",\"dateModified\":\"2026-03-06T16:49:12+00:00\",\"author\":{\"@id\":\"https:\/\/www.manaus.am.gov.br\/seminf\/#\/schema\/person\/ab4dcf766a54dff74e8d267f5c591961\"},\"description\":\"A Prefeitura de Manaus, por meio da Secretaria Municipal de Infraestrutura (Seminf), executou nesta quinta-feira, 5\/3, uma s\u00e9rie de interven\u00e7\u00f5es na rua Itapiranga, no bairro Tancredo Neves, zona Leste da capital.\",\"inLanguage\":\"pt-BR\",\"potentialAction\":[{\"@type\":\"ReadAction\",\"target\":[\"https:\/\/www.manaus.am.gov.br\/seminf\/recupera-escadaria-conteccao\/\"]}]},{\"@type\":\"ImageObject\",\"inLanguage\":\"pt-BR\",\"@id\":\"https:\/\/www.manaus.am.gov.br\/seminf\/recupera-escadaria-conteccao\/#primaryimage\",\"url\":\"https:\/\/www.manaus.am.gov.br\/seminf\/wp-content\/uploads\/sites\/6\/2026\/03\/Seminf-Contencao-2.jpg\",\"contentUrl\":\"https:\/\/www.manaus.am.gov.br\/seminf\/wp-content\/uploads\/sites\/6\/2026\/03\/Seminf-Contencao-2.jpg\",\"width\":1020,\"height\":680,\"caption\":\"#paratodosverem - equipes da Seminf trabalham na conten\u00e7\u00e3o e na escadaria\"},{\"@type\":\"WebSite\",\"@id\":\"https:\/\/www.manaus.am.gov.br\/seminf\/#website\",\"url\":\"https:\/\/www.manaus.am.gov.br\/seminf\/\",\"name\":\"Secretaria de Infraestrutura\",\"description\":\"Secretaria Municipal de Infraestrutura\",\"potentialAction\":[{\"@type\":\"SearchAction\",\"target\":{\"@type\":\"EntryPoint\",\"urlTemplate\":\"https:\/\/www.manaus.am.gov.br\/seminf\/?s={search_term_string}\"},\"query-input\":\"required name=search_term_string\"}],\"inLanguage\":\"pt-BR\"},{\"@type\":\"Person\",\"@id\":\"https:\/\/www.manaus.am.gov.br\/seminf\/#\/schema\/person\/ab4dcf766a54dff74e8d267f5c591961\",\"name\":\"smonteiro\",\"image\":{\"@type\":\"ImageObject\",\"inLanguage\":\"pt-BR\",\"@id\":\"https:\/\/www.manaus.am.gov.br\/seminf\/#\/schema\/person\/image\/\",\"url\":\"https:\/\/secure.gravatar.com\/avatar\/21c8776ef61d9272c73322052e042d77?s=96&d=mm&r=g\",\"contentUrl\":\"https:\/\/secure.gravatar.com\/avatar\/21c8776ef61d9272c73322052e042d77?s=96&d=mm&r=g\",\"caption\":\"smonteiro\"}}]}<\/script>\n<!-- \/ Yoast SEO plugin. -->","yoast_head_json":{"title":"Prefeitura de Manaus recupera escadaria de 30 metros e realiza obras de conten\u00e7\u00e3o no Tancredo Neves, garantindo mais seguran\u00e7a a moradores","description":"A Prefeitura de Manaus, por meio da Secretaria Municipal de Infraestrutura (Seminf), executou nesta quinta-feira, 5\/3, uma s\u00e9rie de interven\u00e7\u00f5es na rua Itapiranga, no bairro Tancredo Neves, zona Leste da capital.","robots":{"index":"index","follow":"follow","max-snippet":"max-snippet:-1","max-image-preview":"max-image-preview:large","max-video-preview":"max-video-preview:-1"},"canonical":"https:\/\/www.manaus.am.gov.br\/seminf\/recupera-escadaria-conteccao\/","og_locale":"pt_BR","og_type":"article","og_title":"Prefeitura de Manaus recupera escadaria de 30 metros e realiza obras de conten\u00e7\u00e3o no Tancredo Neves, garantindo mais seguran\u00e7a a moradores","og_description":"A Prefeitura de Manaus, por meio da Secretaria Municipal de Infraestrutura (Seminf), executou nesta quinta-feira, 5\/3, uma s\u00e9rie de interven\u00e7\u00f5es na rua Itapiranga, no bairro Tancredo Neves, zona Leste da capital.","og_url":"https:\/\/www.manaus.am.gov.br\/seminf\/recupera-escadaria-conteccao\/","og_site_name":"SEMINF","article_published_time":"2026-03-05T22:06:23+00:00","article_modified_time":"2026-03-06T16:49:12+00:00","og_image":[{"width":1020,"height":680,"url":"https:\/\/www.manaus.am.gov.br\/seminf\/wp-content\/uploads\/sites\/6\/2026\/03\/Seminf-Contencao-2.jpg","type":"image\/jpeg"}],"author":"smonteiro","twitter_card":"summary_large_image","twitter_misc":{"Written by":"smonteiro","Est. reading time":"3 minutos"},"schema":{"@context":"https:\/\/schema.org","@graph":[{"@type":"WebPage","@id":"https:\/\/www.manaus.am.gov.br\/seminf\/recupera-escadaria-conteccao\/","url":"https:\/\/www.manaus.am.gov.br\/seminf\/recupera-escadaria-conteccao\/","name":"Prefeitura de Manaus recupera escadaria de 30 metros e realiza obras de conten\u00e7\u00e3o no Tancredo Neves, garantindo mais seguran\u00e7a a moradores","isPartOf":{"@id":"https:\/\/www.manaus.am.gov.br\/seminf\/#website"},"primaryImageOfPage":{"@id":"https:\/\/www.manaus.am.gov.br\/seminf\/recupera-escadaria-conteccao\/#primaryimage"},"image":{"@id":"https:\/\/www.manaus.am.gov.br\/seminf\/recupera-escadaria-conteccao\/#primaryimage"},"thumbnailUrl":"https:\/\/www.manaus.am.gov.br\/seminf\/wp-content\/uploads\/sites\/6\/2026\/03\/Seminf-Contencao-2.jpg","datePublished":"2026-03-05T22:06:23+00:00","dateModified":"2026-03-06T16:49:12+00:00","author":{"@id":"https:\/\/www.manaus.am.gov.br\/seminf\/#\/schema\/person\/ab4dcf766a54dff74e8d267f5c591961"},"description":"A Prefeitura de Manaus, por meio da Secretaria Municipal de Infraestrutura (Seminf), executou nesta quinta-feira, 5\/3, uma s\u00e9rie de interven\u00e7\u00f5es na rua Itapiranga, no bairro Tancredo Neves, zona Leste da capital.","inLanguage":"pt-BR","potentialAction":[{"@type":"ReadAction","target":["https:\/\/www.manaus.am.gov.br\/seminf\/recupera-escadaria-conteccao\/"]}]},{"@type":"ImageObject","inLanguage":"pt-BR","@id":"https:\/\/www.manaus.am.gov.br\/seminf\/recupera-escadaria-conteccao\/#primaryimage","url":"https:\/\/www.manaus.am.gov.br\/seminf\/wp-content\/uploads\/sites\/6\/2026\/03\/Seminf-Contencao-2.jpg","contentUrl":"https:\/\/www.manaus.am.gov.br\/seminf\/wp-content\/uploads\/sites\/6\/2026\/03\/Seminf-Contencao-2.jpg","width":1020,"height":680,"caption":"#paratodosverem - equipes da Seminf trabalham na conten\u00e7\u00e3o e na escadaria"},{"@type":"WebSite","@id":"https:\/\/www.manaus.am.gov.br\/seminf\/#website","url":"https:\/\/www.manaus.am.gov.br\/seminf\/","name":"Secretaria de Infraestrutura","description":"Secretaria Municipal de Infraestrutura","potentialAction":[{"@type":"SearchAction","target":{"@type":"EntryPoint","urlTemplate":"https:\/\/www.manaus.am.gov.br\/seminf\/?s={search_term_string}"},"query-input":"required name=search_term_string"}],"inLanguage":"pt-BR"},{"@type":"Person","@id":"https:\/\/www.manaus.am.gov.br\/seminf\/#\/schema\/person\/ab4dcf766a54dff74e8d267f5c591961","name":"smonteiro","image":{"@type":"ImageObject","inLanguage":"pt-BR","@id":"https:\/\/www.manaus.am.gov.br\/seminf\/#\/schema\/person\/image\/","url":"https:\/\/secure.gravatar.com\/avatar\/21c8776ef61d9272c73322052e042d77?s=96&d=mm&r=g","contentUrl":"https:\/\/secure.gravatar.com\/avatar\/21c8776ef61d9272c73322052e042d77?s=96&d=mm&r=g","caption":"smonteiro"}}]}},"_links":{"self":[{"href":"https:\/\/www.manaus.am.gov.br\/seminf\/wp-json\/wp\/v2\/posts\/8830"}],"collection":[{"href":"https:\/\/www.manaus.am.gov.br\/seminf\/wp-json\/wp\/v2\/posts"}],"about":[{"href":"https:\/\/www.manaus.am.gov.br\/seminf\/wp-json\/wp\/v2\/types\/post"}],"author":[{"embeddable":true,"href":"https:\/\/www.manaus.am.gov.br\/seminf\/wp-json\/wp\/v2\/users\/61"}],"replies":[{"embeddable":true,"href":"https:\/\/www.manaus.am.gov.br\/seminf\/wp-json\/wp\/v2\/comments?post=8830"}],"version-history":[{"count":4,"href":"https:\/\/www.manaus.am.gov.br\/seminf\/wp-json\/wp\/v2\/posts\/8830\/revisions"}],"predecessor-version":[{"id":8843,"href":"https:\/\/www.manaus.am.gov.br\/seminf\/wp-json\/wp\/v2\/posts\/8830\/revisions\/8843"}],"wp:featuredmedia":[{"embeddable":true,"href":"https:\/\/www.manaus.am.gov.br\/seminf\/wp-json\/wp\/v2\/media\/8832"}],"wp:attachment":[{"href":"https:\/\/www.manaus.am.gov.br\/seminf\/wp-json\/wp\/v2\/media?parent=8830"}],"wp:term":[{"taxonomy":"category","embeddable":true,"href":"https:\/\/www.manaus.am.gov.br\/seminf\/wp-json\/wp\/v2\/categories?post=8830"},{"taxonomy":"post_tag","embeddable":true,"href":"https:\/\/www.manaus.am.gov.br\/seminf\/wp-json\/wp\/v2\/tags?post=8830"}],"curies":[{"name":"wp","href":"https:\/\/api.w.org\/{rel}","templated":true}]}}