{"id":8703,"date":"2026-02-25T16:14:04","date_gmt":"2026-02-25T20:14:04","guid":{"rendered":"https:\/\/www.manaus.am.gov.br\/seminf\/recuperacao-rua-bairro-sao-jorge\/"},"modified":"2026-02-25T16:20:28","modified_gmt":"2026-02-25T20:20:28","slug":"recuperacao-rua-bairro-sao-jorge","status":"publish","type":"post","link":"https:\/\/www.manaus.am.gov.br\/seminf\/recuperacao-rua-bairro-sao-jorge\/","title":{"rendered":"Prefeitura de Manaus recupera rua no bairro S\u00e3o Jorge e garante mais seguran\u00e7a e mobilidade aos moradores"},"content":{"rendered":"\n<p>A <a href=\"https:\/\/www.manaus.am.gov.br\/\">Prefeitura de Manaus<\/a>, por meio da <a href=\"https:\/\/www.instagram.com\/seminf.manaus\/\">Secretaria Municipal de Infraestrutura<\/a> (Seminf), realizou, nesta quarta-feira, 25\/2, servi\u00e7os de manuten\u00e7\u00e3o vi\u00e1ria na rua Senador Cunha Melo, no bairro S\u00e3o Jorge, zona Oeste da capital. A interven\u00e7\u00e3o devolve a trafegabilidade da via e proporciona mais seguran\u00e7a e conforto para motoristas e pedestres que utilizam diariamente o trecho.<\/p>\n\n\n\n<p>A a\u00e7\u00e3o faz parte do cronograma cont\u00ednuo de recupera\u00e7\u00e3o vi\u00e1ria da prefeitura, que tem intensificado os trabalhos em todas as zonas da cidade, priorizando ruas com maior demanda da popula\u00e7\u00e3o e impacto direto na mobilidade urbana.<\/p>\n\n\n\n<p>\u201cO nosso compromisso \u00e9 estar presente onde a popula\u00e7\u00e3o mais precisa. Quando recuperamos uma via, estamos melhorando a rotina das pessoas, o acesso aos servi\u00e7os e a qualidade de vida das fam\u00edlias\u201d, destacou o vice-prefeito e secret\u00e1rio de Obras, Renato Junior.<\/p>\n\n\n\n<p>No local, as equipes executaram todas as etapas t\u00e9cnicas necess\u00e1rias, incluindo a prepara\u00e7\u00e3o da base, aplica\u00e7\u00e3o da emuls\u00e3o asf\u00e1ltica, fundamental para a durabilidade do servi\u00e7o, e, na sequ\u00eancia, a aplica\u00e7\u00e3o e compacta\u00e7\u00e3o da massa asf\u00e1ltica. O resultado \u00e9 uma via nivelada, mais segura e adequada ao tr\u00e1fego di\u00e1rio.<\/p>\n\n\n\n<p>A melhoria foi aprovada pelos moradores da \u00e1rea, que relatam as mudan\u00e7as significativas no dia a dia ap\u00f3s a interven\u00e7\u00e3o da prefeitura.<\/p>\n\n\n\n<p>\u201cEsse trabalho faz muita diferen\u00e7a. Minha irm\u00e3 passou por uma cirurgia recentemente e era muito dif\u00edcil transitar pela rua por causa dos buracos. Agora est\u00e1 bem melhor, mais seguro e confort\u00e1vel. A gente se sente atendido\u201d, afirmou a estudante de zootecnia Elissandra Moreira, de 20 anos.<\/p>\n\n\n\n<p>Com a\u00e7\u00f5es como essa, a prefeitura refor\u00e7a o compromisso de cuidar da cidade, atender as demandas da popula\u00e7\u00e3o e investir em infraestrutura que impacta positivamente na rotina de quem reside nos bairros de Manaus.<\/p>\n\n\n\n<figure class=\"wp-block-image size-large\"><img loading=\"lazy\" decoding=\"async\" width=\"1024\" height=\"768\" src=\"https:\/\/www.manaus.am.gov.br\/seminf\/wp-content\/uploads\/sites\/6\/2026\/02\/IMG_5598-1024x768.jpg\" alt=\"\" class=\"wp-image-8704\" srcset=\"https:\/\/www.manaus.am.gov.br\/seminf\/wp-content\/uploads\/sites\/6\/2026\/02\/IMG_5598-1024x768.jpg 1024w, https:\/\/www.manaus.am.gov.br\/seminf\/wp-content\/uploads\/sites\/6\/2026\/02\/IMG_5598-300x225.jpg 300w, https:\/\/www.manaus.am.gov.br\/seminf\/wp-content\/uploads\/sites\/6\/2026\/02\/IMG_5598-768x576.jpg 768w, https:\/\/www.manaus.am.gov.br\/seminf\/wp-content\/uploads\/sites\/6\/2026\/02\/IMG_5598-1536x1152.jpg 1536w, https:\/\/www.manaus.am.gov.br\/seminf\/wp-content\/uploads\/sites\/6\/2026\/02\/IMG_5598-2048x1536.jpg 2048w\" sizes=\"(max-width: 1024px) 100vw, 1024px\" \/><figcaption class=\"wp-element-caption\">#paratodosverem &#8211; Servi\u00e7o de infraestrutura<\/figcaption><\/figure>\n\n\n\n<p>&#8212; &#8212; &#8212;<\/p>\n\n\n\n<p><strong>Texto&nbsp;<\/strong>&#8211; Eduarda Lira\/Seminf<\/p>\n\n\n\n<p><strong>Fotos<\/strong> &#8211; Maria Amed\/Seminf<\/p>\n","protected":false},"excerpt":{"rendered":"","protected":false},"author":39,"featured_media":8705,"comment_status":"closed","ping_status":"closed","sticky":false,"template":"","format":"standard","meta":{"footnotes":""},"categories":[221],"tags":[156,361,43,3108,26],"acf":[],"yoast_head":"<!-- This site is optimized with the Yoast SEO plugin v23.0 - https:\/\/yoast.com\/wordpress\/plugins\/seo\/ -->\n<title>Prefeitura de Manaus recupera rua no bairro S\u00e3o Jorge<\/title>\n<meta name=\"description\" content=\"Prefeitura de Manaus recupera rua no bairro S\u00e3o Jorge e garante mais seguran\u00e7a e mobilidade aos moradores.\" \/>\n<meta name=\"robots\" content=\"index, follow, max-snippet:-1, max-image-preview:large, max-video-preview:-1\" \/>\n<link rel=\"canonical\" href=\"https:\/\/www.manaus.am.gov.br\/seminf\/recuperacao-rua-bairro-sao-jorge\/\" \/>\n<meta property=\"og:locale\" content=\"pt_BR\" \/>\n<meta property=\"og:type\" content=\"article\" \/>\n<meta property=\"og:title\" content=\"Prefeitura de Manaus recupera rua no bairro S\u00e3o Jorge\" \/>\n<meta property=\"og:description\" content=\"Prefeitura de Manaus recupera rua no bairro S\u00e3o Jorge e garante mais seguran\u00e7a e mobilidade aos moradores.\" \/>\n<meta property=\"og:url\" content=\"https:\/\/www.manaus.am.gov.br\/seminf\/recuperacao-rua-bairro-sao-jorge\/\" \/>\n<meta property=\"og:site_name\" content=\"SEMINF\" \/>\n<meta property=\"article:published_time\" content=\"2026-02-25T20:14:04+00:00\" \/>\n<meta property=\"article:modified_time\" content=\"2026-02-25T20:20:28+00:00\" \/>\n<meta property=\"og:image\" content=\"https:\/\/www.manaus.am.gov.br\/seminf\/wp-content\/uploads\/sites\/6\/2026\/02\/IMG_5620-1024x768.jpg\" \/>\n\t<meta property=\"og:image:width\" content=\"1024\" \/>\n\t<meta property=\"og:image:height\" content=\"768\" \/>\n\t<meta property=\"og:image:type\" content=\"image\/jpeg\" \/>\n<meta name=\"author\" content=\"Bruna Greco\" \/>\n<meta name=\"twitter:card\" content=\"summary_large_image\" \/>\n<meta name=\"twitter:label1\" content=\"Written by\" \/>\n\t<meta name=\"twitter:data1\" content=\"Bruna Greco\" \/>\n\t<meta name=\"twitter:label2\" content=\"Est. reading time\" \/>\n\t<meta name=\"twitter:data2\" content=\"3 minutos\" \/>\n<script type=\"application\/ld+json\" class=\"yoast-schema-graph\">{\"@context\":\"https:\/\/schema.org\",\"@graph\":[{\"@type\":\"WebPage\",\"@id\":\"https:\/\/www.manaus.am.gov.br\/seminf\/recuperacao-rua-bairro-sao-jorge\/\",\"url\":\"https:\/\/www.manaus.am.gov.br\/seminf\/recuperacao-rua-bairro-sao-jorge\/\",\"name\":\"Prefeitura de Manaus recupera rua no bairro S\u00e3o Jorge\",\"isPartOf\":{\"@id\":\"https:\/\/www.manaus.am.gov.br\/seminf\/#website\"},\"primaryImageOfPage\":{\"@id\":\"https:\/\/www.manaus.am.gov.br\/seminf\/recuperacao-rua-bairro-sao-jorge\/#primaryimage\"},\"image\":{\"@id\":\"https:\/\/www.manaus.am.gov.br\/seminf\/recuperacao-rua-bairro-sao-jorge\/#primaryimage\"},\"thumbnailUrl\":\"https:\/\/www.manaus.am.gov.br\/seminf\/wp-content\/uploads\/sites\/6\/2026\/02\/IMG_5620.jpg\",\"datePublished\":\"2026-02-25T20:14:04+00:00\",\"dateModified\":\"2026-02-25T20:20:28+00:00\",\"author\":{\"@id\":\"https:\/\/www.manaus.am.gov.br\/seminf\/#\/schema\/person\/05d223aea2bf115f9883a6ff3683d81b\"},\"description\":\"Prefeitura de Manaus recupera rua no bairro S\u00e3o Jorge e garante mais seguran\u00e7a e mobilidade aos moradores.\",\"inLanguage\":\"pt-BR\",\"potentialAction\":[{\"@type\":\"ReadAction\",\"target\":[\"https:\/\/www.manaus.am.gov.br\/seminf\/recuperacao-rua-bairro-sao-jorge\/\"]}]},{\"@type\":\"ImageObject\",\"inLanguage\":\"pt-BR\",\"@id\":\"https:\/\/www.manaus.am.gov.br\/seminf\/recuperacao-rua-bairro-sao-jorge\/#primaryimage\",\"url\":\"https:\/\/www.manaus.am.gov.br\/seminf\/wp-content\/uploads\/sites\/6\/2026\/02\/IMG_5620.jpg\",\"contentUrl\":\"https:\/\/www.manaus.am.gov.br\/seminf\/wp-content\/uploads\/sites\/6\/2026\/02\/IMG_5620.jpg\",\"width\":5712,\"height\":4284,\"caption\":\"#paratodosverem - Equipe da Seminf realizando a recupera\u00e7\u00e3o asf\u00e1ltica da rua Senador Cunha Melo, no bairro S\u00e3o Jorge\"},{\"@type\":\"WebSite\",\"@id\":\"https:\/\/www.manaus.am.gov.br\/seminf\/#website\",\"url\":\"https:\/\/www.manaus.am.gov.br\/seminf\/\",\"name\":\"Secretaria de Infraestrutura\",\"description\":\"Secretaria Municipal de Infraestrutura\",\"potentialAction\":[{\"@type\":\"SearchAction\",\"target\":{\"@type\":\"EntryPoint\",\"urlTemplate\":\"https:\/\/www.manaus.am.gov.br\/seminf\/?s={search_term_string}\"},\"query-input\":\"required name=search_term_string\"}],\"inLanguage\":\"pt-BR\"},{\"@type\":\"Person\",\"@id\":\"https:\/\/www.manaus.am.gov.br\/seminf\/#\/schema\/person\/05d223aea2bf115f9883a6ff3683d81b\",\"name\":\"Bruna Greco\",\"image\":{\"@type\":\"ImageObject\",\"inLanguage\":\"pt-BR\",\"@id\":\"https:\/\/www.manaus.am.gov.br\/seminf\/#\/schema\/person\/image\/\",\"url\":\"https:\/\/secure.gravatar.com\/avatar\/9c877d1a6adc2a055330e5c09a8653ce?s=96&d=mm&r=g\",\"contentUrl\":\"https:\/\/secure.gravatar.com\/avatar\/9c877d1a6adc2a055330e5c09a8653ce?s=96&d=mm&r=g\",\"caption\":\"Bruna Greco\"}}]}<\/script>\n<!-- \/ Yoast SEO plugin. -->","yoast_head_json":{"title":"Prefeitura de Manaus recupera rua no bairro S\u00e3o Jorge","description":"Prefeitura de Manaus recupera rua no bairro S\u00e3o Jorge e garante mais seguran\u00e7a e mobilidade aos moradores.","robots":{"index":"index","follow":"follow","max-snippet":"max-snippet:-1","max-image-preview":"max-image-preview:large","max-video-preview":"max-video-preview:-1"},"canonical":"https:\/\/www.manaus.am.gov.br\/seminf\/recuperacao-rua-bairro-sao-jorge\/","og_locale":"pt_BR","og_type":"article","og_title":"Prefeitura de Manaus recupera rua no bairro S\u00e3o Jorge","og_description":"Prefeitura de Manaus recupera rua no bairro S\u00e3o Jorge e garante mais seguran\u00e7a e mobilidade aos moradores.","og_url":"https:\/\/www.manaus.am.gov.br\/seminf\/recuperacao-rua-bairro-sao-jorge\/","og_site_name":"SEMINF","article_published_time":"2026-02-25T20:14:04+00:00","article_modified_time":"2026-02-25T20:20:28+00:00","og_image":[{"width":1024,"height":768,"url":"https:\/\/www.manaus.am.gov.br\/seminf\/wp-content\/uploads\/sites\/6\/2026\/02\/IMG_5620-1024x768.jpg","type":"image\/jpeg"}],"author":"Bruna Greco","twitter_card":"summary_large_image","twitter_misc":{"Written by":"Bruna Greco","Est. reading time":"3 minutos"},"schema":{"@context":"https:\/\/schema.org","@graph":[{"@type":"WebPage","@id":"https:\/\/www.manaus.am.gov.br\/seminf\/recuperacao-rua-bairro-sao-jorge\/","url":"https:\/\/www.manaus.am.gov.br\/seminf\/recuperacao-rua-bairro-sao-jorge\/","name":"Prefeitura de Manaus recupera rua no bairro S\u00e3o Jorge","isPartOf":{"@id":"https:\/\/www.manaus.am.gov.br\/seminf\/#website"},"primaryImageOfPage":{"@id":"https:\/\/www.manaus.am.gov.br\/seminf\/recuperacao-rua-bairro-sao-jorge\/#primaryimage"},"image":{"@id":"https:\/\/www.manaus.am.gov.br\/seminf\/recuperacao-rua-bairro-sao-jorge\/#primaryimage"},"thumbnailUrl":"https:\/\/www.manaus.am.gov.br\/seminf\/wp-content\/uploads\/sites\/6\/2026\/02\/IMG_5620.jpg","datePublished":"2026-02-25T20:14:04+00:00","dateModified":"2026-02-25T20:20:28+00:00","author":{"@id":"https:\/\/www.manaus.am.gov.br\/seminf\/#\/schema\/person\/05d223aea2bf115f9883a6ff3683d81b"},"description":"Prefeitura de Manaus recupera rua no bairro S\u00e3o Jorge e garante mais seguran\u00e7a e mobilidade aos moradores.","inLanguage":"pt-BR","potentialAction":[{"@type":"ReadAction","target":["https:\/\/www.manaus.am.gov.br\/seminf\/recuperacao-rua-bairro-sao-jorge\/"]}]},{"@type":"ImageObject","inLanguage":"pt-BR","@id":"https:\/\/www.manaus.am.gov.br\/seminf\/recuperacao-rua-bairro-sao-jorge\/#primaryimage","url":"https:\/\/www.manaus.am.gov.br\/seminf\/wp-content\/uploads\/sites\/6\/2026\/02\/IMG_5620.jpg","contentUrl":"https:\/\/www.manaus.am.gov.br\/seminf\/wp-content\/uploads\/sites\/6\/2026\/02\/IMG_5620.jpg","width":5712,"height":4284,"caption":"#paratodosverem - Equipe da Seminf realizando a recupera\u00e7\u00e3o asf\u00e1ltica da rua Senador Cunha Melo, no bairro S\u00e3o Jorge"},{"@type":"WebSite","@id":"https:\/\/www.manaus.am.gov.br\/seminf\/#website","url":"https:\/\/www.manaus.am.gov.br\/seminf\/","name":"Secretaria de Infraestrutura","description":"Secretaria Municipal de Infraestrutura","potentialAction":[{"@type":"SearchAction","target":{"@type":"EntryPoint","urlTemplate":"https:\/\/www.manaus.am.gov.br\/seminf\/?s={search_term_string}"},"query-input":"required name=search_term_string"}],"inLanguage":"pt-BR"},{"@type":"Person","@id":"https:\/\/www.manaus.am.gov.br\/seminf\/#\/schema\/person\/05d223aea2bf115f9883a6ff3683d81b","name":"Bruna Greco","image":{"@type":"ImageObject","inLanguage":"pt-BR","@id":"https:\/\/www.manaus.am.gov.br\/seminf\/#\/schema\/person\/image\/","url":"https:\/\/secure.gravatar.com\/avatar\/9c877d1a6adc2a055330e5c09a8653ce?s=96&d=mm&r=g","contentUrl":"https:\/\/secure.gravatar.com\/avatar\/9c877d1a6adc2a055330e5c09a8653ce?s=96&d=mm&r=g","caption":"Bruna Greco"}}]}},"_links":{"self":[{"href":"https:\/\/www.manaus.am.gov.br\/seminf\/wp-json\/wp\/v2\/posts\/8703"}],"collection":[{"href":"https:\/\/www.manaus.am.gov.br\/seminf\/wp-json\/wp\/v2\/posts"}],"about":[{"href":"https:\/\/www.manaus.am.gov.br\/seminf\/wp-json\/wp\/v2\/types\/post"}],"author":[{"embeddable":true,"href":"https:\/\/www.manaus.am.gov.br\/seminf\/wp-json\/wp\/v2\/users\/39"}],"replies":[{"embeddable":true,"href":"https:\/\/www.manaus.am.gov.br\/seminf\/wp-json\/wp\/v2\/comments?post=8703"}],"version-history":[{"count":3,"href":"https:\/\/www.manaus.am.gov.br\/seminf\/wp-json\/wp\/v2\/posts\/8703\/revisions"}],"predecessor-version":[{"id":8708,"href":"https:\/\/www.manaus.am.gov.br\/seminf\/wp-json\/wp\/v2\/posts\/8703\/revisions\/8708"}],"wp:featuredmedia":[{"embeddable":true,"href":"https:\/\/www.manaus.am.gov.br\/seminf\/wp-json\/wp\/v2\/media\/8705"}],"wp:attachment":[{"href":"https:\/\/www.manaus.am.gov.br\/seminf\/wp-json\/wp\/v2\/media?parent=8703"}],"wp:term":[{"taxonomy":"category","embeddable":true,"href":"https:\/\/www.manaus.am.gov.br\/seminf\/wp-json\/wp\/v2\/categories?post=8703"},{"taxonomy":"post_tag","embeddable":true,"href":"https:\/\/www.manaus.am.gov.br\/seminf\/wp-json\/wp\/v2\/tags?post=8703"}],"curies":[{"name":"wp","href":"https:\/\/api.w.org\/{rel}","templated":true}]}}