{"id":8447,"date":"2026-02-06T17:32:14","date_gmt":"2026-02-06T21:32:14","guid":{"rendered":"https:\/\/www.manaus.am.gov.br\/seminf\/obras-complexo-viario-passarao\/"},"modified":"2026-02-09T11:53:35","modified_gmt":"2026-02-09T15:53:35","slug":"obras-complexo-viario-passarao","status":"publish","type":"post","link":"https:\/\/www.manaus.am.gov.br\/seminf\/obras-complexo-viario-passarao\/","title":{"rendered":"Obras do complexo vi\u00e1rio Passar\u00e3o avan\u00e7am e prometem desafogar o tr\u00e2nsito na zona Oeste de Manaus"},"content":{"rendered":"\n<p>A <a href=\"https:\/\/www.instagram.com\/prefeiturademanaus\/\">Prefeitura de Manaus,<\/a> por meio da <a href=\"https:\/\/www.manaus.am.gov.br\/\">Secretaria Municipal de Infraestrutura (Seminf<\/a>), avan\u00e7ou, nesta sexta-feira, 6\/2, nas obras do complexo vi\u00e1rio Passar\u00e3o, localizado entre as avenidas Coronel Teixeira e Brasil, na zona Oeste da capital. A interven\u00e7\u00e3o integra um conjunto de a\u00e7\u00f5es voltadas \u00e0 melhoria da mobilidade urbana, com foco na reorganiza\u00e7\u00e3o do tr\u00e1fego, redu\u00e7\u00e3o de congestionamentos e refor\u00e7o da seguran\u00e7a vi\u00e1ria em um dos pontos mais movimentados da cidade.<\/p>\n\n\n\n<p>Nesta fase da obra, as equipes conclu\u00edram a constru\u00e7\u00e3o de uma al\u00e7a vi\u00e1ria provis\u00f3ria, fundamental para o desvio do tr\u00e1fego e para o in\u00edcio das interven\u00e7\u00f5es da trincheira do viaduto. A medida provoca mudan\u00e7as tempor\u00e1rias no tr\u00e2nsito de motoristas que circulam entre os bairros Ponta Negra e Dom Pedro, permitindo o isolamento da \u00e1rea no cruzamento das avenidas Brasil e Coronel Teixeira. Paralelamente, seguem os servi\u00e7os de instala\u00e7\u00e3o de tapumes e implanta\u00e7\u00e3o do canteiro de obras.<\/p>\n\n\n\n<p>De acordo com o prefeito em exerc\u00edcio e secret\u00e1rio municipal de Obras, Renato Junior, os impactos no tr\u00e2nsito s\u00e3o necess\u00e1rios para garantir uma solu\u00e7\u00e3o definitiva para a regi\u00e3o.<\/p>\n\n\n\n<p>\u201cSabemos que os transtornos existem, mas s\u00e3o tempor\u00e1rios. Essa \u00e9 uma obra estrat\u00e9gica que vai eliminar gargalos hist\u00f3ricos, melhorar a fluidez do tr\u00e2nsito e trazer mais seguran\u00e7a para motoristas e pedestres que passam diariamente por esse trecho\u201d, afirmou Renato Junior.<\/p>\n\n\n\n<p>Quem vive a rotina do tr\u00e2nsito na zona Oeste j\u00e1 percebe a import\u00e2ncia da interven\u00e7\u00e3o. O motorista de aplicativo Franscinei Corr\u00eaa, de 59 anos, acredita que o novo complexo vi\u00e1rio vai melhorar significativamente a circula\u00e7\u00e3o de ve\u00edculos, principalmente nos hor\u00e1rios de pico.<\/p>\n\n\n\n<p>\u201cAqui o tr\u00e2nsito fica muito pesado nos momentos de maior movimento. Com o complexo vi\u00e1rio, a tend\u00eancia \u00e9 melhorar bastante. \u00c9 uma obra necess\u00e1ria e que vai ajudar muita gente\u201d, comentou.<\/p>\n\n\n\n<p>Com o avan\u00e7o das obras do complexo vi\u00e1rio Passar\u00e3o, a Prefeitura de Manaus refor\u00e7a o investimento em solu\u00e7\u00f5es de mobilidade que impactam diretamente a qualidade de vida da popula\u00e7\u00e3o e contribuem para um tr\u00e2nsito mais seguro e eficiente na zona Oeste da capital.<\/p>\n\n\n\n<figure class=\"wp-block-image size-large\"><img loading=\"lazy\" decoding=\"async\" width=\"1024\" height=\"768\" src=\"https:\/\/www.manaus.am.gov.br\/seminf\/wp-content\/uploads\/sites\/6\/2026\/02\/Obra-3-1024x768.jpeg\" alt=\"\" class=\"wp-image-8449\" srcset=\"https:\/\/www.manaus.am.gov.br\/seminf\/wp-content\/uploads\/sites\/6\/2026\/02\/Obra-3-1024x768.jpeg 1024w, https:\/\/www.manaus.am.gov.br\/seminf\/wp-content\/uploads\/sites\/6\/2026\/02\/Obra-3-300x225.jpeg 300w, https:\/\/www.manaus.am.gov.br\/seminf\/wp-content\/uploads\/sites\/6\/2026\/02\/Obra-3-768x576.jpeg 768w, https:\/\/www.manaus.am.gov.br\/seminf\/wp-content\/uploads\/sites\/6\/2026\/02\/Obra-3-1536x1152.jpeg 1536w, https:\/\/www.manaus.am.gov.br\/seminf\/wp-content\/uploads\/sites\/6\/2026\/02\/Obra-3.jpeg 1600w\" sizes=\"(max-width: 1024px) 100vw, 1024px\" \/><figcaption class=\"wp-element-caption\">#paratodosverem &#8211; Interven\u00e7\u00e3o<\/figcaption><\/figure>\n\n\n\n<p>&#8212; &#8212; &#8212;<\/p>\n\n\n\n<p><strong>Texto<\/strong> &#8211; Eduarda Lira\/Seminf<\/p>\n\n\n\n<p><strong>Fotos <\/strong>&#8211; Rayana Coutinho\/Seminf<\/p>\n","protected":false},"excerpt":{"rendered":"","protected":false},"author":39,"featured_media":8448,"comment_status":"closed","ping_status":"closed","sticky":false,"template":"","format":"standard","meta":{"footnotes":""},"categories":[221],"tags":[873,3051,43,26,203],"acf":[],"yoast_head":"<!-- This site is optimized with the Yoast SEO plugin v23.0 - https:\/\/yoast.com\/wordpress\/plugins\/seo\/ -->\n<title>Obras do complexo vi\u00e1rio Passar\u00e3o avan\u00e7am e prometem desafogar o tr\u00e2nsito na zona Oeste de Manaus<\/title>\n<meta name=\"description\" content=\"Obras da prefeitura no complexo vi\u00e1rio Passar\u00e3o avan\u00e7am e prometem desafogar o tr\u00e2nsito na zona Oeste de Manaus.\" \/>\n<meta name=\"robots\" content=\"index, follow, max-snippet:-1, max-image-preview:large, max-video-preview:-1\" \/>\n<link rel=\"canonical\" href=\"https:\/\/www.manaus.am.gov.br\/seminf\/obras-complexo-viario-passarao\/\" \/>\n<meta property=\"og:locale\" content=\"pt_BR\" \/>\n<meta property=\"og:type\" content=\"article\" \/>\n<meta property=\"og:title\" content=\"Obras do complexo vi\u00e1rio Passar\u00e3o avan\u00e7am e prometem desafogar o tr\u00e2nsito na zona Oeste de Manaus\" \/>\n<meta property=\"og:description\" content=\"Obras da prefeitura no complexo vi\u00e1rio Passar\u00e3o avan\u00e7am e prometem desafogar o tr\u00e2nsito na zona Oeste de Manaus.\" \/>\n<meta property=\"og:url\" content=\"https:\/\/www.manaus.am.gov.br\/seminf\/obras-complexo-viario-passarao\/\" \/>\n<meta property=\"og:site_name\" content=\"SEMINF\" \/>\n<meta property=\"article:published_time\" content=\"2026-02-06T21:32:14+00:00\" \/>\n<meta property=\"article:modified_time\" content=\"2026-02-09T15:53:35+00:00\" \/>\n<meta property=\"og:image\" content=\"https:\/\/www.manaus.am.gov.br\/seminf\/wp-content\/uploads\/sites\/6\/2026\/02\/Obra-2.jpeg\" \/>\n\t<meta property=\"og:image:width\" content=\"1600\" \/>\n\t<meta property=\"og:image:height\" content=\"1200\" \/>\n\t<meta property=\"og:image:type\" content=\"image\/jpeg\" \/>\n<meta name=\"author\" content=\"Bruna Greco\" \/>\n<meta name=\"twitter:card\" content=\"summary_large_image\" \/>\n<meta name=\"twitter:label1\" content=\"Written by\" \/>\n\t<meta name=\"twitter:data1\" content=\"Bruna Greco\" \/>\n\t<meta name=\"twitter:label2\" content=\"Est. reading time\" \/>\n\t<meta name=\"twitter:data2\" content=\"3 minutos\" \/>\n<script type=\"application\/ld+json\" class=\"yoast-schema-graph\">{\"@context\":\"https:\/\/schema.org\",\"@graph\":[{\"@type\":\"WebPage\",\"@id\":\"https:\/\/www.manaus.am.gov.br\/seminf\/obras-complexo-viario-passarao\/\",\"url\":\"https:\/\/www.manaus.am.gov.br\/seminf\/obras-complexo-viario-passarao\/\",\"name\":\"Obras do complexo vi\u00e1rio Passar\u00e3o avan\u00e7am e prometem desafogar o tr\u00e2nsito na zona Oeste de Manaus\",\"isPartOf\":{\"@id\":\"https:\/\/www.manaus.am.gov.br\/seminf\/#website\"},\"primaryImageOfPage\":{\"@id\":\"https:\/\/www.manaus.am.gov.br\/seminf\/obras-complexo-viario-passarao\/#primaryimage\"},\"image\":{\"@id\":\"https:\/\/www.manaus.am.gov.br\/seminf\/obras-complexo-viario-passarao\/#primaryimage\"},\"thumbnailUrl\":\"https:\/\/www.manaus.am.gov.br\/seminf\/wp-content\/uploads\/sites\/6\/2026\/02\/Obra-2.jpeg\",\"datePublished\":\"2026-02-06T21:32:14+00:00\",\"dateModified\":\"2026-02-09T15:53:35+00:00\",\"author\":{\"@id\":\"https:\/\/www.manaus.am.gov.br\/seminf\/#\/schema\/person\/05d223aea2bf115f9883a6ff3683d81b\"},\"description\":\"Obras da prefeitura no complexo vi\u00e1rio Passar\u00e3o avan\u00e7am e prometem desafogar o tr\u00e2nsito na zona Oeste de Manaus.\",\"inLanguage\":\"pt-BR\",\"potentialAction\":[{\"@type\":\"ReadAction\",\"target\":[\"https:\/\/www.manaus.am.gov.br\/seminf\/obras-complexo-viario-passarao\/\"]}]},{\"@type\":\"ImageObject\",\"inLanguage\":\"pt-BR\",\"@id\":\"https:\/\/www.manaus.am.gov.br\/seminf\/obras-complexo-viario-passarao\/#primaryimage\",\"url\":\"https:\/\/www.manaus.am.gov.br\/seminf\/wp-content\/uploads\/sites\/6\/2026\/02\/Obra-2.jpeg\",\"contentUrl\":\"https:\/\/www.manaus.am.gov.br\/seminf\/wp-content\/uploads\/sites\/6\/2026\/02\/Obra-2.jpeg\",\"width\":1600,\"height\":1200,\"caption\":\"#paratodosverem - Equipe da Seminf realizando a implanta\u00e7\u00e3o de tapumes para a continuidade das obras do complexo vi\u00e1rio Passar\u00e3o\"},{\"@type\":\"WebSite\",\"@id\":\"https:\/\/www.manaus.am.gov.br\/seminf\/#website\",\"url\":\"https:\/\/www.manaus.am.gov.br\/seminf\/\",\"name\":\"Secretaria de Infraestrutura\",\"description\":\"Secretaria Municipal de Infraestrutura\",\"potentialAction\":[{\"@type\":\"SearchAction\",\"target\":{\"@type\":\"EntryPoint\",\"urlTemplate\":\"https:\/\/www.manaus.am.gov.br\/seminf\/?s={search_term_string}\"},\"query-input\":\"required name=search_term_string\"}],\"inLanguage\":\"pt-BR\"},{\"@type\":\"Person\",\"@id\":\"https:\/\/www.manaus.am.gov.br\/seminf\/#\/schema\/person\/05d223aea2bf115f9883a6ff3683d81b\",\"name\":\"Bruna Greco\",\"image\":{\"@type\":\"ImageObject\",\"inLanguage\":\"pt-BR\",\"@id\":\"https:\/\/www.manaus.am.gov.br\/seminf\/#\/schema\/person\/image\/\",\"url\":\"https:\/\/secure.gravatar.com\/avatar\/9c877d1a6adc2a055330e5c09a8653ce?s=96&d=mm&r=g\",\"contentUrl\":\"https:\/\/secure.gravatar.com\/avatar\/9c877d1a6adc2a055330e5c09a8653ce?s=96&d=mm&r=g\",\"caption\":\"Bruna Greco\"}}]}<\/script>\n<!-- \/ Yoast SEO plugin. -->","yoast_head_json":{"title":"Obras do complexo vi\u00e1rio Passar\u00e3o avan\u00e7am e prometem desafogar o tr\u00e2nsito na zona Oeste de Manaus","description":"Obras da prefeitura no complexo vi\u00e1rio Passar\u00e3o avan\u00e7am e prometem desafogar o tr\u00e2nsito na zona Oeste de Manaus.","robots":{"index":"index","follow":"follow","max-snippet":"max-snippet:-1","max-image-preview":"max-image-preview:large","max-video-preview":"max-video-preview:-1"},"canonical":"https:\/\/www.manaus.am.gov.br\/seminf\/obras-complexo-viario-passarao\/","og_locale":"pt_BR","og_type":"article","og_title":"Obras do complexo vi\u00e1rio Passar\u00e3o avan\u00e7am e prometem desafogar o tr\u00e2nsito na zona Oeste de Manaus","og_description":"Obras da prefeitura no complexo vi\u00e1rio Passar\u00e3o avan\u00e7am e prometem desafogar o tr\u00e2nsito na zona Oeste de Manaus.","og_url":"https:\/\/www.manaus.am.gov.br\/seminf\/obras-complexo-viario-passarao\/","og_site_name":"SEMINF","article_published_time":"2026-02-06T21:32:14+00:00","article_modified_time":"2026-02-09T15:53:35+00:00","og_image":[{"width":1600,"height":1200,"url":"https:\/\/www.manaus.am.gov.br\/seminf\/wp-content\/uploads\/sites\/6\/2026\/02\/Obra-2.jpeg","type":"image\/jpeg"}],"author":"Bruna Greco","twitter_card":"summary_large_image","twitter_misc":{"Written by":"Bruna Greco","Est. reading time":"3 minutos"},"schema":{"@context":"https:\/\/schema.org","@graph":[{"@type":"WebPage","@id":"https:\/\/www.manaus.am.gov.br\/seminf\/obras-complexo-viario-passarao\/","url":"https:\/\/www.manaus.am.gov.br\/seminf\/obras-complexo-viario-passarao\/","name":"Obras do complexo vi\u00e1rio Passar\u00e3o avan\u00e7am e prometem desafogar o tr\u00e2nsito na zona Oeste de Manaus","isPartOf":{"@id":"https:\/\/www.manaus.am.gov.br\/seminf\/#website"},"primaryImageOfPage":{"@id":"https:\/\/www.manaus.am.gov.br\/seminf\/obras-complexo-viario-passarao\/#primaryimage"},"image":{"@id":"https:\/\/www.manaus.am.gov.br\/seminf\/obras-complexo-viario-passarao\/#primaryimage"},"thumbnailUrl":"https:\/\/www.manaus.am.gov.br\/seminf\/wp-content\/uploads\/sites\/6\/2026\/02\/Obra-2.jpeg","datePublished":"2026-02-06T21:32:14+00:00","dateModified":"2026-02-09T15:53:35+00:00","author":{"@id":"https:\/\/www.manaus.am.gov.br\/seminf\/#\/schema\/person\/05d223aea2bf115f9883a6ff3683d81b"},"description":"Obras da prefeitura no complexo vi\u00e1rio Passar\u00e3o avan\u00e7am e prometem desafogar o tr\u00e2nsito na zona Oeste de Manaus.","inLanguage":"pt-BR","potentialAction":[{"@type":"ReadAction","target":["https:\/\/www.manaus.am.gov.br\/seminf\/obras-complexo-viario-passarao\/"]}]},{"@type":"ImageObject","inLanguage":"pt-BR","@id":"https:\/\/www.manaus.am.gov.br\/seminf\/obras-complexo-viario-passarao\/#primaryimage","url":"https:\/\/www.manaus.am.gov.br\/seminf\/wp-content\/uploads\/sites\/6\/2026\/02\/Obra-2.jpeg","contentUrl":"https:\/\/www.manaus.am.gov.br\/seminf\/wp-content\/uploads\/sites\/6\/2026\/02\/Obra-2.jpeg","width":1600,"height":1200,"caption":"#paratodosverem - Equipe da Seminf realizando a implanta\u00e7\u00e3o de tapumes para a continuidade das obras do complexo vi\u00e1rio Passar\u00e3o"},{"@type":"WebSite","@id":"https:\/\/www.manaus.am.gov.br\/seminf\/#website","url":"https:\/\/www.manaus.am.gov.br\/seminf\/","name":"Secretaria de Infraestrutura","description":"Secretaria Municipal de Infraestrutura","potentialAction":[{"@type":"SearchAction","target":{"@type":"EntryPoint","urlTemplate":"https:\/\/www.manaus.am.gov.br\/seminf\/?s={search_term_string}"},"query-input":"required name=search_term_string"}],"inLanguage":"pt-BR"},{"@type":"Person","@id":"https:\/\/www.manaus.am.gov.br\/seminf\/#\/schema\/person\/05d223aea2bf115f9883a6ff3683d81b","name":"Bruna Greco","image":{"@type":"ImageObject","inLanguage":"pt-BR","@id":"https:\/\/www.manaus.am.gov.br\/seminf\/#\/schema\/person\/image\/","url":"https:\/\/secure.gravatar.com\/avatar\/9c877d1a6adc2a055330e5c09a8653ce?s=96&d=mm&r=g","contentUrl":"https:\/\/secure.gravatar.com\/avatar\/9c877d1a6adc2a055330e5c09a8653ce?s=96&d=mm&r=g","caption":"Bruna Greco"}}]}},"_links":{"self":[{"href":"https:\/\/www.manaus.am.gov.br\/seminf\/wp-json\/wp\/v2\/posts\/8447"}],"collection":[{"href":"https:\/\/www.manaus.am.gov.br\/seminf\/wp-json\/wp\/v2\/posts"}],"about":[{"href":"https:\/\/www.manaus.am.gov.br\/seminf\/wp-json\/wp\/v2\/types\/post"}],"author":[{"embeddable":true,"href":"https:\/\/www.manaus.am.gov.br\/seminf\/wp-json\/wp\/v2\/users\/39"}],"replies":[{"embeddable":true,"href":"https:\/\/www.manaus.am.gov.br\/seminf\/wp-json\/wp\/v2\/comments?post=8447"}],"version-history":[{"count":3,"href":"https:\/\/www.manaus.am.gov.br\/seminf\/wp-json\/wp\/v2\/posts\/8447\/revisions"}],"predecessor-version":[{"id":8467,"href":"https:\/\/www.manaus.am.gov.br\/seminf\/wp-json\/wp\/v2\/posts\/8447\/revisions\/8467"}],"wp:featuredmedia":[{"embeddable":true,"href":"https:\/\/www.manaus.am.gov.br\/seminf\/wp-json\/wp\/v2\/media\/8448"}],"wp:attachment":[{"href":"https:\/\/www.manaus.am.gov.br\/seminf\/wp-json\/wp\/v2\/media?parent=8447"}],"wp:term":[{"taxonomy":"category","embeddable":true,"href":"https:\/\/www.manaus.am.gov.br\/seminf\/wp-json\/wp\/v2\/categories?post=8447"},{"taxonomy":"post_tag","embeddable":true,"href":"https:\/\/www.manaus.am.gov.br\/seminf\/wp-json\/wp\/v2\/tags?post=8447"}],"curies":[{"name":"wp","href":"https:\/\/api.w.org\/{rel}","templated":true}]}}