{"id":8250,"date":"2026-01-23T09:43:57","date_gmt":"2026-01-23T13:43:57","guid":{"rendered":"https:\/\/www.manaus.am.gov.br\/seminf\/prefeitura-obra-contencao-canaranas\/"},"modified":"2026-01-27T09:23:42","modified_gmt":"2026-01-27T13:23:42","slug":"prefeitura-obra-contencao-canaranas","status":"publish","type":"post","link":"https:\/\/www.manaus.am.gov.br\/seminf\/prefeitura-obra-contencao-canaranas\/","title":{"rendered":"Prefeitura de Manaus inicia obra de conten\u00e7\u00e3o de eros\u00e3o no conjunto Canaranas"},"content":{"rendered":"\n<p>A <a href=\"https:\/\/www.instagram.com\/prefeiturademanaus\/\">Prefeitura de Manaus,<\/a> por meio da<a href=\"https:\/\/www.manaus.am.gov.br\/\"> Secretaria Municipal de Infraestrutura (Seminf)<\/a>, iniciou, na quinta-feira, 22\/1, um servi\u00e7o de conten\u00e7\u00e3o de eros\u00e3o na rua Lad\u00e1rio, localizada no conjunto Canaranas, bairro Cidade Nova, zona Norte da capital. O trabalho tem como objetivo garantir a seguran\u00e7a da popula\u00e7\u00e3o e restabelecer a estabilidade da \u00e1rea afetada.<\/p>\n\n\n\n<p>Ap\u00f3s estudos, equipes da Seminf identificaram a necessidade de uma interven\u00e7\u00e3o estrutural para conter o avan\u00e7o da eros\u00e3o e prevenir novos desbarrancamentos. O servi\u00e7o \u00e9 executado por equipes especializadas, com o apoio de maquin\u00e1rio adequado e t\u00e9cnicas espec\u00edficas para esse tipo de interven\u00e7\u00e3o.<\/p>\n\n\n\n<p>O vice-prefeito e secret\u00e1rio de Obras, Renato Junior, destacou que a a\u00e7\u00e3o faz parte do planejamento cont\u00ednuo da gest\u00e3o municipal para o fortalecimento da infraestrutura urbana da cidade. \u201cAntes do in\u00edcio da obra, foram realizados estudos t\u00e9cnicos e an\u00e1lises topogr\u00e1ficas para garantir uma interven\u00e7\u00e3o segura e eficiente. Esse planejamento \u00e9 fundamental para que a atua\u00e7\u00e3o ocorra de forma respons\u00e1vel, assegurando a estabilidade da \u00e1rea e a prote\u00e7\u00e3o dos moradores do conjunto Canaranas\u201d, afirmou.<\/p>\n\n\n\n<p>A \u00e1rea afetada possui aproximadamente 30 metros de profundidade. Os trabalhos foram iniciados com a implanta\u00e7\u00e3o do canteiro de obras e seguem, de forma simult\u00e2nea, com a limpeza do local, a conten\u00e7\u00e3o do talude e a implanta\u00e7\u00e3o de um novo sistema de drenagem na \u00e1rea.<\/p>\n\n\n\n<p>Durante a execu\u00e7\u00e3o, a rede atual de escoamento das \u00e1guas pluviais est\u00e1 sendo desviada temporariamente, a fim de n\u00e3o comprometer o andamento da obra. O novo sistema de drenagem profunda ter\u00e1 aproximadamente 90 metros de extens\u00e3o e ser\u00e1 respons\u00e1vel por conduzir corretamente o fluxo das \u00e1guas, reduzindo riscos de alagamentos e novos processos erosivos.<\/p>\n\n\n\n<p>Moradores da \u00e1rea acompanham o in\u00edcio da interven\u00e7\u00e3o, que representa uma resposta da administra\u00e7\u00e3o municipal a uma demanda hist\u00f3rica da comunidade. A obra segue em execu\u00e7\u00e3o at\u00e9 a completa recupera\u00e7\u00e3o da \u00e1rea, com foco na seguran\u00e7a dos moradores da rua Lad\u00e1rio e na melhoria das condi\u00e7\u00f5es urbanas do conjunto Canaranas.<\/p>\n\n\n\n<p>A Prefeitura de Manaus refor\u00e7a o compromisso com a execu\u00e7\u00e3o de obras estruturais e com o fortalecimento da infraestrutura urbana em todas as zonas da cidade.<\/p>\n\n\n\n<p>&#8212; &#8212; &#8212;<\/p>\n\n\n\n<p><strong>Texto <\/strong>&#8211; Maria Amed \/ Seminf<\/p>\n\n\n\n<p>Fotos &#8211; Sayanne Monteiro \/ Seminf<\/p>\n","protected":false},"excerpt":{"rendered":"","protected":false},"author":23,"featured_media":8251,"comment_status":"closed","ping_status":"closed","sticky":false,"template":"","format":"standard","meta":{"footnotes":""},"categories":[3],"tags":[3017,93,177,43,26,279],"acf":[],"yoast_head":"<!-- This site is optimized with the Yoast SEO plugin v23.0 - https:\/\/yoast.com\/wordpress\/plugins\/seo\/ -->\n<title>Prefeitura de Manaus inicia obra de conten\u00e7\u00e3o de eros\u00e3o no conjunto Canaranas<\/title>\n<meta name=\"description\" content=\"A Prefeitura de Manaus, por meio da Secretaria Municipal de Infraestrutura (Seminf), iniciou, na quinta-feira, 22\/1, um servi\u00e7o de conten\u00e7\u00e3o de eros\u00e3o na rua Lad\u00e1rio, localizada no conjunto Canaranas, bairro Cidade Nova, zona Norte da capital.\" \/>\n<meta name=\"robots\" content=\"index, follow, max-snippet:-1, max-image-preview:large, max-video-preview:-1\" \/>\n<link rel=\"canonical\" href=\"https:\/\/www.manaus.am.gov.br\/seminf\/prefeitura-obra-contencao-canaranas\/\" \/>\n<meta property=\"og:locale\" content=\"pt_BR\" \/>\n<meta property=\"og:type\" content=\"article\" \/>\n<meta property=\"og:title\" content=\"Prefeitura de Manaus inicia obra de conten\u00e7\u00e3o de eros\u00e3o no conjunto Canaranas\" \/>\n<meta property=\"og:description\" content=\"A Prefeitura de Manaus, por meio da Secretaria Municipal de Infraestrutura (Seminf), iniciou, na quinta-feira, 22\/1, um servi\u00e7o de conten\u00e7\u00e3o de eros\u00e3o na rua Lad\u00e1rio, localizada no conjunto Canaranas, bairro Cidade Nova, zona Norte da capital.\" \/>\n<meta property=\"og:url\" content=\"https:\/\/www.manaus.am.gov.br\/seminf\/prefeitura-obra-contencao-canaranas\/\" \/>\n<meta property=\"og:site_name\" content=\"SEMINF\" \/>\n<meta property=\"article:published_time\" content=\"2026-01-23T13:43:57+00:00\" \/>\n<meta property=\"article:modified_time\" content=\"2026-01-27T13:23:42+00:00\" \/>\n<meta property=\"og:image\" content=\"https:\/\/www.manaus.am.gov.br\/seminf\/wp-content\/uploads\/sites\/6\/2026\/01\/55056633706_7ba7b06b3d_c.jpg\" \/>\n\t<meta property=\"og:image:width\" content=\"800\" \/>\n\t<meta property=\"og:image:height\" content=\"600\" \/>\n\t<meta property=\"og:image:type\" content=\"image\/jpeg\" \/>\n<meta name=\"author\" content=\"Adriana Costa\" \/>\n<meta name=\"twitter:card\" content=\"summary_large_image\" \/>\n<meta name=\"twitter:label1\" content=\"Written by\" \/>\n\t<meta name=\"twitter:data1\" content=\"Adriana Costa\" \/>\n\t<meta name=\"twitter:label2\" content=\"Est. reading time\" \/>\n\t<meta name=\"twitter:data2\" content=\"3 minutos\" \/>\n<script type=\"application\/ld+json\" class=\"yoast-schema-graph\">{\"@context\":\"https:\/\/schema.org\",\"@graph\":[{\"@type\":\"WebPage\",\"@id\":\"https:\/\/www.manaus.am.gov.br\/seminf\/prefeitura-obra-contencao-canaranas\/\",\"url\":\"https:\/\/www.manaus.am.gov.br\/seminf\/prefeitura-obra-contencao-canaranas\/\",\"name\":\"Prefeitura de Manaus inicia obra de conten\u00e7\u00e3o de eros\u00e3o no conjunto Canaranas\",\"isPartOf\":{\"@id\":\"https:\/\/www.manaus.am.gov.br\/seminf\/#website\"},\"primaryImageOfPage\":{\"@id\":\"https:\/\/www.manaus.am.gov.br\/seminf\/prefeitura-obra-contencao-canaranas\/#primaryimage\"},\"image\":{\"@id\":\"https:\/\/www.manaus.am.gov.br\/seminf\/prefeitura-obra-contencao-canaranas\/#primaryimage\"},\"thumbnailUrl\":\"https:\/\/www.manaus.am.gov.br\/seminf\/wp-content\/uploads\/sites\/6\/2026\/01\/55056633706_7ba7b06b3d_c.jpg\",\"datePublished\":\"2026-01-23T13:43:57+00:00\",\"dateModified\":\"2026-01-27T13:23:42+00:00\",\"author\":{\"@id\":\"https:\/\/www.manaus.am.gov.br\/seminf\/#\/schema\/person\/4e49f4e267757a06ca072ec61b2b9968\"},\"description\":\"A Prefeitura de Manaus, por meio da Secretaria Municipal de Infraestrutura (Seminf), iniciou, na quinta-feira, 22\/1, um servi\u00e7o de conten\u00e7\u00e3o de eros\u00e3o na rua Lad\u00e1rio, localizada no conjunto Canaranas, bairro Cidade Nova, zona Norte da capital.\",\"inLanguage\":\"pt-BR\",\"potentialAction\":[{\"@type\":\"ReadAction\",\"target\":[\"https:\/\/www.manaus.am.gov.br\/seminf\/prefeitura-obra-contencao-canaranas\/\"]}]},{\"@type\":\"ImageObject\",\"inLanguage\":\"pt-BR\",\"@id\":\"https:\/\/www.manaus.am.gov.br\/seminf\/prefeitura-obra-contencao-canaranas\/#primaryimage\",\"url\":\"https:\/\/www.manaus.am.gov.br\/seminf\/wp-content\/uploads\/sites\/6\/2026\/01\/55056633706_7ba7b06b3d_c.jpg\",\"contentUrl\":\"https:\/\/www.manaus.am.gov.br\/seminf\/wp-content\/uploads\/sites\/6\/2026\/01\/55056633706_7ba7b06b3d_c.jpg\",\"width\":800,\"height\":600,\"caption\":\"#paratodosverem - Maquin\u00e1rio da Seminf em servi\u00e7o de conten\u00e7\u00e3o de eros\u00e3o no conjunto Canaranas\"},{\"@type\":\"WebSite\",\"@id\":\"https:\/\/www.manaus.am.gov.br\/seminf\/#website\",\"url\":\"https:\/\/www.manaus.am.gov.br\/seminf\/\",\"name\":\"Secretaria de Infraestrutura\",\"description\":\"Secretaria Municipal de Infraestrutura\",\"potentialAction\":[{\"@type\":\"SearchAction\",\"target\":{\"@type\":\"EntryPoint\",\"urlTemplate\":\"https:\/\/www.manaus.am.gov.br\/seminf\/?s={search_term_string}\"},\"query-input\":\"required name=search_term_string\"}],\"inLanguage\":\"pt-BR\"},{\"@type\":\"Person\",\"@id\":\"https:\/\/www.manaus.am.gov.br\/seminf\/#\/schema\/person\/4e49f4e267757a06ca072ec61b2b9968\",\"name\":\"Adriana Costa\",\"image\":{\"@type\":\"ImageObject\",\"inLanguage\":\"pt-BR\",\"@id\":\"https:\/\/www.manaus.am.gov.br\/seminf\/#\/schema\/person\/image\/\",\"url\":\"https:\/\/secure.gravatar.com\/avatar\/576258617ef7194f718179e766d57bd4?s=96&d=mm&r=g\",\"contentUrl\":\"https:\/\/secure.gravatar.com\/avatar\/576258617ef7194f718179e766d57bd4?s=96&d=mm&r=g\",\"caption\":\"Adriana Costa\"}}]}<\/script>\n<!-- \/ Yoast SEO plugin. -->","yoast_head_json":{"title":"Prefeitura de Manaus inicia obra de conten\u00e7\u00e3o de eros\u00e3o no conjunto Canaranas","description":"A Prefeitura de Manaus, por meio da Secretaria Municipal de Infraestrutura (Seminf), iniciou, na quinta-feira, 22\/1, um servi\u00e7o de conten\u00e7\u00e3o de eros\u00e3o na rua Lad\u00e1rio, localizada no conjunto Canaranas, bairro Cidade Nova, zona Norte da capital.","robots":{"index":"index","follow":"follow","max-snippet":"max-snippet:-1","max-image-preview":"max-image-preview:large","max-video-preview":"max-video-preview:-1"},"canonical":"https:\/\/www.manaus.am.gov.br\/seminf\/prefeitura-obra-contencao-canaranas\/","og_locale":"pt_BR","og_type":"article","og_title":"Prefeitura de Manaus inicia obra de conten\u00e7\u00e3o de eros\u00e3o no conjunto Canaranas","og_description":"A Prefeitura de Manaus, por meio da Secretaria Municipal de Infraestrutura (Seminf), iniciou, na quinta-feira, 22\/1, um servi\u00e7o de conten\u00e7\u00e3o de eros\u00e3o na rua Lad\u00e1rio, localizada no conjunto Canaranas, bairro Cidade Nova, zona Norte da capital.","og_url":"https:\/\/www.manaus.am.gov.br\/seminf\/prefeitura-obra-contencao-canaranas\/","og_site_name":"SEMINF","article_published_time":"2026-01-23T13:43:57+00:00","article_modified_time":"2026-01-27T13:23:42+00:00","og_image":[{"width":800,"height":600,"url":"https:\/\/www.manaus.am.gov.br\/seminf\/wp-content\/uploads\/sites\/6\/2026\/01\/55056633706_7ba7b06b3d_c.jpg","type":"image\/jpeg"}],"author":"Adriana Costa","twitter_card":"summary_large_image","twitter_misc":{"Written by":"Adriana Costa","Est. reading time":"3 minutos"},"schema":{"@context":"https:\/\/schema.org","@graph":[{"@type":"WebPage","@id":"https:\/\/www.manaus.am.gov.br\/seminf\/prefeitura-obra-contencao-canaranas\/","url":"https:\/\/www.manaus.am.gov.br\/seminf\/prefeitura-obra-contencao-canaranas\/","name":"Prefeitura de Manaus inicia obra de conten\u00e7\u00e3o de eros\u00e3o no conjunto Canaranas","isPartOf":{"@id":"https:\/\/www.manaus.am.gov.br\/seminf\/#website"},"primaryImageOfPage":{"@id":"https:\/\/www.manaus.am.gov.br\/seminf\/prefeitura-obra-contencao-canaranas\/#primaryimage"},"image":{"@id":"https:\/\/www.manaus.am.gov.br\/seminf\/prefeitura-obra-contencao-canaranas\/#primaryimage"},"thumbnailUrl":"https:\/\/www.manaus.am.gov.br\/seminf\/wp-content\/uploads\/sites\/6\/2026\/01\/55056633706_7ba7b06b3d_c.jpg","datePublished":"2026-01-23T13:43:57+00:00","dateModified":"2026-01-27T13:23:42+00:00","author":{"@id":"https:\/\/www.manaus.am.gov.br\/seminf\/#\/schema\/person\/4e49f4e267757a06ca072ec61b2b9968"},"description":"A Prefeitura de Manaus, por meio da Secretaria Municipal de Infraestrutura (Seminf), iniciou, na quinta-feira, 22\/1, um servi\u00e7o de conten\u00e7\u00e3o de eros\u00e3o na rua Lad\u00e1rio, localizada no conjunto Canaranas, bairro Cidade Nova, zona Norte da capital.","inLanguage":"pt-BR","potentialAction":[{"@type":"ReadAction","target":["https:\/\/www.manaus.am.gov.br\/seminf\/prefeitura-obra-contencao-canaranas\/"]}]},{"@type":"ImageObject","inLanguage":"pt-BR","@id":"https:\/\/www.manaus.am.gov.br\/seminf\/prefeitura-obra-contencao-canaranas\/#primaryimage","url":"https:\/\/www.manaus.am.gov.br\/seminf\/wp-content\/uploads\/sites\/6\/2026\/01\/55056633706_7ba7b06b3d_c.jpg","contentUrl":"https:\/\/www.manaus.am.gov.br\/seminf\/wp-content\/uploads\/sites\/6\/2026\/01\/55056633706_7ba7b06b3d_c.jpg","width":800,"height":600,"caption":"#paratodosverem - Maquin\u00e1rio da Seminf em servi\u00e7o de conten\u00e7\u00e3o de eros\u00e3o no conjunto Canaranas"},{"@type":"WebSite","@id":"https:\/\/www.manaus.am.gov.br\/seminf\/#website","url":"https:\/\/www.manaus.am.gov.br\/seminf\/","name":"Secretaria de Infraestrutura","description":"Secretaria Municipal de Infraestrutura","potentialAction":[{"@type":"SearchAction","target":{"@type":"EntryPoint","urlTemplate":"https:\/\/www.manaus.am.gov.br\/seminf\/?s={search_term_string}"},"query-input":"required name=search_term_string"}],"inLanguage":"pt-BR"},{"@type":"Person","@id":"https:\/\/www.manaus.am.gov.br\/seminf\/#\/schema\/person\/4e49f4e267757a06ca072ec61b2b9968","name":"Adriana Costa","image":{"@type":"ImageObject","inLanguage":"pt-BR","@id":"https:\/\/www.manaus.am.gov.br\/seminf\/#\/schema\/person\/image\/","url":"https:\/\/secure.gravatar.com\/avatar\/576258617ef7194f718179e766d57bd4?s=96&d=mm&r=g","contentUrl":"https:\/\/secure.gravatar.com\/avatar\/576258617ef7194f718179e766d57bd4?s=96&d=mm&r=g","caption":"Adriana Costa"}}]}},"_links":{"self":[{"href":"https:\/\/www.manaus.am.gov.br\/seminf\/wp-json\/wp\/v2\/posts\/8250"}],"collection":[{"href":"https:\/\/www.manaus.am.gov.br\/seminf\/wp-json\/wp\/v2\/posts"}],"about":[{"href":"https:\/\/www.manaus.am.gov.br\/seminf\/wp-json\/wp\/v2\/types\/post"}],"author":[{"embeddable":true,"href":"https:\/\/www.manaus.am.gov.br\/seminf\/wp-json\/wp\/v2\/users\/23"}],"replies":[{"embeddable":true,"href":"https:\/\/www.manaus.am.gov.br\/seminf\/wp-json\/wp\/v2\/comments?post=8250"}],"version-history":[{"count":1,"href":"https:\/\/www.manaus.am.gov.br\/seminf\/wp-json\/wp\/v2\/posts\/8250\/revisions"}],"predecessor-version":[{"id":8283,"href":"https:\/\/www.manaus.am.gov.br\/seminf\/wp-json\/wp\/v2\/posts\/8250\/revisions\/8283"}],"wp:featuredmedia":[{"embeddable":true,"href":"https:\/\/www.manaus.am.gov.br\/seminf\/wp-json\/wp\/v2\/media\/8251"}],"wp:attachment":[{"href":"https:\/\/www.manaus.am.gov.br\/seminf\/wp-json\/wp\/v2\/media?parent=8250"}],"wp:term":[{"taxonomy":"category","embeddable":true,"href":"https:\/\/www.manaus.am.gov.br\/seminf\/wp-json\/wp\/v2\/categories?post=8250"},{"taxonomy":"post_tag","embeddable":true,"href":"https:\/\/www.manaus.am.gov.br\/seminf\/wp-json\/wp\/v2\/tags?post=8250"}],"curies":[{"name":"wp","href":"https:\/\/api.w.org\/{rel}","templated":true}]}}