{"id":8244,"date":"2026-01-22T17:52:30","date_gmt":"2026-01-22T21:52:30","guid":{"rendered":"https:\/\/www.manaus.am.gov.br\/seminf\/bairro-coroado-revitalizacao-infraestrutura\/"},"modified":"2026-01-28T11:00:36","modified_gmt":"2026-01-28T15:00:36","slug":"bairro-coroado-revitalizacao-infraestrutura","status":"publish","type":"post","link":"https:\/\/www.manaus.am.gov.br\/seminf\/bairro-coroado-revitalizacao-infraestrutura\/","title":{"rendered":"Prefeitura de Manaus atua simultaneamente em vias do bairro Coroado com revitaliza\u00e7\u00e3o na infraestrutura"},"content":{"rendered":"\n<p>Com a\u00e7\u00f5es impulsionadas de recupera\u00e7\u00e3o asf\u00e1ltica, a <a href=\"https:\/\/www.instagram.com\/prefeiturademanaus\/\">Prefeitura de Manaus<\/a>, por meio da <a href=\"https:\/\/www.manaus.am.gov.br\/\">Secretari<\/a>a <a href=\"https:\/\/www.manaus.am.gov.br\/\">Municipal de Infraestrutura (Seminf)<\/a>, realizou, nesta quinta-feira, 22\/1, de forma simult\u00e2nea, servi\u00e7os de manuten\u00e7\u00e3o asf\u00e1ltica nas ruas Nossa Senhora do Perp\u00e9tuo Socorro e Rita Barbosa, localizadas no bairro Coroado, zona Leste da capital.<\/p>\n\n\n\n<p>As a\u00e7\u00f5es fazem parte do projeto cont\u00ednuo da Seminf, determinado pela administra\u00e7\u00e3o municipal, que tem como objetivo melhorar a infraestrutura vi\u00e1ria da cidade, garantindo mais seguran\u00e7a, mobilidade e qualidade de vida para os moradores. As equipes atuaram com frentes de trabalho paralelas, otimizando o tempo de execu\u00e7\u00e3o dos servi\u00e7os e reduzindo os impactos na rotina da popula\u00e7\u00e3o local.<\/p>\n\n\n\n<p>Al\u00e9m da recupera\u00e7\u00e3o das vias, os servi\u00e7os executados contribuem para a durabilidade do pavimento e para a preven\u00e7\u00e3o de problemas causados pelo desgaste natural e pelo intenso fluxo de ve\u00edculos na regi\u00e3o. A atua\u00e7\u00e3o preventiva reduz a necessidade de interven\u00e7\u00f5es emergenciais e promove melhores condi\u00e7\u00f5es de tr\u00e1fego para motoristas e pedestres.<\/p>\n\n\n\n<p>De acordo com o vice-prefeito e secret\u00e1rio de Obras, Renato Junior, as a\u00e7\u00f5es seguem impulsionadas por ordem da gest\u00e3o municipal, e as equipes atuam com entregas de obras de qualidade.<\/p>\n\n\n\n<p>\u201cN\u00f3s seguimos monitorando outros pontos da zona Leste para futuras interven\u00e7\u00f5es, priorizando \u00e1reas com maior demanda. Na gest\u00e3o do nosso prefeito David Almeida, os servi\u00e7os de manuten\u00e7\u00e3o vi\u00e1ria continuar\u00e3o sendo intensificados, garantindo mais efici\u00eancia nas entregas das obras e melhores resultados para a cidade\u201d, ressaltou Renato Junior.<\/p>\n\n\n\n<p>A prefeitura refor\u00e7a que os trabalhos de infraestrutura seguem avan\u00e7ando em diversos bairros da cidade, atendendo \u00e0s demandas da popula\u00e7\u00e3o e reafirmando o compromisso da gest\u00e3o municipal com a melhoria dos espa\u00e7os urbanos.<\/p>\n\n\n\n<figure class=\"wp-block-image size-large\"><img loading=\"lazy\" decoding=\"async\" width=\"1024\" height=\"768\" src=\"https:\/\/www.manaus.am.gov.br\/seminf\/wp-content\/uploads\/sites\/6\/2026\/01\/Recuperacao-5-1-1024x768.jpeg\" alt=\"\" class=\"wp-image-8248\" srcset=\"https:\/\/www.manaus.am.gov.br\/seminf\/wp-content\/uploads\/sites\/6\/2026\/01\/Recuperacao-5-1-1024x768.jpeg 1024w, https:\/\/www.manaus.am.gov.br\/seminf\/wp-content\/uploads\/sites\/6\/2026\/01\/Recuperacao-5-1-300x225.jpeg 300w, https:\/\/www.manaus.am.gov.br\/seminf\/wp-content\/uploads\/sites\/6\/2026\/01\/Recuperacao-5-1-768x576.jpeg 768w, https:\/\/www.manaus.am.gov.br\/seminf\/wp-content\/uploads\/sites\/6\/2026\/01\/Recuperacao-5-1-1536x1152.jpeg 1536w, https:\/\/www.manaus.am.gov.br\/seminf\/wp-content\/uploads\/sites\/6\/2026\/01\/Recuperacao-5-1.jpeg 1600w\" sizes=\"(max-width: 1024px) 100vw, 1024px\" \/><figcaption class=\"wp-element-caption\">#paratodosverem &#8211; Recupera\u00e7\u00e3o asf\u00e1ltica<\/figcaption><\/figure>\n\n\n\n<p>&#8212; &#8212; &#8212;<\/p>\n\n\n\n<p><strong>Texto <\/strong>&#8211; Maria Amed\/Seminf<\/p>\n\n\n\n<p><strong>Fotos<\/strong> \u2013 Divulga\u00e7\u00e3o\/Seminf<\/p>\n","protected":false},"excerpt":{"rendered":"","protected":false},"author":39,"featured_media":8245,"comment_status":"closed","ping_status":"closed","sticky":false,"template":"","format":"standard","meta":{"footnotes":""},"categories":[8],"tags":[43,3015,26,3016],"acf":[],"yoast_head":"<!-- This site is optimized with the Yoast SEO plugin v23.0 - https:\/\/yoast.com\/wordpress\/plugins\/seo\/ -->\n<title>Prefeitura de Manaus atua simultaneamente em vias do bairro Coroado com revitaliza\u00e7\u00e3o na infraestrutura<\/title>\n<meta name=\"description\" content=\"Prefeitura de Manaus, por meio da Seminf, atua simultaneamente em vias do bairro Coroado com revitaliza\u00e7\u00e3o na infraestrutura.\" \/>\n<meta name=\"robots\" content=\"index, follow, max-snippet:-1, max-image-preview:large, max-video-preview:-1\" \/>\n<link rel=\"canonical\" href=\"https:\/\/www.manaus.am.gov.br\/seminf\/bairro-coroado-revitalizacao-infraestrutura\/\" \/>\n<meta property=\"og:locale\" content=\"pt_BR\" \/>\n<meta property=\"og:type\" content=\"article\" \/>\n<meta property=\"og:title\" content=\"Prefeitura de Manaus atua simultaneamente em vias do bairro Coroado com revitaliza\u00e7\u00e3o na infraestrutura\" \/>\n<meta property=\"og:description\" content=\"Prefeitura de Manaus, por meio da Seminf, atua simultaneamente em vias do bairro Coroado com revitaliza\u00e7\u00e3o na infraestrutura.\" \/>\n<meta property=\"og:url\" content=\"https:\/\/www.manaus.am.gov.br\/seminf\/bairro-coroado-revitalizacao-infraestrutura\/\" \/>\n<meta property=\"og:site_name\" content=\"SEMINF\" \/>\n<meta property=\"article:published_time\" content=\"2026-01-22T21:52:30+00:00\" \/>\n<meta property=\"article:modified_time\" content=\"2026-01-28T15:00:36+00:00\" \/>\n<meta property=\"og:image\" content=\"https:\/\/www.manaus.am.gov.br\/seminf\/wp-content\/uploads\/sites\/6\/2026\/01\/Recuperacao-2-1.jpeg\" \/>\n\t<meta property=\"og:image:width\" content=\"1600\" \/>\n\t<meta property=\"og:image:height\" content=\"1200\" \/>\n\t<meta property=\"og:image:type\" content=\"image\/jpeg\" \/>\n<meta name=\"author\" content=\"Bruna Greco\" \/>\n<meta name=\"twitter:card\" content=\"summary_large_image\" \/>\n<meta name=\"twitter:label1\" content=\"Written by\" \/>\n\t<meta name=\"twitter:data1\" content=\"Bruna Greco\" \/>\n\t<meta name=\"twitter:label2\" content=\"Est. reading time\" \/>\n\t<meta name=\"twitter:data2\" content=\"2 minutos\" \/>\n<script type=\"application\/ld+json\" class=\"yoast-schema-graph\">{\"@context\":\"https:\/\/schema.org\",\"@graph\":[{\"@type\":\"WebPage\",\"@id\":\"https:\/\/www.manaus.am.gov.br\/seminf\/bairro-coroado-revitalizacao-infraestrutura\/\",\"url\":\"https:\/\/www.manaus.am.gov.br\/seminf\/bairro-coroado-revitalizacao-infraestrutura\/\",\"name\":\"Prefeitura de Manaus atua simultaneamente em vias do bairro Coroado com revitaliza\u00e7\u00e3o na infraestrutura\",\"isPartOf\":{\"@id\":\"https:\/\/www.manaus.am.gov.br\/seminf\/#website\"},\"primaryImageOfPage\":{\"@id\":\"https:\/\/www.manaus.am.gov.br\/seminf\/bairro-coroado-revitalizacao-infraestrutura\/#primaryimage\"},\"image\":{\"@id\":\"https:\/\/www.manaus.am.gov.br\/seminf\/bairro-coroado-revitalizacao-infraestrutura\/#primaryimage\"},\"thumbnailUrl\":\"https:\/\/www.manaus.am.gov.br\/seminf\/wp-content\/uploads\/sites\/6\/2026\/01\/Recuperacao-2-1.jpeg\",\"datePublished\":\"2026-01-22T21:52:30+00:00\",\"dateModified\":\"2026-01-28T15:00:36+00:00\",\"author\":{\"@id\":\"https:\/\/www.manaus.am.gov.br\/seminf\/#\/schema\/person\/05d223aea2bf115f9883a6ff3683d81b\"},\"description\":\"Prefeitura de Manaus, por meio da Seminf, atua simultaneamente em vias do bairro Coroado com revitaliza\u00e7\u00e3o na infraestrutura.\",\"inLanguage\":\"pt-BR\",\"potentialAction\":[{\"@type\":\"ReadAction\",\"target\":[\"https:\/\/www.manaus.am.gov.br\/seminf\/bairro-coroado-revitalizacao-infraestrutura\/\"]}]},{\"@type\":\"ImageObject\",\"inLanguage\":\"pt-BR\",\"@id\":\"https:\/\/www.manaus.am.gov.br\/seminf\/bairro-coroado-revitalizacao-infraestrutura\/#primaryimage\",\"url\":\"https:\/\/www.manaus.am.gov.br\/seminf\/wp-content\/uploads\/sites\/6\/2026\/01\/Recuperacao-2-1.jpeg\",\"contentUrl\":\"https:\/\/www.manaus.am.gov.br\/seminf\/wp-content\/uploads\/sites\/6\/2026\/01\/Recuperacao-2-1.jpeg\",\"width\":1600,\"height\":1200,\"caption\":\"#paratodosverem - Equipe da Seminf executando servi\u00e7os de recupera\u00e7\u00e3o asf\u00e1ltica em rua do bairro Coroado\"},{\"@type\":\"WebSite\",\"@id\":\"https:\/\/www.manaus.am.gov.br\/seminf\/#website\",\"url\":\"https:\/\/www.manaus.am.gov.br\/seminf\/\",\"name\":\"Secretaria de Infraestrutura\",\"description\":\"Secretaria Municipal de Infraestrutura\",\"potentialAction\":[{\"@type\":\"SearchAction\",\"target\":{\"@type\":\"EntryPoint\",\"urlTemplate\":\"https:\/\/www.manaus.am.gov.br\/seminf\/?s={search_term_string}\"},\"query-input\":\"required name=search_term_string\"}],\"inLanguage\":\"pt-BR\"},{\"@type\":\"Person\",\"@id\":\"https:\/\/www.manaus.am.gov.br\/seminf\/#\/schema\/person\/05d223aea2bf115f9883a6ff3683d81b\",\"name\":\"Bruna Greco\",\"image\":{\"@type\":\"ImageObject\",\"inLanguage\":\"pt-BR\",\"@id\":\"https:\/\/www.manaus.am.gov.br\/seminf\/#\/schema\/person\/image\/\",\"url\":\"https:\/\/secure.gravatar.com\/avatar\/9c877d1a6adc2a055330e5c09a8653ce?s=96&d=mm&r=g\",\"contentUrl\":\"https:\/\/secure.gravatar.com\/avatar\/9c877d1a6adc2a055330e5c09a8653ce?s=96&d=mm&r=g\",\"caption\":\"Bruna Greco\"}}]}<\/script>\n<!-- \/ Yoast SEO plugin. -->","yoast_head_json":{"title":"Prefeitura de Manaus atua simultaneamente em vias do bairro Coroado com revitaliza\u00e7\u00e3o na infraestrutura","description":"Prefeitura de Manaus, por meio da Seminf, atua simultaneamente em vias do bairro Coroado com revitaliza\u00e7\u00e3o na infraestrutura.","robots":{"index":"index","follow":"follow","max-snippet":"max-snippet:-1","max-image-preview":"max-image-preview:large","max-video-preview":"max-video-preview:-1"},"canonical":"https:\/\/www.manaus.am.gov.br\/seminf\/bairro-coroado-revitalizacao-infraestrutura\/","og_locale":"pt_BR","og_type":"article","og_title":"Prefeitura de Manaus atua simultaneamente em vias do bairro Coroado com revitaliza\u00e7\u00e3o na infraestrutura","og_description":"Prefeitura de Manaus, por meio da Seminf, atua simultaneamente em vias do bairro Coroado com revitaliza\u00e7\u00e3o na infraestrutura.","og_url":"https:\/\/www.manaus.am.gov.br\/seminf\/bairro-coroado-revitalizacao-infraestrutura\/","og_site_name":"SEMINF","article_published_time":"2026-01-22T21:52:30+00:00","article_modified_time":"2026-01-28T15:00:36+00:00","og_image":[{"width":1600,"height":1200,"url":"https:\/\/www.manaus.am.gov.br\/seminf\/wp-content\/uploads\/sites\/6\/2026\/01\/Recuperacao-2-1.jpeg","type":"image\/jpeg"}],"author":"Bruna Greco","twitter_card":"summary_large_image","twitter_misc":{"Written by":"Bruna Greco","Est. reading time":"2 minutos"},"schema":{"@context":"https:\/\/schema.org","@graph":[{"@type":"WebPage","@id":"https:\/\/www.manaus.am.gov.br\/seminf\/bairro-coroado-revitalizacao-infraestrutura\/","url":"https:\/\/www.manaus.am.gov.br\/seminf\/bairro-coroado-revitalizacao-infraestrutura\/","name":"Prefeitura de Manaus atua simultaneamente em vias do bairro Coroado com revitaliza\u00e7\u00e3o na infraestrutura","isPartOf":{"@id":"https:\/\/www.manaus.am.gov.br\/seminf\/#website"},"primaryImageOfPage":{"@id":"https:\/\/www.manaus.am.gov.br\/seminf\/bairro-coroado-revitalizacao-infraestrutura\/#primaryimage"},"image":{"@id":"https:\/\/www.manaus.am.gov.br\/seminf\/bairro-coroado-revitalizacao-infraestrutura\/#primaryimage"},"thumbnailUrl":"https:\/\/www.manaus.am.gov.br\/seminf\/wp-content\/uploads\/sites\/6\/2026\/01\/Recuperacao-2-1.jpeg","datePublished":"2026-01-22T21:52:30+00:00","dateModified":"2026-01-28T15:00:36+00:00","author":{"@id":"https:\/\/www.manaus.am.gov.br\/seminf\/#\/schema\/person\/05d223aea2bf115f9883a6ff3683d81b"},"description":"Prefeitura de Manaus, por meio da Seminf, atua simultaneamente em vias do bairro Coroado com revitaliza\u00e7\u00e3o na infraestrutura.","inLanguage":"pt-BR","potentialAction":[{"@type":"ReadAction","target":["https:\/\/www.manaus.am.gov.br\/seminf\/bairro-coroado-revitalizacao-infraestrutura\/"]}]},{"@type":"ImageObject","inLanguage":"pt-BR","@id":"https:\/\/www.manaus.am.gov.br\/seminf\/bairro-coroado-revitalizacao-infraestrutura\/#primaryimage","url":"https:\/\/www.manaus.am.gov.br\/seminf\/wp-content\/uploads\/sites\/6\/2026\/01\/Recuperacao-2-1.jpeg","contentUrl":"https:\/\/www.manaus.am.gov.br\/seminf\/wp-content\/uploads\/sites\/6\/2026\/01\/Recuperacao-2-1.jpeg","width":1600,"height":1200,"caption":"#paratodosverem - Equipe da Seminf executando servi\u00e7os de recupera\u00e7\u00e3o asf\u00e1ltica em rua do bairro Coroado"},{"@type":"WebSite","@id":"https:\/\/www.manaus.am.gov.br\/seminf\/#website","url":"https:\/\/www.manaus.am.gov.br\/seminf\/","name":"Secretaria de Infraestrutura","description":"Secretaria Municipal de Infraestrutura","potentialAction":[{"@type":"SearchAction","target":{"@type":"EntryPoint","urlTemplate":"https:\/\/www.manaus.am.gov.br\/seminf\/?s={search_term_string}"},"query-input":"required name=search_term_string"}],"inLanguage":"pt-BR"},{"@type":"Person","@id":"https:\/\/www.manaus.am.gov.br\/seminf\/#\/schema\/person\/05d223aea2bf115f9883a6ff3683d81b","name":"Bruna Greco","image":{"@type":"ImageObject","inLanguage":"pt-BR","@id":"https:\/\/www.manaus.am.gov.br\/seminf\/#\/schema\/person\/image\/","url":"https:\/\/secure.gravatar.com\/avatar\/9c877d1a6adc2a055330e5c09a8653ce?s=96&d=mm&r=g","contentUrl":"https:\/\/secure.gravatar.com\/avatar\/9c877d1a6adc2a055330e5c09a8653ce?s=96&d=mm&r=g","caption":"Bruna Greco"}}]}},"_links":{"self":[{"href":"https:\/\/www.manaus.am.gov.br\/seminf\/wp-json\/wp\/v2\/posts\/8244"}],"collection":[{"href":"https:\/\/www.manaus.am.gov.br\/seminf\/wp-json\/wp\/v2\/posts"}],"about":[{"href":"https:\/\/www.manaus.am.gov.br\/seminf\/wp-json\/wp\/v2\/types\/post"}],"author":[{"embeddable":true,"href":"https:\/\/www.manaus.am.gov.br\/seminf\/wp-json\/wp\/v2\/users\/39"}],"replies":[{"embeddable":true,"href":"https:\/\/www.manaus.am.gov.br\/seminf\/wp-json\/wp\/v2\/comments?post=8244"}],"version-history":[{"count":5,"href":"https:\/\/www.manaus.am.gov.br\/seminf\/wp-json\/wp\/v2\/posts\/8244\/revisions"}],"predecessor-version":[{"id":8294,"href":"https:\/\/www.manaus.am.gov.br\/seminf\/wp-json\/wp\/v2\/posts\/8244\/revisions\/8294"}],"wp:featuredmedia":[{"embeddable":true,"href":"https:\/\/www.manaus.am.gov.br\/seminf\/wp-json\/wp\/v2\/media\/8245"}],"wp:attachment":[{"href":"https:\/\/www.manaus.am.gov.br\/seminf\/wp-json\/wp\/v2\/media?parent=8244"}],"wp:term":[{"taxonomy":"category","embeddable":true,"href":"https:\/\/www.manaus.am.gov.br\/seminf\/wp-json\/wp\/v2\/categories?post=8244"},{"taxonomy":"post_tag","embeddable":true,"href":"https:\/\/www.manaus.am.gov.br\/seminf\/wp-json\/wp\/v2\/tags?post=8244"}],"curies":[{"name":"wp","href":"https:\/\/api.w.org\/{rel}","templated":true}]}}