{"id":8240,"date":"2026-01-22T17:44:10","date_gmt":"2026-01-22T21:44:10","guid":{"rendered":"https:\/\/www.manaus.am.gov.br\/seminf\/recuperacao-asfaltica-bairro-sao-jose-operario\/"},"modified":"2026-01-28T11:02:24","modified_gmt":"2026-01-28T15:02:24","slug":"recuperacao-asfaltica-bairro-sao-jose-operario","status":"publish","type":"post","link":"https:\/\/www.manaus.am.gov.br\/seminf\/recuperacao-asfaltica-bairro-sao-jose-operario\/","title":{"rendered":"Prefeitura de Manaus trabalha em obra de recupera\u00e7\u00e3o asf\u00e1ltica e muda visual de rua no bairro S\u00e3o Jos\u00e9 Oper\u00e1rio"},"content":{"rendered":"\n<p>A <a href=\"https:\/\/www.instagram.com\/prefeiturademanaus\/\">Prefeitura de Manaus<\/a>, por meio da <a href=\"https:\/\/www.manaus.am.gov.br\/\">Secretaria Municipal de Infraestrutura (Seminf), <\/a>realizou, nesta quinta-feira, 22\/1, servi\u00e7os de recupera\u00e7\u00e3o asf\u00e1ltica na rua Professora Maria Antony, localizada no bairro S\u00e3o Jos\u00e9 Oper\u00e1rio, zona Leste da capital. A interven\u00e7\u00e3o transformou o visual da via e proporcionou mais seguran\u00e7a e conforto para moradores e condutores que trafegam pela regi\u00e3o.<\/p>\n\n\n\n<p>As equipes da Seminf atuaram na recupera\u00e7\u00e3o do pavimento, corrigindo trechos danificados e devolvendo melhores condi\u00e7\u00f5es de tr\u00e1fego \u00e0 rua, que \u00e9 uma importante via de circula\u00e7\u00e3o do bairro. A a\u00e7\u00e3o faz parte do projeto de manuten\u00e7\u00e3o vi\u00e1ria determinado pela gest\u00e3o municipal, que tem como objetivo melhorar a mobilidade urbana e a qualidade de vida da popula\u00e7\u00e3o.<\/p>\n\n\n\n<p>O vice-prefeito e secret\u00e1rio de Obras, Renato Junior, relatou que a inten\u00e7\u00e3o da gest\u00e3o \u00e9 promover melhores condi\u00e7\u00f5es vi\u00e1rias aos moradores da zona Leste, com o projeto de recupera\u00e7\u00e3o asf\u00e1ltica.<\/p>\n\n\n\n<p>\u201cConforme determina nosso prefeito David Almeida, nossa gest\u00e3o tem como foco garantir o melhor ao nosso povo por meio de diversas a\u00e7\u00f5es, e entre elas, essa opera\u00e7\u00e3o intensiva de recupera\u00e7\u00e3o asf\u00e1ltica. Seguimos avan\u00e7ando com as obras, s\u00e3o 300 toneladas por dia, e a zona Leste est\u00e1 sendo contemplada com trabalhos de qualidade sendo entregues \u00e0 popula\u00e7\u00e3o\u201d, reafirmou Renato Junior.<\/p>\n\n\n\n<p>Com o novo asfalto, a via ganhou um aspecto renovado, al\u00e9m de reduzir riscos de acidentes, danos a ve\u00edculos e transtornos causados por buracos e irregularidades no pavimento.&nbsp;<\/p>\n\n\n\n<p>Moradores da \u00e1rea destacam que a obra representa um avan\u00e7o significativo para o dia a dia da comunidade. \u201cEu agrade\u00e7o pelo grande trabalho da Prefeitura de Manaus, que est\u00e1 espetacular. Muit\u00edssimo obrigado\u201d, disse o advogado Luiz Fernando Filho, de 45 anos.<\/p>\n\n\n\n<p>A Prefeitura de Manaus refor\u00e7a que segue trabalhando por diversos bairros da cidade, com frentes de obras voltadas \u00e0 recupera\u00e7\u00e3o da malha vi\u00e1ria, garantindo mais seguran\u00e7a, dignidade e bem-estar \u00e0 popula\u00e7\u00e3o manauara.<\/p>\n\n\n\n<figure class=\"wp-block-image size-full\"><img loading=\"lazy\" decoding=\"async\" width=\"615\" height=\"464\" src=\"https:\/\/www.manaus.am.gov.br\/seminf\/wp-content\/uploads\/sites\/6\/2026\/01\/Servicos-2.jpeg\" alt=\"\" class=\"wp-image-8242\" srcset=\"https:\/\/www.manaus.am.gov.br\/seminf\/wp-content\/uploads\/sites\/6\/2026\/01\/Servicos-2.jpeg 615w, https:\/\/www.manaus.am.gov.br\/seminf\/wp-content\/uploads\/sites\/6\/2026\/01\/Servicos-2-300x226.jpeg 300w\" sizes=\"(max-width: 615px) 100vw, 615px\" \/><figcaption class=\"wp-element-caption\">#paratodosverem &#8211; Servi\u00e7os de infraestrutura<\/figcaption><\/figure>\n\n\n\n<p>&#8212; &#8212; &#8212;<\/p>\n\n\n\n<p><strong>Texto e fotos<\/strong>&nbsp;&#8211; Maria Amed\/Seminf<\/p>\n","protected":false},"excerpt":{"rendered":"","protected":false},"author":39,"featured_media":8241,"comment_status":"closed","ping_status":"closed","sticky":false,"template":"","format":"standard","meta":{"footnotes":""},"categories":[6],"tags":[556,2750,43,3014,26],"acf":[],"yoast_head":"<!-- This site is optimized with the Yoast SEO plugin v23.0 - https:\/\/yoast.com\/wordpress\/plugins\/seo\/ -->\n<title>Prefeitura de Manaus trabalha em obra de recupera\u00e7\u00e3o asf\u00e1ltica e muda visual de rua no bairro S\u00e3o Jos\u00e9 Oper\u00e1rio<\/title>\n<meta name=\"description\" content=\"Prefeitura de Manaus trabalha em obra de recupera\u00e7\u00e3o asf\u00e1ltica e muda visual de rua no bairro S\u00e3o Jos\u00e9 Oper\u00e1rio.\" \/>\n<meta name=\"robots\" content=\"index, follow, max-snippet:-1, max-image-preview:large, max-video-preview:-1\" \/>\n<link rel=\"canonical\" href=\"https:\/\/www.manaus.am.gov.br\/seminf\/recuperacao-asfaltica-bairro-sao-jose-operario\/\" \/>\n<meta property=\"og:locale\" content=\"pt_BR\" \/>\n<meta property=\"og:type\" content=\"article\" \/>\n<meta property=\"og:title\" content=\"Prefeitura de Manaus trabalha em obra de recupera\u00e7\u00e3o asf\u00e1ltica e muda visual de rua no bairro S\u00e3o Jos\u00e9 Oper\u00e1rio\" \/>\n<meta property=\"og:description\" content=\"Prefeitura de Manaus trabalha em obra de recupera\u00e7\u00e3o asf\u00e1ltica e muda visual de rua no bairro S\u00e3o Jos\u00e9 Oper\u00e1rio.\" \/>\n<meta property=\"og:url\" content=\"https:\/\/www.manaus.am.gov.br\/seminf\/recuperacao-asfaltica-bairro-sao-jose-operario\/\" \/>\n<meta property=\"og:site_name\" content=\"SEMINF\" \/>\n<meta property=\"article:published_time\" content=\"2026-01-22T21:44:10+00:00\" \/>\n<meta property=\"article:modified_time\" content=\"2026-01-28T15:02:24+00:00\" \/>\n<meta property=\"og:image\" content=\"https:\/\/www.manaus.am.gov.br\/seminf\/wp-content\/uploads\/sites\/6\/2026\/01\/Servicos-1-1.jpeg\" \/>\n\t<meta property=\"og:image:width\" content=\"632\" \/>\n\t<meta property=\"og:image:height\" content=\"471\" \/>\n\t<meta property=\"og:image:type\" content=\"image\/jpeg\" \/>\n<meta name=\"author\" content=\"Bruna Greco\" \/>\n<meta name=\"twitter:card\" content=\"summary_large_image\" \/>\n<meta name=\"twitter:label1\" content=\"Written by\" \/>\n\t<meta name=\"twitter:data1\" content=\"Bruna Greco\" \/>\n\t<meta name=\"twitter:label2\" content=\"Est. reading time\" \/>\n\t<meta name=\"twitter:data2\" content=\"3 minutos\" \/>\n<script type=\"application\/ld+json\" class=\"yoast-schema-graph\">{\"@context\":\"https:\/\/schema.org\",\"@graph\":[{\"@type\":\"WebPage\",\"@id\":\"https:\/\/www.manaus.am.gov.br\/seminf\/recuperacao-asfaltica-bairro-sao-jose-operario\/\",\"url\":\"https:\/\/www.manaus.am.gov.br\/seminf\/recuperacao-asfaltica-bairro-sao-jose-operario\/\",\"name\":\"Prefeitura de Manaus trabalha em obra de recupera\u00e7\u00e3o asf\u00e1ltica e muda visual de rua no bairro S\u00e3o Jos\u00e9 Oper\u00e1rio\",\"isPartOf\":{\"@id\":\"https:\/\/www.manaus.am.gov.br\/seminf\/#website\"},\"primaryImageOfPage\":{\"@id\":\"https:\/\/www.manaus.am.gov.br\/seminf\/recuperacao-asfaltica-bairro-sao-jose-operario\/#primaryimage\"},\"image\":{\"@id\":\"https:\/\/www.manaus.am.gov.br\/seminf\/recuperacao-asfaltica-bairro-sao-jose-operario\/#primaryimage\"},\"thumbnailUrl\":\"https:\/\/www.manaus.am.gov.br\/seminf\/wp-content\/uploads\/sites\/6\/2026\/01\/Servicos-1-1.jpeg\",\"datePublished\":\"2026-01-22T21:44:10+00:00\",\"dateModified\":\"2026-01-28T15:02:24+00:00\",\"author\":{\"@id\":\"https:\/\/www.manaus.am.gov.br\/seminf\/#\/schema\/person\/05d223aea2bf115f9883a6ff3683d81b\"},\"description\":\"Prefeitura de Manaus trabalha em obra de recupera\u00e7\u00e3o asf\u00e1ltica e muda visual de rua no bairro S\u00e3o Jos\u00e9 Oper\u00e1rio.\",\"inLanguage\":\"pt-BR\",\"potentialAction\":[{\"@type\":\"ReadAction\",\"target\":[\"https:\/\/www.manaus.am.gov.br\/seminf\/recuperacao-asfaltica-bairro-sao-jose-operario\/\"]}]},{\"@type\":\"ImageObject\",\"inLanguage\":\"pt-BR\",\"@id\":\"https:\/\/www.manaus.am.gov.br\/seminf\/recuperacao-asfaltica-bairro-sao-jose-operario\/#primaryimage\",\"url\":\"https:\/\/www.manaus.am.gov.br\/seminf\/wp-content\/uploads\/sites\/6\/2026\/01\/Servicos-1-1.jpeg\",\"contentUrl\":\"https:\/\/www.manaus.am.gov.br\/seminf\/wp-content\/uploads\/sites\/6\/2026\/01\/Servicos-1-1.jpeg\",\"width\":632,\"height\":471,\"caption\":\"#paratodosverem - Equipe da Seminf realizando a recupera\u00e7\u00e3o asf\u00e1ltica na rua Professora Maria Antony, no bairro S\u00e3o Jos\u00e9\"},{\"@type\":\"WebSite\",\"@id\":\"https:\/\/www.manaus.am.gov.br\/seminf\/#website\",\"url\":\"https:\/\/www.manaus.am.gov.br\/seminf\/\",\"name\":\"Secretaria de Infraestrutura\",\"description\":\"Secretaria Municipal de Infraestrutura\",\"potentialAction\":[{\"@type\":\"SearchAction\",\"target\":{\"@type\":\"EntryPoint\",\"urlTemplate\":\"https:\/\/www.manaus.am.gov.br\/seminf\/?s={search_term_string}\"},\"query-input\":\"required name=search_term_string\"}],\"inLanguage\":\"pt-BR\"},{\"@type\":\"Person\",\"@id\":\"https:\/\/www.manaus.am.gov.br\/seminf\/#\/schema\/person\/05d223aea2bf115f9883a6ff3683d81b\",\"name\":\"Bruna Greco\",\"image\":{\"@type\":\"ImageObject\",\"inLanguage\":\"pt-BR\",\"@id\":\"https:\/\/www.manaus.am.gov.br\/seminf\/#\/schema\/person\/image\/\",\"url\":\"https:\/\/secure.gravatar.com\/avatar\/9c877d1a6adc2a055330e5c09a8653ce?s=96&d=mm&r=g\",\"contentUrl\":\"https:\/\/secure.gravatar.com\/avatar\/9c877d1a6adc2a055330e5c09a8653ce?s=96&d=mm&r=g\",\"caption\":\"Bruna Greco\"}}]}<\/script>\n<!-- \/ Yoast SEO plugin. -->","yoast_head_json":{"title":"Prefeitura de Manaus trabalha em obra de recupera\u00e7\u00e3o asf\u00e1ltica e muda visual de rua no bairro S\u00e3o Jos\u00e9 Oper\u00e1rio","description":"Prefeitura de Manaus trabalha em obra de recupera\u00e7\u00e3o asf\u00e1ltica e muda visual de rua no bairro S\u00e3o Jos\u00e9 Oper\u00e1rio.","robots":{"index":"index","follow":"follow","max-snippet":"max-snippet:-1","max-image-preview":"max-image-preview:large","max-video-preview":"max-video-preview:-1"},"canonical":"https:\/\/www.manaus.am.gov.br\/seminf\/recuperacao-asfaltica-bairro-sao-jose-operario\/","og_locale":"pt_BR","og_type":"article","og_title":"Prefeitura de Manaus trabalha em obra de recupera\u00e7\u00e3o asf\u00e1ltica e muda visual de rua no bairro S\u00e3o Jos\u00e9 Oper\u00e1rio","og_description":"Prefeitura de Manaus trabalha em obra de recupera\u00e7\u00e3o asf\u00e1ltica e muda visual de rua no bairro S\u00e3o Jos\u00e9 Oper\u00e1rio.","og_url":"https:\/\/www.manaus.am.gov.br\/seminf\/recuperacao-asfaltica-bairro-sao-jose-operario\/","og_site_name":"SEMINF","article_published_time":"2026-01-22T21:44:10+00:00","article_modified_time":"2026-01-28T15:02:24+00:00","og_image":[{"width":632,"height":471,"url":"https:\/\/www.manaus.am.gov.br\/seminf\/wp-content\/uploads\/sites\/6\/2026\/01\/Servicos-1-1.jpeg","type":"image\/jpeg"}],"author":"Bruna Greco","twitter_card":"summary_large_image","twitter_misc":{"Written by":"Bruna Greco","Est. reading time":"3 minutos"},"schema":{"@context":"https:\/\/schema.org","@graph":[{"@type":"WebPage","@id":"https:\/\/www.manaus.am.gov.br\/seminf\/recuperacao-asfaltica-bairro-sao-jose-operario\/","url":"https:\/\/www.manaus.am.gov.br\/seminf\/recuperacao-asfaltica-bairro-sao-jose-operario\/","name":"Prefeitura de Manaus trabalha em obra de recupera\u00e7\u00e3o asf\u00e1ltica e muda visual de rua no bairro S\u00e3o Jos\u00e9 Oper\u00e1rio","isPartOf":{"@id":"https:\/\/www.manaus.am.gov.br\/seminf\/#website"},"primaryImageOfPage":{"@id":"https:\/\/www.manaus.am.gov.br\/seminf\/recuperacao-asfaltica-bairro-sao-jose-operario\/#primaryimage"},"image":{"@id":"https:\/\/www.manaus.am.gov.br\/seminf\/recuperacao-asfaltica-bairro-sao-jose-operario\/#primaryimage"},"thumbnailUrl":"https:\/\/www.manaus.am.gov.br\/seminf\/wp-content\/uploads\/sites\/6\/2026\/01\/Servicos-1-1.jpeg","datePublished":"2026-01-22T21:44:10+00:00","dateModified":"2026-01-28T15:02:24+00:00","author":{"@id":"https:\/\/www.manaus.am.gov.br\/seminf\/#\/schema\/person\/05d223aea2bf115f9883a6ff3683d81b"},"description":"Prefeitura de Manaus trabalha em obra de recupera\u00e7\u00e3o asf\u00e1ltica e muda visual de rua no bairro S\u00e3o Jos\u00e9 Oper\u00e1rio.","inLanguage":"pt-BR","potentialAction":[{"@type":"ReadAction","target":["https:\/\/www.manaus.am.gov.br\/seminf\/recuperacao-asfaltica-bairro-sao-jose-operario\/"]}]},{"@type":"ImageObject","inLanguage":"pt-BR","@id":"https:\/\/www.manaus.am.gov.br\/seminf\/recuperacao-asfaltica-bairro-sao-jose-operario\/#primaryimage","url":"https:\/\/www.manaus.am.gov.br\/seminf\/wp-content\/uploads\/sites\/6\/2026\/01\/Servicos-1-1.jpeg","contentUrl":"https:\/\/www.manaus.am.gov.br\/seminf\/wp-content\/uploads\/sites\/6\/2026\/01\/Servicos-1-1.jpeg","width":632,"height":471,"caption":"#paratodosverem - Equipe da Seminf realizando a recupera\u00e7\u00e3o asf\u00e1ltica na rua Professora Maria Antony, no bairro S\u00e3o Jos\u00e9"},{"@type":"WebSite","@id":"https:\/\/www.manaus.am.gov.br\/seminf\/#website","url":"https:\/\/www.manaus.am.gov.br\/seminf\/","name":"Secretaria de Infraestrutura","description":"Secretaria Municipal de Infraestrutura","potentialAction":[{"@type":"SearchAction","target":{"@type":"EntryPoint","urlTemplate":"https:\/\/www.manaus.am.gov.br\/seminf\/?s={search_term_string}"},"query-input":"required name=search_term_string"}],"inLanguage":"pt-BR"},{"@type":"Person","@id":"https:\/\/www.manaus.am.gov.br\/seminf\/#\/schema\/person\/05d223aea2bf115f9883a6ff3683d81b","name":"Bruna Greco","image":{"@type":"ImageObject","inLanguage":"pt-BR","@id":"https:\/\/www.manaus.am.gov.br\/seminf\/#\/schema\/person\/image\/","url":"https:\/\/secure.gravatar.com\/avatar\/9c877d1a6adc2a055330e5c09a8653ce?s=96&d=mm&r=g","contentUrl":"https:\/\/secure.gravatar.com\/avatar\/9c877d1a6adc2a055330e5c09a8653ce?s=96&d=mm&r=g","caption":"Bruna Greco"}}]}},"_links":{"self":[{"href":"https:\/\/www.manaus.am.gov.br\/seminf\/wp-json\/wp\/v2\/posts\/8240"}],"collection":[{"href":"https:\/\/www.manaus.am.gov.br\/seminf\/wp-json\/wp\/v2\/posts"}],"about":[{"href":"https:\/\/www.manaus.am.gov.br\/seminf\/wp-json\/wp\/v2\/types\/post"}],"author":[{"embeddable":true,"href":"https:\/\/www.manaus.am.gov.br\/seminf\/wp-json\/wp\/v2\/users\/39"}],"replies":[{"embeddable":true,"href":"https:\/\/www.manaus.am.gov.br\/seminf\/wp-json\/wp\/v2\/comments?post=8240"}],"version-history":[{"count":3,"href":"https:\/\/www.manaus.am.gov.br\/seminf\/wp-json\/wp\/v2\/posts\/8240\/revisions"}],"predecessor-version":[{"id":8296,"href":"https:\/\/www.manaus.am.gov.br\/seminf\/wp-json\/wp\/v2\/posts\/8240\/revisions\/8296"}],"wp:featuredmedia":[{"embeddable":true,"href":"https:\/\/www.manaus.am.gov.br\/seminf\/wp-json\/wp\/v2\/media\/8241"}],"wp:attachment":[{"href":"https:\/\/www.manaus.am.gov.br\/seminf\/wp-json\/wp\/v2\/media?parent=8240"}],"wp:term":[{"taxonomy":"category","embeddable":true,"href":"https:\/\/www.manaus.am.gov.br\/seminf\/wp-json\/wp\/v2\/categories?post=8240"},{"taxonomy":"post_tag","embeddable":true,"href":"https:\/\/www.manaus.am.gov.br\/seminf\/wp-json\/wp\/v2\/tags?post=8240"}],"curies":[{"name":"wp","href":"https:\/\/api.w.org\/{rel}","templated":true}]}}