{"id":8231,"date":"2026-01-21T20:45:01","date_gmt":"2026-01-22T00:45:01","guid":{"rendered":"https:\/\/www.manaus.am.gov.br\/seminf\/prefeitura-seminf-novafloresta\/"},"modified":"2026-01-22T13:55:35","modified_gmt":"2026-01-22T17:55:35","slug":"prefeitura-seminf-novafloresta-recuperacao-asfaltica","status":"publish","type":"post","link":"https:\/\/www.manaus.am.gov.br\/seminf\/prefeitura-seminf-novafloresta-recuperacao-asfaltica\/","title":{"rendered":"Prefeitura de Manaus avan\u00e7a em obras intensivas de recupera\u00e7\u00e3o asf\u00e1ltica no bairro Nova Floresta"},"content":{"rendered":"\n<p>Com a\u00e7\u00f5es intensivas de recupera\u00e7\u00e3o asf\u00e1ltica, a <a href=\"https:\/\/www.manaus.am.gov.br\">Prefeitura de Manaus<\/a>, por meio da <a href=\"https:\/\/www.instagram.com\/seminf.manaus\/\">Secretaria Municipal de Infraestrutura<\/a> (Seminf), realizou, nesta quarta-feira, 21\/1, o servi\u00e7o de recupera\u00e7\u00e3o asf\u00e1ltica na avenida Top\u00e1zio, localizada no bairro Nova Floresta, zona Leste da capital. A a\u00e7\u00e3o contemplou os trechos deteriorados da via, promovendo melhorias significativas na mobilidade urbana e na seguran\u00e7a de motoristas e pedestres.<\/p>\n\n\n\n<p>Os trabalhos inclu\u00edram a prepara\u00e7\u00e3o da base e aplica\u00e7\u00e3o de nova camada asf\u00e1ltica, seguida de sua moldagem e compacta\u00e7\u00e3o, garantindo mais durabilidade e melhores condi\u00e7\u00f5es de tr\u00e1fego. Os moradores e condutores que utilizam diariamente a avenida ficaram satisfeitos ao observar a obra em execu\u00e7\u00e3o nesta importante via de liga\u00e7\u00e3o dentro do bairro.<\/p>\n\n\n\n<p>\u201cAgrade\u00e7o muito \u00e0s equipes que est\u00e3o aqui, porque n\u00e3o \u00e9 um trabalho f\u00e1cil, e eles est\u00e3o fazendo uma excelente obra, melhorando nossa via principal\u201d, disse o trabalhador da \u00e1rea, Daniel Duarte, 25.<\/p>\n\n\n\n<p>De acordo com o vice-prefeito e secret\u00e1rio de Obras, Renato Junior, a recupera\u00e7\u00e3o da avenida Top\u00e1zio faz parte do projeto de manuten\u00e7\u00e3o vi\u00e1ria da gest\u00e3o municipal, que segue avan\u00e7ando em obras por diversos bairros da cidade com o objetivo de melhorar a infraestrutura urbana e a qualidade de vida da popula\u00e7\u00e3o.<\/p>\n\n\n\n<p>\u201cNosso compromisso \u00e9 cuidar da popula\u00e7\u00e3o por meio das obras que transformam a nossa cidade. A zona Leste est\u00e1 sendo contemplada com as a\u00e7\u00f5es da opera\u00e7\u00e3o de recupera\u00e7\u00e3o asf\u00e1ltica, determinada pelo prefeito David Almeida. Seguimos em a\u00e7\u00e3o por toda cidade, refor\u00e7ando a infraestrutura dos bairros e cuidando do nosso povo nos m\u00ednimos detalhes\u201d, ressaltou Renato Junior.<\/p>\n\n\n\n<p>&#8212; &#8212; &#8212;<\/p>\n\n\n\n<p><strong>Texto e Fotos <\/strong>&#8211; &nbsp;Maria Amed\/ Seminf<\/p>\n","protected":false},"excerpt":{"rendered":"","protected":false},"author":23,"featured_media":8232,"comment_status":"closed","ping_status":"closed","sticky":false,"template":"","format":"standard","meta":{"footnotes":""},"categories":[3],"tags":[3013,43,70,26,58],"acf":[],"yoast_head":"<!-- This site is optimized with the Yoast SEO plugin v23.0 - https:\/\/yoast.com\/wordpress\/plugins\/seo\/ -->\n<title>Prefeitura de Manaus avan\u00e7a em obras intensivas de recupera\u00e7\u00e3o asf\u00e1ltica no bairro Nova Floresta<\/title>\n<meta name=\"description\" content=\"Com a\u00e7\u00f5es intensivas de recupera\u00e7\u00e3o asf\u00e1ltica, a Prefeitura de Manaus, por meio da Secretaria Municipal de Infraestrutura (Seminf), realizou, nesta quarta-feira, 21\/1, o servi\u00e7o de recupera\u00e7\u00e3o asf\u00e1ltica na avenida Top\u00e1zio, localizada no bairro Nova Floresta, zona Leste da capital.\" \/>\n<meta name=\"robots\" content=\"index, follow, max-snippet:-1, max-image-preview:large, max-video-preview:-1\" \/>\n<link rel=\"canonical\" href=\"https:\/\/www.manaus.am.gov.br\/seminf\/prefeitura-seminf-novafloresta\/\" \/>\n<meta property=\"og:locale\" content=\"pt_BR\" \/>\n<meta property=\"og:type\" content=\"article\" \/>\n<meta property=\"og:title\" content=\"Prefeitura de Manaus avan\u00e7a em obras intensivas de recupera\u00e7\u00e3o asf\u00e1ltica no bairro Nova Floresta\" \/>\n<meta property=\"og:description\" content=\"Com a\u00e7\u00f5es intensivas de recupera\u00e7\u00e3o asf\u00e1ltica, a Prefeitura de Manaus, por meio da Secretaria Municipal de Infraestrutura (Seminf), realizou, nesta quarta-feira, 21\/1, o servi\u00e7o de recupera\u00e7\u00e3o asf\u00e1ltica na avenida Top\u00e1zio, localizada no bairro Nova Floresta, zona Leste da capital.\" \/>\n<meta property=\"og:url\" content=\"https:\/\/www.manaus.am.gov.br\/seminf\/prefeitura-seminf-novafloresta\/\" \/>\n<meta property=\"og:site_name\" content=\"SEMINF\" \/>\n<meta property=\"article:published_time\" content=\"2026-01-22T00:45:01+00:00\" \/>\n<meta property=\"article:modified_time\" content=\"2026-01-22T17:55:35+00:00\" \/>\n<meta property=\"og:image\" content=\"https:\/\/www.manaus.am.gov.br\/seminf\/wp-content\/uploads\/sites\/6\/2026\/01\/WhatsApp-Image-2026-01-21-at-20.38.57-1.jpeg\" \/>\n\t<meta property=\"og:image:width\" content=\"1600\" \/>\n\t<meta property=\"og:image:height\" content=\"1200\" \/>\n\t<meta property=\"og:image:type\" content=\"image\/jpeg\" \/>\n<meta name=\"author\" content=\"Adriana Costa\" \/>\n<meta name=\"twitter:card\" content=\"summary_large_image\" \/>\n<meta name=\"twitter:label1\" content=\"Written by\" \/>\n\t<meta name=\"twitter:data1\" content=\"Adriana Costa\" \/>\n\t<meta name=\"twitter:label2\" content=\"Est. reading time\" \/>\n\t<meta name=\"twitter:data2\" content=\"2 minutos\" \/>\n<script type=\"application\/ld+json\" class=\"yoast-schema-graph\">{\"@context\":\"https:\/\/schema.org\",\"@graph\":[{\"@type\":\"WebPage\",\"@id\":\"https:\/\/www.manaus.am.gov.br\/seminf\/prefeitura-seminf-novafloresta\/\",\"url\":\"https:\/\/www.manaus.am.gov.br\/seminf\/prefeitura-seminf-novafloresta\/\",\"name\":\"Prefeitura de Manaus avan\u00e7a em obras intensivas de recupera\u00e7\u00e3o asf\u00e1ltica no bairro Nova Floresta\",\"isPartOf\":{\"@id\":\"https:\/\/www.manaus.am.gov.br\/seminf\/#website\"},\"primaryImageOfPage\":{\"@id\":\"https:\/\/www.manaus.am.gov.br\/seminf\/prefeitura-seminf-novafloresta\/#primaryimage\"},\"image\":{\"@id\":\"https:\/\/www.manaus.am.gov.br\/seminf\/prefeitura-seminf-novafloresta\/#primaryimage\"},\"thumbnailUrl\":\"https:\/\/www.manaus.am.gov.br\/seminf\/wp-content\/uploads\/sites\/6\/2026\/01\/WhatsApp-Image-2026-01-21-at-20.38.57-1.jpeg\",\"datePublished\":\"2026-01-22T00:45:01+00:00\",\"dateModified\":\"2026-01-22T17:55:35+00:00\",\"author\":{\"@id\":\"https:\/\/www.manaus.am.gov.br\/seminf\/#\/schema\/person\/4e49f4e267757a06ca072ec61b2b9968\"},\"description\":\"Com a\u00e7\u00f5es intensivas de recupera\u00e7\u00e3o asf\u00e1ltica, a Prefeitura de Manaus, por meio da Secretaria Municipal de Infraestrutura (Seminf), realizou, nesta quarta-feira, 21\/1, o servi\u00e7o de recupera\u00e7\u00e3o asf\u00e1ltica na avenida Top\u00e1zio, localizada no bairro Nova Floresta, zona Leste da capital.\",\"inLanguage\":\"pt-BR\",\"potentialAction\":[{\"@type\":\"ReadAction\",\"target\":[\"https:\/\/www.manaus.am.gov.br\/seminf\/prefeitura-seminf-novafloresta\/\"]}]},{\"@type\":\"ImageObject\",\"inLanguage\":\"pt-BR\",\"@id\":\"https:\/\/www.manaus.am.gov.br\/seminf\/prefeitura-seminf-novafloresta\/#primaryimage\",\"url\":\"https:\/\/www.manaus.am.gov.br\/seminf\/wp-content\/uploads\/sites\/6\/2026\/01\/WhatsApp-Image-2026-01-21-at-20.38.57-1.jpeg\",\"contentUrl\":\"https:\/\/www.manaus.am.gov.br\/seminf\/wp-content\/uploads\/sites\/6\/2026\/01\/WhatsApp-Image-2026-01-21-at-20.38.57-1.jpeg\",\"width\":1600,\"height\":1200,\"caption\":\"#paratodosverem - Equipe da Seminf realiza recomposi\u00e7\u00e3o asf\u00e1ltica em via do Nova Floresta\"},{\"@type\":\"WebSite\",\"@id\":\"https:\/\/www.manaus.am.gov.br\/seminf\/#website\",\"url\":\"https:\/\/www.manaus.am.gov.br\/seminf\/\",\"name\":\"Secretaria de Infraestrutura\",\"description\":\"Secretaria Municipal de Infraestrutura\",\"potentialAction\":[{\"@type\":\"SearchAction\",\"target\":{\"@type\":\"EntryPoint\",\"urlTemplate\":\"https:\/\/www.manaus.am.gov.br\/seminf\/?s={search_term_string}\"},\"query-input\":\"required name=search_term_string\"}],\"inLanguage\":\"pt-BR\"},{\"@type\":\"Person\",\"@id\":\"https:\/\/www.manaus.am.gov.br\/seminf\/#\/schema\/person\/4e49f4e267757a06ca072ec61b2b9968\",\"name\":\"Adriana Costa\",\"image\":{\"@type\":\"ImageObject\",\"inLanguage\":\"pt-BR\",\"@id\":\"https:\/\/www.manaus.am.gov.br\/seminf\/#\/schema\/person\/image\/\",\"url\":\"https:\/\/secure.gravatar.com\/avatar\/576258617ef7194f718179e766d57bd4?s=96&d=mm&r=g\",\"contentUrl\":\"https:\/\/secure.gravatar.com\/avatar\/576258617ef7194f718179e766d57bd4?s=96&d=mm&r=g\",\"caption\":\"Adriana Costa\"}}]}<\/script>\n<!-- \/ Yoast SEO plugin. -->","yoast_head_json":{"title":"Prefeitura de Manaus avan\u00e7a em obras intensivas de recupera\u00e7\u00e3o asf\u00e1ltica no bairro Nova Floresta","description":"Com a\u00e7\u00f5es intensivas de recupera\u00e7\u00e3o asf\u00e1ltica, a Prefeitura de Manaus, por meio da Secretaria Municipal de Infraestrutura (Seminf), realizou, nesta quarta-feira, 21\/1, o servi\u00e7o de recupera\u00e7\u00e3o asf\u00e1ltica na avenida Top\u00e1zio, localizada no bairro Nova Floresta, zona Leste da capital.","robots":{"index":"index","follow":"follow","max-snippet":"max-snippet:-1","max-image-preview":"max-image-preview:large","max-video-preview":"max-video-preview:-1"},"canonical":"https:\/\/www.manaus.am.gov.br\/seminf\/prefeitura-seminf-novafloresta\/","og_locale":"pt_BR","og_type":"article","og_title":"Prefeitura de Manaus avan\u00e7a em obras intensivas de recupera\u00e7\u00e3o asf\u00e1ltica no bairro Nova Floresta","og_description":"Com a\u00e7\u00f5es intensivas de recupera\u00e7\u00e3o asf\u00e1ltica, a Prefeitura de Manaus, por meio da Secretaria Municipal de Infraestrutura (Seminf), realizou, nesta quarta-feira, 21\/1, o servi\u00e7o de recupera\u00e7\u00e3o asf\u00e1ltica na avenida Top\u00e1zio, localizada no bairro Nova Floresta, zona Leste da capital.","og_url":"https:\/\/www.manaus.am.gov.br\/seminf\/prefeitura-seminf-novafloresta\/","og_site_name":"SEMINF","article_published_time":"2026-01-22T00:45:01+00:00","article_modified_time":"2026-01-22T17:55:35+00:00","og_image":[{"width":1600,"height":1200,"url":"https:\/\/www.manaus.am.gov.br\/seminf\/wp-content\/uploads\/sites\/6\/2026\/01\/WhatsApp-Image-2026-01-21-at-20.38.57-1.jpeg","type":"image\/jpeg"}],"author":"Adriana Costa","twitter_card":"summary_large_image","twitter_misc":{"Written by":"Adriana Costa","Est. reading time":"2 minutos"},"schema":{"@context":"https:\/\/schema.org","@graph":[{"@type":"WebPage","@id":"https:\/\/www.manaus.am.gov.br\/seminf\/prefeitura-seminf-novafloresta\/","url":"https:\/\/www.manaus.am.gov.br\/seminf\/prefeitura-seminf-novafloresta\/","name":"Prefeitura de Manaus avan\u00e7a em obras intensivas de recupera\u00e7\u00e3o asf\u00e1ltica no bairro Nova Floresta","isPartOf":{"@id":"https:\/\/www.manaus.am.gov.br\/seminf\/#website"},"primaryImageOfPage":{"@id":"https:\/\/www.manaus.am.gov.br\/seminf\/prefeitura-seminf-novafloresta\/#primaryimage"},"image":{"@id":"https:\/\/www.manaus.am.gov.br\/seminf\/prefeitura-seminf-novafloresta\/#primaryimage"},"thumbnailUrl":"https:\/\/www.manaus.am.gov.br\/seminf\/wp-content\/uploads\/sites\/6\/2026\/01\/WhatsApp-Image-2026-01-21-at-20.38.57-1.jpeg","datePublished":"2026-01-22T00:45:01+00:00","dateModified":"2026-01-22T17:55:35+00:00","author":{"@id":"https:\/\/www.manaus.am.gov.br\/seminf\/#\/schema\/person\/4e49f4e267757a06ca072ec61b2b9968"},"description":"Com a\u00e7\u00f5es intensivas de recupera\u00e7\u00e3o asf\u00e1ltica, a Prefeitura de Manaus, por meio da Secretaria Municipal de Infraestrutura (Seminf), realizou, nesta quarta-feira, 21\/1, o servi\u00e7o de recupera\u00e7\u00e3o asf\u00e1ltica na avenida Top\u00e1zio, localizada no bairro Nova Floresta, zona Leste da capital.","inLanguage":"pt-BR","potentialAction":[{"@type":"ReadAction","target":["https:\/\/www.manaus.am.gov.br\/seminf\/prefeitura-seminf-novafloresta\/"]}]},{"@type":"ImageObject","inLanguage":"pt-BR","@id":"https:\/\/www.manaus.am.gov.br\/seminf\/prefeitura-seminf-novafloresta\/#primaryimage","url":"https:\/\/www.manaus.am.gov.br\/seminf\/wp-content\/uploads\/sites\/6\/2026\/01\/WhatsApp-Image-2026-01-21-at-20.38.57-1.jpeg","contentUrl":"https:\/\/www.manaus.am.gov.br\/seminf\/wp-content\/uploads\/sites\/6\/2026\/01\/WhatsApp-Image-2026-01-21-at-20.38.57-1.jpeg","width":1600,"height":1200,"caption":"#paratodosverem - Equipe da Seminf realiza recomposi\u00e7\u00e3o asf\u00e1ltica em via do Nova Floresta"},{"@type":"WebSite","@id":"https:\/\/www.manaus.am.gov.br\/seminf\/#website","url":"https:\/\/www.manaus.am.gov.br\/seminf\/","name":"Secretaria de Infraestrutura","description":"Secretaria Municipal de Infraestrutura","potentialAction":[{"@type":"SearchAction","target":{"@type":"EntryPoint","urlTemplate":"https:\/\/www.manaus.am.gov.br\/seminf\/?s={search_term_string}"},"query-input":"required name=search_term_string"}],"inLanguage":"pt-BR"},{"@type":"Person","@id":"https:\/\/www.manaus.am.gov.br\/seminf\/#\/schema\/person\/4e49f4e267757a06ca072ec61b2b9968","name":"Adriana Costa","image":{"@type":"ImageObject","inLanguage":"pt-BR","@id":"https:\/\/www.manaus.am.gov.br\/seminf\/#\/schema\/person\/image\/","url":"https:\/\/secure.gravatar.com\/avatar\/576258617ef7194f718179e766d57bd4?s=96&d=mm&r=g","contentUrl":"https:\/\/secure.gravatar.com\/avatar\/576258617ef7194f718179e766d57bd4?s=96&d=mm&r=g","caption":"Adriana Costa"}}]}},"_links":{"self":[{"href":"https:\/\/www.manaus.am.gov.br\/seminf\/wp-json\/wp\/v2\/posts\/8231"}],"collection":[{"href":"https:\/\/www.manaus.am.gov.br\/seminf\/wp-json\/wp\/v2\/posts"}],"about":[{"href":"https:\/\/www.manaus.am.gov.br\/seminf\/wp-json\/wp\/v2\/types\/post"}],"author":[{"embeddable":true,"href":"https:\/\/www.manaus.am.gov.br\/seminf\/wp-json\/wp\/v2\/users\/23"}],"replies":[{"embeddable":true,"href":"https:\/\/www.manaus.am.gov.br\/seminf\/wp-json\/wp\/v2\/comments?post=8231"}],"version-history":[{"count":1,"href":"https:\/\/www.manaus.am.gov.br\/seminf\/wp-json\/wp\/v2\/posts\/8231\/revisions"}],"predecessor-version":[{"id":8236,"href":"https:\/\/www.manaus.am.gov.br\/seminf\/wp-json\/wp\/v2\/posts\/8231\/revisions\/8236"}],"wp:featuredmedia":[{"embeddable":true,"href":"https:\/\/www.manaus.am.gov.br\/seminf\/wp-json\/wp\/v2\/media\/8232"}],"wp:attachment":[{"href":"https:\/\/www.manaus.am.gov.br\/seminf\/wp-json\/wp\/v2\/media?parent=8231"}],"wp:term":[{"taxonomy":"category","embeddable":true,"href":"https:\/\/www.manaus.am.gov.br\/seminf\/wp-json\/wp\/v2\/categories?post=8231"},{"taxonomy":"post_tag","embeddable":true,"href":"https:\/\/www.manaus.am.gov.br\/seminf\/wp-json\/wp\/v2\/tags?post=8231"}],"curies":[{"name":"wp","href":"https:\/\/api.w.org\/{rel}","templated":true}]}}