{"id":8226,"date":"2026-01-20T18:02:58","date_gmt":"2026-01-20T22:02:58","guid":{"rendered":"https:\/\/www.manaus.am.gov.br\/seminf\/obra-intervencao-viaria\/"},"modified":"2026-01-21T13:30:08","modified_gmt":"2026-01-21T17:30:08","slug":"mobilidade-urbana-obra-intervencao-viaria","status":"publish","type":"post","link":"https:\/\/www.manaus.am.gov.br\/seminf\/mobilidade-urbana-obra-intervencao-viaria\/","title":{"rendered":"Prefeitura de Manaus impulsiona a mobilidade com abertura de nova via urbana na zona Norte\u00a0"},"content":{"rendered":"\n<p>A <a href=\"https:\/\/www.manaus.am.gov.br\">Prefeitura de Manaus<\/a> segue entregando solu\u00e7\u00f5es reais de mobilidade urbana na cidade. Nesta ter\u00e7a-feira, 20\/1, equipes da Secretaria Municipal de Infraestrutura (Seminf), executaram a cria\u00e7\u00e3o de uma nova rua que vai interligar a avenida Governador Jos\u00e9 Lindoso, conhecida como avenida das Torres, \u00e0 avenida Timbiras, nos bairros Cidade Nova e Flores, zona Norte da capital. As obras foram iniciadas no segundo semestre do \u00faltimo ano, e seguem avan\u00e7ando significativamente.<\/p>\n\n\n\n<p>A nova via nasce com um papel estrat\u00e9gico, sendo a continua\u00e7\u00e3o da rua Coronel Taborda de Miranda, para melhorar o tr\u00e1fego, reduzir congestionamentos e criar uma rota alternativa eficiente para milhares de motoristas que circulam diariamente pela regi\u00e3o. Com 240 metros de extens\u00e3o, a rua vai facilitar o acesso entre importantes corredores vi\u00e1rios da cidade, garantindo mais fluidez e seguran\u00e7a no tr\u00e2nsito.<\/p>\n\n\n\n<p>A obra inclui ainda a transposi\u00e7\u00e3o e canaliza\u00e7\u00e3o de um igarap\u00e9, por meio da implanta\u00e7\u00e3o de tr\u00eas linhas de tubos de concreto armado, cada uma com 41 metros de comprimento, assegurando a manuten\u00e7\u00e3o da vaz\u00e3o, escoamento natural do curso d\u2019\u00e1gua, o correto funcionamento do sistema de drenagem e maior durabilidade, estabilidade e seguran\u00e7a para a nova estrutura vi\u00e1ria.<\/p>\n\n\n\n<p>Para o vice-prefeito e secret\u00e1rio de Obras, Renato Junior, a interven\u00e7\u00e3o refor\u00e7a o compromisso da gest\u00e3o com a mobilidade urbana e a qualidade de vida da popula\u00e7\u00e3o.<\/p>\n\n\n\n<p>\u201cEssa \u00e9 a segunda etapa de uma obra que vai mudar a din\u00e2mica do tr\u00e2nsito nessa regi\u00e3o, o complexo vi\u00e1rio Prefeito Jos\u00e9 Fernandes. Estamos falando de mais mobilidade, mais seguran\u00e7a e mais tempo de qualidade para quem sai de casa todos os dias para trabalhar, estudar ou cuidar da fam\u00edlia. \u00c9 a gest\u00e3o do prefeito David Almeida olhando para as pessoas e entregando solu\u00e7\u00f5es que fazem diferen\u00e7a na vida real\u201d, destacou Renato Junior.<\/p>\n\n\n\n<p>As equipes da Seminf atuam de forma intensiva no local, iniciando os servi\u00e7os com o levantamento topogr\u00e1fico e defini\u00e7\u00e3o de cotas, seguidos da limpeza da camada vegetal, demoli\u00e7\u00e3o dos im\u00f3veis desapropriados e execu\u00e7\u00e3o da terraplanagem. Na sequ\u00eancia, ser\u00e1 implantado o sistema de drenagem, com posterior execu\u00e7\u00e3o da base e sub-base da via. Conclu\u00eddas essas etapas estruturais, a via receber\u00e1 a pavimenta\u00e7\u00e3o asf\u00e1ltica, seguida da implanta\u00e7\u00e3o da sinaliza\u00e7\u00e3o vertical e horizontal e do sistema de ilumina\u00e7\u00e3o p\u00fablica.<\/p>\n\n\n\n<p>Motoristas que utilizam diariamente a avenida das Torres j\u00e1 sentem a import\u00e2ncia da interven\u00e7\u00e3o. \u201cMuito obrigado Prefeitura de Manaus, por essa grande obra. Vai ajudar bastante todo mundo que vive no tr\u00e2nsito\u201d, afirmou o motorista de aplicativo, Eric Laborda, 30 anos.<\/p>\n\n\n\n<p><strong>Fluxo<\/strong><\/p>\n\n\n\n<p>Atualmente, nos hor\u00e1rios de pico, a avenida das Torres registra um fluxo m\u00e9dio de aproximadamente 1.500 ve\u00edculos por faixa. Com a nova rua, a Prefeitura de Manaus cria uma alternativa eficaz para reduzir esse volume e melhorar a circula\u00e7\u00e3o vi\u00e1ria na zona Norte.<\/p>\n\n\n\n<p>Outro motorista de aplicativo, Bruno Cardoso, 26 anos, tamb\u00e9m ressaltou os benef\u00edcios da obra. \u201cIsso vai melhorar muito a log\u00edstica e a conex\u00e3o entre as zonas da cidade. Para quem trabalha dirigindo o dia todo, como eu, \u00e9 um ganho enorme\u201d, comentou.<\/p>\n\n\n\n<p>A Prefeitura de Manaus reafirma que segue investindo em obras planejadas e estruturantes, com foco no bem-estar da popula\u00e7\u00e3o, na mobilidade urbana e no desenvolvimento da cidade.<\/p>\n\n\n\n<p>\u2014&#8211; \u2014- \u2014<br><strong>Texto &#8211; <\/strong>Maria Amed\/ Seminf<br><strong>Fotos &#8211;<\/strong> M\u00e1rcio Melo\/ Seminf<\/p>\n","protected":false},"excerpt":{"rendered":"","protected":false},"author":68,"featured_media":8227,"comment_status":"closed","ping_status":"closed","sticky":false,"template":"","format":"standard","meta":{"footnotes":""},"categories":[4],"tags":[3011,3012,43,26],"acf":[],"yoast_head":"<!-- This site is optimized with the Yoast SEO plugin v23.0 - https:\/\/yoast.com\/wordpress\/plugins\/seo\/ -->\n<title>Prefeitura impulsiona a mobilidade com abertura de nova via urbana<\/title>\n<meta name=\"description\" content=\"Nesta ter\u00e7a-feira, 20\/1, equipes da Secretaria Municipal de Infraestrutura (Seminf), executaram a cria\u00e7\u00e3o de uma nova rua que vai interligar a avenida Governador Jos\u00e9 Lindoso, conhecida como avenida das Torres, \u00e0 avenida Timbiras, nos bairros Cidade Nova e Flores, zona Norte da capital. As obras foram iniciadas no segundo semestre do \u00faltimo ano, e seguem avan\u00e7ando significativamente.\" \/>\n<meta name=\"robots\" content=\"index, follow, max-snippet:-1, max-image-preview:large, max-video-preview:-1\" \/>\n<link rel=\"canonical\" href=\"https:\/\/www.manaus.am.gov.br\/seminf\/obra-intervencao-viaria\/\" \/>\n<meta property=\"og:locale\" content=\"pt_BR\" \/>\n<meta property=\"og:type\" content=\"article\" \/>\n<meta property=\"og:title\" content=\"Prefeitura impulsiona a mobilidade com abertura de nova via urbana\" \/>\n<meta property=\"og:description\" content=\"Nesta ter\u00e7a-feira, 20\/1, equipes da Secretaria Municipal de Infraestrutura (Seminf), executaram a cria\u00e7\u00e3o de uma nova rua que vai interligar a avenida Governador Jos\u00e9 Lindoso, conhecida como avenida das Torres, \u00e0 avenida Timbiras, nos bairros Cidade Nova e Flores, zona Norte da capital. As obras foram iniciadas no segundo semestre do \u00faltimo ano, e seguem avan\u00e7ando significativamente.\" \/>\n<meta property=\"og:url\" content=\"https:\/\/www.manaus.am.gov.br\/seminf\/obra-intervencao-viaria\/\" \/>\n<meta property=\"og:site_name\" content=\"SEMINF\" \/>\n<meta property=\"article:published_time\" content=\"2026-01-20T22:02:58+00:00\" \/>\n<meta property=\"article:modified_time\" content=\"2026-01-21T17:30:08+00:00\" \/>\n<meta property=\"og:image\" content=\"https:\/\/www.manaus.am.gov.br\/seminf\/wp-content\/uploads\/sites\/6\/2026\/01\/Prefeitura-de-Manaus-impulsiona-a-mobilidade-com-abertura-de-nova-via-urbana-4.jpg\" \/>\n\t<meta property=\"og:image:width\" content=\"1600\" \/>\n\t<meta property=\"og:image:height\" content=\"900\" \/>\n\t<meta property=\"og:image:type\" content=\"image\/jpeg\" \/>\n<meta name=\"author\" content=\"bvalente\" \/>\n<meta name=\"twitter:card\" content=\"summary_large_image\" \/>\n<meta name=\"twitter:label1\" content=\"Written by\" \/>\n\t<meta name=\"twitter:data1\" content=\"bvalente\" \/>\n\t<meta name=\"twitter:label2\" content=\"Est. reading time\" \/>\n\t<meta name=\"twitter:data2\" content=\"4 minutos\" \/>\n<script type=\"application\/ld+json\" class=\"yoast-schema-graph\">{\"@context\":\"https:\/\/schema.org\",\"@graph\":[{\"@type\":\"WebPage\",\"@id\":\"https:\/\/www.manaus.am.gov.br\/seminf\/obra-intervencao-viaria\/\",\"url\":\"https:\/\/www.manaus.am.gov.br\/seminf\/obra-intervencao-viaria\/\",\"name\":\"Prefeitura impulsiona a mobilidade com abertura de nova via urbana\",\"isPartOf\":{\"@id\":\"https:\/\/www.manaus.am.gov.br\/seminf\/#website\"},\"primaryImageOfPage\":{\"@id\":\"https:\/\/www.manaus.am.gov.br\/seminf\/obra-intervencao-viaria\/#primaryimage\"},\"image\":{\"@id\":\"https:\/\/www.manaus.am.gov.br\/seminf\/obra-intervencao-viaria\/#primaryimage\"},\"thumbnailUrl\":\"https:\/\/www.manaus.am.gov.br\/seminf\/wp-content\/uploads\/sites\/6\/2026\/01\/Prefeitura-de-Manaus-impulsiona-a-mobilidade-com-abertura-de-nova-via-urbana-4.jpg\",\"datePublished\":\"2026-01-20T22:02:58+00:00\",\"dateModified\":\"2026-01-21T17:30:08+00:00\",\"author\":{\"@id\":\"https:\/\/www.manaus.am.gov.br\/seminf\/#\/schema\/person\/466a0e03ae4b6062809046bd560ac955\"},\"description\":\"Nesta ter\u00e7a-feira, 20\/1, equipes da Secretaria Municipal de Infraestrutura (Seminf), executaram a cria\u00e7\u00e3o de uma nova rua que vai interligar a avenida Governador Jos\u00e9 Lindoso, conhecida como avenida das Torres, \u00e0 avenida Timbiras, nos bairros Cidade Nova e Flores, zona Norte da capital. As obras foram iniciadas no segundo semestre do \u00faltimo ano, e seguem avan\u00e7ando significativamente.\",\"inLanguage\":\"pt-BR\",\"potentialAction\":[{\"@type\":\"ReadAction\",\"target\":[\"https:\/\/www.manaus.am.gov.br\/seminf\/obra-intervencao-viaria\/\"]}]},{\"@type\":\"ImageObject\",\"inLanguage\":\"pt-BR\",\"@id\":\"https:\/\/www.manaus.am.gov.br\/seminf\/obra-intervencao-viaria\/#primaryimage\",\"url\":\"https:\/\/www.manaus.am.gov.br\/seminf\/wp-content\/uploads\/sites\/6\/2026\/01\/Prefeitura-de-Manaus-impulsiona-a-mobilidade-com-abertura-de-nova-via-urbana-4.jpg\",\"contentUrl\":\"https:\/\/www.manaus.am.gov.br\/seminf\/wp-content\/uploads\/sites\/6\/2026\/01\/Prefeitura-de-Manaus-impulsiona-a-mobilidade-com-abertura-de-nova-via-urbana-4.jpg\",\"width\":1600,\"height\":900,\"caption\":\"#paratodosverem - Maquin\u00e1rio da Seminf realizando abertura de nova via\"},{\"@type\":\"WebSite\",\"@id\":\"https:\/\/www.manaus.am.gov.br\/seminf\/#website\",\"url\":\"https:\/\/www.manaus.am.gov.br\/seminf\/\",\"name\":\"Secretaria de Infraestrutura\",\"description\":\"Secretaria Municipal de Infraestrutura\",\"potentialAction\":[{\"@type\":\"SearchAction\",\"target\":{\"@type\":\"EntryPoint\",\"urlTemplate\":\"https:\/\/www.manaus.am.gov.br\/seminf\/?s={search_term_string}\"},\"query-input\":\"required name=search_term_string\"}],\"inLanguage\":\"pt-BR\"},{\"@type\":\"Person\",\"@id\":\"https:\/\/www.manaus.am.gov.br\/seminf\/#\/schema\/person\/466a0e03ae4b6062809046bd560ac955\",\"name\":\"bvalente\",\"image\":{\"@type\":\"ImageObject\",\"inLanguage\":\"pt-BR\",\"@id\":\"https:\/\/www.manaus.am.gov.br\/seminf\/#\/schema\/person\/image\/\",\"url\":\"https:\/\/secure.gravatar.com\/avatar\/3e69bc2b014bdad41adfec3a39de07d2?s=96&d=mm&r=g\",\"contentUrl\":\"https:\/\/secure.gravatar.com\/avatar\/3e69bc2b014bdad41adfec3a39de07d2?s=96&d=mm&r=g\",\"caption\":\"bvalente\"}}]}<\/script>\n<!-- \/ Yoast SEO plugin. -->","yoast_head_json":{"title":"Prefeitura impulsiona a mobilidade com abertura de nova via urbana","description":"Nesta ter\u00e7a-feira, 20\/1, equipes da Secretaria Municipal de Infraestrutura (Seminf), executaram a cria\u00e7\u00e3o de uma nova rua que vai interligar a avenida Governador Jos\u00e9 Lindoso, conhecida como avenida das Torres, \u00e0 avenida Timbiras, nos bairros Cidade Nova e Flores, zona Norte da capital. As obras foram iniciadas no segundo semestre do \u00faltimo ano, e seguem avan\u00e7ando significativamente.","robots":{"index":"index","follow":"follow","max-snippet":"max-snippet:-1","max-image-preview":"max-image-preview:large","max-video-preview":"max-video-preview:-1"},"canonical":"https:\/\/www.manaus.am.gov.br\/seminf\/obra-intervencao-viaria\/","og_locale":"pt_BR","og_type":"article","og_title":"Prefeitura impulsiona a mobilidade com abertura de nova via urbana","og_description":"Nesta ter\u00e7a-feira, 20\/1, equipes da Secretaria Municipal de Infraestrutura (Seminf), executaram a cria\u00e7\u00e3o de uma nova rua que vai interligar a avenida Governador Jos\u00e9 Lindoso, conhecida como avenida das Torres, \u00e0 avenida Timbiras, nos bairros Cidade Nova e Flores, zona Norte da capital. As obras foram iniciadas no segundo semestre do \u00faltimo ano, e seguem avan\u00e7ando significativamente.","og_url":"https:\/\/www.manaus.am.gov.br\/seminf\/obra-intervencao-viaria\/","og_site_name":"SEMINF","article_published_time":"2026-01-20T22:02:58+00:00","article_modified_time":"2026-01-21T17:30:08+00:00","og_image":[{"width":1600,"height":900,"url":"https:\/\/www.manaus.am.gov.br\/seminf\/wp-content\/uploads\/sites\/6\/2026\/01\/Prefeitura-de-Manaus-impulsiona-a-mobilidade-com-abertura-de-nova-via-urbana-4.jpg","type":"image\/jpeg"}],"author":"bvalente","twitter_card":"summary_large_image","twitter_misc":{"Written by":"bvalente","Est. reading time":"4 minutos"},"schema":{"@context":"https:\/\/schema.org","@graph":[{"@type":"WebPage","@id":"https:\/\/www.manaus.am.gov.br\/seminf\/obra-intervencao-viaria\/","url":"https:\/\/www.manaus.am.gov.br\/seminf\/obra-intervencao-viaria\/","name":"Prefeitura impulsiona a mobilidade com abertura de nova via urbana","isPartOf":{"@id":"https:\/\/www.manaus.am.gov.br\/seminf\/#website"},"primaryImageOfPage":{"@id":"https:\/\/www.manaus.am.gov.br\/seminf\/obra-intervencao-viaria\/#primaryimage"},"image":{"@id":"https:\/\/www.manaus.am.gov.br\/seminf\/obra-intervencao-viaria\/#primaryimage"},"thumbnailUrl":"https:\/\/www.manaus.am.gov.br\/seminf\/wp-content\/uploads\/sites\/6\/2026\/01\/Prefeitura-de-Manaus-impulsiona-a-mobilidade-com-abertura-de-nova-via-urbana-4.jpg","datePublished":"2026-01-20T22:02:58+00:00","dateModified":"2026-01-21T17:30:08+00:00","author":{"@id":"https:\/\/www.manaus.am.gov.br\/seminf\/#\/schema\/person\/466a0e03ae4b6062809046bd560ac955"},"description":"Nesta ter\u00e7a-feira, 20\/1, equipes da Secretaria Municipal de Infraestrutura (Seminf), executaram a cria\u00e7\u00e3o de uma nova rua que vai interligar a avenida Governador Jos\u00e9 Lindoso, conhecida como avenida das Torres, \u00e0 avenida Timbiras, nos bairros Cidade Nova e Flores, zona Norte da capital. As obras foram iniciadas no segundo semestre do \u00faltimo ano, e seguem avan\u00e7ando significativamente.","inLanguage":"pt-BR","potentialAction":[{"@type":"ReadAction","target":["https:\/\/www.manaus.am.gov.br\/seminf\/obra-intervencao-viaria\/"]}]},{"@type":"ImageObject","inLanguage":"pt-BR","@id":"https:\/\/www.manaus.am.gov.br\/seminf\/obra-intervencao-viaria\/#primaryimage","url":"https:\/\/www.manaus.am.gov.br\/seminf\/wp-content\/uploads\/sites\/6\/2026\/01\/Prefeitura-de-Manaus-impulsiona-a-mobilidade-com-abertura-de-nova-via-urbana-4.jpg","contentUrl":"https:\/\/www.manaus.am.gov.br\/seminf\/wp-content\/uploads\/sites\/6\/2026\/01\/Prefeitura-de-Manaus-impulsiona-a-mobilidade-com-abertura-de-nova-via-urbana-4.jpg","width":1600,"height":900,"caption":"#paratodosverem - Maquin\u00e1rio da Seminf realizando abertura de nova via"},{"@type":"WebSite","@id":"https:\/\/www.manaus.am.gov.br\/seminf\/#website","url":"https:\/\/www.manaus.am.gov.br\/seminf\/","name":"Secretaria de Infraestrutura","description":"Secretaria Municipal de Infraestrutura","potentialAction":[{"@type":"SearchAction","target":{"@type":"EntryPoint","urlTemplate":"https:\/\/www.manaus.am.gov.br\/seminf\/?s={search_term_string}"},"query-input":"required name=search_term_string"}],"inLanguage":"pt-BR"},{"@type":"Person","@id":"https:\/\/www.manaus.am.gov.br\/seminf\/#\/schema\/person\/466a0e03ae4b6062809046bd560ac955","name":"bvalente","image":{"@type":"ImageObject","inLanguage":"pt-BR","@id":"https:\/\/www.manaus.am.gov.br\/seminf\/#\/schema\/person\/image\/","url":"https:\/\/secure.gravatar.com\/avatar\/3e69bc2b014bdad41adfec3a39de07d2?s=96&d=mm&r=g","contentUrl":"https:\/\/secure.gravatar.com\/avatar\/3e69bc2b014bdad41adfec3a39de07d2?s=96&d=mm&r=g","caption":"bvalente"}}]}},"_links":{"self":[{"href":"https:\/\/www.manaus.am.gov.br\/seminf\/wp-json\/wp\/v2\/posts\/8226"}],"collection":[{"href":"https:\/\/www.manaus.am.gov.br\/seminf\/wp-json\/wp\/v2\/posts"}],"about":[{"href":"https:\/\/www.manaus.am.gov.br\/seminf\/wp-json\/wp\/v2\/types\/post"}],"author":[{"embeddable":true,"href":"https:\/\/www.manaus.am.gov.br\/seminf\/wp-json\/wp\/v2\/users\/68"}],"replies":[{"embeddable":true,"href":"https:\/\/www.manaus.am.gov.br\/seminf\/wp-json\/wp\/v2\/comments?post=8226"}],"version-history":[{"count":1,"href":"https:\/\/www.manaus.am.gov.br\/seminf\/wp-json\/wp\/v2\/posts\/8226\/revisions"}],"predecessor-version":[{"id":8228,"href":"https:\/\/www.manaus.am.gov.br\/seminf\/wp-json\/wp\/v2\/posts\/8226\/revisions\/8228"}],"wp:featuredmedia":[{"embeddable":true,"href":"https:\/\/www.manaus.am.gov.br\/seminf\/wp-json\/wp\/v2\/media\/8227"}],"wp:attachment":[{"href":"https:\/\/www.manaus.am.gov.br\/seminf\/wp-json\/wp\/v2\/media?parent=8226"}],"wp:term":[{"taxonomy":"category","embeddable":true,"href":"https:\/\/www.manaus.am.gov.br\/seminf\/wp-json\/wp\/v2\/categories?post=8226"},{"taxonomy":"post_tag","embeddable":true,"href":"https:\/\/www.manaus.am.gov.br\/seminf\/wp-json\/wp\/v2\/tags?post=8226"}],"curies":[{"name":"wp","href":"https:\/\/api.w.org\/{rel}","templated":true}]}}