{"id":8224,"date":"2026-01-20T17:45:39","date_gmt":"2026-01-20T21:45:39","guid":{"rendered":"https:\/\/www.manaus.am.gov.br\/seminf\/obras-de-recuperacao-asfaltica-6\/"},"modified":"2026-02-05T11:03:19","modified_gmt":"2026-02-05T15:03:19","slug":"obras-de-recuperacao-asfaltica-6","status":"publish","type":"post","link":"https:\/\/www.manaus.am.gov.br\/seminf\/obras-de-recuperacao-asfaltica-6\/","title":{"rendered":"Prefeitura de Manaus avan\u00e7a com obras de recupera\u00e7\u00e3o asf\u00e1ltica na zona Leste e transforma as vias da regi\u00e3o\u00a0"},"content":{"rendered":"\n<p>Nesta ter\u00e7a-feira, 20\/1, a <a href=\"https:\/\/www.instagram.com\/prefeiturademanaus\/\">Prefeitura de Mana<\/a>us, por meio da Secretaria Municipal de Infraestrutura <a href=\"https:\/\/www.manaus.am.gov.br\/\">(Seminf), <\/a>trabalhou com a\u00e7\u00f5es transformadoras de recupera\u00e7\u00e3o asf\u00e1ltica na zona Leste da capital. Desta vez, a rua Bom Jesus, no bairro Zumbi dos Palmares foi contemplada com os servi\u00e7os que mudaram a realidade da popula\u00e7\u00e3o.<\/p>\n\n\n\n<p>A obra faz parte do compromisso da Prefeitura de Manaus de melhorar a infraestrutura da cidade e garantir a qualidade de vida dos cidad\u00e3os. A rua Bom Jesus, que possu\u00eda trechos desgastados, agora ganha uma nova camada de asfalto, proporcionando mais seguran\u00e7a e conforto para os motoristas e pedestres que circulam pela regi\u00e3o.<\/p>\n\n\n\n<p>O vice-prefeito e secret\u00e1rio de Obras, Renato Junior, reafirmou o compromisso da gest\u00e3o e ressaltou a intensidade das obras realizadas pelas equipes.<\/p>\n\n\n\n<p>&#8220;Estamos trabalhando intensivamente para melhorar as vias da cidade e garantir a mobilidade urbana. A rua Bom Jesus \u00e9 mais um exemplo do compromisso da gest\u00e3o do nosso prefeito David Almeida de transformar as vias da cidade e melhorar a qualidade de vida do nosso povo\u201d, destacou Renato Junior.<\/p>\n\n\n\n<p>A obra na rua Bom Jesus inclui servi\u00e7os de recupera\u00e7\u00e3o asf\u00e1ltica, com a aplica\u00e7\u00e3o de uma nova camada de asfalto ap\u00f3s a adequada prepara\u00e7\u00e3o do solo. As equipes da Seminf seguem trabalhando por diversos bairros da capital para transformar a infraestrutura de todas as zonas.<\/p>\n\n\n\n<p>A Prefeitura de Manaus refor\u00e7a o compromisso com a melhoria cont\u00ednua da infraestrutura urbana e garante, por meio das obras realizadas pelas equipes da Seminf, a maior seguran\u00e7a dos pedestres e ve\u00edculos.<\/p>\n\n\n\n<p><strong><br><\/strong>\u2014&#8211; \u2014- \u2014<br><strong>Texto &#8211; <\/strong>Maria Amed\/ Seminf<br><strong>Fotos &#8211;<\/strong> Divulga\u00e7\u00e3o\/ Seminf<\/p>\n","protected":false},"excerpt":{"rendered":"","protected":false},"author":68,"featured_media":8225,"comment_status":"closed","ping_status":"closed","sticky":false,"template":"","format":"standard","meta":{"footnotes":""},"categories":[3],"tags":[3010,2441,2492,43,26],"acf":[],"yoast_head":"<!-- This site is optimized with the Yoast SEO plugin v23.0 - https:\/\/yoast.com\/wordpress\/plugins\/seo\/ -->\n<title>Prefeitura de Manaus avan\u00e7a com obras de recupera\u00e7\u00e3o asf\u00e1ltica<\/title>\n<meta name=\"description\" content=\"A Prefeitura de Manaus trabalhou com a\u00e7\u00f5es transformadoras de recupera\u00e7\u00e3o asf\u00e1ltica na zona Leste da capital.\" \/>\n<meta name=\"robots\" content=\"index, follow, max-snippet:-1, max-image-preview:large, max-video-preview:-1\" \/>\n<link rel=\"canonical\" href=\"https:\/\/www.manaus.am.gov.br\/seminf\/obras-de-recuperacao-asfaltica-6\/\" \/>\n<meta property=\"og:locale\" content=\"pt_BR\" \/>\n<meta property=\"og:type\" content=\"article\" \/>\n<meta property=\"og:title\" content=\"Prefeitura de Manaus avan\u00e7a com obras de recupera\u00e7\u00e3o asf\u00e1ltica\" \/>\n<meta property=\"og:description\" content=\"A Prefeitura de Manaus trabalhou com a\u00e7\u00f5es transformadoras de recupera\u00e7\u00e3o asf\u00e1ltica na zona Leste da capital.\" \/>\n<meta property=\"og:url\" content=\"https:\/\/www.manaus.am.gov.br\/seminf\/obras-de-recuperacao-asfaltica-6\/\" \/>\n<meta property=\"og:site_name\" content=\"SEMINF\" \/>\n<meta property=\"article:published_time\" content=\"2026-01-20T21:45:39+00:00\" \/>\n<meta property=\"article:modified_time\" content=\"2026-02-05T15:03:19+00:00\" \/>\n<meta property=\"og:image\" content=\"https:\/\/www.manaus.am.gov.br\/seminf\/wp-content\/uploads\/sites\/6\/2026\/01\/70858317-f87c-43a6-9622-e30a2f1d9d58.jpg\" \/>\n\t<meta property=\"og:image:width\" content=\"979\" \/>\n\t<meta property=\"og:image:height\" content=\"734\" \/>\n\t<meta property=\"og:image:type\" content=\"image\/jpeg\" \/>\n<meta name=\"author\" content=\"bvalente\" \/>\n<meta name=\"twitter:card\" content=\"summary_large_image\" \/>\n<meta name=\"twitter:label1\" content=\"Written by\" \/>\n\t<meta name=\"twitter:data1\" content=\"bvalente\" \/>\n\t<meta name=\"twitter:label2\" content=\"Est. reading time\" \/>\n\t<meta name=\"twitter:data2\" content=\"2 minutos\" \/>\n<script type=\"application\/ld+json\" class=\"yoast-schema-graph\">{\"@context\":\"https:\/\/schema.org\",\"@graph\":[{\"@type\":\"WebPage\",\"@id\":\"https:\/\/www.manaus.am.gov.br\/seminf\/obras-de-recuperacao-asfaltica-6\/\",\"url\":\"https:\/\/www.manaus.am.gov.br\/seminf\/obras-de-recuperacao-asfaltica-6\/\",\"name\":\"Prefeitura de Manaus avan\u00e7a com obras de recupera\u00e7\u00e3o asf\u00e1ltica\",\"isPartOf\":{\"@id\":\"https:\/\/www.manaus.am.gov.br\/seminf\/#website\"},\"primaryImageOfPage\":{\"@id\":\"https:\/\/www.manaus.am.gov.br\/seminf\/obras-de-recuperacao-asfaltica-6\/#primaryimage\"},\"image\":{\"@id\":\"https:\/\/www.manaus.am.gov.br\/seminf\/obras-de-recuperacao-asfaltica-6\/#primaryimage\"},\"thumbnailUrl\":\"https:\/\/www.manaus.am.gov.br\/seminf\/wp-content\/uploads\/sites\/6\/2026\/01\/70858317-f87c-43a6-9622-e30a2f1d9d58.jpg\",\"datePublished\":\"2026-01-20T21:45:39+00:00\",\"dateModified\":\"2026-02-05T15:03:19+00:00\",\"author\":{\"@id\":\"https:\/\/www.manaus.am.gov.br\/seminf\/#\/schema\/person\/466a0e03ae4b6062809046bd560ac955\"},\"description\":\"A Prefeitura de Manaus trabalhou com a\u00e7\u00f5es transformadoras de recupera\u00e7\u00e3o asf\u00e1ltica na zona Leste da capital.\",\"inLanguage\":\"pt-BR\",\"potentialAction\":[{\"@type\":\"ReadAction\",\"target\":[\"https:\/\/www.manaus.am.gov.br\/seminf\/obras-de-recuperacao-asfaltica-6\/\"]}]},{\"@type\":\"ImageObject\",\"inLanguage\":\"pt-BR\",\"@id\":\"https:\/\/www.manaus.am.gov.br\/seminf\/obras-de-recuperacao-asfaltica-6\/#primaryimage\",\"url\":\"https:\/\/www.manaus.am.gov.br\/seminf\/wp-content\/uploads\/sites\/6\/2026\/01\/70858317-f87c-43a6-9622-e30a2f1d9d58.jpg\",\"contentUrl\":\"https:\/\/www.manaus.am.gov.br\/seminf\/wp-content\/uploads\/sites\/6\/2026\/01\/70858317-f87c-43a6-9622-e30a2f1d9d58.jpg\",\"width\":979,\"height\":734,\"caption\":\"#paratodosverem - Servidores da Seminf aplicando asfalto novo em via\"},{\"@type\":\"WebSite\",\"@id\":\"https:\/\/www.manaus.am.gov.br\/seminf\/#website\",\"url\":\"https:\/\/www.manaus.am.gov.br\/seminf\/\",\"name\":\"Secretaria de Infraestrutura\",\"description\":\"Secretaria Municipal de Infraestrutura\",\"potentialAction\":[{\"@type\":\"SearchAction\",\"target\":{\"@type\":\"EntryPoint\",\"urlTemplate\":\"https:\/\/www.manaus.am.gov.br\/seminf\/?s={search_term_string}\"},\"query-input\":\"required name=search_term_string\"}],\"inLanguage\":\"pt-BR\"},{\"@type\":\"Person\",\"@id\":\"https:\/\/www.manaus.am.gov.br\/seminf\/#\/schema\/person\/466a0e03ae4b6062809046bd560ac955\",\"name\":\"bvalente\",\"image\":{\"@type\":\"ImageObject\",\"inLanguage\":\"pt-BR\",\"@id\":\"https:\/\/www.manaus.am.gov.br\/seminf\/#\/schema\/person\/image\/\",\"url\":\"https:\/\/secure.gravatar.com\/avatar\/3e69bc2b014bdad41adfec3a39de07d2?s=96&d=mm&r=g\",\"contentUrl\":\"https:\/\/secure.gravatar.com\/avatar\/3e69bc2b014bdad41adfec3a39de07d2?s=96&d=mm&r=g\",\"caption\":\"bvalente\"}}]}<\/script>\n<!-- \/ Yoast SEO plugin. -->","yoast_head_json":{"title":"Prefeitura de Manaus avan\u00e7a com obras de recupera\u00e7\u00e3o asf\u00e1ltica","description":"A Prefeitura de Manaus trabalhou com a\u00e7\u00f5es transformadoras de recupera\u00e7\u00e3o asf\u00e1ltica na zona Leste da capital.","robots":{"index":"index","follow":"follow","max-snippet":"max-snippet:-1","max-image-preview":"max-image-preview:large","max-video-preview":"max-video-preview:-1"},"canonical":"https:\/\/www.manaus.am.gov.br\/seminf\/obras-de-recuperacao-asfaltica-6\/","og_locale":"pt_BR","og_type":"article","og_title":"Prefeitura de Manaus avan\u00e7a com obras de recupera\u00e7\u00e3o asf\u00e1ltica","og_description":"A Prefeitura de Manaus trabalhou com a\u00e7\u00f5es transformadoras de recupera\u00e7\u00e3o asf\u00e1ltica na zona Leste da capital.","og_url":"https:\/\/www.manaus.am.gov.br\/seminf\/obras-de-recuperacao-asfaltica-6\/","og_site_name":"SEMINF","article_published_time":"2026-01-20T21:45:39+00:00","article_modified_time":"2026-02-05T15:03:19+00:00","og_image":[{"width":979,"height":734,"url":"https:\/\/www.manaus.am.gov.br\/seminf\/wp-content\/uploads\/sites\/6\/2026\/01\/70858317-f87c-43a6-9622-e30a2f1d9d58.jpg","type":"image\/jpeg"}],"author":"bvalente","twitter_card":"summary_large_image","twitter_misc":{"Written by":"bvalente","Est. reading time":"2 minutos"},"schema":{"@context":"https:\/\/schema.org","@graph":[{"@type":"WebPage","@id":"https:\/\/www.manaus.am.gov.br\/seminf\/obras-de-recuperacao-asfaltica-6\/","url":"https:\/\/www.manaus.am.gov.br\/seminf\/obras-de-recuperacao-asfaltica-6\/","name":"Prefeitura de Manaus avan\u00e7a com obras de recupera\u00e7\u00e3o asf\u00e1ltica","isPartOf":{"@id":"https:\/\/www.manaus.am.gov.br\/seminf\/#website"},"primaryImageOfPage":{"@id":"https:\/\/www.manaus.am.gov.br\/seminf\/obras-de-recuperacao-asfaltica-6\/#primaryimage"},"image":{"@id":"https:\/\/www.manaus.am.gov.br\/seminf\/obras-de-recuperacao-asfaltica-6\/#primaryimage"},"thumbnailUrl":"https:\/\/www.manaus.am.gov.br\/seminf\/wp-content\/uploads\/sites\/6\/2026\/01\/70858317-f87c-43a6-9622-e30a2f1d9d58.jpg","datePublished":"2026-01-20T21:45:39+00:00","dateModified":"2026-02-05T15:03:19+00:00","author":{"@id":"https:\/\/www.manaus.am.gov.br\/seminf\/#\/schema\/person\/466a0e03ae4b6062809046bd560ac955"},"description":"A Prefeitura de Manaus trabalhou com a\u00e7\u00f5es transformadoras de recupera\u00e7\u00e3o asf\u00e1ltica na zona Leste da capital.","inLanguage":"pt-BR","potentialAction":[{"@type":"ReadAction","target":["https:\/\/www.manaus.am.gov.br\/seminf\/obras-de-recuperacao-asfaltica-6\/"]}]},{"@type":"ImageObject","inLanguage":"pt-BR","@id":"https:\/\/www.manaus.am.gov.br\/seminf\/obras-de-recuperacao-asfaltica-6\/#primaryimage","url":"https:\/\/www.manaus.am.gov.br\/seminf\/wp-content\/uploads\/sites\/6\/2026\/01\/70858317-f87c-43a6-9622-e30a2f1d9d58.jpg","contentUrl":"https:\/\/www.manaus.am.gov.br\/seminf\/wp-content\/uploads\/sites\/6\/2026\/01\/70858317-f87c-43a6-9622-e30a2f1d9d58.jpg","width":979,"height":734,"caption":"#paratodosverem - Servidores da Seminf aplicando asfalto novo em via"},{"@type":"WebSite","@id":"https:\/\/www.manaus.am.gov.br\/seminf\/#website","url":"https:\/\/www.manaus.am.gov.br\/seminf\/","name":"Secretaria de Infraestrutura","description":"Secretaria Municipal de Infraestrutura","potentialAction":[{"@type":"SearchAction","target":{"@type":"EntryPoint","urlTemplate":"https:\/\/www.manaus.am.gov.br\/seminf\/?s={search_term_string}"},"query-input":"required name=search_term_string"}],"inLanguage":"pt-BR"},{"@type":"Person","@id":"https:\/\/www.manaus.am.gov.br\/seminf\/#\/schema\/person\/466a0e03ae4b6062809046bd560ac955","name":"bvalente","image":{"@type":"ImageObject","inLanguage":"pt-BR","@id":"https:\/\/www.manaus.am.gov.br\/seminf\/#\/schema\/person\/image\/","url":"https:\/\/secure.gravatar.com\/avatar\/3e69bc2b014bdad41adfec3a39de07d2?s=96&d=mm&r=g","contentUrl":"https:\/\/secure.gravatar.com\/avatar\/3e69bc2b014bdad41adfec3a39de07d2?s=96&d=mm&r=g","caption":"bvalente"}}]}},"_links":{"self":[{"href":"https:\/\/www.manaus.am.gov.br\/seminf\/wp-json\/wp\/v2\/posts\/8224"}],"collection":[{"href":"https:\/\/www.manaus.am.gov.br\/seminf\/wp-json\/wp\/v2\/posts"}],"about":[{"href":"https:\/\/www.manaus.am.gov.br\/seminf\/wp-json\/wp\/v2\/types\/post"}],"author":[{"embeddable":true,"href":"https:\/\/www.manaus.am.gov.br\/seminf\/wp-json\/wp\/v2\/users\/68"}],"replies":[{"embeddable":true,"href":"https:\/\/www.manaus.am.gov.br\/seminf\/wp-json\/wp\/v2\/comments?post=8224"}],"version-history":[{"count":1,"href":"https:\/\/www.manaus.am.gov.br\/seminf\/wp-json\/wp\/v2\/posts\/8224\/revisions"}],"predecessor-version":[{"id":8411,"href":"https:\/\/www.manaus.am.gov.br\/seminf\/wp-json\/wp\/v2\/posts\/8224\/revisions\/8411"}],"wp:featuredmedia":[{"embeddable":true,"href":"https:\/\/www.manaus.am.gov.br\/seminf\/wp-json\/wp\/v2\/media\/8225"}],"wp:attachment":[{"href":"https:\/\/www.manaus.am.gov.br\/seminf\/wp-json\/wp\/v2\/media?parent=8224"}],"wp:term":[{"taxonomy":"category","embeddable":true,"href":"https:\/\/www.manaus.am.gov.br\/seminf\/wp-json\/wp\/v2\/categories?post=8224"},{"taxonomy":"post_tag","embeddable":true,"href":"https:\/\/www.manaus.am.gov.br\/seminf\/wp-json\/wp\/v2\/tags?post=8224"}],"curies":[{"name":"wp","href":"https:\/\/api.w.org\/{rel}","templated":true}]}}