{"id":8214,"date":"2026-01-20T17:20:46","date_gmt":"2026-01-20T21:20:46","guid":{"rendered":"https:\/\/www.manaus.am.gov.br\/seminf\/coroado-manutencao-asfaltica\/"},"modified":"2026-02-05T11:07:49","modified_gmt":"2026-02-05T15:07:49","slug":"coroado-manutencao-asfaltica","status":"publish","type":"post","link":"https:\/\/www.manaus.am.gov.br\/seminf\/coroado-manutencao-asfaltica\/","title":{"rendered":"Prefeitura de Manaus leva melhorias para o bairro Coroado com o servi\u00e7o de manuten\u00e7\u00e3o asf\u00e1ltica"},"content":{"rendered":"\n<p>A <a href=\"https:\/\/www.instagram.com\/prefeiturademanaus\/\">Prefeitura de Manaus,<\/a> por meio da <a href=\"https:\/\/www.manaus.am.gov.br\/\">Secretaria Municipal de Infraestrutura (Seminf<\/a>), segue intensificando sua presen\u00e7a nos bairros da capital. Desta vez, a rua Urucam, no bairro Coroado, zona Leste, recebe as obras de manuten\u00e7\u00e3o asf\u00e1ltica que refor\u00e7am o compromisso com a popula\u00e7\u00e3o e os moradores.\u00a0<\/p>\n\n\n\n<p>O vice-prefeito e secret\u00e1rio de Obras, Renato Junior, enfatiza a import\u00e2ncia do planejamento cont\u00ednuo das equipes nas ruas.&nbsp;<\/p>\n\n\n\n<p>\u201cO trabalho da gest\u00e3o do prefeito David Almeida \u00e9 di\u00e1rio e chega a todos os bairros, especialmente onde a popula\u00e7\u00e3o mais precisa. A manuten\u00e7\u00e3o asf\u00e1ltica faz parte de um esfor\u00e7o cont\u00ednuo para ouvir as demandas da comunidade e transformar essas necessidades em a\u00e7\u00f5es concretas, garantindo ruas mais resistentes, seguras e com mais qualidade para quem trafega e vive na cidade\u201d, destacou o vice-prefeito e secret\u00e1rio municipal de Obras, Renato Junior.<\/p>\n\n\n\n<p>As equipes atuam de forma planejada, recuperando trechos danificados das vias e garantindo melhores condi\u00e7\u00f5es de tr\u00e1fego para motoristas e pedestres. A manuten\u00e7\u00e3o asf\u00e1ltica contribui diretamente para a seguran\u00e7a vi\u00e1ria, proporcionando mais conforto no deslocamento dos moradores.<\/p>\n\n\n\n<p>Com essas a\u00e7\u00f5es, a Prefeitura de Manaus reafirma seu compromisso de estar presente nos bairros, ouvindo a popula\u00e7\u00e3o e levando infraestrutura de qualidade. O trabalho segue avan\u00e7ando, promovendo mais mobilidade, seguran\u00e7a e dignidade para todos.<\/p>\n\n\n\n<figure class=\"wp-block-image size-large\"><img loading=\"lazy\" decoding=\"async\" width=\"1024\" height=\"768\" src=\"https:\/\/www.manaus.am.gov.br\/seminf\/wp-content\/uploads\/sites\/6\/2026\/01\/WhatsApp-Image-2026-01-20-at-15.13.53-1-1024x768.jpeg\" alt=\"\" class=\"wp-image-8216\" srcset=\"https:\/\/www.manaus.am.gov.br\/seminf\/wp-content\/uploads\/sites\/6\/2026\/01\/WhatsApp-Image-2026-01-20-at-15.13.53-1-1024x768.jpeg 1024w, https:\/\/www.manaus.am.gov.br\/seminf\/wp-content\/uploads\/sites\/6\/2026\/01\/WhatsApp-Image-2026-01-20-at-15.13.53-1-300x225.jpeg 300w, https:\/\/www.manaus.am.gov.br\/seminf\/wp-content\/uploads\/sites\/6\/2026\/01\/WhatsApp-Image-2026-01-20-at-15.13.53-1-768x576.jpeg 768w, https:\/\/www.manaus.am.gov.br\/seminf\/wp-content\/uploads\/sites\/6\/2026\/01\/WhatsApp-Image-2026-01-20-at-15.13.53-1-1536x1152.jpeg 1536w, https:\/\/www.manaus.am.gov.br\/seminf\/wp-content\/uploads\/sites\/6\/2026\/01\/WhatsApp-Image-2026-01-20-at-15.13.53-1.jpeg 1600w\" sizes=\"(max-width: 1024px) 100vw, 1024px\" \/><figcaption class=\"wp-element-caption\">#paratodosverem &#8211; Recupera\u00e7\u00e3o vi\u00e1ria<\/figcaption><\/figure>\n\n\n\n<p>&#8212; &#8212; &#8212;<\/p>\n\n\n\n<p><strong>Texto &#8211;<\/strong>&nbsp;Rayana Coutinho\/Seminf&nbsp;<\/p>\n\n\n\n<p><strong>Fotos<\/strong> &#8211; Divulga\u00e7\u00e3o\/Seminf<\/p>\n","protected":false},"excerpt":{"rendered":"","protected":false},"author":39,"featured_media":8215,"comment_status":"closed","ping_status":"closed","sticky":false,"template":"","format":"standard","meta":{"footnotes":""},"categories":[8],"tags":[83,368,43,3007,26],"acf":[],"yoast_head":"<!-- This site is optimized with the Yoast SEO plugin v23.0 - https:\/\/yoast.com\/wordpress\/plugins\/seo\/ -->\n<title>Prefeitura de Manaus leva melhorias para o bairro Coroado com o servi\u00e7o de manuten\u00e7\u00e3o asf\u00e1ltica<\/title>\n<meta name=\"description\" content=\"Prefeitura de Manaus, por meio da Seminf, leva melhorias para o bairro Coroado com o servi\u00e7o de manuten\u00e7\u00e3o asf\u00e1ltica.\" \/>\n<meta name=\"robots\" content=\"index, follow, max-snippet:-1, max-image-preview:large, max-video-preview:-1\" \/>\n<link rel=\"canonical\" href=\"https:\/\/www.manaus.am.gov.br\/seminf\/coroado-manutencao-asfaltica\/\" \/>\n<meta property=\"og:locale\" content=\"pt_BR\" \/>\n<meta property=\"og:type\" content=\"article\" \/>\n<meta property=\"og:title\" content=\"Prefeitura de Manaus leva melhorias para o bairro Coroado com o servi\u00e7o de manuten\u00e7\u00e3o asf\u00e1ltica\" \/>\n<meta property=\"og:description\" content=\"Prefeitura de Manaus, por meio da Seminf, leva melhorias para o bairro Coroado com o servi\u00e7o de manuten\u00e7\u00e3o asf\u00e1ltica.\" \/>\n<meta property=\"og:url\" content=\"https:\/\/www.manaus.am.gov.br\/seminf\/coroado-manutencao-asfaltica\/\" \/>\n<meta property=\"og:site_name\" content=\"SEMINF\" \/>\n<meta property=\"article:published_time\" content=\"2026-01-20T21:20:46+00:00\" \/>\n<meta property=\"article:modified_time\" content=\"2026-02-05T15:07:49+00:00\" \/>\n<meta property=\"og:image\" content=\"https:\/\/www.manaus.am.gov.br\/seminf\/wp-content\/uploads\/sites\/6\/2026\/01\/WhatsApp-Image-2026-01-20-at-15.13.52-1.jpeg\" \/>\n\t<meta property=\"og:image:width\" content=\"1600\" \/>\n\t<meta property=\"og:image:height\" content=\"1200\" \/>\n\t<meta property=\"og:image:type\" content=\"image\/jpeg\" \/>\n<meta name=\"author\" content=\"Bruna Greco\" \/>\n<meta name=\"twitter:card\" content=\"summary_large_image\" \/>\n<meta name=\"twitter:label1\" content=\"Written by\" \/>\n\t<meta name=\"twitter:data1\" content=\"Bruna Greco\" \/>\n\t<meta name=\"twitter:label2\" content=\"Est. reading time\" \/>\n\t<meta name=\"twitter:data2\" content=\"2 minutos\" \/>\n<script type=\"application\/ld+json\" class=\"yoast-schema-graph\">{\"@context\":\"https:\/\/schema.org\",\"@graph\":[{\"@type\":\"WebPage\",\"@id\":\"https:\/\/www.manaus.am.gov.br\/seminf\/coroado-manutencao-asfaltica\/\",\"url\":\"https:\/\/www.manaus.am.gov.br\/seminf\/coroado-manutencao-asfaltica\/\",\"name\":\"Prefeitura de Manaus leva melhorias para o bairro Coroado com o servi\u00e7o de manuten\u00e7\u00e3o asf\u00e1ltica\",\"isPartOf\":{\"@id\":\"https:\/\/www.manaus.am.gov.br\/seminf\/#website\"},\"primaryImageOfPage\":{\"@id\":\"https:\/\/www.manaus.am.gov.br\/seminf\/coroado-manutencao-asfaltica\/#primaryimage\"},\"image\":{\"@id\":\"https:\/\/www.manaus.am.gov.br\/seminf\/coroado-manutencao-asfaltica\/#primaryimage\"},\"thumbnailUrl\":\"https:\/\/www.manaus.am.gov.br\/seminf\/wp-content\/uploads\/sites\/6\/2026\/01\/WhatsApp-Image-2026-01-20-at-15.13.52-1.jpeg\",\"datePublished\":\"2026-01-20T21:20:46+00:00\",\"dateModified\":\"2026-02-05T15:07:49+00:00\",\"author\":{\"@id\":\"https:\/\/www.manaus.am.gov.br\/seminf\/#\/schema\/person\/05d223aea2bf115f9883a6ff3683d81b\"},\"description\":\"Prefeitura de Manaus, por meio da Seminf, leva melhorias para o bairro Coroado com o servi\u00e7o de manuten\u00e7\u00e3o asf\u00e1ltica.\",\"inLanguage\":\"pt-BR\",\"potentialAction\":[{\"@type\":\"ReadAction\",\"target\":[\"https:\/\/www.manaus.am.gov.br\/seminf\/coroado-manutencao-asfaltica\/\"]}]},{\"@type\":\"ImageObject\",\"inLanguage\":\"pt-BR\",\"@id\":\"https:\/\/www.manaus.am.gov.br\/seminf\/coroado-manutencao-asfaltica\/#primaryimage\",\"url\":\"https:\/\/www.manaus.am.gov.br\/seminf\/wp-content\/uploads\/sites\/6\/2026\/01\/WhatsApp-Image-2026-01-20-at-15.13.52-1.jpeg\",\"contentUrl\":\"https:\/\/www.manaus.am.gov.br\/seminf\/wp-content\/uploads\/sites\/6\/2026\/01\/WhatsApp-Image-2026-01-20-at-15.13.52-1.jpeg\",\"width\":1600,\"height\":1200,\"caption\":\"#paratodosverem - Equipe da Seminf realizando os servi\u00e7os de manuten\u00e7\u00e3o asf\u00e1ltica na rua Urucam, no bairro Coroado\"},{\"@type\":\"WebSite\",\"@id\":\"https:\/\/www.manaus.am.gov.br\/seminf\/#website\",\"url\":\"https:\/\/www.manaus.am.gov.br\/seminf\/\",\"name\":\"Secretaria de Infraestrutura\",\"description\":\"Secretaria Municipal de Infraestrutura\",\"potentialAction\":[{\"@type\":\"SearchAction\",\"target\":{\"@type\":\"EntryPoint\",\"urlTemplate\":\"https:\/\/www.manaus.am.gov.br\/seminf\/?s={search_term_string}\"},\"query-input\":\"required name=search_term_string\"}],\"inLanguage\":\"pt-BR\"},{\"@type\":\"Person\",\"@id\":\"https:\/\/www.manaus.am.gov.br\/seminf\/#\/schema\/person\/05d223aea2bf115f9883a6ff3683d81b\",\"name\":\"Bruna Greco\",\"image\":{\"@type\":\"ImageObject\",\"inLanguage\":\"pt-BR\",\"@id\":\"https:\/\/www.manaus.am.gov.br\/seminf\/#\/schema\/person\/image\/\",\"url\":\"https:\/\/secure.gravatar.com\/avatar\/9c877d1a6adc2a055330e5c09a8653ce?s=96&d=mm&r=g\",\"contentUrl\":\"https:\/\/secure.gravatar.com\/avatar\/9c877d1a6adc2a055330e5c09a8653ce?s=96&d=mm&r=g\",\"caption\":\"Bruna Greco\"}}]}<\/script>\n<!-- \/ Yoast SEO plugin. -->","yoast_head_json":{"title":"Prefeitura de Manaus leva melhorias para o bairro Coroado com o servi\u00e7o de manuten\u00e7\u00e3o asf\u00e1ltica","description":"Prefeitura de Manaus, por meio da Seminf, leva melhorias para o bairro Coroado com o servi\u00e7o de manuten\u00e7\u00e3o asf\u00e1ltica.","robots":{"index":"index","follow":"follow","max-snippet":"max-snippet:-1","max-image-preview":"max-image-preview:large","max-video-preview":"max-video-preview:-1"},"canonical":"https:\/\/www.manaus.am.gov.br\/seminf\/coroado-manutencao-asfaltica\/","og_locale":"pt_BR","og_type":"article","og_title":"Prefeitura de Manaus leva melhorias para o bairro Coroado com o servi\u00e7o de manuten\u00e7\u00e3o asf\u00e1ltica","og_description":"Prefeitura de Manaus, por meio da Seminf, leva melhorias para o bairro Coroado com o servi\u00e7o de manuten\u00e7\u00e3o asf\u00e1ltica.","og_url":"https:\/\/www.manaus.am.gov.br\/seminf\/coroado-manutencao-asfaltica\/","og_site_name":"SEMINF","article_published_time":"2026-01-20T21:20:46+00:00","article_modified_time":"2026-02-05T15:07:49+00:00","og_image":[{"width":1600,"height":1200,"url":"https:\/\/www.manaus.am.gov.br\/seminf\/wp-content\/uploads\/sites\/6\/2026\/01\/WhatsApp-Image-2026-01-20-at-15.13.52-1.jpeg","type":"image\/jpeg"}],"author":"Bruna Greco","twitter_card":"summary_large_image","twitter_misc":{"Written by":"Bruna Greco","Est. reading time":"2 minutos"},"schema":{"@context":"https:\/\/schema.org","@graph":[{"@type":"WebPage","@id":"https:\/\/www.manaus.am.gov.br\/seminf\/coroado-manutencao-asfaltica\/","url":"https:\/\/www.manaus.am.gov.br\/seminf\/coroado-manutencao-asfaltica\/","name":"Prefeitura de Manaus leva melhorias para o bairro Coroado com o servi\u00e7o de manuten\u00e7\u00e3o asf\u00e1ltica","isPartOf":{"@id":"https:\/\/www.manaus.am.gov.br\/seminf\/#website"},"primaryImageOfPage":{"@id":"https:\/\/www.manaus.am.gov.br\/seminf\/coroado-manutencao-asfaltica\/#primaryimage"},"image":{"@id":"https:\/\/www.manaus.am.gov.br\/seminf\/coroado-manutencao-asfaltica\/#primaryimage"},"thumbnailUrl":"https:\/\/www.manaus.am.gov.br\/seminf\/wp-content\/uploads\/sites\/6\/2026\/01\/WhatsApp-Image-2026-01-20-at-15.13.52-1.jpeg","datePublished":"2026-01-20T21:20:46+00:00","dateModified":"2026-02-05T15:07:49+00:00","author":{"@id":"https:\/\/www.manaus.am.gov.br\/seminf\/#\/schema\/person\/05d223aea2bf115f9883a6ff3683d81b"},"description":"Prefeitura de Manaus, por meio da Seminf, leva melhorias para o bairro Coroado com o servi\u00e7o de manuten\u00e7\u00e3o asf\u00e1ltica.","inLanguage":"pt-BR","potentialAction":[{"@type":"ReadAction","target":["https:\/\/www.manaus.am.gov.br\/seminf\/coroado-manutencao-asfaltica\/"]}]},{"@type":"ImageObject","inLanguage":"pt-BR","@id":"https:\/\/www.manaus.am.gov.br\/seminf\/coroado-manutencao-asfaltica\/#primaryimage","url":"https:\/\/www.manaus.am.gov.br\/seminf\/wp-content\/uploads\/sites\/6\/2026\/01\/WhatsApp-Image-2026-01-20-at-15.13.52-1.jpeg","contentUrl":"https:\/\/www.manaus.am.gov.br\/seminf\/wp-content\/uploads\/sites\/6\/2026\/01\/WhatsApp-Image-2026-01-20-at-15.13.52-1.jpeg","width":1600,"height":1200,"caption":"#paratodosverem - Equipe da Seminf realizando os servi\u00e7os de manuten\u00e7\u00e3o asf\u00e1ltica na rua Urucam, no bairro Coroado"},{"@type":"WebSite","@id":"https:\/\/www.manaus.am.gov.br\/seminf\/#website","url":"https:\/\/www.manaus.am.gov.br\/seminf\/","name":"Secretaria de Infraestrutura","description":"Secretaria Municipal de Infraestrutura","potentialAction":[{"@type":"SearchAction","target":{"@type":"EntryPoint","urlTemplate":"https:\/\/www.manaus.am.gov.br\/seminf\/?s={search_term_string}"},"query-input":"required name=search_term_string"}],"inLanguage":"pt-BR"},{"@type":"Person","@id":"https:\/\/www.manaus.am.gov.br\/seminf\/#\/schema\/person\/05d223aea2bf115f9883a6ff3683d81b","name":"Bruna Greco","image":{"@type":"ImageObject","inLanguage":"pt-BR","@id":"https:\/\/www.manaus.am.gov.br\/seminf\/#\/schema\/person\/image\/","url":"https:\/\/secure.gravatar.com\/avatar\/9c877d1a6adc2a055330e5c09a8653ce?s=96&d=mm&r=g","contentUrl":"https:\/\/secure.gravatar.com\/avatar\/9c877d1a6adc2a055330e5c09a8653ce?s=96&d=mm&r=g","caption":"Bruna Greco"}}]}},"_links":{"self":[{"href":"https:\/\/www.manaus.am.gov.br\/seminf\/wp-json\/wp\/v2\/posts\/8214"}],"collection":[{"href":"https:\/\/www.manaus.am.gov.br\/seminf\/wp-json\/wp\/v2\/posts"}],"about":[{"href":"https:\/\/www.manaus.am.gov.br\/seminf\/wp-json\/wp\/v2\/types\/post"}],"author":[{"embeddable":true,"href":"https:\/\/www.manaus.am.gov.br\/seminf\/wp-json\/wp\/v2\/users\/39"}],"replies":[{"embeddable":true,"href":"https:\/\/www.manaus.am.gov.br\/seminf\/wp-json\/wp\/v2\/comments?post=8214"}],"version-history":[{"count":3,"href":"https:\/\/www.manaus.am.gov.br\/seminf\/wp-json\/wp\/v2\/posts\/8214\/revisions"}],"predecessor-version":[{"id":8416,"href":"https:\/\/www.manaus.am.gov.br\/seminf\/wp-json\/wp\/v2\/posts\/8214\/revisions\/8416"}],"wp:featuredmedia":[{"embeddable":true,"href":"https:\/\/www.manaus.am.gov.br\/seminf\/wp-json\/wp\/v2\/media\/8215"}],"wp:attachment":[{"href":"https:\/\/www.manaus.am.gov.br\/seminf\/wp-json\/wp\/v2\/media?parent=8214"}],"wp:term":[{"taxonomy":"category","embeddable":true,"href":"https:\/\/www.manaus.am.gov.br\/seminf\/wp-json\/wp\/v2\/categories?post=8214"},{"taxonomy":"post_tag","embeddable":true,"href":"https:\/\/www.manaus.am.gov.br\/seminf\/wp-json\/wp\/v2\/tags?post=8214"}],"curies":[{"name":"wp","href":"https:\/\/api.w.org\/{rel}","templated":true}]}}