{"id":8212,"date":"2026-01-20T16:09:34","date_gmt":"2026-01-20T20:09:34","guid":{"rendered":"https:\/\/www.manaus.am.gov.br\/seminf\/obra-de-manutencao-asfaltica\/"},"modified":"2026-01-28T11:49:17","modified_gmt":"2026-01-28T15:49:17","slug":"obra-de-manutencao-asfaltica","status":"publish","type":"post","link":"https:\/\/www.manaus.am.gov.br\/seminf\/obra-de-manutencao-asfaltica\/","title":{"rendered":"Prefeitura de Manaus refor\u00e7a mobilidade no bairro Flores com obra de manuten\u00e7\u00e3o asf\u00e1ltica na avenida Nilton Lins"},"content":{"rendered":"\n<p>A<a href=\"https:\/\/www.instagram.com\/prefeiturademanaus\/\"> Prefeitura de Manaus, <\/a>por meio da<a href=\"https:\/\/www.manaus.am.gov.br\/\"> Secretaria Municipal de Infraestrutura (Seminf)<\/a>, realizou, nesta ter\u00e7a-feira, 20\/1, uma importante obra de manuten\u00e7\u00e3o asf\u00e1ltica na avenida Professor Nilton Lins, no bairro Flores, zona Centro-Sul da capital. A interven\u00e7\u00e3o garantiu mais seguran\u00e7a, conforto e fluidez ao tr\u00e1fego em um dos principais corredores vi\u00e1rios da regi\u00e3o.<\/p>\n\n\n\n<p>A via apresentava trechos desgastados pelo tempo e pelo intenso fluxo de ve\u00edculos, o que exigiu uma a\u00e7\u00e3o r\u00e1pida e eficiente para refor\u00e7ar a estrutura do pavimento e melhorar as condi\u00e7\u00f5es de circula\u00e7\u00e3o. A obra integra o cronograma cont\u00ednuo de recupera\u00e7\u00e3o vi\u00e1ria executado pela prefeitura em todas as zonas da cidade.<\/p>\n\n\n\n<p>Os servi\u00e7os come\u00e7aram com a prepara\u00e7\u00e3o do solo nos pontos deteriorados, incluindo a aplica\u00e7\u00e3o de emuls\u00e3o asf\u00e1ltica. Em seguida, as equipes realizaram o lan\u00e7amento e a modelagem da massa asf\u00e1ltica, finalizando com a compacta\u00e7\u00e3o do pavimento por meio de rolo compressor, garantindo maior durabilidade ao servi\u00e7o executado.<\/p>\n\n\n\n<p>O vice-prefeito e secret\u00e1rio de Obras, Renato Junior, ressaltou o compromisso da gest\u00e3o com a manuten\u00e7\u00e3o da infraestrutura urbana e a presen\u00e7a constante das equipes nas ruas da capital. \u201cCuidar da cidade \u00e9 cuidar das pessoas. Essa \u00e9 uma determina\u00e7\u00e3o do prefeito David Almeida, e \u00e9 isso que fazemos todos os dias. Nossas equipes est\u00e3o nas ruas, trabalhando com seriedade e intensidade, para garantir mais seguran\u00e7a, mobilidade e qualidade de vida \u00e0 popula\u00e7\u00e3o. O trabalho da Seminf n\u00e3o para, fa\u00e7a sol ou fa\u00e7a chuva, porque Manaus merece esse cuidado\u201d, destacou Renato Junior.<\/p>\n\n\n\n<p>A Prefeitura de Manaus segue firme no compromisso de atender as demandas da popula\u00e7\u00e3o com agilidade e efici\u00eancia, promovendo melhorias que transformam a mobilidade urbana e fortalecem a infraestrutura da capital.<br><br><\/p>\n\n\n\n<p>\u2014- \u2014- \u2014<br><strong>Texto e fotos &#8211; <\/strong>Maria Amed \/ Seminf<\/p>\n","protected":false},"excerpt":{"rendered":"","protected":false},"author":68,"featured_media":8213,"comment_status":"closed","ping_status":"closed","sticky":false,"template":"","format":"standard","meta":{"footnotes":""},"categories":[6],"tags":[3005,43,26,3006],"acf":[],"yoast_head":"<!-- This site is optimized with the Yoast SEO plugin v23.0 - https:\/\/yoast.com\/wordpress\/plugins\/seo\/ -->\n<title>Prefeitura de Manaus refor\u00e7a mobilidade no bairro Flores<\/title>\n<meta name=\"description\" content=\"A Prefeitura realizou, nesta ter\u00e7a-feira, 20\/1, uma importante obra de manuten\u00e7\u00e3o asf\u00e1ltica na avenida Professor Nilton Lins.\" \/>\n<meta name=\"robots\" content=\"index, follow, max-snippet:-1, max-image-preview:large, max-video-preview:-1\" \/>\n<link rel=\"canonical\" href=\"https:\/\/www.manaus.am.gov.br\/seminf\/obra-de-manutencao-asfaltica\/\" \/>\n<meta property=\"og:locale\" content=\"pt_BR\" \/>\n<meta property=\"og:type\" content=\"article\" \/>\n<meta property=\"og:title\" content=\"Prefeitura de Manaus refor\u00e7a mobilidade no bairro Flores\" \/>\n<meta property=\"og:description\" content=\"A Prefeitura realizou, nesta ter\u00e7a-feira, 20\/1, uma importante obra de manuten\u00e7\u00e3o asf\u00e1ltica na avenida Professor Nilton Lins.\" \/>\n<meta property=\"og:url\" content=\"https:\/\/www.manaus.am.gov.br\/seminf\/obra-de-manutencao-asfaltica\/\" \/>\n<meta property=\"og:site_name\" content=\"SEMINF\" \/>\n<meta property=\"article:published_time\" content=\"2026-01-20T20:09:34+00:00\" \/>\n<meta property=\"article:modified_time\" content=\"2026-01-28T15:49:17+00:00\" \/>\n<meta property=\"og:image\" content=\"https:\/\/www.manaus.am.gov.br\/seminf\/wp-content\/uploads\/sites\/6\/2026\/01\/Prefeitura-de-Manaus-reforca-mobilidade-no-bairro-Flores-com-manutencao-asfaltica-na-avenida-Nilton-Lins-2.jpg\" \/>\n\t<meta property=\"og:image:width\" content=\"1600\" \/>\n\t<meta property=\"og:image:height\" content=\"1200\" \/>\n\t<meta property=\"og:image:type\" content=\"image\/jpeg\" \/>\n<meta name=\"author\" content=\"bvalente\" \/>\n<meta name=\"twitter:card\" content=\"summary_large_image\" \/>\n<meta name=\"twitter:label1\" content=\"Written by\" \/>\n\t<meta name=\"twitter:data1\" content=\"bvalente\" \/>\n\t<meta name=\"twitter:label2\" content=\"Est. reading time\" \/>\n\t<meta name=\"twitter:data2\" content=\"2 minutos\" \/>\n<script type=\"application\/ld+json\" class=\"yoast-schema-graph\">{\"@context\":\"https:\/\/schema.org\",\"@graph\":[{\"@type\":\"WebPage\",\"@id\":\"https:\/\/www.manaus.am.gov.br\/seminf\/obra-de-manutencao-asfaltica\/\",\"url\":\"https:\/\/www.manaus.am.gov.br\/seminf\/obra-de-manutencao-asfaltica\/\",\"name\":\"Prefeitura de Manaus refor\u00e7a mobilidade no bairro Flores\",\"isPartOf\":{\"@id\":\"https:\/\/www.manaus.am.gov.br\/seminf\/#website\"},\"primaryImageOfPage\":{\"@id\":\"https:\/\/www.manaus.am.gov.br\/seminf\/obra-de-manutencao-asfaltica\/#primaryimage\"},\"image\":{\"@id\":\"https:\/\/www.manaus.am.gov.br\/seminf\/obra-de-manutencao-asfaltica\/#primaryimage\"},\"thumbnailUrl\":\"https:\/\/www.manaus.am.gov.br\/seminf\/wp-content\/uploads\/sites\/6\/2026\/01\/Prefeitura-de-Manaus-reforca-mobilidade-no-bairro-Flores-com-manutencao-asfaltica-na-avenida-Nilton-Lins-2.jpg\",\"datePublished\":\"2026-01-20T20:09:34+00:00\",\"dateModified\":\"2026-01-28T15:49:17+00:00\",\"author\":{\"@id\":\"https:\/\/www.manaus.am.gov.br\/seminf\/#\/schema\/person\/466a0e03ae4b6062809046bd560ac955\"},\"description\":\"A Prefeitura realizou, nesta ter\u00e7a-feira, 20\/1, uma importante obra de manuten\u00e7\u00e3o asf\u00e1ltica na avenida Professor Nilton Lins.\",\"inLanguage\":\"pt-BR\",\"potentialAction\":[{\"@type\":\"ReadAction\",\"target\":[\"https:\/\/www.manaus.am.gov.br\/seminf\/obra-de-manutencao-asfaltica\/\"]}]},{\"@type\":\"ImageObject\",\"inLanguage\":\"pt-BR\",\"@id\":\"https:\/\/www.manaus.am.gov.br\/seminf\/obra-de-manutencao-asfaltica\/#primaryimage\",\"url\":\"https:\/\/www.manaus.am.gov.br\/seminf\/wp-content\/uploads\/sites\/6\/2026\/01\/Prefeitura-de-Manaus-reforca-mobilidade-no-bairro-Flores-com-manutencao-asfaltica-na-avenida-Nilton-Lins-2.jpg\",\"contentUrl\":\"https:\/\/www.manaus.am.gov.br\/seminf\/wp-content\/uploads\/sites\/6\/2026\/01\/Prefeitura-de-Manaus-reforca-mobilidade-no-bairro-Flores-com-manutencao-asfaltica-na-avenida-Nilton-Lins-2.jpg\",\"width\":1600,\"height\":1200,\"caption\":\"#paratodosverem - Equipe da Seminf realizando o servi\u00e7o de recupera\u00e7\u00e3o asf\u00e1ltica\"},{\"@type\":\"WebSite\",\"@id\":\"https:\/\/www.manaus.am.gov.br\/seminf\/#website\",\"url\":\"https:\/\/www.manaus.am.gov.br\/seminf\/\",\"name\":\"Secretaria de Infraestrutura\",\"description\":\"Secretaria Municipal de Infraestrutura\",\"potentialAction\":[{\"@type\":\"SearchAction\",\"target\":{\"@type\":\"EntryPoint\",\"urlTemplate\":\"https:\/\/www.manaus.am.gov.br\/seminf\/?s={search_term_string}\"},\"query-input\":\"required name=search_term_string\"}],\"inLanguage\":\"pt-BR\"},{\"@type\":\"Person\",\"@id\":\"https:\/\/www.manaus.am.gov.br\/seminf\/#\/schema\/person\/466a0e03ae4b6062809046bd560ac955\",\"name\":\"bvalente\",\"image\":{\"@type\":\"ImageObject\",\"inLanguage\":\"pt-BR\",\"@id\":\"https:\/\/www.manaus.am.gov.br\/seminf\/#\/schema\/person\/image\/\",\"url\":\"https:\/\/secure.gravatar.com\/avatar\/3e69bc2b014bdad41adfec3a39de07d2?s=96&d=mm&r=g\",\"contentUrl\":\"https:\/\/secure.gravatar.com\/avatar\/3e69bc2b014bdad41adfec3a39de07d2?s=96&d=mm&r=g\",\"caption\":\"bvalente\"}}]}<\/script>\n<!-- \/ Yoast SEO plugin. -->","yoast_head_json":{"title":"Prefeitura de Manaus refor\u00e7a mobilidade no bairro Flores","description":"A Prefeitura realizou, nesta ter\u00e7a-feira, 20\/1, uma importante obra de manuten\u00e7\u00e3o asf\u00e1ltica na avenida Professor Nilton Lins.","robots":{"index":"index","follow":"follow","max-snippet":"max-snippet:-1","max-image-preview":"max-image-preview:large","max-video-preview":"max-video-preview:-1"},"canonical":"https:\/\/www.manaus.am.gov.br\/seminf\/obra-de-manutencao-asfaltica\/","og_locale":"pt_BR","og_type":"article","og_title":"Prefeitura de Manaus refor\u00e7a mobilidade no bairro Flores","og_description":"A Prefeitura realizou, nesta ter\u00e7a-feira, 20\/1, uma importante obra de manuten\u00e7\u00e3o asf\u00e1ltica na avenida Professor Nilton Lins.","og_url":"https:\/\/www.manaus.am.gov.br\/seminf\/obra-de-manutencao-asfaltica\/","og_site_name":"SEMINF","article_published_time":"2026-01-20T20:09:34+00:00","article_modified_time":"2026-01-28T15:49:17+00:00","og_image":[{"width":1600,"height":1200,"url":"https:\/\/www.manaus.am.gov.br\/seminf\/wp-content\/uploads\/sites\/6\/2026\/01\/Prefeitura-de-Manaus-reforca-mobilidade-no-bairro-Flores-com-manutencao-asfaltica-na-avenida-Nilton-Lins-2.jpg","type":"image\/jpeg"}],"author":"bvalente","twitter_card":"summary_large_image","twitter_misc":{"Written by":"bvalente","Est. reading time":"2 minutos"},"schema":{"@context":"https:\/\/schema.org","@graph":[{"@type":"WebPage","@id":"https:\/\/www.manaus.am.gov.br\/seminf\/obra-de-manutencao-asfaltica\/","url":"https:\/\/www.manaus.am.gov.br\/seminf\/obra-de-manutencao-asfaltica\/","name":"Prefeitura de Manaus refor\u00e7a mobilidade no bairro Flores","isPartOf":{"@id":"https:\/\/www.manaus.am.gov.br\/seminf\/#website"},"primaryImageOfPage":{"@id":"https:\/\/www.manaus.am.gov.br\/seminf\/obra-de-manutencao-asfaltica\/#primaryimage"},"image":{"@id":"https:\/\/www.manaus.am.gov.br\/seminf\/obra-de-manutencao-asfaltica\/#primaryimage"},"thumbnailUrl":"https:\/\/www.manaus.am.gov.br\/seminf\/wp-content\/uploads\/sites\/6\/2026\/01\/Prefeitura-de-Manaus-reforca-mobilidade-no-bairro-Flores-com-manutencao-asfaltica-na-avenida-Nilton-Lins-2.jpg","datePublished":"2026-01-20T20:09:34+00:00","dateModified":"2026-01-28T15:49:17+00:00","author":{"@id":"https:\/\/www.manaus.am.gov.br\/seminf\/#\/schema\/person\/466a0e03ae4b6062809046bd560ac955"},"description":"A Prefeitura realizou, nesta ter\u00e7a-feira, 20\/1, uma importante obra de manuten\u00e7\u00e3o asf\u00e1ltica na avenida Professor Nilton Lins.","inLanguage":"pt-BR","potentialAction":[{"@type":"ReadAction","target":["https:\/\/www.manaus.am.gov.br\/seminf\/obra-de-manutencao-asfaltica\/"]}]},{"@type":"ImageObject","inLanguage":"pt-BR","@id":"https:\/\/www.manaus.am.gov.br\/seminf\/obra-de-manutencao-asfaltica\/#primaryimage","url":"https:\/\/www.manaus.am.gov.br\/seminf\/wp-content\/uploads\/sites\/6\/2026\/01\/Prefeitura-de-Manaus-reforca-mobilidade-no-bairro-Flores-com-manutencao-asfaltica-na-avenida-Nilton-Lins-2.jpg","contentUrl":"https:\/\/www.manaus.am.gov.br\/seminf\/wp-content\/uploads\/sites\/6\/2026\/01\/Prefeitura-de-Manaus-reforca-mobilidade-no-bairro-Flores-com-manutencao-asfaltica-na-avenida-Nilton-Lins-2.jpg","width":1600,"height":1200,"caption":"#paratodosverem - Equipe da Seminf realizando o servi\u00e7o de recupera\u00e7\u00e3o asf\u00e1ltica"},{"@type":"WebSite","@id":"https:\/\/www.manaus.am.gov.br\/seminf\/#website","url":"https:\/\/www.manaus.am.gov.br\/seminf\/","name":"Secretaria de Infraestrutura","description":"Secretaria Municipal de Infraestrutura","potentialAction":[{"@type":"SearchAction","target":{"@type":"EntryPoint","urlTemplate":"https:\/\/www.manaus.am.gov.br\/seminf\/?s={search_term_string}"},"query-input":"required name=search_term_string"}],"inLanguage":"pt-BR"},{"@type":"Person","@id":"https:\/\/www.manaus.am.gov.br\/seminf\/#\/schema\/person\/466a0e03ae4b6062809046bd560ac955","name":"bvalente","image":{"@type":"ImageObject","inLanguage":"pt-BR","@id":"https:\/\/www.manaus.am.gov.br\/seminf\/#\/schema\/person\/image\/","url":"https:\/\/secure.gravatar.com\/avatar\/3e69bc2b014bdad41adfec3a39de07d2?s=96&d=mm&r=g","contentUrl":"https:\/\/secure.gravatar.com\/avatar\/3e69bc2b014bdad41adfec3a39de07d2?s=96&d=mm&r=g","caption":"bvalente"}}]}},"_links":{"self":[{"href":"https:\/\/www.manaus.am.gov.br\/seminf\/wp-json\/wp\/v2\/posts\/8212"}],"collection":[{"href":"https:\/\/www.manaus.am.gov.br\/seminf\/wp-json\/wp\/v2\/posts"}],"about":[{"href":"https:\/\/www.manaus.am.gov.br\/seminf\/wp-json\/wp\/v2\/types\/post"}],"author":[{"embeddable":true,"href":"https:\/\/www.manaus.am.gov.br\/seminf\/wp-json\/wp\/v2\/users\/68"}],"replies":[{"embeddable":true,"href":"https:\/\/www.manaus.am.gov.br\/seminf\/wp-json\/wp\/v2\/comments?post=8212"}],"version-history":[{"count":1,"href":"https:\/\/www.manaus.am.gov.br\/seminf\/wp-json\/wp\/v2\/posts\/8212\/revisions"}],"predecessor-version":[{"id":8297,"href":"https:\/\/www.manaus.am.gov.br\/seminf\/wp-json\/wp\/v2\/posts\/8212\/revisions\/8297"}],"wp:featuredmedia":[{"embeddable":true,"href":"https:\/\/www.manaus.am.gov.br\/seminf\/wp-json\/wp\/v2\/media\/8213"}],"wp:attachment":[{"href":"https:\/\/www.manaus.am.gov.br\/seminf\/wp-json\/wp\/v2\/media?parent=8212"}],"wp:term":[{"taxonomy":"category","embeddable":true,"href":"https:\/\/www.manaus.am.gov.br\/seminf\/wp-json\/wp\/v2\/categories?post=8212"},{"taxonomy":"post_tag","embeddable":true,"href":"https:\/\/www.manaus.am.gov.br\/seminf\/wp-json\/wp\/v2\/tags?post=8212"}],"curies":[{"name":"wp","href":"https:\/\/api.w.org\/{rel}","templated":true}]}}