{"id":8200,"date":"2026-01-20T14:38:14","date_gmt":"2026-01-20T18:38:14","guid":{"rendered":"https:\/\/www.manaus.am.gov.br\/seminf\/obra-emergencial-rua-da-prosperidade\/"},"modified":"2026-01-20T14:57:07","modified_gmt":"2026-01-20T18:57:07","slug":"obra-emergencial-rua-da-prosperidade","status":"publish","type":"post","link":"https:\/\/www.manaus.am.gov.br\/seminf\/obra-emergencial-rua-da-prosperidade\/","title":{"rendered":"Prefeitura de Manaus executa obra emergencial e recupera rede de drenagem em via estrat\u00e9gica da zona Centro-Oeste"},"content":{"rendered":"\n<p>A <a href=\"https:\/\/www.manaus.am.gov.br\">Prefeitura de Manaus<\/a>, por meio da Secretaria Municipal de Infraestrutura (Seminf), realizou uma obra emergencial de recupera\u00e7\u00e3o da rede de drenagem profunda na rua da Prosperidade, no bairro Nova Esperan\u00e7a, importante via que interliga as zonas Centro-Oeste e Oeste da capital. A interven\u00e7\u00e3o garantiu o restabelecimento do sistema, comprometido pelo intenso volume das chuvas que deteriorou a antiga tubula\u00e7\u00e3o, devolvendo seguran\u00e7a e trafegabilidade \u00e0 \u00e1rea.<\/p>\n\n\n\n<p>Na noite da \u00faltima segunda-feira, 19\/1, uma grande cavidade se formou na via, indicando o rompimento de um trecho da rede de drenagem. Diante da situa\u00e7\u00e3o, as equipes da Seminf foram acionadas de imediato, iniciando estudos t\u00e9cnicos e levantamentos para identificar a origem do problema e executar a solu\u00e7\u00e3o adequada com rapidez e efici\u00eancia.<\/p>\n\n\n\n<p>De acordo com o vice-prefeito e secret\u00e1rio de Obras, Renato Junior, a gest\u00e3o mant\u00e9m atua\u00e7\u00e3o permanente nas ruas da cidade, priorizando respostas r\u00e1pidas \u00e0s demandas da popula\u00e7\u00e3o.<\/p>\n\n\n\n<p>\u201cPor determina\u00e7\u00e3o do prefeito David Almeida, nossas equipes est\u00e3o todos os dias nas ruas de Manaus, trabalhando de forma simult\u00e2nea em diversas zonas da cidade. Atuamos com responsabilidade, t\u00e9cnica e agilidade para garantir seguran\u00e7a, qualidade de vida e dignidade ao povo manauara. \u00c9 assim que seguimos avan\u00e7ando e cuidando da nossa cidade\u201d, destacou Renato Junior.<\/p>\n\n\n\n<p>A obra emergencial contou com manuten\u00e7\u00e3o completa do sistema de drenagem profunda, utilizando o processo de anelamento, al\u00e9m de materiais e equipamentos especializados, garantindo maior durabilidade e efici\u00eancia \u00e0 estrutura recuperada.<\/p>\n\n\n\n<p>A agilidade no atendimento foi reconhecida por moradores e trabalhadores da regi\u00e3o. O lavador de carros Ayrton Soares, de 21 anos, elogiou a pronta resposta da prefeitura. \u201cO servi\u00e7o foi r\u00e1pido. Ontem o trecho da rua cedeu e hoje as equipes j\u00e1 est\u00e3o aqui resolvendo. Isso faz muita diferen\u00e7a para quem trabalha e mora aqui. Est\u00e1 aprovado\u201d, afirmou.<\/p>\n\n\n\n<p>Toda a \u00e1rea da interven\u00e7\u00e3o permanece devidamente isolada e sinalizada. As equipes do Instituto Municipal de Mobilidade Urbana (IMMU) atuam em conjunto com a Seminf para garantir a seguran\u00e7a vi\u00e1ria e a fluidez do tr\u00e2nsito durante a execu\u00e7\u00e3o dos servi\u00e7os.<\/p>\n\n\n\n<p>Com a\u00e7\u00f5es r\u00e1pidas e efetivas, a Prefeitura de Manaus segue avan\u00e7ando em obras de infraestrutura que promovem seguran\u00e7a, mobilidade e qualidade de vida para a popula\u00e7\u00e3o.<\/p>\n\n\n\n<figure class=\"wp-block-image size-full\"><img loading=\"lazy\" decoding=\"async\" width=\"636\" height=\"468\" src=\"https:\/\/www.manaus.am.gov.br\/seminf\/wp-content\/uploads\/sites\/6\/2026\/01\/WhatsApp-Image-2026-01-20-at-14.20.54.jpeg\" alt=\"\" class=\"wp-image-8201\" srcset=\"https:\/\/www.manaus.am.gov.br\/seminf\/wp-content\/uploads\/sites\/6\/2026\/01\/WhatsApp-Image-2026-01-20-at-14.20.54.jpeg 636w, https:\/\/www.manaus.am.gov.br\/seminf\/wp-content\/uploads\/sites\/6\/2026\/01\/WhatsApp-Image-2026-01-20-at-14.20.54-300x221.jpeg 300w\" sizes=\"(max-width: 636px) 100vw, 636px\" \/><figcaption class=\"wp-element-caption\">#paratodosverem &#8211; Servi\u00e7o de recupera\u00e7\u00e3o de drenagem<\/figcaption><\/figure>\n\n\n\n<p>&#8212; &#8212; &#8212;<\/p>\n\n\n\n<p><strong>Texto<\/strong> &#8211; Maria Amed\/Seminf<\/p>\n\n\n\n<p><strong>Fotos <\/strong>&#8211; Sayanne Monteiro\/Seminf<\/p>\n","protected":false},"excerpt":{"rendered":"","protected":false},"author":39,"featured_media":8202,"comment_status":"closed","ping_status":"closed","sticky":false,"template":"","format":"standard","meta":{"footnotes":""},"categories":[221],"tags":[725,121,43,633,3002,26],"acf":[],"yoast_head":"<!-- This site is optimized with the Yoast SEO plugin v23.0 - https:\/\/yoast.com\/wordpress\/plugins\/seo\/ -->\n<title>Prefeitura de Manaus executa obra emergencial e recupera rede de drenagem em via estrat\u00e9gica da zona Centro-Oeste<\/title>\n<meta name=\"description\" content=\"Prefeitura de Manaus executa obra emergencial e recupera rede de drenagem em via estrat\u00e9gica da zona Centro-Oeste.\" \/>\n<meta name=\"robots\" content=\"index, follow, max-snippet:-1, max-image-preview:large, max-video-preview:-1\" \/>\n<link rel=\"canonical\" href=\"https:\/\/www.manaus.am.gov.br\/seminf\/obra-emergencial-rua-da-prosperidade\/\" \/>\n<meta property=\"og:locale\" content=\"pt_BR\" \/>\n<meta property=\"og:type\" content=\"article\" \/>\n<meta property=\"og:title\" content=\"Prefeitura de Manaus executa obra emergencial e recupera rede de drenagem em via estrat\u00e9gica da zona Centro-Oeste\" \/>\n<meta property=\"og:description\" content=\"Prefeitura de Manaus executa obra emergencial e recupera rede de drenagem em via estrat\u00e9gica da zona Centro-Oeste.\" \/>\n<meta property=\"og:url\" content=\"https:\/\/www.manaus.am.gov.br\/seminf\/obra-emergencial-rua-da-prosperidade\/\" \/>\n<meta property=\"og:site_name\" content=\"SEMINF\" \/>\n<meta property=\"article:published_time\" content=\"2026-01-20T18:38:14+00:00\" \/>\n<meta property=\"article:modified_time\" content=\"2026-01-20T18:57:07+00:00\" \/>\n<meta property=\"og:image\" content=\"https:\/\/www.manaus.am.gov.br\/seminf\/wp-content\/uploads\/sites\/6\/2026\/01\/WhatsApp-Image-2026-01-20-at-14.20.09.jpeg\" \/>\n\t<meta property=\"og:image:width\" content=\"645\" \/>\n\t<meta property=\"og:image:height\" content=\"484\" \/>\n\t<meta property=\"og:image:type\" content=\"image\/jpeg\" \/>\n<meta name=\"author\" content=\"Bruna Greco\" \/>\n<meta name=\"twitter:card\" content=\"summary_large_image\" \/>\n<meta name=\"twitter:label1\" content=\"Written by\" \/>\n\t<meta name=\"twitter:data1\" content=\"Bruna Greco\" \/>\n\t<meta name=\"twitter:label2\" content=\"Est. reading time\" \/>\n\t<meta name=\"twitter:data2\" content=\"3 minutos\" \/>\n<script type=\"application\/ld+json\" class=\"yoast-schema-graph\">{\"@context\":\"https:\/\/schema.org\",\"@graph\":[{\"@type\":\"WebPage\",\"@id\":\"https:\/\/www.manaus.am.gov.br\/seminf\/obra-emergencial-rua-da-prosperidade\/\",\"url\":\"https:\/\/www.manaus.am.gov.br\/seminf\/obra-emergencial-rua-da-prosperidade\/\",\"name\":\"Prefeitura de Manaus executa obra emergencial e recupera rede de drenagem em via estrat\u00e9gica da zona Centro-Oeste\",\"isPartOf\":{\"@id\":\"https:\/\/www.manaus.am.gov.br\/seminf\/#website\"},\"primaryImageOfPage\":{\"@id\":\"https:\/\/www.manaus.am.gov.br\/seminf\/obra-emergencial-rua-da-prosperidade\/#primaryimage\"},\"image\":{\"@id\":\"https:\/\/www.manaus.am.gov.br\/seminf\/obra-emergencial-rua-da-prosperidade\/#primaryimage\"},\"thumbnailUrl\":\"https:\/\/www.manaus.am.gov.br\/seminf\/wp-content\/uploads\/sites\/6\/2026\/01\/WhatsApp-Image-2026-01-20-at-14.20.09.jpeg\",\"datePublished\":\"2026-01-20T18:38:14+00:00\",\"dateModified\":\"2026-01-20T18:57:07+00:00\",\"author\":{\"@id\":\"https:\/\/www.manaus.am.gov.br\/seminf\/#\/schema\/person\/05d223aea2bf115f9883a6ff3683d81b\"},\"description\":\"Prefeitura de Manaus executa obra emergencial e recupera rede de drenagem em via estrat\u00e9gica da zona Centro-Oeste.\",\"inLanguage\":\"pt-BR\",\"potentialAction\":[{\"@type\":\"ReadAction\",\"target\":[\"https:\/\/www.manaus.am.gov.br\/seminf\/obra-emergencial-rua-da-prosperidade\/\"]}]},{\"@type\":\"ImageObject\",\"inLanguage\":\"pt-BR\",\"@id\":\"https:\/\/www.manaus.am.gov.br\/seminf\/obra-emergencial-rua-da-prosperidade\/#primaryimage\",\"url\":\"https:\/\/www.manaus.am.gov.br\/seminf\/wp-content\/uploads\/sites\/6\/2026\/01\/WhatsApp-Image-2026-01-20-at-14.20.09.jpeg\",\"contentUrl\":\"https:\/\/www.manaus.am.gov.br\/seminf\/wp-content\/uploads\/sites\/6\/2026\/01\/WhatsApp-Image-2026-01-20-at-14.20.09.jpeg\",\"width\":645,\"height\":484,\"caption\":\"#paratodosverem - Equipe da Seminf realizando a recupera\u00e7\u00e3o de rede de drenagem na rua da Prosperidade, no bairro Nova Esperan\u00e7a\"},{\"@type\":\"WebSite\",\"@id\":\"https:\/\/www.manaus.am.gov.br\/seminf\/#website\",\"url\":\"https:\/\/www.manaus.am.gov.br\/seminf\/\",\"name\":\"Secretaria de Infraestrutura\",\"description\":\"Secretaria Municipal de Infraestrutura\",\"potentialAction\":[{\"@type\":\"SearchAction\",\"target\":{\"@type\":\"EntryPoint\",\"urlTemplate\":\"https:\/\/www.manaus.am.gov.br\/seminf\/?s={search_term_string}\"},\"query-input\":\"required name=search_term_string\"}],\"inLanguage\":\"pt-BR\"},{\"@type\":\"Person\",\"@id\":\"https:\/\/www.manaus.am.gov.br\/seminf\/#\/schema\/person\/05d223aea2bf115f9883a6ff3683d81b\",\"name\":\"Bruna Greco\",\"image\":{\"@type\":\"ImageObject\",\"inLanguage\":\"pt-BR\",\"@id\":\"https:\/\/www.manaus.am.gov.br\/seminf\/#\/schema\/person\/image\/\",\"url\":\"https:\/\/secure.gravatar.com\/avatar\/9c877d1a6adc2a055330e5c09a8653ce?s=96&d=mm&r=g\",\"contentUrl\":\"https:\/\/secure.gravatar.com\/avatar\/9c877d1a6adc2a055330e5c09a8653ce?s=96&d=mm&r=g\",\"caption\":\"Bruna Greco\"}}]}<\/script>\n<!-- \/ Yoast SEO plugin. -->","yoast_head_json":{"title":"Prefeitura de Manaus executa obra emergencial e recupera rede de drenagem em via estrat\u00e9gica da zona Centro-Oeste","description":"Prefeitura de Manaus executa obra emergencial e recupera rede de drenagem em via estrat\u00e9gica da zona Centro-Oeste.","robots":{"index":"index","follow":"follow","max-snippet":"max-snippet:-1","max-image-preview":"max-image-preview:large","max-video-preview":"max-video-preview:-1"},"canonical":"https:\/\/www.manaus.am.gov.br\/seminf\/obra-emergencial-rua-da-prosperidade\/","og_locale":"pt_BR","og_type":"article","og_title":"Prefeitura de Manaus executa obra emergencial e recupera rede de drenagem em via estrat\u00e9gica da zona Centro-Oeste","og_description":"Prefeitura de Manaus executa obra emergencial e recupera rede de drenagem em via estrat\u00e9gica da zona Centro-Oeste.","og_url":"https:\/\/www.manaus.am.gov.br\/seminf\/obra-emergencial-rua-da-prosperidade\/","og_site_name":"SEMINF","article_published_time":"2026-01-20T18:38:14+00:00","article_modified_time":"2026-01-20T18:57:07+00:00","og_image":[{"width":645,"height":484,"url":"https:\/\/www.manaus.am.gov.br\/seminf\/wp-content\/uploads\/sites\/6\/2026\/01\/WhatsApp-Image-2026-01-20-at-14.20.09.jpeg","type":"image\/jpeg"}],"author":"Bruna Greco","twitter_card":"summary_large_image","twitter_misc":{"Written by":"Bruna Greco","Est. reading time":"3 minutos"},"schema":{"@context":"https:\/\/schema.org","@graph":[{"@type":"WebPage","@id":"https:\/\/www.manaus.am.gov.br\/seminf\/obra-emergencial-rua-da-prosperidade\/","url":"https:\/\/www.manaus.am.gov.br\/seminf\/obra-emergencial-rua-da-prosperidade\/","name":"Prefeitura de Manaus executa obra emergencial e recupera rede de drenagem em via estrat\u00e9gica da zona Centro-Oeste","isPartOf":{"@id":"https:\/\/www.manaus.am.gov.br\/seminf\/#website"},"primaryImageOfPage":{"@id":"https:\/\/www.manaus.am.gov.br\/seminf\/obra-emergencial-rua-da-prosperidade\/#primaryimage"},"image":{"@id":"https:\/\/www.manaus.am.gov.br\/seminf\/obra-emergencial-rua-da-prosperidade\/#primaryimage"},"thumbnailUrl":"https:\/\/www.manaus.am.gov.br\/seminf\/wp-content\/uploads\/sites\/6\/2026\/01\/WhatsApp-Image-2026-01-20-at-14.20.09.jpeg","datePublished":"2026-01-20T18:38:14+00:00","dateModified":"2026-01-20T18:57:07+00:00","author":{"@id":"https:\/\/www.manaus.am.gov.br\/seminf\/#\/schema\/person\/05d223aea2bf115f9883a6ff3683d81b"},"description":"Prefeitura de Manaus executa obra emergencial e recupera rede de drenagem em via estrat\u00e9gica da zona Centro-Oeste.","inLanguage":"pt-BR","potentialAction":[{"@type":"ReadAction","target":["https:\/\/www.manaus.am.gov.br\/seminf\/obra-emergencial-rua-da-prosperidade\/"]}]},{"@type":"ImageObject","inLanguage":"pt-BR","@id":"https:\/\/www.manaus.am.gov.br\/seminf\/obra-emergencial-rua-da-prosperidade\/#primaryimage","url":"https:\/\/www.manaus.am.gov.br\/seminf\/wp-content\/uploads\/sites\/6\/2026\/01\/WhatsApp-Image-2026-01-20-at-14.20.09.jpeg","contentUrl":"https:\/\/www.manaus.am.gov.br\/seminf\/wp-content\/uploads\/sites\/6\/2026\/01\/WhatsApp-Image-2026-01-20-at-14.20.09.jpeg","width":645,"height":484,"caption":"#paratodosverem - Equipe da Seminf realizando a recupera\u00e7\u00e3o de rede de drenagem na rua da Prosperidade, no bairro Nova Esperan\u00e7a"},{"@type":"WebSite","@id":"https:\/\/www.manaus.am.gov.br\/seminf\/#website","url":"https:\/\/www.manaus.am.gov.br\/seminf\/","name":"Secretaria de Infraestrutura","description":"Secretaria Municipal de Infraestrutura","potentialAction":[{"@type":"SearchAction","target":{"@type":"EntryPoint","urlTemplate":"https:\/\/www.manaus.am.gov.br\/seminf\/?s={search_term_string}"},"query-input":"required name=search_term_string"}],"inLanguage":"pt-BR"},{"@type":"Person","@id":"https:\/\/www.manaus.am.gov.br\/seminf\/#\/schema\/person\/05d223aea2bf115f9883a6ff3683d81b","name":"Bruna Greco","image":{"@type":"ImageObject","inLanguage":"pt-BR","@id":"https:\/\/www.manaus.am.gov.br\/seminf\/#\/schema\/person\/image\/","url":"https:\/\/secure.gravatar.com\/avatar\/9c877d1a6adc2a055330e5c09a8653ce?s=96&d=mm&r=g","contentUrl":"https:\/\/secure.gravatar.com\/avatar\/9c877d1a6adc2a055330e5c09a8653ce?s=96&d=mm&r=g","caption":"Bruna Greco"}}]}},"_links":{"self":[{"href":"https:\/\/www.manaus.am.gov.br\/seminf\/wp-json\/wp\/v2\/posts\/8200"}],"collection":[{"href":"https:\/\/www.manaus.am.gov.br\/seminf\/wp-json\/wp\/v2\/posts"}],"about":[{"href":"https:\/\/www.manaus.am.gov.br\/seminf\/wp-json\/wp\/v2\/types\/post"}],"author":[{"embeddable":true,"href":"https:\/\/www.manaus.am.gov.br\/seminf\/wp-json\/wp\/v2\/users\/39"}],"replies":[{"embeddable":true,"href":"https:\/\/www.manaus.am.gov.br\/seminf\/wp-json\/wp\/v2\/comments?post=8200"}],"version-history":[{"count":3,"href":"https:\/\/www.manaus.am.gov.br\/seminf\/wp-json\/wp\/v2\/posts\/8200\/revisions"}],"predecessor-version":[{"id":8209,"href":"https:\/\/www.manaus.am.gov.br\/seminf\/wp-json\/wp\/v2\/posts\/8200\/revisions\/8209"}],"wp:featuredmedia":[{"embeddable":true,"href":"https:\/\/www.manaus.am.gov.br\/seminf\/wp-json\/wp\/v2\/media\/8202"}],"wp:attachment":[{"href":"https:\/\/www.manaus.am.gov.br\/seminf\/wp-json\/wp\/v2\/media?parent=8200"}],"wp:term":[{"taxonomy":"category","embeddable":true,"href":"https:\/\/www.manaus.am.gov.br\/seminf\/wp-json\/wp\/v2\/categories?post=8200"},{"taxonomy":"post_tag","embeddable":true,"href":"https:\/\/www.manaus.am.gov.br\/seminf\/wp-json\/wp\/v2\/tags?post=8200"}],"curies":[{"name":"wp","href":"https:\/\/api.w.org\/{rel}","templated":true}]}}