{"id":8194,"date":"2026-01-19T20:15:32","date_gmt":"2026-01-20T00:15:32","guid":{"rendered":"https:\/\/www.manaus.am.gov.br\/seminf\/recuperacao-asfaltica-bairro-coroado\/"},"modified":"2026-01-20T09:21:05","modified_gmt":"2026-01-20T13:21:05","slug":"recuperacao-asfaltica-bairro-coroado","status":"publish","type":"post","link":"https:\/\/www.manaus.am.gov.br\/seminf\/recuperacao-asfaltica-bairro-coroado\/","title":{"rendered":"Prefeitura de Manaus leva obras de recupera\u00e7\u00e3o asf\u00e1ltica ao bairro Coroado\u00a0"},"content":{"rendered":"\n<p>A <a href=\"https:\/\/www.manaus.am.gov.br\/\">Prefeitura de Manaus<\/a>, por meio da Secretaria Municipal de Infraestrutura (Seminf), deu continuidade, nesta segunda-feira, 19\/1, \u00e0s obras de recupera\u00e7\u00e3o de vias na zona Leste. As equipes atuaram nas ruas Ouro Preto e Cristo Rei, no bairro Coroado, aplicando novas camadas de massa asf\u00e1ltica que preencheram os trechos deteriorados das vias, devolvendo qualidade de vida aos moradores da \u00e1rea.<\/p>\n\n\n\n<p>O vice-prefeito e secret\u00e1rio de Obras, Renato Junior, reafirmou o compromisso com a entrega de obras de qualidade para a popula\u00e7\u00e3o.<\/p>\n\n\n\n<p>\u201cEstamos trabalhando de forma intensiva, conforme a determina\u00e7\u00e3o do prefeito David Almeida, com um grande volume de servi\u00e7os executados simultaneamente por diferentes zonas da cidade. As equipes est\u00e3o presentes diariamente, atendendo as demandas da popula\u00e7\u00e3o e levando melhorias reais para as ruas e avenidas. Esse cuidado com cada regi\u00e3o de Manaus reflete o compromisso da nossa gest\u00e3o com o bem-estar e a qualidade de vida das pessoas\u201d, destacou Renato Junior.<\/p>\n\n\n\n<p>As ruas receberam os servi\u00e7os de recupera\u00e7\u00e3o asf\u00e1ltica nos trechos mais desgastados. O fluxo de ve\u00edculos pesados, associado ao intenso volume de \u00e1guas das chuvas, causou a deteriora\u00e7\u00e3o de alguns pontos, que agora foram completamente recuperados.&nbsp;<\/p>\n\n\n\n<p>A realidade mudou, e os moradores e trabalhadores aprovaram a iniciativa da prefeitura, como afirmou o mec\u00e2nico Rosildo Mendes, 52 anos. \u201cSou nascido e criado no Coroado, e hoje trabalho aqui e estou vendo essa obra. Eu quero muito agradecer \u00e0<a href=\"https:\/\/www.instagram.com\/prefeiturademanaus\/\"> Prefeitura de Manaus <\/a>e \u00e0 Seminf pelo grande trabalho aqui nas ruas de Manaus, e aqui em nosso bairro Coroado, muito obrigado a todos que est\u00e3o nos dando essa for\u00e7a\u201d.<\/p>\n\n\n\n<p>A Prefeitura de Manaus segue com obras transformadoras em diversas \u00e1reas da cidade, avan\u00e7ando em revitaliza\u00e7\u00f5es que realmente fazem a diferen\u00e7a na vida das pessoas.<\/p>\n\n\n\n<p>\u2014- \u2014- \u2014-<br><strong>Texto &#8211;<\/strong> Maria Amed\/ Seminf<\/p>\n\n\n\n<p><strong>Fotos &#8211; <\/strong>M\u00e1rcio Melo\/ Seminf<\/p>\n","protected":false},"excerpt":{"rendered":"","protected":false},"author":68,"featured_media":8195,"comment_status":"closed","ping_status":"closed","sticky":false,"template":"","format":"standard","meta":{"footnotes":""},"categories":[6],"tags":[43,3001,26],"acf":[],"yoast_head":"<!-- This site is optimized with the Yoast SEO plugin v23.0 - https:\/\/yoast.com\/wordpress\/plugins\/seo\/ -->\n<title>Prefeitura leva recupera\u00e7\u00e3o asf\u00e1ltica ao bairro Coroado<\/title>\n<meta name=\"description\" content=\"A Prefeitura de Manaus deu continuidade, nesta segunda-feira, 19\/1, \u00e0s obras de recupera\u00e7\u00e3o de vias na zona Leste.\" \/>\n<meta name=\"robots\" content=\"index, follow, max-snippet:-1, max-image-preview:large, max-video-preview:-1\" \/>\n<link rel=\"canonical\" href=\"https:\/\/www.manaus.am.gov.br\/seminf\/recuperacao-asfaltica-bairro-coroado\/\" \/>\n<meta property=\"og:locale\" content=\"pt_BR\" \/>\n<meta property=\"og:type\" content=\"article\" \/>\n<meta property=\"og:title\" content=\"Prefeitura leva recupera\u00e7\u00e3o asf\u00e1ltica ao bairro Coroado\" \/>\n<meta property=\"og:description\" content=\"A Prefeitura de Manaus deu continuidade, nesta segunda-feira, 19\/1, \u00e0s obras de recupera\u00e7\u00e3o de vias na zona Leste.\" \/>\n<meta property=\"og:url\" content=\"https:\/\/www.manaus.am.gov.br\/seminf\/recuperacao-asfaltica-bairro-coroado\/\" \/>\n<meta property=\"og:site_name\" content=\"SEMINF\" \/>\n<meta property=\"article:published_time\" content=\"2026-01-20T00:15:32+00:00\" \/>\n<meta property=\"article:modified_time\" content=\"2026-01-20T13:21:05+00:00\" \/>\n<meta property=\"og:image\" content=\"https:\/\/www.manaus.am.gov.br\/seminf\/wp-content\/uploads\/sites\/6\/2026\/01\/Prefeitura-de-Manaus-alavanca-obras-de-recuperacao-asfaltica-no-bairro-Coroado-.jpg\" \/>\n\t<meta property=\"og:image:width\" content=\"1600\" \/>\n\t<meta property=\"og:image:height\" content=\"1067\" \/>\n\t<meta property=\"og:image:type\" content=\"image\/jpeg\" \/>\n<meta name=\"author\" content=\"bvalente\" \/>\n<meta name=\"twitter:card\" content=\"summary_large_image\" \/>\n<meta name=\"twitter:label1\" content=\"Written by\" \/>\n\t<meta name=\"twitter:data1\" content=\"bvalente\" \/>\n\t<meta name=\"twitter:label2\" content=\"Est. reading time\" \/>\n\t<meta name=\"twitter:data2\" content=\"2 minutos\" \/>\n<script type=\"application\/ld+json\" class=\"yoast-schema-graph\">{\"@context\":\"https:\/\/schema.org\",\"@graph\":[{\"@type\":\"WebPage\",\"@id\":\"https:\/\/www.manaus.am.gov.br\/seminf\/recuperacao-asfaltica-bairro-coroado\/\",\"url\":\"https:\/\/www.manaus.am.gov.br\/seminf\/recuperacao-asfaltica-bairro-coroado\/\",\"name\":\"Prefeitura leva recupera\u00e7\u00e3o asf\u00e1ltica ao bairro Coroado\",\"isPartOf\":{\"@id\":\"https:\/\/www.manaus.am.gov.br\/seminf\/#website\"},\"primaryImageOfPage\":{\"@id\":\"https:\/\/www.manaus.am.gov.br\/seminf\/recuperacao-asfaltica-bairro-coroado\/#primaryimage\"},\"image\":{\"@id\":\"https:\/\/www.manaus.am.gov.br\/seminf\/recuperacao-asfaltica-bairro-coroado\/#primaryimage\"},\"thumbnailUrl\":\"https:\/\/www.manaus.am.gov.br\/seminf\/wp-content\/uploads\/sites\/6\/2026\/01\/Prefeitura-de-Manaus-alavanca-obras-de-recuperacao-asfaltica-no-bairro-Coroado-.jpg\",\"datePublished\":\"2026-01-20T00:15:32+00:00\",\"dateModified\":\"2026-01-20T13:21:05+00:00\",\"author\":{\"@id\":\"https:\/\/www.manaus.am.gov.br\/seminf\/#\/schema\/person\/466a0e03ae4b6062809046bd560ac955\"},\"description\":\"A Prefeitura de Manaus deu continuidade, nesta segunda-feira, 19\/1, \u00e0s obras de recupera\u00e7\u00e3o de vias na zona Leste.\",\"inLanguage\":\"pt-BR\",\"potentialAction\":[{\"@type\":\"ReadAction\",\"target\":[\"https:\/\/www.manaus.am.gov.br\/seminf\/recuperacao-asfaltica-bairro-coroado\/\"]}]},{\"@type\":\"ImageObject\",\"inLanguage\":\"pt-BR\",\"@id\":\"https:\/\/www.manaus.am.gov.br\/seminf\/recuperacao-asfaltica-bairro-coroado\/#primaryimage\",\"url\":\"https:\/\/www.manaus.am.gov.br\/seminf\/wp-content\/uploads\/sites\/6\/2026\/01\/Prefeitura-de-Manaus-alavanca-obras-de-recuperacao-asfaltica-no-bairro-Coroado-.jpg\",\"contentUrl\":\"https:\/\/www.manaus.am.gov.br\/seminf\/wp-content\/uploads\/sites\/6\/2026\/01\/Prefeitura-de-Manaus-alavanca-obras-de-recuperacao-asfaltica-no-bairro-Coroado-.jpg\",\"width\":1600,\"height\":1067,\"caption\":\"#paratodosverem - Servidores da Seminf aplicando asfalto novo em via\"},{\"@type\":\"WebSite\",\"@id\":\"https:\/\/www.manaus.am.gov.br\/seminf\/#website\",\"url\":\"https:\/\/www.manaus.am.gov.br\/seminf\/\",\"name\":\"Secretaria de Infraestrutura\",\"description\":\"Secretaria Municipal de Infraestrutura\",\"potentialAction\":[{\"@type\":\"SearchAction\",\"target\":{\"@type\":\"EntryPoint\",\"urlTemplate\":\"https:\/\/www.manaus.am.gov.br\/seminf\/?s={search_term_string}\"},\"query-input\":\"required name=search_term_string\"}],\"inLanguage\":\"pt-BR\"},{\"@type\":\"Person\",\"@id\":\"https:\/\/www.manaus.am.gov.br\/seminf\/#\/schema\/person\/466a0e03ae4b6062809046bd560ac955\",\"name\":\"bvalente\",\"image\":{\"@type\":\"ImageObject\",\"inLanguage\":\"pt-BR\",\"@id\":\"https:\/\/www.manaus.am.gov.br\/seminf\/#\/schema\/person\/image\/\",\"url\":\"https:\/\/secure.gravatar.com\/avatar\/3e69bc2b014bdad41adfec3a39de07d2?s=96&d=mm&r=g\",\"contentUrl\":\"https:\/\/secure.gravatar.com\/avatar\/3e69bc2b014bdad41adfec3a39de07d2?s=96&d=mm&r=g\",\"caption\":\"bvalente\"}}]}<\/script>\n<!-- \/ Yoast SEO plugin. -->","yoast_head_json":{"title":"Prefeitura leva recupera\u00e7\u00e3o asf\u00e1ltica ao bairro Coroado","description":"A Prefeitura de Manaus deu continuidade, nesta segunda-feira, 19\/1, \u00e0s obras de recupera\u00e7\u00e3o de vias na zona Leste.","robots":{"index":"index","follow":"follow","max-snippet":"max-snippet:-1","max-image-preview":"max-image-preview:large","max-video-preview":"max-video-preview:-1"},"canonical":"https:\/\/www.manaus.am.gov.br\/seminf\/recuperacao-asfaltica-bairro-coroado\/","og_locale":"pt_BR","og_type":"article","og_title":"Prefeitura leva recupera\u00e7\u00e3o asf\u00e1ltica ao bairro Coroado","og_description":"A Prefeitura de Manaus deu continuidade, nesta segunda-feira, 19\/1, \u00e0s obras de recupera\u00e7\u00e3o de vias na zona Leste.","og_url":"https:\/\/www.manaus.am.gov.br\/seminf\/recuperacao-asfaltica-bairro-coroado\/","og_site_name":"SEMINF","article_published_time":"2026-01-20T00:15:32+00:00","article_modified_time":"2026-01-20T13:21:05+00:00","og_image":[{"width":1600,"height":1067,"url":"https:\/\/www.manaus.am.gov.br\/seminf\/wp-content\/uploads\/sites\/6\/2026\/01\/Prefeitura-de-Manaus-alavanca-obras-de-recuperacao-asfaltica-no-bairro-Coroado-.jpg","type":"image\/jpeg"}],"author":"bvalente","twitter_card":"summary_large_image","twitter_misc":{"Written by":"bvalente","Est. reading time":"2 minutos"},"schema":{"@context":"https:\/\/schema.org","@graph":[{"@type":"WebPage","@id":"https:\/\/www.manaus.am.gov.br\/seminf\/recuperacao-asfaltica-bairro-coroado\/","url":"https:\/\/www.manaus.am.gov.br\/seminf\/recuperacao-asfaltica-bairro-coroado\/","name":"Prefeitura leva recupera\u00e7\u00e3o asf\u00e1ltica ao bairro Coroado","isPartOf":{"@id":"https:\/\/www.manaus.am.gov.br\/seminf\/#website"},"primaryImageOfPage":{"@id":"https:\/\/www.manaus.am.gov.br\/seminf\/recuperacao-asfaltica-bairro-coroado\/#primaryimage"},"image":{"@id":"https:\/\/www.manaus.am.gov.br\/seminf\/recuperacao-asfaltica-bairro-coroado\/#primaryimage"},"thumbnailUrl":"https:\/\/www.manaus.am.gov.br\/seminf\/wp-content\/uploads\/sites\/6\/2026\/01\/Prefeitura-de-Manaus-alavanca-obras-de-recuperacao-asfaltica-no-bairro-Coroado-.jpg","datePublished":"2026-01-20T00:15:32+00:00","dateModified":"2026-01-20T13:21:05+00:00","author":{"@id":"https:\/\/www.manaus.am.gov.br\/seminf\/#\/schema\/person\/466a0e03ae4b6062809046bd560ac955"},"description":"A Prefeitura de Manaus deu continuidade, nesta segunda-feira, 19\/1, \u00e0s obras de recupera\u00e7\u00e3o de vias na zona Leste.","inLanguage":"pt-BR","potentialAction":[{"@type":"ReadAction","target":["https:\/\/www.manaus.am.gov.br\/seminf\/recuperacao-asfaltica-bairro-coroado\/"]}]},{"@type":"ImageObject","inLanguage":"pt-BR","@id":"https:\/\/www.manaus.am.gov.br\/seminf\/recuperacao-asfaltica-bairro-coroado\/#primaryimage","url":"https:\/\/www.manaus.am.gov.br\/seminf\/wp-content\/uploads\/sites\/6\/2026\/01\/Prefeitura-de-Manaus-alavanca-obras-de-recuperacao-asfaltica-no-bairro-Coroado-.jpg","contentUrl":"https:\/\/www.manaus.am.gov.br\/seminf\/wp-content\/uploads\/sites\/6\/2026\/01\/Prefeitura-de-Manaus-alavanca-obras-de-recuperacao-asfaltica-no-bairro-Coroado-.jpg","width":1600,"height":1067,"caption":"#paratodosverem - Servidores da Seminf aplicando asfalto novo em via"},{"@type":"WebSite","@id":"https:\/\/www.manaus.am.gov.br\/seminf\/#website","url":"https:\/\/www.manaus.am.gov.br\/seminf\/","name":"Secretaria de Infraestrutura","description":"Secretaria Municipal de Infraestrutura","potentialAction":[{"@type":"SearchAction","target":{"@type":"EntryPoint","urlTemplate":"https:\/\/www.manaus.am.gov.br\/seminf\/?s={search_term_string}"},"query-input":"required name=search_term_string"}],"inLanguage":"pt-BR"},{"@type":"Person","@id":"https:\/\/www.manaus.am.gov.br\/seminf\/#\/schema\/person\/466a0e03ae4b6062809046bd560ac955","name":"bvalente","image":{"@type":"ImageObject","inLanguage":"pt-BR","@id":"https:\/\/www.manaus.am.gov.br\/seminf\/#\/schema\/person\/image\/","url":"https:\/\/secure.gravatar.com\/avatar\/3e69bc2b014bdad41adfec3a39de07d2?s=96&d=mm&r=g","contentUrl":"https:\/\/secure.gravatar.com\/avatar\/3e69bc2b014bdad41adfec3a39de07d2?s=96&d=mm&r=g","caption":"bvalente"}}]}},"_links":{"self":[{"href":"https:\/\/www.manaus.am.gov.br\/seminf\/wp-json\/wp\/v2\/posts\/8194"}],"collection":[{"href":"https:\/\/www.manaus.am.gov.br\/seminf\/wp-json\/wp\/v2\/posts"}],"about":[{"href":"https:\/\/www.manaus.am.gov.br\/seminf\/wp-json\/wp\/v2\/types\/post"}],"author":[{"embeddable":true,"href":"https:\/\/www.manaus.am.gov.br\/seminf\/wp-json\/wp\/v2\/users\/68"}],"replies":[{"embeddable":true,"href":"https:\/\/www.manaus.am.gov.br\/seminf\/wp-json\/wp\/v2\/comments?post=8194"}],"version-history":[{"count":1,"href":"https:\/\/www.manaus.am.gov.br\/seminf\/wp-json\/wp\/v2\/posts\/8194\/revisions"}],"predecessor-version":[{"id":8197,"href":"https:\/\/www.manaus.am.gov.br\/seminf\/wp-json\/wp\/v2\/posts\/8194\/revisions\/8197"}],"wp:featuredmedia":[{"embeddable":true,"href":"https:\/\/www.manaus.am.gov.br\/seminf\/wp-json\/wp\/v2\/media\/8195"}],"wp:attachment":[{"href":"https:\/\/www.manaus.am.gov.br\/seminf\/wp-json\/wp\/v2\/media?parent=8194"}],"wp:term":[{"taxonomy":"category","embeddable":true,"href":"https:\/\/www.manaus.am.gov.br\/seminf\/wp-json\/wp\/v2\/categories?post=8194"},{"taxonomy":"post_tag","embeddable":true,"href":"https:\/\/www.manaus.am.gov.br\/seminf\/wp-json\/wp\/v2\/tags?post=8194"}],"curies":[{"name":"wp","href":"https:\/\/api.w.org\/{rel}","templated":true}]}}