{"id":8192,"date":"2026-01-19T20:06:03","date_gmt":"2026-01-20T00:06:03","guid":{"rendered":"https:\/\/www.manaus.am.gov.br\/seminf\/recuperacao-asfaltica-21\/"},"modified":"2026-01-20T09:22:19","modified_gmt":"2026-01-20T13:22:19","slug":"recuperacao-asfaltica-21","status":"publish","type":"post","link":"https:\/\/www.manaus.am.gov.br\/seminf\/recuperacao-asfaltica-21\/","title":{"rendered":"Prefeitura de Manaus avan\u00e7a com servi\u00e7os de recupera\u00e7\u00e3o asf\u00e1ltica na zona Leste da capital"},"content":{"rendered":"\n<p>A <a href=\"https:\/\/www.instagram.com\/prefeiturademanaus\/\">Prefeitura de Manaus,<\/a> por meio da <a href=\"https:\/\/www.manaus.am.gov.br\/\">Secretaria Municipal de Infraestrutura (Seminf)<\/a>, realizou, nesta segunda-feira, 19\/1, uma a\u00e7\u00e3o intensiva de recupera\u00e7\u00e3o asf\u00e1ltica concentrada na zona Leste da capital. Os trabalhos foram executados nas avenidas Brigadeiro Hil\u00e1rio Gurj\u00e3o e Ita\u00faba, no bairro Jorge Teixeira, com objetivo de mudar a realidade da \u00e1rea e melhorar a trafegabilidade da regi\u00e3o.<\/p>\n\n\n\n<p>\u201cNa \u00faltima semana intensificamos os trabalhos de manuten\u00e7\u00e3o asf\u00e1ltica, com um grande volume de equipes da Seminf atuando de forma concentrada para garantir mais dignidade, seguran\u00e7a e melhor trafegabilidade \u00e0 popula\u00e7\u00e3o. Neste momento, as frentes de obras est\u00e3o com for\u00e7a total na zona Leste, levando servi\u00e7os simult\u00e2neos aos bairros e \u00e0s principais avenidas da regi\u00e3o, o que permite avan\u00e7ar mais r\u00e1pido e atender quem mais precisa\u201d, afirma o vice-prefeito e secret\u00e1rio municipal de Obras, Renato Junior.<\/p>\n\n\n\n<p>Uma equipe deu in\u00edcio aos servi\u00e7os em uma das principais avenidas da cidade, avenida Ita\u00faba, no bairro Jorge Teixeira, onde realizaram a aplica\u00e7\u00e3o da massa asf\u00e1ltica em pontos em que o antigo pavimento estava deteriorado, prejudicando a passagem dos condutores. Os servi\u00e7os proporcionam melhor trafegabilidade e seguran\u00e7a para todos que trafegam na via.&nbsp;<\/p>\n\n\n\n<p>\u201c\u00c9 um incentivo muito bom para todos n\u00f3s que rodamos aqui na zona Leste, \u00e9 bom porque evita quebra de pe\u00e7a de carros, e flui o tr\u00e2nsito. Com essa melhoria o tr\u00e1fego melhora e muito\u201d, afirma o t\u00e9cnico de minera\u00e7\u00e3o, Ant\u00f4nio Paiva, de 42 anos.<\/p>\n\n\n\n<p>Simultaneamente, outra equipe trabalhava na recupera\u00e7\u00e3o dos trechos deteriorados da avenida Brigadeiro Hil\u00e1rio Gurj\u00e3o, onde os servidores transformaram o espa\u00e7o por meio da recupera\u00e7\u00e3o asf\u00e1ltica.<\/p>\n\n\n\n<p>Os moradores da \u00e1rea agradeceram pela iniciativa da gest\u00e3o, e destacaram sua satisfa\u00e7\u00e3o ao observar o desenvolvimento da obra. \u201cEu quero agradecer aqui a Prefeitura de Manaus que vem fazendo um trabalho \u00f3timo, aqui no cora\u00e7\u00e3o da zona Leste. Por onde eu passo tem obras da Seminf, obrigado prefeitura\u201d, agradeceu o servidor p\u00fablico, Edu Lima, 44 anos.<\/p>\n\n\n\n<p>A Seminf avan\u00e7a com servi\u00e7os de manuten\u00e7\u00e3o asf\u00e1ltica em mais uma zona da cidade, garantindo trafegabilidade e seguran\u00e7a no tr\u00e2nsito, al\u00e9m de proporcionar mais conforto aos motoristas. Iniciativas como essa fazem parte do cronograma cont\u00ednuo de revitaliza\u00e7\u00e3o de vias da Prefeitura de Manaus.<\/p>\n\n\n\n<p>\u2014&#8211; \u2014- \u2014&#8211;<br><strong>Texto e Fotos &#8211;<\/strong> Eduarda Lira e Maria Amed\/ Seminf<\/p>\n","protected":false},"excerpt":{"rendered":"","protected":false},"author":68,"featured_media":8193,"comment_status":"closed","ping_status":"closed","sticky":false,"template":"","format":"standard","meta":{"footnotes":""},"categories":[3],"tags":[2544,43,3000,26],"acf":[],"yoast_head":"<!-- This site is optimized with the Yoast SEO plugin v23.0 - https:\/\/yoast.com\/wordpress\/plugins\/seo\/ -->\n<title>Prefeitura avan\u00e7a com recupera\u00e7\u00e3o asf\u00e1ltica na zona Leste<\/title>\n<meta name=\"description\" content=\"A Prefeitura realizou, nesta segunda-feira, 19\/1, uma a\u00e7\u00e3o intensiva de recupera\u00e7\u00e3o asf\u00e1ltica concentrada na zona Leste da capital.\" \/>\n<meta name=\"robots\" content=\"index, follow, max-snippet:-1, max-image-preview:large, max-video-preview:-1\" \/>\n<link rel=\"canonical\" href=\"https:\/\/www.manaus.am.gov.br\/seminf\/recuperacao-asfaltica-21\/\" \/>\n<meta property=\"og:locale\" content=\"pt_BR\" \/>\n<meta property=\"og:type\" content=\"article\" \/>\n<meta property=\"og:title\" content=\"Prefeitura avan\u00e7a com recupera\u00e7\u00e3o asf\u00e1ltica na zona Leste\" \/>\n<meta property=\"og:description\" content=\"A Prefeitura realizou, nesta segunda-feira, 19\/1, uma a\u00e7\u00e3o intensiva de recupera\u00e7\u00e3o asf\u00e1ltica concentrada na zona Leste da capital.\" \/>\n<meta property=\"og:url\" content=\"https:\/\/www.manaus.am.gov.br\/seminf\/recuperacao-asfaltica-21\/\" \/>\n<meta property=\"og:site_name\" content=\"SEMINF\" \/>\n<meta property=\"article:published_time\" content=\"2026-01-20T00:06:03+00:00\" \/>\n<meta property=\"article:modified_time\" content=\"2026-01-20T13:22:19+00:00\" \/>\n<meta property=\"og:image\" content=\"https:\/\/www.manaus.am.gov.br\/seminf\/wp-content\/uploads\/sites\/6\/2026\/01\/Prefeitura-de-Manaus-avanca-com-servicos-de-recuperacao-asfaltica-na-zona-Leste-da-capital.jpg\" \/>\n\t<meta property=\"og:image:width\" content=\"1600\" \/>\n\t<meta property=\"og:image:height\" content=\"1200\" \/>\n\t<meta property=\"og:image:type\" content=\"image\/jpeg\" \/>\n<meta name=\"author\" content=\"bvalente\" \/>\n<meta name=\"twitter:card\" content=\"summary_large_image\" \/>\n<meta name=\"twitter:label1\" content=\"Written by\" \/>\n\t<meta name=\"twitter:data1\" content=\"bvalente\" \/>\n\t<meta name=\"twitter:label2\" content=\"Est. reading time\" \/>\n\t<meta name=\"twitter:data2\" content=\"3 minutos\" \/>\n<script type=\"application\/ld+json\" class=\"yoast-schema-graph\">{\"@context\":\"https:\/\/schema.org\",\"@graph\":[{\"@type\":\"WebPage\",\"@id\":\"https:\/\/www.manaus.am.gov.br\/seminf\/recuperacao-asfaltica-21\/\",\"url\":\"https:\/\/www.manaus.am.gov.br\/seminf\/recuperacao-asfaltica-21\/\",\"name\":\"Prefeitura avan\u00e7a com recupera\u00e7\u00e3o asf\u00e1ltica na zona Leste\",\"isPartOf\":{\"@id\":\"https:\/\/www.manaus.am.gov.br\/seminf\/#website\"},\"primaryImageOfPage\":{\"@id\":\"https:\/\/www.manaus.am.gov.br\/seminf\/recuperacao-asfaltica-21\/#primaryimage\"},\"image\":{\"@id\":\"https:\/\/www.manaus.am.gov.br\/seminf\/recuperacao-asfaltica-21\/#primaryimage\"},\"thumbnailUrl\":\"https:\/\/www.manaus.am.gov.br\/seminf\/wp-content\/uploads\/sites\/6\/2026\/01\/Prefeitura-de-Manaus-avanca-com-servicos-de-recuperacao-asfaltica-na-zona-Leste-da-capital.jpg\",\"datePublished\":\"2026-01-20T00:06:03+00:00\",\"dateModified\":\"2026-01-20T13:22:19+00:00\",\"author\":{\"@id\":\"https:\/\/www.manaus.am.gov.br\/seminf\/#\/schema\/person\/466a0e03ae4b6062809046bd560ac955\"},\"description\":\"A Prefeitura realizou, nesta segunda-feira, 19\/1, uma a\u00e7\u00e3o intensiva de recupera\u00e7\u00e3o asf\u00e1ltica concentrada na zona Leste da capital.\",\"inLanguage\":\"pt-BR\",\"potentialAction\":[{\"@type\":\"ReadAction\",\"target\":[\"https:\/\/www.manaus.am.gov.br\/seminf\/recuperacao-asfaltica-21\/\"]}]},{\"@type\":\"ImageObject\",\"inLanguage\":\"pt-BR\",\"@id\":\"https:\/\/www.manaus.am.gov.br\/seminf\/recuperacao-asfaltica-21\/#primaryimage\",\"url\":\"https:\/\/www.manaus.am.gov.br\/seminf\/wp-content\/uploads\/sites\/6\/2026\/01\/Prefeitura-de-Manaus-avanca-com-servicos-de-recuperacao-asfaltica-na-zona-Leste-da-capital.jpg\",\"contentUrl\":\"https:\/\/www.manaus.am.gov.br\/seminf\/wp-content\/uploads\/sites\/6\/2026\/01\/Prefeitura-de-Manaus-avanca-com-servicos-de-recuperacao-asfaltica-na-zona-Leste-da-capital.jpg\",\"width\":1600,\"height\":1200,\"caption\":\"#paratodosverem - Servidores da Seminf aplicando asfalto novo em via\"},{\"@type\":\"WebSite\",\"@id\":\"https:\/\/www.manaus.am.gov.br\/seminf\/#website\",\"url\":\"https:\/\/www.manaus.am.gov.br\/seminf\/\",\"name\":\"Secretaria de Infraestrutura\",\"description\":\"Secretaria Municipal de Infraestrutura\",\"potentialAction\":[{\"@type\":\"SearchAction\",\"target\":{\"@type\":\"EntryPoint\",\"urlTemplate\":\"https:\/\/www.manaus.am.gov.br\/seminf\/?s={search_term_string}\"},\"query-input\":\"required name=search_term_string\"}],\"inLanguage\":\"pt-BR\"},{\"@type\":\"Person\",\"@id\":\"https:\/\/www.manaus.am.gov.br\/seminf\/#\/schema\/person\/466a0e03ae4b6062809046bd560ac955\",\"name\":\"bvalente\",\"image\":{\"@type\":\"ImageObject\",\"inLanguage\":\"pt-BR\",\"@id\":\"https:\/\/www.manaus.am.gov.br\/seminf\/#\/schema\/person\/image\/\",\"url\":\"https:\/\/secure.gravatar.com\/avatar\/3e69bc2b014bdad41adfec3a39de07d2?s=96&d=mm&r=g\",\"contentUrl\":\"https:\/\/secure.gravatar.com\/avatar\/3e69bc2b014bdad41adfec3a39de07d2?s=96&d=mm&r=g\",\"caption\":\"bvalente\"}}]}<\/script>\n<!-- \/ Yoast SEO plugin. -->","yoast_head_json":{"title":"Prefeitura avan\u00e7a com recupera\u00e7\u00e3o asf\u00e1ltica na zona Leste","description":"A Prefeitura realizou, nesta segunda-feira, 19\/1, uma a\u00e7\u00e3o intensiva de recupera\u00e7\u00e3o asf\u00e1ltica concentrada na zona Leste da capital.","robots":{"index":"index","follow":"follow","max-snippet":"max-snippet:-1","max-image-preview":"max-image-preview:large","max-video-preview":"max-video-preview:-1"},"canonical":"https:\/\/www.manaus.am.gov.br\/seminf\/recuperacao-asfaltica-21\/","og_locale":"pt_BR","og_type":"article","og_title":"Prefeitura avan\u00e7a com recupera\u00e7\u00e3o asf\u00e1ltica na zona Leste","og_description":"A Prefeitura realizou, nesta segunda-feira, 19\/1, uma a\u00e7\u00e3o intensiva de recupera\u00e7\u00e3o asf\u00e1ltica concentrada na zona Leste da capital.","og_url":"https:\/\/www.manaus.am.gov.br\/seminf\/recuperacao-asfaltica-21\/","og_site_name":"SEMINF","article_published_time":"2026-01-20T00:06:03+00:00","article_modified_time":"2026-01-20T13:22:19+00:00","og_image":[{"width":1600,"height":1200,"url":"https:\/\/www.manaus.am.gov.br\/seminf\/wp-content\/uploads\/sites\/6\/2026\/01\/Prefeitura-de-Manaus-avanca-com-servicos-de-recuperacao-asfaltica-na-zona-Leste-da-capital.jpg","type":"image\/jpeg"}],"author":"bvalente","twitter_card":"summary_large_image","twitter_misc":{"Written by":"bvalente","Est. reading time":"3 minutos"},"schema":{"@context":"https:\/\/schema.org","@graph":[{"@type":"WebPage","@id":"https:\/\/www.manaus.am.gov.br\/seminf\/recuperacao-asfaltica-21\/","url":"https:\/\/www.manaus.am.gov.br\/seminf\/recuperacao-asfaltica-21\/","name":"Prefeitura avan\u00e7a com recupera\u00e7\u00e3o asf\u00e1ltica na zona Leste","isPartOf":{"@id":"https:\/\/www.manaus.am.gov.br\/seminf\/#website"},"primaryImageOfPage":{"@id":"https:\/\/www.manaus.am.gov.br\/seminf\/recuperacao-asfaltica-21\/#primaryimage"},"image":{"@id":"https:\/\/www.manaus.am.gov.br\/seminf\/recuperacao-asfaltica-21\/#primaryimage"},"thumbnailUrl":"https:\/\/www.manaus.am.gov.br\/seminf\/wp-content\/uploads\/sites\/6\/2026\/01\/Prefeitura-de-Manaus-avanca-com-servicos-de-recuperacao-asfaltica-na-zona-Leste-da-capital.jpg","datePublished":"2026-01-20T00:06:03+00:00","dateModified":"2026-01-20T13:22:19+00:00","author":{"@id":"https:\/\/www.manaus.am.gov.br\/seminf\/#\/schema\/person\/466a0e03ae4b6062809046bd560ac955"},"description":"A Prefeitura realizou, nesta segunda-feira, 19\/1, uma a\u00e7\u00e3o intensiva de recupera\u00e7\u00e3o asf\u00e1ltica concentrada na zona Leste da capital.","inLanguage":"pt-BR","potentialAction":[{"@type":"ReadAction","target":["https:\/\/www.manaus.am.gov.br\/seminf\/recuperacao-asfaltica-21\/"]}]},{"@type":"ImageObject","inLanguage":"pt-BR","@id":"https:\/\/www.manaus.am.gov.br\/seminf\/recuperacao-asfaltica-21\/#primaryimage","url":"https:\/\/www.manaus.am.gov.br\/seminf\/wp-content\/uploads\/sites\/6\/2026\/01\/Prefeitura-de-Manaus-avanca-com-servicos-de-recuperacao-asfaltica-na-zona-Leste-da-capital.jpg","contentUrl":"https:\/\/www.manaus.am.gov.br\/seminf\/wp-content\/uploads\/sites\/6\/2026\/01\/Prefeitura-de-Manaus-avanca-com-servicos-de-recuperacao-asfaltica-na-zona-Leste-da-capital.jpg","width":1600,"height":1200,"caption":"#paratodosverem - Servidores da Seminf aplicando asfalto novo em via"},{"@type":"WebSite","@id":"https:\/\/www.manaus.am.gov.br\/seminf\/#website","url":"https:\/\/www.manaus.am.gov.br\/seminf\/","name":"Secretaria de Infraestrutura","description":"Secretaria Municipal de Infraestrutura","potentialAction":[{"@type":"SearchAction","target":{"@type":"EntryPoint","urlTemplate":"https:\/\/www.manaus.am.gov.br\/seminf\/?s={search_term_string}"},"query-input":"required name=search_term_string"}],"inLanguage":"pt-BR"},{"@type":"Person","@id":"https:\/\/www.manaus.am.gov.br\/seminf\/#\/schema\/person\/466a0e03ae4b6062809046bd560ac955","name":"bvalente","image":{"@type":"ImageObject","inLanguage":"pt-BR","@id":"https:\/\/www.manaus.am.gov.br\/seminf\/#\/schema\/person\/image\/","url":"https:\/\/secure.gravatar.com\/avatar\/3e69bc2b014bdad41adfec3a39de07d2?s=96&d=mm&r=g","contentUrl":"https:\/\/secure.gravatar.com\/avatar\/3e69bc2b014bdad41adfec3a39de07d2?s=96&d=mm&r=g","caption":"bvalente"}}]}},"_links":{"self":[{"href":"https:\/\/www.manaus.am.gov.br\/seminf\/wp-json\/wp\/v2\/posts\/8192"}],"collection":[{"href":"https:\/\/www.manaus.am.gov.br\/seminf\/wp-json\/wp\/v2\/posts"}],"about":[{"href":"https:\/\/www.manaus.am.gov.br\/seminf\/wp-json\/wp\/v2\/types\/post"}],"author":[{"embeddable":true,"href":"https:\/\/www.manaus.am.gov.br\/seminf\/wp-json\/wp\/v2\/users\/68"}],"replies":[{"embeddable":true,"href":"https:\/\/www.manaus.am.gov.br\/seminf\/wp-json\/wp\/v2\/comments?post=8192"}],"version-history":[{"count":1,"href":"https:\/\/www.manaus.am.gov.br\/seminf\/wp-json\/wp\/v2\/posts\/8192\/revisions"}],"predecessor-version":[{"id":8198,"href":"https:\/\/www.manaus.am.gov.br\/seminf\/wp-json\/wp\/v2\/posts\/8192\/revisions\/8198"}],"wp:featuredmedia":[{"embeddable":true,"href":"https:\/\/www.manaus.am.gov.br\/seminf\/wp-json\/wp\/v2\/media\/8193"}],"wp:attachment":[{"href":"https:\/\/www.manaus.am.gov.br\/seminf\/wp-json\/wp\/v2\/media?parent=8192"}],"wp:term":[{"taxonomy":"category","embeddable":true,"href":"https:\/\/www.manaus.am.gov.br\/seminf\/wp-json\/wp\/v2\/categories?post=8192"},{"taxonomy":"post_tag","embeddable":true,"href":"https:\/\/www.manaus.am.gov.br\/seminf\/wp-json\/wp\/v2\/tags?post=8192"}],"curies":[{"name":"wp","href":"https:\/\/api.w.org\/{rel}","templated":true}]}}