{"id":8190,"date":"2026-01-19T18:00:00","date_gmt":"2026-01-19T22:00:00","guid":{"rendered":"https:\/\/www.manaus.am.gov.br\/seminf\/servicos-de-infraestrutura-4\/"},"modified":"2026-01-20T09:25:51","modified_gmt":"2026-01-20T13:25:51","slug":"servicos-de-infraestrutura-4","status":"publish","type":"post","link":"https:\/\/www.manaus.am.gov.br\/seminf\/servicos-de-infraestrutura-4\/","title":{"rendered":"Prefeitura de Manaus intensifica servi\u00e7os de infraestrutura no bairro Novo Aleixo\u00a0"},"content":{"rendered":"\n<p>Nesta segunda-feira, 19\/1, a <a href=\"https:\/\/www.instagram.com\/prefeiturademanaus\/\">Prefeitura de Manaus<\/a>, por meio da <a href=\"https:\/\/www.manaus.am.gov.br\/\">Secretaria Municipal de Infraestrutura (Seminf)<\/a>, atuou com duas frentes de obras no bairro Novo Aleixo, intensificando as melhorias no sistema de drenagem profunda da rua 81 e na manuten\u00e7\u00e3o asf\u00e1ltica da rua 79.\u00a0<\/p>\n\n\n\n<p>\u201c\u00c9 a Seminf com trabalho intenso e presen\u00e7a di\u00e1ria nas ruas de Manaus. Logo cedo, enquanto a popula\u00e7\u00e3o sai de casa para trabalhar, levar as crian\u00e7as \u00e0 escola ou resolver as tarefas do dia a dia, nossas equipes j\u00e1 est\u00e3o atuando. \u00c9 uma gest\u00e3o que cuida da cidade, todos os dias, seguindo a orienta\u00e7\u00e3o do prefeito David Almeida de avan\u00e7ar continuamente, levando mais qualidade de vida e uma Manaus cada vez melhor para todos\u201d, afirmou o vice-prefeito e secret\u00e1rio de Obras, Renato Junior.<\/p>\n\n\n\n<p>A a\u00e7\u00e3o tem como objetivo recuperar a infraestrutura vi\u00e1ria, melhorar o escoamento das \u00e1guas pluviais, e garantir mais seguran\u00e7a e mobilidade para a popula\u00e7\u00e3o que trafega com um asfalto novo.<\/p>\n\n\n\n<p>Uma frente de obra atua nas ruas quatro e 79, realizando os servi\u00e7os de reparo asf\u00e1ltico. A professora Regina Rocha, 52 anos, aprova o trabalho. \u201cEssa obra de asfalto \u00e9 maravilhosa e ir\u00e1 melhorar muito a situa\u00e7\u00e3o da nossa rua e o dia a dia da comunidade, com certeza, s\u00f3 temos a agradecer a Prefeitura de Manaus\u201d, relata a moradora.&nbsp;<\/p>\n\n\n\n<p>Na travessa 81, a equipe d\u00e1 in\u00edcio aos servi\u00e7os na drenagem profunda, realizando a escava\u00e7\u00e3o para a substitui\u00e7\u00e3o dos antigos tubos por novas pe\u00e7as mais dur\u00e1veis e resistentes, al\u00e9m da drenagem superficial.&nbsp;<br><br>\u201cEsse servi\u00e7o \u00e9 ben\u00e9fico para n\u00f3s moradores aqui do bairro Novo Aleixo, agrade\u00e7o por ver as equipes da Seminf atuando aqui na \u00e1rea com melhorias, que continue sempre assim\u201d, relata o industri\u00e1rio e morador Marcos Silva, 52 anos.<\/p>\n\n\n\n<p>\u2014&#8211; \u2014- \u2014&#8211;<br><strong>Texto &#8211; <\/strong>Rayana Coutinho\/ Seminf<br><strong>Fotos &#8211;<\/strong> M\u00e1rcio Melo\/ Seminf<\/p>\n","protected":false},"excerpt":{"rendered":"","protected":false},"author":68,"featured_media":8191,"comment_status":"closed","ping_status":"closed","sticky":false,"template":"","format":"standard","meta":{"footnotes":""},"categories":[4],"tags":[2999,43,26,130],"acf":[],"yoast_head":"<!-- This site is optimized with the Yoast SEO plugin v23.0 - https:\/\/yoast.com\/wordpress\/plugins\/seo\/ -->\n<title>PMM intensifica servi\u00e7os de infraestrutura no bairro Novo Aleixo\u00a0<\/title>\n<meta name=\"description\" content=\"A Prefeitura de Manaus atuou com duas frentes de obras no bairro Novo Aleixo, intensificando as melhorias em drenagem e asfalto.\" \/>\n<meta name=\"robots\" content=\"index, follow, max-snippet:-1, max-image-preview:large, max-video-preview:-1\" \/>\n<link rel=\"canonical\" href=\"https:\/\/www.manaus.am.gov.br\/seminf\/servicos-de-infraestrutura-4\/\" \/>\n<meta property=\"og:locale\" content=\"pt_BR\" \/>\n<meta property=\"og:type\" content=\"article\" \/>\n<meta property=\"og:title\" content=\"PMM intensifica servi\u00e7os de infraestrutura no bairro Novo Aleixo\u00a0\" \/>\n<meta property=\"og:description\" content=\"A Prefeitura de Manaus atuou com duas frentes de obras no bairro Novo Aleixo, intensificando as melhorias em drenagem e asfalto.\" \/>\n<meta property=\"og:url\" content=\"https:\/\/www.manaus.am.gov.br\/seminf\/servicos-de-infraestrutura-4\/\" \/>\n<meta property=\"og:site_name\" content=\"SEMINF\" \/>\n<meta property=\"article:published_time\" content=\"2026-01-19T22:00:00+00:00\" \/>\n<meta property=\"article:modified_time\" content=\"2026-01-20T13:25:51+00:00\" \/>\n<meta property=\"og:image\" content=\"https:\/\/www.manaus.am.gov.br\/seminf\/wp-content\/uploads\/sites\/6\/2026\/01\/736A7106-1024x683.jpg\" \/>\n\t<meta property=\"og:image:width\" content=\"1024\" \/>\n\t<meta property=\"og:image:height\" content=\"683\" \/>\n\t<meta property=\"og:image:type\" content=\"image\/jpeg\" \/>\n<meta name=\"author\" content=\"bvalente\" \/>\n<meta name=\"twitter:card\" content=\"summary_large_image\" \/>\n<meta name=\"twitter:label1\" content=\"Written by\" \/>\n\t<meta name=\"twitter:data1\" content=\"bvalente\" \/>\n\t<meta name=\"twitter:label2\" content=\"Est. reading time\" \/>\n\t<meta name=\"twitter:data2\" content=\"2 minutos\" \/>\n<script type=\"application\/ld+json\" class=\"yoast-schema-graph\">{\"@context\":\"https:\/\/schema.org\",\"@graph\":[{\"@type\":\"WebPage\",\"@id\":\"https:\/\/www.manaus.am.gov.br\/seminf\/servicos-de-infraestrutura-4\/\",\"url\":\"https:\/\/www.manaus.am.gov.br\/seminf\/servicos-de-infraestrutura-4\/\",\"name\":\"PMM intensifica servi\u00e7os de infraestrutura no bairro Novo Aleixo\u00a0\",\"isPartOf\":{\"@id\":\"https:\/\/www.manaus.am.gov.br\/seminf\/#website\"},\"primaryImageOfPage\":{\"@id\":\"https:\/\/www.manaus.am.gov.br\/seminf\/servicos-de-infraestrutura-4\/#primaryimage\"},\"image\":{\"@id\":\"https:\/\/www.manaus.am.gov.br\/seminf\/servicos-de-infraestrutura-4\/#primaryimage\"},\"thumbnailUrl\":\"https:\/\/www.manaus.am.gov.br\/seminf\/wp-content\/uploads\/sites\/6\/2026\/01\/736A7106.jpg\",\"datePublished\":\"2026-01-19T22:00:00+00:00\",\"dateModified\":\"2026-01-20T13:25:51+00:00\",\"author\":{\"@id\":\"https:\/\/www.manaus.am.gov.br\/seminf\/#\/schema\/person\/466a0e03ae4b6062809046bd560ac955\"},\"description\":\"A Prefeitura de Manaus atuou com duas frentes de obras no bairro Novo Aleixo, intensificando as melhorias em drenagem e asfalto.\",\"inLanguage\":\"pt-BR\",\"potentialAction\":[{\"@type\":\"ReadAction\",\"target\":[\"https:\/\/www.manaus.am.gov.br\/seminf\/servicos-de-infraestrutura-4\/\"]}]},{\"@type\":\"ImageObject\",\"inLanguage\":\"pt-BR\",\"@id\":\"https:\/\/www.manaus.am.gov.br\/seminf\/servicos-de-infraestrutura-4\/#primaryimage\",\"url\":\"https:\/\/www.manaus.am.gov.br\/seminf\/wp-content\/uploads\/sites\/6\/2026\/01\/736A7106.jpg\",\"contentUrl\":\"https:\/\/www.manaus.am.gov.br\/seminf\/wp-content\/uploads\/sites\/6\/2026\/01\/736A7106.jpg\",\"width\":6720,\"height\":4480,\"caption\":\"#paratodosverem - Servidores da Seminf aplicando asfalto novo em via\"},{\"@type\":\"WebSite\",\"@id\":\"https:\/\/www.manaus.am.gov.br\/seminf\/#website\",\"url\":\"https:\/\/www.manaus.am.gov.br\/seminf\/\",\"name\":\"Secretaria de Infraestrutura\",\"description\":\"Secretaria Municipal de Infraestrutura\",\"potentialAction\":[{\"@type\":\"SearchAction\",\"target\":{\"@type\":\"EntryPoint\",\"urlTemplate\":\"https:\/\/www.manaus.am.gov.br\/seminf\/?s={search_term_string}\"},\"query-input\":\"required name=search_term_string\"}],\"inLanguage\":\"pt-BR\"},{\"@type\":\"Person\",\"@id\":\"https:\/\/www.manaus.am.gov.br\/seminf\/#\/schema\/person\/466a0e03ae4b6062809046bd560ac955\",\"name\":\"bvalente\",\"image\":{\"@type\":\"ImageObject\",\"inLanguage\":\"pt-BR\",\"@id\":\"https:\/\/www.manaus.am.gov.br\/seminf\/#\/schema\/person\/image\/\",\"url\":\"https:\/\/secure.gravatar.com\/avatar\/3e69bc2b014bdad41adfec3a39de07d2?s=96&d=mm&r=g\",\"contentUrl\":\"https:\/\/secure.gravatar.com\/avatar\/3e69bc2b014bdad41adfec3a39de07d2?s=96&d=mm&r=g\",\"caption\":\"bvalente\"}}]}<\/script>\n<!-- \/ Yoast SEO plugin. -->","yoast_head_json":{"title":"PMM intensifica servi\u00e7os de infraestrutura no bairro Novo Aleixo\u00a0","description":"A Prefeitura de Manaus atuou com duas frentes de obras no bairro Novo Aleixo, intensificando as melhorias em drenagem e asfalto.","robots":{"index":"index","follow":"follow","max-snippet":"max-snippet:-1","max-image-preview":"max-image-preview:large","max-video-preview":"max-video-preview:-1"},"canonical":"https:\/\/www.manaus.am.gov.br\/seminf\/servicos-de-infraestrutura-4\/","og_locale":"pt_BR","og_type":"article","og_title":"PMM intensifica servi\u00e7os de infraestrutura no bairro Novo Aleixo\u00a0","og_description":"A Prefeitura de Manaus atuou com duas frentes de obras no bairro Novo Aleixo, intensificando as melhorias em drenagem e asfalto.","og_url":"https:\/\/www.manaus.am.gov.br\/seminf\/servicos-de-infraestrutura-4\/","og_site_name":"SEMINF","article_published_time":"2026-01-19T22:00:00+00:00","article_modified_time":"2026-01-20T13:25:51+00:00","og_image":[{"width":1024,"height":683,"url":"https:\/\/www.manaus.am.gov.br\/seminf\/wp-content\/uploads\/sites\/6\/2026\/01\/736A7106-1024x683.jpg","type":"image\/jpeg"}],"author":"bvalente","twitter_card":"summary_large_image","twitter_misc":{"Written by":"bvalente","Est. reading time":"2 minutos"},"schema":{"@context":"https:\/\/schema.org","@graph":[{"@type":"WebPage","@id":"https:\/\/www.manaus.am.gov.br\/seminf\/servicos-de-infraestrutura-4\/","url":"https:\/\/www.manaus.am.gov.br\/seminf\/servicos-de-infraestrutura-4\/","name":"PMM intensifica servi\u00e7os de infraestrutura no bairro Novo Aleixo\u00a0","isPartOf":{"@id":"https:\/\/www.manaus.am.gov.br\/seminf\/#website"},"primaryImageOfPage":{"@id":"https:\/\/www.manaus.am.gov.br\/seminf\/servicos-de-infraestrutura-4\/#primaryimage"},"image":{"@id":"https:\/\/www.manaus.am.gov.br\/seminf\/servicos-de-infraestrutura-4\/#primaryimage"},"thumbnailUrl":"https:\/\/www.manaus.am.gov.br\/seminf\/wp-content\/uploads\/sites\/6\/2026\/01\/736A7106.jpg","datePublished":"2026-01-19T22:00:00+00:00","dateModified":"2026-01-20T13:25:51+00:00","author":{"@id":"https:\/\/www.manaus.am.gov.br\/seminf\/#\/schema\/person\/466a0e03ae4b6062809046bd560ac955"},"description":"A Prefeitura de Manaus atuou com duas frentes de obras no bairro Novo Aleixo, intensificando as melhorias em drenagem e asfalto.","inLanguage":"pt-BR","potentialAction":[{"@type":"ReadAction","target":["https:\/\/www.manaus.am.gov.br\/seminf\/servicos-de-infraestrutura-4\/"]}]},{"@type":"ImageObject","inLanguage":"pt-BR","@id":"https:\/\/www.manaus.am.gov.br\/seminf\/servicos-de-infraestrutura-4\/#primaryimage","url":"https:\/\/www.manaus.am.gov.br\/seminf\/wp-content\/uploads\/sites\/6\/2026\/01\/736A7106.jpg","contentUrl":"https:\/\/www.manaus.am.gov.br\/seminf\/wp-content\/uploads\/sites\/6\/2026\/01\/736A7106.jpg","width":6720,"height":4480,"caption":"#paratodosverem - Servidores da Seminf aplicando asfalto novo em via"},{"@type":"WebSite","@id":"https:\/\/www.manaus.am.gov.br\/seminf\/#website","url":"https:\/\/www.manaus.am.gov.br\/seminf\/","name":"Secretaria de Infraestrutura","description":"Secretaria Municipal de Infraestrutura","potentialAction":[{"@type":"SearchAction","target":{"@type":"EntryPoint","urlTemplate":"https:\/\/www.manaus.am.gov.br\/seminf\/?s={search_term_string}"},"query-input":"required name=search_term_string"}],"inLanguage":"pt-BR"},{"@type":"Person","@id":"https:\/\/www.manaus.am.gov.br\/seminf\/#\/schema\/person\/466a0e03ae4b6062809046bd560ac955","name":"bvalente","image":{"@type":"ImageObject","inLanguage":"pt-BR","@id":"https:\/\/www.manaus.am.gov.br\/seminf\/#\/schema\/person\/image\/","url":"https:\/\/secure.gravatar.com\/avatar\/3e69bc2b014bdad41adfec3a39de07d2?s=96&d=mm&r=g","contentUrl":"https:\/\/secure.gravatar.com\/avatar\/3e69bc2b014bdad41adfec3a39de07d2?s=96&d=mm&r=g","caption":"bvalente"}}]}},"_links":{"self":[{"href":"https:\/\/www.manaus.am.gov.br\/seminf\/wp-json\/wp\/v2\/posts\/8190"}],"collection":[{"href":"https:\/\/www.manaus.am.gov.br\/seminf\/wp-json\/wp\/v2\/posts"}],"about":[{"href":"https:\/\/www.manaus.am.gov.br\/seminf\/wp-json\/wp\/v2\/types\/post"}],"author":[{"embeddable":true,"href":"https:\/\/www.manaus.am.gov.br\/seminf\/wp-json\/wp\/v2\/users\/68"}],"replies":[{"embeddable":true,"href":"https:\/\/www.manaus.am.gov.br\/seminf\/wp-json\/wp\/v2\/comments?post=8190"}],"version-history":[{"count":1,"href":"https:\/\/www.manaus.am.gov.br\/seminf\/wp-json\/wp\/v2\/posts\/8190\/revisions"}],"predecessor-version":[{"id":8199,"href":"https:\/\/www.manaus.am.gov.br\/seminf\/wp-json\/wp\/v2\/posts\/8190\/revisions\/8199"}],"wp:featuredmedia":[{"embeddable":true,"href":"https:\/\/www.manaus.am.gov.br\/seminf\/wp-json\/wp\/v2\/media\/8191"}],"wp:attachment":[{"href":"https:\/\/www.manaus.am.gov.br\/seminf\/wp-json\/wp\/v2\/media?parent=8190"}],"wp:term":[{"taxonomy":"category","embeddable":true,"href":"https:\/\/www.manaus.am.gov.br\/seminf\/wp-json\/wp\/v2\/categories?post=8190"},{"taxonomy":"post_tag","embeddable":true,"href":"https:\/\/www.manaus.am.gov.br\/seminf\/wp-json\/wp\/v2\/tags?post=8190"}],"curies":[{"name":"wp","href":"https:\/\/api.w.org\/{rel}","templated":true}]}}