{"id":8184,"date":"2026-01-19T15:54:34","date_gmt":"2026-01-19T19:54:34","guid":{"rendered":"https:\/\/www.manaus.am.gov.br\/seminf\/servicos-de-manutencao-asfaltica-5\/"},"modified":"2026-01-19T16:12:50","modified_gmt":"2026-01-19T20:12:50","slug":"servicos-de-manutencao-asfaltica-5","status":"publish","type":"post","link":"https:\/\/www.manaus.am.gov.br\/seminf\/servicos-de-manutencao-asfaltica-5\/","title":{"rendered":"Bairro Pra\u00e7a 14 de Janeiro recebe servi\u00e7os de manuten\u00e7\u00e3o asf\u00e1ltica da Prefeitura de Manaus\u00a0"},"content":{"rendered":"\n<p>A <a href=\"https:\/\/www.manaus.am.gov.br\">Prefeitura de Manaus<\/a>, por meio da Secretaria Municipal de Infraestrutura (Seminf), segue realizando servi\u00e7os de melhoria das principais avenidas da cidade, especialmente aquelas que concentram grande fluxo de ve\u00edculos e linhas do transporte coletivo. Nesta segunda-feira, 19\/1, as equipes atuaram na avenida Duque de Caxias, no bairro Pra\u00e7a 14, zona Sul da capital, com servi\u00e7os de manuten\u00e7\u00e3o asf\u00e1ltica.<\/p>\n\n\n\n<p>O vice-prefeito e secret\u00e1rio de Obras, Renato Junior, destaca que as servi\u00e7os de manuten\u00e7\u00e3o asf\u00e1ltica visam melhorar a trafegabilidade da regi\u00e3o.\u00a0<\/p>\n\n\n\n<p>\u201cCada frente de obra da Seminf representa cuidado com as pessoas. \u00c9 mais conforto, mais seguran\u00e7a e mais qualidade de vida para quem circula diariamente pelas ruas de Manaus. A gest\u00e3o do prefeito David Almeida trabalha todos os dias para cuidar da cidade, tanto nos bairros quanto nas grandes avenidas, garantindo melhores condi\u00e7\u00f5es de tr\u00e1fego e mobilidade para todos\u201d, afirma Renato Junior.&nbsp;<\/p>\n\n\n\n<p>A Prefeitura de Manaus trabalha de forma cont\u00ednua com as obras de infraestrutura pela cidade, atendendo solicita\u00e7\u00e3o dos moradores, mapeando as \u00e1reas que necessitam de aten\u00e7\u00e3o, e executando os servi\u00e7os que melhoram o cotidiano da popula\u00e7\u00e3o.&nbsp;<br><br><\/p>\n\n\n\n<figure class=\"wp-block-image size-large\"><img loading=\"lazy\" decoding=\"async\" width=\"1024\" height=\"683\" src=\"https:\/\/www.manaus.am.gov.br\/seminf\/wp-content\/uploads\/sites\/6\/2026\/01\/736A7113-1024x683.jpg\" alt=\"\" class=\"wp-image-8185\" srcset=\"https:\/\/www.manaus.am.gov.br\/seminf\/wp-content\/uploads\/sites\/6\/2026\/01\/736A7113-1024x683.jpg 1024w, https:\/\/www.manaus.am.gov.br\/seminf\/wp-content\/uploads\/sites\/6\/2026\/01\/736A7113-300x200.jpg 300w, https:\/\/www.manaus.am.gov.br\/seminf\/wp-content\/uploads\/sites\/6\/2026\/01\/736A7113-768x512.jpg 768w, https:\/\/www.manaus.am.gov.br\/seminf\/wp-content\/uploads\/sites\/6\/2026\/01\/736A7113-1536x1024.jpg 1536w, https:\/\/www.manaus.am.gov.br\/seminf\/wp-content\/uploads\/sites\/6\/2026\/01\/736A7113-2048x1365.jpg 2048w\" sizes=\"(max-width: 1024px) 100vw, 1024px\" \/><figcaption class=\"wp-element-caption\">#paratodosverem &#8211; Servidores da Seminf aplicando asfalto novo em via durante obras <\/figcaption><\/figure>\n\n\n\n<p>\u201cEsse servi\u00e7o \u00e9 bastante importante, porque essa \u00e1rea tem um fluxo grande de ve\u00edculos. Eu acho muito relevante essa aten\u00e7\u00e3o da Prefeitura de Manaus, trabalhando com empenho, trazendo asfalto novo para as ruas e ajudando no nosso dia a dia com um tr\u00e1fego muito melhor\u201d, relatou o mec\u00e2nico Luan Barroncas, 30 anos, morador da \u00e1rea.<\/p>\n\n\n\n<p>\u2014&#8211; \u2014- \u2014&#8211;<br><strong>Texto &#8211; <\/strong>Rayana Coutinho\/ Seminf&nbsp;<br><strong>Fotos &#8211;<\/strong> M\u00e1rcio Melo\/ Seminf&nbsp;<\/p>\n","protected":false},"excerpt":{"rendered":"","protected":false},"author":68,"featured_media":8186,"comment_status":"closed","ping_status":"closed","sticky":false,"template":"","format":"standard","meta":{"footnotes":""},"categories":[3],"tags":[2998,43,26,1618],"acf":[],"yoast_head":"<!-- This site is optimized with the Yoast SEO plugin v23.0 - https:\/\/yoast.com\/wordpress\/plugins\/seo\/ -->\n<title>Bairro Pra\u00e7a 14 recebe servi\u00e7os de manuten\u00e7\u00e3o asf\u00e1ltica<\/title>\n<meta name=\"description\" content=\"A Prefeitura segue realizando servi\u00e7os de melhoria das principais avenidas da cidade, especialmente aquelas que concentram grande fluxo.\" \/>\n<meta name=\"robots\" content=\"index, follow, max-snippet:-1, max-image-preview:large, max-video-preview:-1\" \/>\n<link rel=\"canonical\" href=\"https:\/\/www.manaus.am.gov.br\/seminf\/servicos-de-manutencao-asfaltica-5\/\" \/>\n<meta property=\"og:locale\" content=\"pt_BR\" \/>\n<meta property=\"og:type\" content=\"article\" \/>\n<meta property=\"og:title\" content=\"Bairro Pra\u00e7a 14 recebe servi\u00e7os de manuten\u00e7\u00e3o asf\u00e1ltica\" \/>\n<meta property=\"og:description\" content=\"A Prefeitura segue realizando servi\u00e7os de melhoria das principais avenidas da cidade, especialmente aquelas que concentram grande fluxo.\" \/>\n<meta property=\"og:url\" content=\"https:\/\/www.manaus.am.gov.br\/seminf\/servicos-de-manutencao-asfaltica-5\/\" \/>\n<meta property=\"og:site_name\" content=\"SEMINF\" \/>\n<meta property=\"article:published_time\" content=\"2026-01-19T19:54:34+00:00\" \/>\n<meta property=\"article:modified_time\" content=\"2026-01-19T20:12:50+00:00\" \/>\n<meta property=\"og:image\" content=\"https:\/\/www.manaus.am.gov.br\/seminf\/wp-content\/uploads\/sites\/6\/2026\/01\/736A7115-1024x683.jpg\" \/>\n\t<meta property=\"og:image:width\" content=\"1024\" \/>\n\t<meta property=\"og:image:height\" content=\"683\" \/>\n\t<meta property=\"og:image:type\" content=\"image\/jpeg\" \/>\n<meta name=\"author\" content=\"bvalente\" \/>\n<meta name=\"twitter:card\" content=\"summary_large_image\" \/>\n<meta name=\"twitter:label1\" content=\"Written by\" \/>\n\t<meta name=\"twitter:data1\" content=\"bvalente\" \/>\n\t<meta name=\"twitter:label2\" content=\"Est. reading time\" \/>\n\t<meta name=\"twitter:data2\" content=\"2 minutos\" \/>\n<script type=\"application\/ld+json\" class=\"yoast-schema-graph\">{\"@context\":\"https:\/\/schema.org\",\"@graph\":[{\"@type\":\"WebPage\",\"@id\":\"https:\/\/www.manaus.am.gov.br\/seminf\/servicos-de-manutencao-asfaltica-5\/\",\"url\":\"https:\/\/www.manaus.am.gov.br\/seminf\/servicos-de-manutencao-asfaltica-5\/\",\"name\":\"Bairro Pra\u00e7a 14 recebe servi\u00e7os de manuten\u00e7\u00e3o asf\u00e1ltica\",\"isPartOf\":{\"@id\":\"https:\/\/www.manaus.am.gov.br\/seminf\/#website\"},\"primaryImageOfPage\":{\"@id\":\"https:\/\/www.manaus.am.gov.br\/seminf\/servicos-de-manutencao-asfaltica-5\/#primaryimage\"},\"image\":{\"@id\":\"https:\/\/www.manaus.am.gov.br\/seminf\/servicos-de-manutencao-asfaltica-5\/#primaryimage\"},\"thumbnailUrl\":\"https:\/\/www.manaus.am.gov.br\/seminf\/wp-content\/uploads\/sites\/6\/2026\/01\/736A7115.jpg\",\"datePublished\":\"2026-01-19T19:54:34+00:00\",\"dateModified\":\"2026-01-19T20:12:50+00:00\",\"author\":{\"@id\":\"https:\/\/www.manaus.am.gov.br\/seminf\/#\/schema\/person\/466a0e03ae4b6062809046bd560ac955\"},\"description\":\"A Prefeitura segue realizando servi\u00e7os de melhoria das principais avenidas da cidade, especialmente aquelas que concentram grande fluxo.\",\"inLanguage\":\"pt-BR\",\"potentialAction\":[{\"@type\":\"ReadAction\",\"target\":[\"https:\/\/www.manaus.am.gov.br\/seminf\/servicos-de-manutencao-asfaltica-5\/\"]}]},{\"@type\":\"ImageObject\",\"inLanguage\":\"pt-BR\",\"@id\":\"https:\/\/www.manaus.am.gov.br\/seminf\/servicos-de-manutencao-asfaltica-5\/#primaryimage\",\"url\":\"https:\/\/www.manaus.am.gov.br\/seminf\/wp-content\/uploads\/sites\/6\/2026\/01\/736A7115.jpg\",\"contentUrl\":\"https:\/\/www.manaus.am.gov.br\/seminf\/wp-content\/uploads\/sites\/6\/2026\/01\/736A7115.jpg\",\"width\":6720,\"height\":4480,\"caption\":\"#paratodosverem - Servidores da Seminf aplicando asfalto novo em via\"},{\"@type\":\"WebSite\",\"@id\":\"https:\/\/www.manaus.am.gov.br\/seminf\/#website\",\"url\":\"https:\/\/www.manaus.am.gov.br\/seminf\/\",\"name\":\"Secretaria de Infraestrutura\",\"description\":\"Secretaria Municipal de Infraestrutura\",\"potentialAction\":[{\"@type\":\"SearchAction\",\"target\":{\"@type\":\"EntryPoint\",\"urlTemplate\":\"https:\/\/www.manaus.am.gov.br\/seminf\/?s={search_term_string}\"},\"query-input\":\"required name=search_term_string\"}],\"inLanguage\":\"pt-BR\"},{\"@type\":\"Person\",\"@id\":\"https:\/\/www.manaus.am.gov.br\/seminf\/#\/schema\/person\/466a0e03ae4b6062809046bd560ac955\",\"name\":\"bvalente\",\"image\":{\"@type\":\"ImageObject\",\"inLanguage\":\"pt-BR\",\"@id\":\"https:\/\/www.manaus.am.gov.br\/seminf\/#\/schema\/person\/image\/\",\"url\":\"https:\/\/secure.gravatar.com\/avatar\/3e69bc2b014bdad41adfec3a39de07d2?s=96&d=mm&r=g\",\"contentUrl\":\"https:\/\/secure.gravatar.com\/avatar\/3e69bc2b014bdad41adfec3a39de07d2?s=96&d=mm&r=g\",\"caption\":\"bvalente\"}}]}<\/script>\n<!-- \/ Yoast SEO plugin. -->","yoast_head_json":{"title":"Bairro Pra\u00e7a 14 recebe servi\u00e7os de manuten\u00e7\u00e3o asf\u00e1ltica","description":"A Prefeitura segue realizando servi\u00e7os de melhoria das principais avenidas da cidade, especialmente aquelas que concentram grande fluxo.","robots":{"index":"index","follow":"follow","max-snippet":"max-snippet:-1","max-image-preview":"max-image-preview:large","max-video-preview":"max-video-preview:-1"},"canonical":"https:\/\/www.manaus.am.gov.br\/seminf\/servicos-de-manutencao-asfaltica-5\/","og_locale":"pt_BR","og_type":"article","og_title":"Bairro Pra\u00e7a 14 recebe servi\u00e7os de manuten\u00e7\u00e3o asf\u00e1ltica","og_description":"A Prefeitura segue realizando servi\u00e7os de melhoria das principais avenidas da cidade, especialmente aquelas que concentram grande fluxo.","og_url":"https:\/\/www.manaus.am.gov.br\/seminf\/servicos-de-manutencao-asfaltica-5\/","og_site_name":"SEMINF","article_published_time":"2026-01-19T19:54:34+00:00","article_modified_time":"2026-01-19T20:12:50+00:00","og_image":[{"width":1024,"height":683,"url":"https:\/\/www.manaus.am.gov.br\/seminf\/wp-content\/uploads\/sites\/6\/2026\/01\/736A7115-1024x683.jpg","type":"image\/jpeg"}],"author":"bvalente","twitter_card":"summary_large_image","twitter_misc":{"Written by":"bvalente","Est. reading time":"2 minutos"},"schema":{"@context":"https:\/\/schema.org","@graph":[{"@type":"WebPage","@id":"https:\/\/www.manaus.am.gov.br\/seminf\/servicos-de-manutencao-asfaltica-5\/","url":"https:\/\/www.manaus.am.gov.br\/seminf\/servicos-de-manutencao-asfaltica-5\/","name":"Bairro Pra\u00e7a 14 recebe servi\u00e7os de manuten\u00e7\u00e3o asf\u00e1ltica","isPartOf":{"@id":"https:\/\/www.manaus.am.gov.br\/seminf\/#website"},"primaryImageOfPage":{"@id":"https:\/\/www.manaus.am.gov.br\/seminf\/servicos-de-manutencao-asfaltica-5\/#primaryimage"},"image":{"@id":"https:\/\/www.manaus.am.gov.br\/seminf\/servicos-de-manutencao-asfaltica-5\/#primaryimage"},"thumbnailUrl":"https:\/\/www.manaus.am.gov.br\/seminf\/wp-content\/uploads\/sites\/6\/2026\/01\/736A7115.jpg","datePublished":"2026-01-19T19:54:34+00:00","dateModified":"2026-01-19T20:12:50+00:00","author":{"@id":"https:\/\/www.manaus.am.gov.br\/seminf\/#\/schema\/person\/466a0e03ae4b6062809046bd560ac955"},"description":"A Prefeitura segue realizando servi\u00e7os de melhoria das principais avenidas da cidade, especialmente aquelas que concentram grande fluxo.","inLanguage":"pt-BR","potentialAction":[{"@type":"ReadAction","target":["https:\/\/www.manaus.am.gov.br\/seminf\/servicos-de-manutencao-asfaltica-5\/"]}]},{"@type":"ImageObject","inLanguage":"pt-BR","@id":"https:\/\/www.manaus.am.gov.br\/seminf\/servicos-de-manutencao-asfaltica-5\/#primaryimage","url":"https:\/\/www.manaus.am.gov.br\/seminf\/wp-content\/uploads\/sites\/6\/2026\/01\/736A7115.jpg","contentUrl":"https:\/\/www.manaus.am.gov.br\/seminf\/wp-content\/uploads\/sites\/6\/2026\/01\/736A7115.jpg","width":6720,"height":4480,"caption":"#paratodosverem - Servidores da Seminf aplicando asfalto novo em via"},{"@type":"WebSite","@id":"https:\/\/www.manaus.am.gov.br\/seminf\/#website","url":"https:\/\/www.manaus.am.gov.br\/seminf\/","name":"Secretaria de Infraestrutura","description":"Secretaria Municipal de Infraestrutura","potentialAction":[{"@type":"SearchAction","target":{"@type":"EntryPoint","urlTemplate":"https:\/\/www.manaus.am.gov.br\/seminf\/?s={search_term_string}"},"query-input":"required name=search_term_string"}],"inLanguage":"pt-BR"},{"@type":"Person","@id":"https:\/\/www.manaus.am.gov.br\/seminf\/#\/schema\/person\/466a0e03ae4b6062809046bd560ac955","name":"bvalente","image":{"@type":"ImageObject","inLanguage":"pt-BR","@id":"https:\/\/www.manaus.am.gov.br\/seminf\/#\/schema\/person\/image\/","url":"https:\/\/secure.gravatar.com\/avatar\/3e69bc2b014bdad41adfec3a39de07d2?s=96&d=mm&r=g","contentUrl":"https:\/\/secure.gravatar.com\/avatar\/3e69bc2b014bdad41adfec3a39de07d2?s=96&d=mm&r=g","caption":"bvalente"}}]}},"_links":{"self":[{"href":"https:\/\/www.manaus.am.gov.br\/seminf\/wp-json\/wp\/v2\/posts\/8184"}],"collection":[{"href":"https:\/\/www.manaus.am.gov.br\/seminf\/wp-json\/wp\/v2\/posts"}],"about":[{"href":"https:\/\/www.manaus.am.gov.br\/seminf\/wp-json\/wp\/v2\/types\/post"}],"author":[{"embeddable":true,"href":"https:\/\/www.manaus.am.gov.br\/seminf\/wp-json\/wp\/v2\/users\/68"}],"replies":[{"embeddable":true,"href":"https:\/\/www.manaus.am.gov.br\/seminf\/wp-json\/wp\/v2\/comments?post=8184"}],"version-history":[{"count":3,"href":"https:\/\/www.manaus.am.gov.br\/seminf\/wp-json\/wp\/v2\/posts\/8184\/revisions"}],"predecessor-version":[{"id":8189,"href":"https:\/\/www.manaus.am.gov.br\/seminf\/wp-json\/wp\/v2\/posts\/8184\/revisions\/8189"}],"wp:featuredmedia":[{"embeddable":true,"href":"https:\/\/www.manaus.am.gov.br\/seminf\/wp-json\/wp\/v2\/media\/8186"}],"wp:attachment":[{"href":"https:\/\/www.manaus.am.gov.br\/seminf\/wp-json\/wp\/v2\/media?parent=8184"}],"wp:term":[{"taxonomy":"category","embeddable":true,"href":"https:\/\/www.manaus.am.gov.br\/seminf\/wp-json\/wp\/v2\/categories?post=8184"},{"taxonomy":"post_tag","embeddable":true,"href":"https:\/\/www.manaus.am.gov.br\/seminf\/wp-json\/wp\/v2\/tags?post=8184"}],"curies":[{"name":"wp","href":"https:\/\/api.w.org\/{rel}","templated":true}]}}