{"id":8165,"date":"2026-01-16T20:31:50","date_gmt":"2026-01-17T00:31:50","guid":{"rendered":"https:\/\/www.manaus.am.gov.br\/seminf\/recuperacao-asfaltica-21\/"},"modified":"2026-01-19T12:55:46","modified_gmt":"2026-01-19T16:55:46","slug":"obras-intensivas-recuperacao-asfaltica-21","status":"publish","type":"post","link":"https:\/\/www.manaus.am.gov.br\/seminf\/obras-intensivas-recuperacao-asfaltica-21\/","title":{"rendered":"Prefeitura de Manaus transforma ruas do Educandos e refor\u00e7a compromisso com mobilidade e qualidade de vida na zona Sul"},"content":{"rendered":"\n<p>A <a href=\"https:\/\/www.manaus.am.gov.br\">Prefeitura de Manaus<\/a> segue avan\u00e7ando com a\u00e7\u00f5es que geram impacto direto no dia a dia da popula\u00e7\u00e3o. Por meio da Secretaria Municipal de Infraestrutura (Seminf), o bairro Educandos, na zona Sul, recebeu obras intensivas de recupera\u00e7\u00e3o asf\u00e1ltica, garantindo mais seguran\u00e7a, fluidez no tr\u00e2nsito e melhores condi\u00e7\u00f5es de mobilidade para moradores e condutores.<\/p>\n\n\n\n<p>As interven\u00e7\u00f5es fazem parte do programa cont\u00ednuo de manuten\u00e7\u00e3o do pavimento executado pela gest\u00e3o municipal, que tem priorizado vias estrat\u00e9gicas e bairros com grande circula\u00e7\u00e3o. No bairro Educandos, foram contempladas as ruas Am\u00e2ncio de Miranda, avenida Leopoldo Peres, rua Inoc\u00eancio de Ara\u00fajo e Rio Negro, que agora apresentam um novo cen\u00e1rio urbano, com vias completamente revitalizadas.<\/p>\n\n\n\n<p>O vice-prefeito e secret\u00e1rio de Obras, Renato Junior, destacou que o trabalho \u00e9 resultado de uma gest\u00e3o presente e atenta \u00e0s necessidades da popula\u00e7\u00e3o. \u201cSeguimos avan\u00e7ando com obras por toda a cidade. Nesta semana, as zonas Sul e Centro-Sul receberam uma aten\u00e7\u00e3o especial, por determina\u00e7\u00e3o do prefeito David Almeida. Nosso foco \u00e9 cuidar das pessoas, estar perto da popula\u00e7\u00e3o e transformar realidades. \u00c9 isso que nos motiva a continuar trabalhando todos os dias pelas ruas de Manaus\u201d, afirmou Renato Junior.<\/p>\n\n\n\n<p>Os servi\u00e7os foram executados com agilidade e efici\u00eancia por equipes t\u00e9cnicas da Seminf, formadas por servidores capacitados e apoiadas por maquin\u00e1rio especializado, assegurando qualidade e durabilidade nas interven\u00e7\u00f5es.<\/p>\n\n\n\n<p>A popula\u00e7\u00e3o acompanhou de perto os trabalhos e aprovou a iniciativa da prefeitura. Morador e trabalhador da avenida Inoc\u00eancio de Ara\u00fajo, Eymar Viana, 54 anos, elogiou a atua\u00e7\u00e3o das equipes. \u201cO trabalho da Seminf est\u00e1 aqui na \u00e1rea, modernizando a minha rua. \u00c9 um servi\u00e7o bem feito, bonito de ver, e que faz diferen\u00e7a para todos n\u00f3s. Est\u00e3o de parab\u00e9ns\u201d, destacou.<\/p>\n\n\n\n<p>Com frentes de obras intensivas ativas em diversas zonas da capital, a Prefeitura de Manaus reafirma seu compromisso com uma cidade mais organizada, segura e preparada para oferecer mais qualidade de vida \u00e0s fam\u00edlias manauaras.<\/p>\n\n\n\n<p><strong><br><\/strong>&#8212; &#8212; &#8212;<\/p>\n\n\n\n<p><strong>Texto e fotos &#8211;<\/strong> Maria Amed\/ Seminf<\/p>\n","protected":false},"excerpt":{"rendered":"","protected":false},"author":68,"featured_media":8166,"comment_status":"closed","ping_status":"closed","sticky":false,"template":"","format":"standard","meta":{"footnotes":""},"categories":[4],"tags":[43,70,26],"acf":[],"yoast_head":"<!-- This site is optimized with the Yoast SEO plugin v23.0 - https:\/\/yoast.com\/wordpress\/plugins\/seo\/ -->\n<title>Prefeitura de Manaus transforma ruas do Educandos<\/title>\n<meta name=\"description\" content=\"A Prefeitura de Manaus segue avan\u00e7ando com a\u00e7\u00f5es que geram impacto direto no dia a dia da popula\u00e7\u00e3o, com a recupera\u00e7\u00e3o asf\u00e1ltica.\" \/>\n<meta name=\"robots\" content=\"index, follow, max-snippet:-1, max-image-preview:large, max-video-preview:-1\" \/>\n<link rel=\"canonical\" href=\"https:\/\/www.manaus.am.gov.br\/seminf\/recuperacao-asfaltica-21\/\" \/>\n<meta property=\"og:locale\" content=\"pt_BR\" \/>\n<meta property=\"og:type\" content=\"article\" \/>\n<meta property=\"og:title\" content=\"Prefeitura de Manaus transforma ruas do Educandos\" \/>\n<meta property=\"og:description\" content=\"A Prefeitura de Manaus segue avan\u00e7ando com a\u00e7\u00f5es que geram impacto direto no dia a dia da popula\u00e7\u00e3o, com a recupera\u00e7\u00e3o asf\u00e1ltica.\" \/>\n<meta property=\"og:url\" content=\"https:\/\/www.manaus.am.gov.br\/seminf\/recuperacao-asfaltica-21\/\" \/>\n<meta property=\"og:site_name\" content=\"SEMINF\" \/>\n<meta property=\"article:published_time\" content=\"2026-01-17T00:31:50+00:00\" \/>\n<meta property=\"article:modified_time\" content=\"2026-01-19T16:55:46+00:00\" \/>\n<meta property=\"og:image\" content=\"https:\/\/www.manaus.am.gov.br\/seminf\/wp-content\/uploads\/sites\/6\/2026\/01\/736A7061-1024x683.jpg\" \/>\n\t<meta property=\"og:image:width\" content=\"1024\" \/>\n\t<meta property=\"og:image:height\" content=\"683\" \/>\n\t<meta property=\"og:image:type\" content=\"image\/jpeg\" \/>\n<meta name=\"author\" content=\"bvalente\" \/>\n<meta name=\"twitter:card\" content=\"summary_large_image\" \/>\n<meta name=\"twitter:label1\" content=\"Written by\" \/>\n\t<meta name=\"twitter:data1\" content=\"bvalente\" \/>\n\t<meta name=\"twitter:label2\" content=\"Est. reading time\" \/>\n\t<meta name=\"twitter:data2\" content=\"2 minutos\" \/>\n<script type=\"application\/ld+json\" class=\"yoast-schema-graph\">{\"@context\":\"https:\/\/schema.org\",\"@graph\":[{\"@type\":\"WebPage\",\"@id\":\"https:\/\/www.manaus.am.gov.br\/seminf\/recuperacao-asfaltica-21\/\",\"url\":\"https:\/\/www.manaus.am.gov.br\/seminf\/recuperacao-asfaltica-21\/\",\"name\":\"Prefeitura de Manaus transforma ruas do Educandos\",\"isPartOf\":{\"@id\":\"https:\/\/www.manaus.am.gov.br\/seminf\/#website\"},\"primaryImageOfPage\":{\"@id\":\"https:\/\/www.manaus.am.gov.br\/seminf\/recuperacao-asfaltica-21\/#primaryimage\"},\"image\":{\"@id\":\"https:\/\/www.manaus.am.gov.br\/seminf\/recuperacao-asfaltica-21\/#primaryimage\"},\"thumbnailUrl\":\"https:\/\/www.manaus.am.gov.br\/seminf\/wp-content\/uploads\/sites\/6\/2026\/01\/736A7061.jpg\",\"datePublished\":\"2026-01-17T00:31:50+00:00\",\"dateModified\":\"2026-01-19T16:55:46+00:00\",\"author\":{\"@id\":\"https:\/\/www.manaus.am.gov.br\/seminf\/#\/schema\/person\/466a0e03ae4b6062809046bd560ac955\"},\"description\":\"A Prefeitura de Manaus segue avan\u00e7ando com a\u00e7\u00f5es que geram impacto direto no dia a dia da popula\u00e7\u00e3o, com a recupera\u00e7\u00e3o asf\u00e1ltica.\",\"inLanguage\":\"pt-BR\",\"potentialAction\":[{\"@type\":\"ReadAction\",\"target\":[\"https:\/\/www.manaus.am.gov.br\/seminf\/recuperacao-asfaltica-21\/\"]}]},{\"@type\":\"ImageObject\",\"inLanguage\":\"pt-BR\",\"@id\":\"https:\/\/www.manaus.am.gov.br\/seminf\/recuperacao-asfaltica-21\/#primaryimage\",\"url\":\"https:\/\/www.manaus.am.gov.br\/seminf\/wp-content\/uploads\/sites\/6\/2026\/01\/736A7061.jpg\",\"contentUrl\":\"https:\/\/www.manaus.am.gov.br\/seminf\/wp-content\/uploads\/sites\/6\/2026\/01\/736A7061.jpg\",\"width\":6720,\"height\":4480,\"caption\":\"#paratodosverem - Servidores da Seminf aplicando asfalto novo em via\"},{\"@type\":\"WebSite\",\"@id\":\"https:\/\/www.manaus.am.gov.br\/seminf\/#website\",\"url\":\"https:\/\/www.manaus.am.gov.br\/seminf\/\",\"name\":\"Secretaria de Infraestrutura\",\"description\":\"Secretaria Municipal de Infraestrutura\",\"potentialAction\":[{\"@type\":\"SearchAction\",\"target\":{\"@type\":\"EntryPoint\",\"urlTemplate\":\"https:\/\/www.manaus.am.gov.br\/seminf\/?s={search_term_string}\"},\"query-input\":\"required name=search_term_string\"}],\"inLanguage\":\"pt-BR\"},{\"@type\":\"Person\",\"@id\":\"https:\/\/www.manaus.am.gov.br\/seminf\/#\/schema\/person\/466a0e03ae4b6062809046bd560ac955\",\"name\":\"bvalente\",\"image\":{\"@type\":\"ImageObject\",\"inLanguage\":\"pt-BR\",\"@id\":\"https:\/\/www.manaus.am.gov.br\/seminf\/#\/schema\/person\/image\/\",\"url\":\"https:\/\/secure.gravatar.com\/avatar\/3e69bc2b014bdad41adfec3a39de07d2?s=96&d=mm&r=g\",\"contentUrl\":\"https:\/\/secure.gravatar.com\/avatar\/3e69bc2b014bdad41adfec3a39de07d2?s=96&d=mm&r=g\",\"caption\":\"bvalente\"}}]}<\/script>\n<!-- \/ Yoast SEO plugin. -->","yoast_head_json":{"title":"Prefeitura de Manaus transforma ruas do Educandos","description":"A Prefeitura de Manaus segue avan\u00e7ando com a\u00e7\u00f5es que geram impacto direto no dia a dia da popula\u00e7\u00e3o, com a recupera\u00e7\u00e3o asf\u00e1ltica.","robots":{"index":"index","follow":"follow","max-snippet":"max-snippet:-1","max-image-preview":"max-image-preview:large","max-video-preview":"max-video-preview:-1"},"canonical":"https:\/\/www.manaus.am.gov.br\/seminf\/recuperacao-asfaltica-21\/","og_locale":"pt_BR","og_type":"article","og_title":"Prefeitura de Manaus transforma ruas do Educandos","og_description":"A Prefeitura de Manaus segue avan\u00e7ando com a\u00e7\u00f5es que geram impacto direto no dia a dia da popula\u00e7\u00e3o, com a recupera\u00e7\u00e3o asf\u00e1ltica.","og_url":"https:\/\/www.manaus.am.gov.br\/seminf\/recuperacao-asfaltica-21\/","og_site_name":"SEMINF","article_published_time":"2026-01-17T00:31:50+00:00","article_modified_time":"2026-01-19T16:55:46+00:00","og_image":[{"width":1024,"height":683,"url":"https:\/\/www.manaus.am.gov.br\/seminf\/wp-content\/uploads\/sites\/6\/2026\/01\/736A7061-1024x683.jpg","type":"image\/jpeg"}],"author":"bvalente","twitter_card":"summary_large_image","twitter_misc":{"Written by":"bvalente","Est. reading time":"2 minutos"},"schema":{"@context":"https:\/\/schema.org","@graph":[{"@type":"WebPage","@id":"https:\/\/www.manaus.am.gov.br\/seminf\/recuperacao-asfaltica-21\/","url":"https:\/\/www.manaus.am.gov.br\/seminf\/recuperacao-asfaltica-21\/","name":"Prefeitura de Manaus transforma ruas do Educandos","isPartOf":{"@id":"https:\/\/www.manaus.am.gov.br\/seminf\/#website"},"primaryImageOfPage":{"@id":"https:\/\/www.manaus.am.gov.br\/seminf\/recuperacao-asfaltica-21\/#primaryimage"},"image":{"@id":"https:\/\/www.manaus.am.gov.br\/seminf\/recuperacao-asfaltica-21\/#primaryimage"},"thumbnailUrl":"https:\/\/www.manaus.am.gov.br\/seminf\/wp-content\/uploads\/sites\/6\/2026\/01\/736A7061.jpg","datePublished":"2026-01-17T00:31:50+00:00","dateModified":"2026-01-19T16:55:46+00:00","author":{"@id":"https:\/\/www.manaus.am.gov.br\/seminf\/#\/schema\/person\/466a0e03ae4b6062809046bd560ac955"},"description":"A Prefeitura de Manaus segue avan\u00e7ando com a\u00e7\u00f5es que geram impacto direto no dia a dia da popula\u00e7\u00e3o, com a recupera\u00e7\u00e3o asf\u00e1ltica.","inLanguage":"pt-BR","potentialAction":[{"@type":"ReadAction","target":["https:\/\/www.manaus.am.gov.br\/seminf\/recuperacao-asfaltica-21\/"]}]},{"@type":"ImageObject","inLanguage":"pt-BR","@id":"https:\/\/www.manaus.am.gov.br\/seminf\/recuperacao-asfaltica-21\/#primaryimage","url":"https:\/\/www.manaus.am.gov.br\/seminf\/wp-content\/uploads\/sites\/6\/2026\/01\/736A7061.jpg","contentUrl":"https:\/\/www.manaus.am.gov.br\/seminf\/wp-content\/uploads\/sites\/6\/2026\/01\/736A7061.jpg","width":6720,"height":4480,"caption":"#paratodosverem - Servidores da Seminf aplicando asfalto novo em via"},{"@type":"WebSite","@id":"https:\/\/www.manaus.am.gov.br\/seminf\/#website","url":"https:\/\/www.manaus.am.gov.br\/seminf\/","name":"Secretaria de Infraestrutura","description":"Secretaria Municipal de Infraestrutura","potentialAction":[{"@type":"SearchAction","target":{"@type":"EntryPoint","urlTemplate":"https:\/\/www.manaus.am.gov.br\/seminf\/?s={search_term_string}"},"query-input":"required name=search_term_string"}],"inLanguage":"pt-BR"},{"@type":"Person","@id":"https:\/\/www.manaus.am.gov.br\/seminf\/#\/schema\/person\/466a0e03ae4b6062809046bd560ac955","name":"bvalente","image":{"@type":"ImageObject","inLanguage":"pt-BR","@id":"https:\/\/www.manaus.am.gov.br\/seminf\/#\/schema\/person\/image\/","url":"https:\/\/secure.gravatar.com\/avatar\/3e69bc2b014bdad41adfec3a39de07d2?s=96&d=mm&r=g","contentUrl":"https:\/\/secure.gravatar.com\/avatar\/3e69bc2b014bdad41adfec3a39de07d2?s=96&d=mm&r=g","caption":"bvalente"}}]}},"_links":{"self":[{"href":"https:\/\/www.manaus.am.gov.br\/seminf\/wp-json\/wp\/v2\/posts\/8165"}],"collection":[{"href":"https:\/\/www.manaus.am.gov.br\/seminf\/wp-json\/wp\/v2\/posts"}],"about":[{"href":"https:\/\/www.manaus.am.gov.br\/seminf\/wp-json\/wp\/v2\/types\/post"}],"author":[{"embeddable":true,"href":"https:\/\/www.manaus.am.gov.br\/seminf\/wp-json\/wp\/v2\/users\/68"}],"replies":[{"embeddable":true,"href":"https:\/\/www.manaus.am.gov.br\/seminf\/wp-json\/wp\/v2\/comments?post=8165"}],"version-history":[{"count":1,"href":"https:\/\/www.manaus.am.gov.br\/seminf\/wp-json\/wp\/v2\/posts\/8165\/revisions"}],"predecessor-version":[{"id":8180,"href":"https:\/\/www.manaus.am.gov.br\/seminf\/wp-json\/wp\/v2\/posts\/8165\/revisions\/8180"}],"wp:featuredmedia":[{"embeddable":true,"href":"https:\/\/www.manaus.am.gov.br\/seminf\/wp-json\/wp\/v2\/media\/8166"}],"wp:attachment":[{"href":"https:\/\/www.manaus.am.gov.br\/seminf\/wp-json\/wp\/v2\/media?parent=8165"}],"wp:term":[{"taxonomy":"category","embeddable":true,"href":"https:\/\/www.manaus.am.gov.br\/seminf\/wp-json\/wp\/v2\/categories?post=8165"},{"taxonomy":"post_tag","embeddable":true,"href":"https:\/\/www.manaus.am.gov.br\/seminf\/wp-json\/wp\/v2\/tags?post=8165"}],"curies":[{"name":"wp","href":"https:\/\/api.w.org\/{rel}","templated":true}]}}