{"id":8163,"date":"2026-01-16T20:02:06","date_gmt":"2026-01-17T00:02:06","guid":{"rendered":"https:\/\/www.manaus.am.gov.br\/seminf\/obras-de-recuperacao-asfaltica-5\/"},"modified":"2026-01-19T12:19:48","modified_gmt":"2026-01-19T16:19:48","slug":"obras-de-recuperacao-asfaltica-5","status":"publish","type":"post","link":"https:\/\/www.manaus.am.gov.br\/seminf\/obras-de-recuperacao-asfaltica-5\/","title":{"rendered":"Prefeitura de Manaus transforma ruas do bairro Japiim com obras de recupera\u00e7\u00e3o asf\u00e1ltica"},"content":{"rendered":"\n<p>A <a href=\"https:\/\/www.manaus.am.gov.br\">Prefeitura de Manaus<\/a> segue avan\u00e7ando com servi\u00e7os que impactam diretamente a vida da popula\u00e7\u00e3o. Nesta sexta-feira, 16\/1, equipes da Secretaria Municipal de Infraestrutura (Seminf) estiveram no bairro Japiim, zona Sul, executando obras de recupera\u00e7\u00e3o asf\u00e1ltica que garantem mais seguran\u00e7a, mobilidade e qualidade de vida para quem vive e circula pela regi\u00e3o.<\/p>\n\n\n\n<p>As ruas Maria de M\u00e9dici, S\u00e3o Francisco, Doutor Benjamin Brand\u00e3o, Jos\u00e9 Prestes, S\u00e3o Sebasti\u00e3o, Carlos Filgueiras e Alu\u00edsio Brasil receberam os servi\u00e7os de recupera\u00e7\u00e3o asf\u00e1ltica, mudando a realidade das vias e atendendo a uma antiga demanda dos moradores, que agora comemoram o novo cen\u00e1rio.<\/p>\n\n\n\n<p>O vice-prefeito e secret\u00e1rio de Obras, Renato Junior, destacou o compromisso da gest\u00e3o municipal em cuidar das pessoas por meio de a\u00e7\u00f5es concretas. \u201cEssa \u00e9 a marca da gest\u00e3o do prefeito David Almeida o trabalho constante, foco nas pessoas e obras que realmente transformam a cidade. Aqui no Japiim, a popula\u00e7\u00e3o aprova porque sente a diferen\u00e7a no dia a dia. A opera\u00e7\u00e3o tapa-buraco segue com equipes nas ruas, fazendo servi\u00e7o em v\u00e1rias ruas simult\u00e2neamente, e vamos avan\u00e7ar ainda mais nas pr\u00f3ximas semanas\u201d, afirmou Renato Junior.<\/p>\n\n\n\n<p>A moradora e trabalhadora da rua Maria de M\u00e9dici, Daniele da Costa, 47 anos, comemorou a chegada das equipes. \u201cEstou achando maravilhoso, porque a gente estava precisando muito. No per\u00edodo das chuvas, os buracos ficavam horr\u00edveis e dificultavam tudo. Agora vai melhorar bastante para quem mora e trabalha aqui\u201d, disse Daniele da Costa.<\/p>\n\n\n\n<p>Quem tamb\u00e9m aprovou os servi\u00e7os foi o aut\u00f4nomo James \u00c9der, 38 anos. \u201cIsso \u00e9 muito importante para a comunidade. Nossa situa\u00e7\u00e3o estava prec\u00e1ria, e hoje a gente v\u00ea a prefeitura presente, atendendo nossa solicita\u00e7\u00e3o. S\u00f3 temos a agradecer\u201d, destacou James \u00c9der.<\/p>\n\n\n\n<p>Com frentes de trabalho espalhadas por todas as zonas da cidade, a Prefeitura de Manaus refor\u00e7a o compromisso com uma infraestrutura mais segura e eficiente, promovendo melhorias reais na mobilidade urbana e no bem-estar das fam\u00edlias manauaras.<\/p>\n\n\n\n<p><br><strong><br><\/strong>&#8212; &#8212; &#8212;<br><strong>Texto &#8211;<\/strong> Maria Amed\/ Seminf<br><strong>Fotos &#8211; <\/strong>M\u00e1rcio Melo\/ Seminf<\/p>\n","protected":false},"excerpt":{"rendered":"","protected":false},"author":68,"featured_media":8164,"comment_status":"closed","ping_status":"closed","sticky":false,"template":"","format":"standard","meta":{"footnotes":""},"categories":[8],"tags":[2441,43,26,2994],"acf":[],"yoast_head":"<!-- This site is optimized with the Yoast SEO plugin v23.0 - https:\/\/yoast.com\/wordpress\/plugins\/seo\/ -->\n<title>Prefeitura de Manaus transforma ruas do bairro Japiim<\/title>\n<meta name=\"description\" content=\"A Prefeitura de Manaus segue avan\u00e7ando com servi\u00e7os que impactam diretamente a vida da popula\u00e7\u00e3o, com obras de recupera\u00e7\u00e3o asf\u00e1ltica.\" \/>\n<meta name=\"robots\" content=\"index, follow, max-snippet:-1, max-image-preview:large, max-video-preview:-1\" \/>\n<link rel=\"canonical\" href=\"https:\/\/www.manaus.am.gov.br\/seminf\/obras-de-recuperacao-asfaltica-5\/\" \/>\n<meta property=\"og:locale\" content=\"pt_BR\" \/>\n<meta property=\"og:type\" content=\"article\" \/>\n<meta property=\"og:title\" content=\"Prefeitura de Manaus transforma ruas do bairro Japiim\" \/>\n<meta property=\"og:description\" content=\"A Prefeitura de Manaus segue avan\u00e7ando com servi\u00e7os que impactam diretamente a vida da popula\u00e7\u00e3o, com obras de recupera\u00e7\u00e3o asf\u00e1ltica.\" \/>\n<meta property=\"og:url\" content=\"https:\/\/www.manaus.am.gov.br\/seminf\/obras-de-recuperacao-asfaltica-5\/\" \/>\n<meta property=\"og:site_name\" content=\"SEMINF\" \/>\n<meta property=\"article:published_time\" content=\"2026-01-17T00:02:06+00:00\" \/>\n<meta property=\"article:modified_time\" content=\"2026-01-19T16:19:48+00:00\" \/>\n<meta property=\"og:image\" content=\"https:\/\/www.manaus.am.gov.br\/seminf\/wp-content\/uploads\/sites\/6\/2026\/01\/Prefeitura-de-Manaus-transforma-ruas-do-bairro-Japiim-com-obras-de-recuperacao-asfaltica-5.jpg\" \/>\n\t<meta property=\"og:image:width\" content=\"1600\" \/>\n\t<meta property=\"og:image:height\" content=\"1067\" \/>\n\t<meta property=\"og:image:type\" content=\"image\/jpeg\" \/>\n<meta name=\"author\" content=\"bvalente\" \/>\n<meta name=\"twitter:card\" content=\"summary_large_image\" \/>\n<meta name=\"twitter:label1\" content=\"Written by\" \/>\n\t<meta name=\"twitter:data1\" content=\"bvalente\" \/>\n\t<meta name=\"twitter:label2\" content=\"Est. reading time\" \/>\n\t<meta name=\"twitter:data2\" content=\"2 minutos\" \/>\n<script type=\"application\/ld+json\" class=\"yoast-schema-graph\">{\"@context\":\"https:\/\/schema.org\",\"@graph\":[{\"@type\":\"WebPage\",\"@id\":\"https:\/\/www.manaus.am.gov.br\/seminf\/obras-de-recuperacao-asfaltica-5\/\",\"url\":\"https:\/\/www.manaus.am.gov.br\/seminf\/obras-de-recuperacao-asfaltica-5\/\",\"name\":\"Prefeitura de Manaus transforma ruas do bairro Japiim\",\"isPartOf\":{\"@id\":\"https:\/\/www.manaus.am.gov.br\/seminf\/#website\"},\"primaryImageOfPage\":{\"@id\":\"https:\/\/www.manaus.am.gov.br\/seminf\/obras-de-recuperacao-asfaltica-5\/#primaryimage\"},\"image\":{\"@id\":\"https:\/\/www.manaus.am.gov.br\/seminf\/obras-de-recuperacao-asfaltica-5\/#primaryimage\"},\"thumbnailUrl\":\"https:\/\/www.manaus.am.gov.br\/seminf\/wp-content\/uploads\/sites\/6\/2026\/01\/Prefeitura-de-Manaus-transforma-ruas-do-bairro-Japiim-com-obras-de-recuperacao-asfaltica-5.jpg\",\"datePublished\":\"2026-01-17T00:02:06+00:00\",\"dateModified\":\"2026-01-19T16:19:48+00:00\",\"author\":{\"@id\":\"https:\/\/www.manaus.am.gov.br\/seminf\/#\/schema\/person\/466a0e03ae4b6062809046bd560ac955\"},\"description\":\"A Prefeitura de Manaus segue avan\u00e7ando com servi\u00e7os que impactam diretamente a vida da popula\u00e7\u00e3o, com obras de recupera\u00e7\u00e3o asf\u00e1ltica.\",\"inLanguage\":\"pt-BR\",\"potentialAction\":[{\"@type\":\"ReadAction\",\"target\":[\"https:\/\/www.manaus.am.gov.br\/seminf\/obras-de-recuperacao-asfaltica-5\/\"]}]},{\"@type\":\"ImageObject\",\"inLanguage\":\"pt-BR\",\"@id\":\"https:\/\/www.manaus.am.gov.br\/seminf\/obras-de-recuperacao-asfaltica-5\/#primaryimage\",\"url\":\"https:\/\/www.manaus.am.gov.br\/seminf\/wp-content\/uploads\/sites\/6\/2026\/01\/Prefeitura-de-Manaus-transforma-ruas-do-bairro-Japiim-com-obras-de-recuperacao-asfaltica-5.jpg\",\"contentUrl\":\"https:\/\/www.manaus.am.gov.br\/seminf\/wp-content\/uploads\/sites\/6\/2026\/01\/Prefeitura-de-Manaus-transforma-ruas-do-bairro-Japiim-com-obras-de-recuperacao-asfaltica-5.jpg\",\"width\":1600,\"height\":1067,\"caption\":\"#paratodosverem - Equipe da Seminf aplicando asfalto novo em via\"},{\"@type\":\"WebSite\",\"@id\":\"https:\/\/www.manaus.am.gov.br\/seminf\/#website\",\"url\":\"https:\/\/www.manaus.am.gov.br\/seminf\/\",\"name\":\"Secretaria de Infraestrutura\",\"description\":\"Secretaria Municipal de Infraestrutura\",\"potentialAction\":[{\"@type\":\"SearchAction\",\"target\":{\"@type\":\"EntryPoint\",\"urlTemplate\":\"https:\/\/www.manaus.am.gov.br\/seminf\/?s={search_term_string}\"},\"query-input\":\"required name=search_term_string\"}],\"inLanguage\":\"pt-BR\"},{\"@type\":\"Person\",\"@id\":\"https:\/\/www.manaus.am.gov.br\/seminf\/#\/schema\/person\/466a0e03ae4b6062809046bd560ac955\",\"name\":\"bvalente\",\"image\":{\"@type\":\"ImageObject\",\"inLanguage\":\"pt-BR\",\"@id\":\"https:\/\/www.manaus.am.gov.br\/seminf\/#\/schema\/person\/image\/\",\"url\":\"https:\/\/secure.gravatar.com\/avatar\/3e69bc2b014bdad41adfec3a39de07d2?s=96&d=mm&r=g\",\"contentUrl\":\"https:\/\/secure.gravatar.com\/avatar\/3e69bc2b014bdad41adfec3a39de07d2?s=96&d=mm&r=g\",\"caption\":\"bvalente\"}}]}<\/script>\n<!-- \/ Yoast SEO plugin. -->","yoast_head_json":{"title":"Prefeitura de Manaus transforma ruas do bairro Japiim","description":"A Prefeitura de Manaus segue avan\u00e7ando com servi\u00e7os que impactam diretamente a vida da popula\u00e7\u00e3o, com obras de recupera\u00e7\u00e3o asf\u00e1ltica.","robots":{"index":"index","follow":"follow","max-snippet":"max-snippet:-1","max-image-preview":"max-image-preview:large","max-video-preview":"max-video-preview:-1"},"canonical":"https:\/\/www.manaus.am.gov.br\/seminf\/obras-de-recuperacao-asfaltica-5\/","og_locale":"pt_BR","og_type":"article","og_title":"Prefeitura de Manaus transforma ruas do bairro Japiim","og_description":"A Prefeitura de Manaus segue avan\u00e7ando com servi\u00e7os que impactam diretamente a vida da popula\u00e7\u00e3o, com obras de recupera\u00e7\u00e3o asf\u00e1ltica.","og_url":"https:\/\/www.manaus.am.gov.br\/seminf\/obras-de-recuperacao-asfaltica-5\/","og_site_name":"SEMINF","article_published_time":"2026-01-17T00:02:06+00:00","article_modified_time":"2026-01-19T16:19:48+00:00","og_image":[{"width":1600,"height":1067,"url":"https:\/\/www.manaus.am.gov.br\/seminf\/wp-content\/uploads\/sites\/6\/2026\/01\/Prefeitura-de-Manaus-transforma-ruas-do-bairro-Japiim-com-obras-de-recuperacao-asfaltica-5.jpg","type":"image\/jpeg"}],"author":"bvalente","twitter_card":"summary_large_image","twitter_misc":{"Written by":"bvalente","Est. reading time":"2 minutos"},"schema":{"@context":"https:\/\/schema.org","@graph":[{"@type":"WebPage","@id":"https:\/\/www.manaus.am.gov.br\/seminf\/obras-de-recuperacao-asfaltica-5\/","url":"https:\/\/www.manaus.am.gov.br\/seminf\/obras-de-recuperacao-asfaltica-5\/","name":"Prefeitura de Manaus transforma ruas do bairro Japiim","isPartOf":{"@id":"https:\/\/www.manaus.am.gov.br\/seminf\/#website"},"primaryImageOfPage":{"@id":"https:\/\/www.manaus.am.gov.br\/seminf\/obras-de-recuperacao-asfaltica-5\/#primaryimage"},"image":{"@id":"https:\/\/www.manaus.am.gov.br\/seminf\/obras-de-recuperacao-asfaltica-5\/#primaryimage"},"thumbnailUrl":"https:\/\/www.manaus.am.gov.br\/seminf\/wp-content\/uploads\/sites\/6\/2026\/01\/Prefeitura-de-Manaus-transforma-ruas-do-bairro-Japiim-com-obras-de-recuperacao-asfaltica-5.jpg","datePublished":"2026-01-17T00:02:06+00:00","dateModified":"2026-01-19T16:19:48+00:00","author":{"@id":"https:\/\/www.manaus.am.gov.br\/seminf\/#\/schema\/person\/466a0e03ae4b6062809046bd560ac955"},"description":"A Prefeitura de Manaus segue avan\u00e7ando com servi\u00e7os que impactam diretamente a vida da popula\u00e7\u00e3o, com obras de recupera\u00e7\u00e3o asf\u00e1ltica.","inLanguage":"pt-BR","potentialAction":[{"@type":"ReadAction","target":["https:\/\/www.manaus.am.gov.br\/seminf\/obras-de-recuperacao-asfaltica-5\/"]}]},{"@type":"ImageObject","inLanguage":"pt-BR","@id":"https:\/\/www.manaus.am.gov.br\/seminf\/obras-de-recuperacao-asfaltica-5\/#primaryimage","url":"https:\/\/www.manaus.am.gov.br\/seminf\/wp-content\/uploads\/sites\/6\/2026\/01\/Prefeitura-de-Manaus-transforma-ruas-do-bairro-Japiim-com-obras-de-recuperacao-asfaltica-5.jpg","contentUrl":"https:\/\/www.manaus.am.gov.br\/seminf\/wp-content\/uploads\/sites\/6\/2026\/01\/Prefeitura-de-Manaus-transforma-ruas-do-bairro-Japiim-com-obras-de-recuperacao-asfaltica-5.jpg","width":1600,"height":1067,"caption":"#paratodosverem - Equipe da Seminf aplicando asfalto novo em via"},{"@type":"WebSite","@id":"https:\/\/www.manaus.am.gov.br\/seminf\/#website","url":"https:\/\/www.manaus.am.gov.br\/seminf\/","name":"Secretaria de Infraestrutura","description":"Secretaria Municipal de Infraestrutura","potentialAction":[{"@type":"SearchAction","target":{"@type":"EntryPoint","urlTemplate":"https:\/\/www.manaus.am.gov.br\/seminf\/?s={search_term_string}"},"query-input":"required name=search_term_string"}],"inLanguage":"pt-BR"},{"@type":"Person","@id":"https:\/\/www.manaus.am.gov.br\/seminf\/#\/schema\/person\/466a0e03ae4b6062809046bd560ac955","name":"bvalente","image":{"@type":"ImageObject","inLanguage":"pt-BR","@id":"https:\/\/www.manaus.am.gov.br\/seminf\/#\/schema\/person\/image\/","url":"https:\/\/secure.gravatar.com\/avatar\/3e69bc2b014bdad41adfec3a39de07d2?s=96&d=mm&r=g","contentUrl":"https:\/\/secure.gravatar.com\/avatar\/3e69bc2b014bdad41adfec3a39de07d2?s=96&d=mm&r=g","caption":"bvalente"}}]}},"_links":{"self":[{"href":"https:\/\/www.manaus.am.gov.br\/seminf\/wp-json\/wp\/v2\/posts\/8163"}],"collection":[{"href":"https:\/\/www.manaus.am.gov.br\/seminf\/wp-json\/wp\/v2\/posts"}],"about":[{"href":"https:\/\/www.manaus.am.gov.br\/seminf\/wp-json\/wp\/v2\/types\/post"}],"author":[{"embeddable":true,"href":"https:\/\/www.manaus.am.gov.br\/seminf\/wp-json\/wp\/v2\/users\/68"}],"replies":[{"embeddable":true,"href":"https:\/\/www.manaus.am.gov.br\/seminf\/wp-json\/wp\/v2\/comments?post=8163"}],"version-history":[{"count":1,"href":"https:\/\/www.manaus.am.gov.br\/seminf\/wp-json\/wp\/v2\/posts\/8163\/revisions"}],"predecessor-version":[{"id":8179,"href":"https:\/\/www.manaus.am.gov.br\/seminf\/wp-json\/wp\/v2\/posts\/8163\/revisions\/8179"}],"wp:featuredmedia":[{"embeddable":true,"href":"https:\/\/www.manaus.am.gov.br\/seminf\/wp-json\/wp\/v2\/media\/8164"}],"wp:attachment":[{"href":"https:\/\/www.manaus.am.gov.br\/seminf\/wp-json\/wp\/v2\/media?parent=8163"}],"wp:term":[{"taxonomy":"category","embeddable":true,"href":"https:\/\/www.manaus.am.gov.br\/seminf\/wp-json\/wp\/v2\/categories?post=8163"},{"taxonomy":"post_tag","embeddable":true,"href":"https:\/\/www.manaus.am.gov.br\/seminf\/wp-json\/wp\/v2\/tags?post=8163"}],"curies":[{"name":"wp","href":"https:\/\/api.w.org\/{rel}","templated":true}]}}