{"id":8161,"date":"2026-01-16T19:12:04","date_gmt":"2026-01-16T23:12:04","guid":{"rendered":"https:\/\/www.manaus.am.gov.br\/seminf\/recuperacao-asfaltica-20\/"},"modified":"2026-01-19T12:15:51","modified_gmt":"2026-01-19T16:15:51","slug":"recuperacao-asfaltica-20","status":"publish","type":"post","link":"https:\/\/www.manaus.am.gov.br\/seminf\/recuperacao-asfaltica-20\/","title":{"rendered":"Prefeitura de Manaus d\u00e1 continuidade \u00e0 opera\u00e7\u00e3o intensiva de recupera\u00e7\u00e3o asf\u00e1ltica no bairro S\u00e3o L\u00e1zaro"},"content":{"rendered":"\n<p>Nesta sexta-feira, 16\/1, as equipes da <a href=\"https:\/\/www.manaus.am.gov.br\">Prefeitura de Manaus<\/a>, por meio da Secretaria Municipal de Infraestrutura (Seminf), trabalharam com a\u00e7\u00f5es intensivas de recupera\u00e7\u00e3o asf\u00e1ltica na zona Sul da capital. As ruas das \u00c1guias, S\u00e3o Vicente e a avenida Rodrigo Ot\u00e1vio, no bairro S\u00e3o L\u00e1zaro, foram contempladas com novo asfalto, melhorando a trafegabilidade dos ve\u00edculos e garantindo mais seguran\u00e7a na movimenta\u00e7\u00e3o de pedestres e condutores.\u00a0<\/p>\n\n\n\n<p>\u201cEstamos com frentes de trabalho atuando de forma intensa e simult\u00e2nea nas zonas Sul e Centro-Sul da cidade, executando servi\u00e7os de recupera\u00e7\u00e3o asf\u00e1ltica que impactam diretamente na trafegabilidade e na seguran\u00e7a vi\u00e1ria. Esse trabalho \u00e9 determinado pelo prefeito David Almeida, e \u00e9 realizado com planejamento e responsabilidade com pedestres, moradores e condutores. Nosso compromisso \u00e9 avan\u00e7ar com obras que organizam a cidade e melhoram o fluxo de todos\u201d, explica o vice-prefeito e secret\u00e1rio de Obras, Renato Junior.\u00a0<\/p>\n\n\n\n<p>As obras inclu\u00edram a prepara\u00e7\u00e3o do solo por meio da imprima\u00e7\u00e3o, aplica\u00e7\u00e3o da massa asf\u00e1ltica quente seguida de sua moldagem no pavimento para melhor ader\u00eancia e formato, e por fim, a compacta\u00e7\u00e3o por meio do rolo compressor.<\/p>\n\n\n\n<p>O mec\u00e2nico Rubens da Silva, 45 anos, agradeceu a presen\u00e7a das equipes da Seminf no bairro. \u201cUma manuten\u00e7\u00e3o \u00e9 sempre boa. Bom para evitar que aumente os buracos, as crateras\u201d, ressaltou.<\/p>\n\n\n\n<p>Outra frente de obra tamb\u00e9m atua com manuten\u00e7\u00e3o asf\u00e1ltica em uma das principais avenidas da zona Sul da cidade, a avenida Rodrigo Ot\u00e1vio, no trecho que tra\u00e7a o bairro S\u00e3o L\u00e1zaro. A avenida sempre foi conhecida por tr\u00e1fego intenso e grande circula\u00e7\u00e3o de ve\u00edculos pesados, como carretas e caminh\u00f5es, com isso, se faz necess\u00e1rio a manuten\u00e7\u00e3o do pavimento dessa via de forma peri\u00f3dica, para garantir seguran\u00e7a e melhor fluxo no trajeto dos condutores.<\/p>\n\n\n\n<p>\u201cEsse asfalto vai ajudar bastante. \u00c9 bom realizar esses servi\u00e7os devido ao grande fluxo de caminh\u00f5es que passam por aqui. A prefeitura vem fazendo um bom trabalho com essas manuten\u00e7\u00f5es em grandes avenidas\u201d, destacou o t\u00e9cnico em refrigera\u00e7\u00e3o, Anderson Simas, de 45 anos.<\/p>\n\n\n\n<p>A Seminf prossegue com seu cronograma cont\u00ednuo de manuten\u00e7\u00e3o asf\u00e1ltica, concentrada em ruas importantes dos bairros da zona Sul e Centro-Sul da capital amazonense, levando infraestrutura e dignidade para quem trafega diariamente pelas vias da cidade.<\/p>\n\n\n\n<p><strong><br><\/strong>&#8212; &#8212; &#8212;<br><strong>Texto &#8211;<\/strong> Maria Amed e Eduarda Lira\/ Seminf<br><strong>Fotos &#8211; <\/strong>M\u00e1rcio Melo e&nbsp; Eduarda Lira\/ Seminf<\/p>\n","protected":false},"excerpt":{"rendered":"","protected":false},"author":68,"featured_media":8162,"comment_status":"closed","ping_status":"closed","sticky":false,"template":"","format":"standard","meta":{"footnotes":""},"categories":[3],"tags":[2993,43,70,26],"acf":[],"yoast_head":"<!-- This site is optimized with the Yoast SEO plugin v23.0 - https:\/\/yoast.com\/wordpress\/plugins\/seo\/ -->\n<title>Prefeitura de Manaus d\u00e1 continuidade \u00e0 opera\u00e7\u00e3o intensiva de recupera\u00e7\u00e3o asf\u00e1ltica no bairro S\u00e3o L\u00e1zaro<\/title>\n<meta name=\"description\" content=\"Nesta sexta-feira, 16\/1, as equipes da Prefeitura de Manaus, por meio da Secretaria Municipal de Infraestrutura (Seminf), trabalharam com a\u00e7\u00f5es intensivas de recupera\u00e7\u00e3o asf\u00e1ltica na zona Sul da capital.\" \/>\n<meta name=\"robots\" content=\"index, follow, max-snippet:-1, max-image-preview:large, max-video-preview:-1\" \/>\n<link rel=\"canonical\" href=\"https:\/\/www.manaus.am.gov.br\/seminf\/recuperacao-asfaltica-20\/\" \/>\n<meta property=\"og:locale\" content=\"pt_BR\" \/>\n<meta property=\"og:type\" content=\"article\" \/>\n<meta property=\"og:title\" content=\"Prefeitura de Manaus d\u00e1 continuidade \u00e0 opera\u00e7\u00e3o intensiva de recupera\u00e7\u00e3o asf\u00e1ltica no bairro S\u00e3o L\u00e1zaro\" \/>\n<meta property=\"og:description\" content=\"Nesta sexta-feira, 16\/1, as equipes da Prefeitura de Manaus, por meio da Secretaria Municipal de Infraestrutura (Seminf), trabalharam com a\u00e7\u00f5es intensivas de recupera\u00e7\u00e3o asf\u00e1ltica na zona Sul da capital.\" \/>\n<meta property=\"og:url\" content=\"https:\/\/www.manaus.am.gov.br\/seminf\/recuperacao-asfaltica-20\/\" \/>\n<meta property=\"og:site_name\" content=\"SEMINF\" \/>\n<meta property=\"article:published_time\" content=\"2026-01-16T23:12:04+00:00\" \/>\n<meta property=\"article:modified_time\" content=\"2026-01-19T16:15:51+00:00\" \/>\n<meta property=\"og:image\" content=\"https:\/\/www.manaus.am.gov.br\/seminf\/wp-content\/uploads\/sites\/6\/2026\/01\/Prefeitura-de-Manaus-da-continuidade-a-operacao-intensiva-de-recuperacao-asfaltica-no-bairro-Sao-Lazaro-3.jpg\" \/>\n\t<meta property=\"og:image:width\" content=\"1600\" \/>\n\t<meta property=\"og:image:height\" content=\"1200\" \/>\n\t<meta property=\"og:image:type\" content=\"image\/jpeg\" \/>\n<meta name=\"author\" content=\"bvalente\" \/>\n<meta name=\"twitter:card\" content=\"summary_large_image\" \/>\n<meta name=\"twitter:label1\" content=\"Written by\" \/>\n\t<meta name=\"twitter:data1\" content=\"bvalente\" \/>\n\t<meta name=\"twitter:label2\" content=\"Est. reading time\" \/>\n\t<meta name=\"twitter:data2\" content=\"3 minutos\" \/>\n<script type=\"application\/ld+json\" class=\"yoast-schema-graph\">{\"@context\":\"https:\/\/schema.org\",\"@graph\":[{\"@type\":\"WebPage\",\"@id\":\"https:\/\/www.manaus.am.gov.br\/seminf\/recuperacao-asfaltica-20\/\",\"url\":\"https:\/\/www.manaus.am.gov.br\/seminf\/recuperacao-asfaltica-20\/\",\"name\":\"Prefeitura de Manaus d\u00e1 continuidade \u00e0 opera\u00e7\u00e3o intensiva de recupera\u00e7\u00e3o asf\u00e1ltica no bairro S\u00e3o L\u00e1zaro\",\"isPartOf\":{\"@id\":\"https:\/\/www.manaus.am.gov.br\/seminf\/#website\"},\"primaryImageOfPage\":{\"@id\":\"https:\/\/www.manaus.am.gov.br\/seminf\/recuperacao-asfaltica-20\/#primaryimage\"},\"image\":{\"@id\":\"https:\/\/www.manaus.am.gov.br\/seminf\/recuperacao-asfaltica-20\/#primaryimage\"},\"thumbnailUrl\":\"https:\/\/www.manaus.am.gov.br\/seminf\/wp-content\/uploads\/sites\/6\/2026\/01\/Prefeitura-de-Manaus-da-continuidade-a-operacao-intensiva-de-recuperacao-asfaltica-no-bairro-Sao-Lazaro-3.jpg\",\"datePublished\":\"2026-01-16T23:12:04+00:00\",\"dateModified\":\"2026-01-19T16:15:51+00:00\",\"author\":{\"@id\":\"https:\/\/www.manaus.am.gov.br\/seminf\/#\/schema\/person\/466a0e03ae4b6062809046bd560ac955\"},\"description\":\"Nesta sexta-feira, 16\/1, as equipes da Prefeitura de Manaus, por meio da Secretaria Municipal de Infraestrutura (Seminf), trabalharam com a\u00e7\u00f5es intensivas de recupera\u00e7\u00e3o asf\u00e1ltica na zona Sul da capital.\",\"inLanguage\":\"pt-BR\",\"potentialAction\":[{\"@type\":\"ReadAction\",\"target\":[\"https:\/\/www.manaus.am.gov.br\/seminf\/recuperacao-asfaltica-20\/\"]}]},{\"@type\":\"ImageObject\",\"inLanguage\":\"pt-BR\",\"@id\":\"https:\/\/www.manaus.am.gov.br\/seminf\/recuperacao-asfaltica-20\/#primaryimage\",\"url\":\"https:\/\/www.manaus.am.gov.br\/seminf\/wp-content\/uploads\/sites\/6\/2026\/01\/Prefeitura-de-Manaus-da-continuidade-a-operacao-intensiva-de-recuperacao-asfaltica-no-bairro-Sao-Lazaro-3.jpg\",\"contentUrl\":\"https:\/\/www.manaus.am.gov.br\/seminf\/wp-content\/uploads\/sites\/6\/2026\/01\/Prefeitura-de-Manaus-da-continuidade-a-operacao-intensiva-de-recuperacao-asfaltica-no-bairro-Sao-Lazaro-3.jpg\",\"width\":1600,\"height\":1200,\"caption\":\"#paratodosverem - Equipe da Seminf aplicando asfalto novo em via\"},{\"@type\":\"WebSite\",\"@id\":\"https:\/\/www.manaus.am.gov.br\/seminf\/#website\",\"url\":\"https:\/\/www.manaus.am.gov.br\/seminf\/\",\"name\":\"Secretaria de Infraestrutura\",\"description\":\"Secretaria Municipal de Infraestrutura\",\"potentialAction\":[{\"@type\":\"SearchAction\",\"target\":{\"@type\":\"EntryPoint\",\"urlTemplate\":\"https:\/\/www.manaus.am.gov.br\/seminf\/?s={search_term_string}\"},\"query-input\":\"required name=search_term_string\"}],\"inLanguage\":\"pt-BR\"},{\"@type\":\"Person\",\"@id\":\"https:\/\/www.manaus.am.gov.br\/seminf\/#\/schema\/person\/466a0e03ae4b6062809046bd560ac955\",\"name\":\"bvalente\",\"image\":{\"@type\":\"ImageObject\",\"inLanguage\":\"pt-BR\",\"@id\":\"https:\/\/www.manaus.am.gov.br\/seminf\/#\/schema\/person\/image\/\",\"url\":\"https:\/\/secure.gravatar.com\/avatar\/3e69bc2b014bdad41adfec3a39de07d2?s=96&d=mm&r=g\",\"contentUrl\":\"https:\/\/secure.gravatar.com\/avatar\/3e69bc2b014bdad41adfec3a39de07d2?s=96&d=mm&r=g\",\"caption\":\"bvalente\"}}]}<\/script>\n<!-- \/ Yoast SEO plugin. -->","yoast_head_json":{"title":"Prefeitura de Manaus d\u00e1 continuidade \u00e0 opera\u00e7\u00e3o intensiva de recupera\u00e7\u00e3o asf\u00e1ltica no bairro S\u00e3o L\u00e1zaro","description":"Nesta sexta-feira, 16\/1, as equipes da Prefeitura de Manaus, por meio da Secretaria Municipal de Infraestrutura (Seminf), trabalharam com a\u00e7\u00f5es intensivas de recupera\u00e7\u00e3o asf\u00e1ltica na zona Sul da capital.","robots":{"index":"index","follow":"follow","max-snippet":"max-snippet:-1","max-image-preview":"max-image-preview:large","max-video-preview":"max-video-preview:-1"},"canonical":"https:\/\/www.manaus.am.gov.br\/seminf\/recuperacao-asfaltica-20\/","og_locale":"pt_BR","og_type":"article","og_title":"Prefeitura de Manaus d\u00e1 continuidade \u00e0 opera\u00e7\u00e3o intensiva de recupera\u00e7\u00e3o asf\u00e1ltica no bairro S\u00e3o L\u00e1zaro","og_description":"Nesta sexta-feira, 16\/1, as equipes da Prefeitura de Manaus, por meio da Secretaria Municipal de Infraestrutura (Seminf), trabalharam com a\u00e7\u00f5es intensivas de recupera\u00e7\u00e3o asf\u00e1ltica na zona Sul da capital.","og_url":"https:\/\/www.manaus.am.gov.br\/seminf\/recuperacao-asfaltica-20\/","og_site_name":"SEMINF","article_published_time":"2026-01-16T23:12:04+00:00","article_modified_time":"2026-01-19T16:15:51+00:00","og_image":[{"width":1600,"height":1200,"url":"https:\/\/www.manaus.am.gov.br\/seminf\/wp-content\/uploads\/sites\/6\/2026\/01\/Prefeitura-de-Manaus-da-continuidade-a-operacao-intensiva-de-recuperacao-asfaltica-no-bairro-Sao-Lazaro-3.jpg","type":"image\/jpeg"}],"author":"bvalente","twitter_card":"summary_large_image","twitter_misc":{"Written by":"bvalente","Est. reading time":"3 minutos"},"schema":{"@context":"https:\/\/schema.org","@graph":[{"@type":"WebPage","@id":"https:\/\/www.manaus.am.gov.br\/seminf\/recuperacao-asfaltica-20\/","url":"https:\/\/www.manaus.am.gov.br\/seminf\/recuperacao-asfaltica-20\/","name":"Prefeitura de Manaus d\u00e1 continuidade \u00e0 opera\u00e7\u00e3o intensiva de recupera\u00e7\u00e3o asf\u00e1ltica no bairro S\u00e3o L\u00e1zaro","isPartOf":{"@id":"https:\/\/www.manaus.am.gov.br\/seminf\/#website"},"primaryImageOfPage":{"@id":"https:\/\/www.manaus.am.gov.br\/seminf\/recuperacao-asfaltica-20\/#primaryimage"},"image":{"@id":"https:\/\/www.manaus.am.gov.br\/seminf\/recuperacao-asfaltica-20\/#primaryimage"},"thumbnailUrl":"https:\/\/www.manaus.am.gov.br\/seminf\/wp-content\/uploads\/sites\/6\/2026\/01\/Prefeitura-de-Manaus-da-continuidade-a-operacao-intensiva-de-recuperacao-asfaltica-no-bairro-Sao-Lazaro-3.jpg","datePublished":"2026-01-16T23:12:04+00:00","dateModified":"2026-01-19T16:15:51+00:00","author":{"@id":"https:\/\/www.manaus.am.gov.br\/seminf\/#\/schema\/person\/466a0e03ae4b6062809046bd560ac955"},"description":"Nesta sexta-feira, 16\/1, as equipes da Prefeitura de Manaus, por meio da Secretaria Municipal de Infraestrutura (Seminf), trabalharam com a\u00e7\u00f5es intensivas de recupera\u00e7\u00e3o asf\u00e1ltica na zona Sul da capital.","inLanguage":"pt-BR","potentialAction":[{"@type":"ReadAction","target":["https:\/\/www.manaus.am.gov.br\/seminf\/recuperacao-asfaltica-20\/"]}]},{"@type":"ImageObject","inLanguage":"pt-BR","@id":"https:\/\/www.manaus.am.gov.br\/seminf\/recuperacao-asfaltica-20\/#primaryimage","url":"https:\/\/www.manaus.am.gov.br\/seminf\/wp-content\/uploads\/sites\/6\/2026\/01\/Prefeitura-de-Manaus-da-continuidade-a-operacao-intensiva-de-recuperacao-asfaltica-no-bairro-Sao-Lazaro-3.jpg","contentUrl":"https:\/\/www.manaus.am.gov.br\/seminf\/wp-content\/uploads\/sites\/6\/2026\/01\/Prefeitura-de-Manaus-da-continuidade-a-operacao-intensiva-de-recuperacao-asfaltica-no-bairro-Sao-Lazaro-3.jpg","width":1600,"height":1200,"caption":"#paratodosverem - Equipe da Seminf aplicando asfalto novo em via"},{"@type":"WebSite","@id":"https:\/\/www.manaus.am.gov.br\/seminf\/#website","url":"https:\/\/www.manaus.am.gov.br\/seminf\/","name":"Secretaria de Infraestrutura","description":"Secretaria Municipal de Infraestrutura","potentialAction":[{"@type":"SearchAction","target":{"@type":"EntryPoint","urlTemplate":"https:\/\/www.manaus.am.gov.br\/seminf\/?s={search_term_string}"},"query-input":"required name=search_term_string"}],"inLanguage":"pt-BR"},{"@type":"Person","@id":"https:\/\/www.manaus.am.gov.br\/seminf\/#\/schema\/person\/466a0e03ae4b6062809046bd560ac955","name":"bvalente","image":{"@type":"ImageObject","inLanguage":"pt-BR","@id":"https:\/\/www.manaus.am.gov.br\/seminf\/#\/schema\/person\/image\/","url":"https:\/\/secure.gravatar.com\/avatar\/3e69bc2b014bdad41adfec3a39de07d2?s=96&d=mm&r=g","contentUrl":"https:\/\/secure.gravatar.com\/avatar\/3e69bc2b014bdad41adfec3a39de07d2?s=96&d=mm&r=g","caption":"bvalente"}}]}},"_links":{"self":[{"href":"https:\/\/www.manaus.am.gov.br\/seminf\/wp-json\/wp\/v2\/posts\/8161"}],"collection":[{"href":"https:\/\/www.manaus.am.gov.br\/seminf\/wp-json\/wp\/v2\/posts"}],"about":[{"href":"https:\/\/www.manaus.am.gov.br\/seminf\/wp-json\/wp\/v2\/types\/post"}],"author":[{"embeddable":true,"href":"https:\/\/www.manaus.am.gov.br\/seminf\/wp-json\/wp\/v2\/users\/68"}],"replies":[{"embeddable":true,"href":"https:\/\/www.manaus.am.gov.br\/seminf\/wp-json\/wp\/v2\/comments?post=8161"}],"version-history":[{"count":1,"href":"https:\/\/www.manaus.am.gov.br\/seminf\/wp-json\/wp\/v2\/posts\/8161\/revisions"}],"predecessor-version":[{"id":8178,"href":"https:\/\/www.manaus.am.gov.br\/seminf\/wp-json\/wp\/v2\/posts\/8161\/revisions\/8178"}],"wp:featuredmedia":[{"embeddable":true,"href":"https:\/\/www.manaus.am.gov.br\/seminf\/wp-json\/wp\/v2\/media\/8162"}],"wp:attachment":[{"href":"https:\/\/www.manaus.am.gov.br\/seminf\/wp-json\/wp\/v2\/media?parent=8161"}],"wp:term":[{"taxonomy":"category","embeddable":true,"href":"https:\/\/www.manaus.am.gov.br\/seminf\/wp-json\/wp\/v2\/categories?post=8161"},{"taxonomy":"post_tag","embeddable":true,"href":"https:\/\/www.manaus.am.gov.br\/seminf\/wp-json\/wp\/v2\/tags?post=8161"}],"curies":[{"name":"wp","href":"https:\/\/api.w.org\/{rel}","templated":true}]}}