{"id":816,"date":"2023-02-25T16:37:34","date_gmt":"2023-02-25T20:37:34","guid":{"rendered":"https:\/\/www.manaus.am.gov.br\/seminf\/limitadores-danificados-carreta\/"},"modified":"2023-02-25T16:37:36","modified_gmt":"2023-02-25T20:37:36","slug":"limitadores-danificados-carreta","status":"publish","type":"post","link":"https:\/\/www.manaus.am.gov.br\/seminf\/limitadores-danificados-carreta\/","title":{"rendered":"<strong>Prefeitura retira limitadores danificados por carreta no Complexo Vi\u00e1rio Ministro Roberto Campos<\/strong>"},"content":{"rendered":"\n<p>A Prefeitura de Manaus, por meio do Instituto Municipal de Mobilidade Urbana (IMMU) e da Secretaria Municipal de Infraestrutura (Seminf), realizou, neste s\u00e1bado, 25\/2, a retirada de duas estruturas do limitador de altura da passagem subterr\u00e2nea do Complexo Vi\u00e1rio Ministro Roberto Campos, no sentido Jo\u00e3o Val\u00e9rio para o S\u00e3o Jorge. As estruturas foram danificadas ap\u00f3s uma carreta da empresa Oliva Pinto Log\u00edstica se chocar com o limitador.<\/p>\n\n\n\n<p>Por seguran\u00e7a vi\u00e1ria, as duas estruturas foram retiradas para manuten\u00e7\u00e3o e posterior reimplanta\u00e7\u00e3o. Desta forma, o IMMU montar\u00e1 opera\u00e7\u00e3o permanente 24 horas no local, restrigindo a passagem de carretas ou ve\u00edculos de grande porte para garantir a seguran\u00e7a de condutores e pedestres.<\/p>\n\n\n\n<p>Assim que as estruturas estiverem recuperadas, a Seminf far\u00e1 a recoloca\u00e7\u00e3o do limitador e o acesso \u00e0 passagem subterr\u00e2nea ser\u00e1 normalizado.<\/p>\n\n\n\n<p>O condutor da carreta foi autuado com base no C\u00f3digo de Tr\u00e2nsito de Brasileiro (CTB). A Prefeitura de Manaus tamb\u00e9m acionar\u00e1 a empresa respons\u00e1vel pelo dano para que fa\u00e7a o devido ressarcimento dos custos.<\/p>\n\n\n\n<p>&#8212; &#8212; &#8212;<\/p>\n\n\n\n<p><strong>Texto<\/strong> \u2013 Divulga\u00e7\u00e3o \/ IMMU e Divulga\u00e7\u00e3o \/ IMMU<\/p>\n\n\n\n<p><strong>Fotos<\/strong> \u2013 Divulga\u00e7\u00e3o \/ IMMU<\/p>\n","protected":false},"excerpt":{"rendered":"","protected":false},"author":25,"featured_media":817,"comment_status":"closed","ping_status":"closed","sticky":false,"template":"","format":"standard","meta":{"footnotes":""},"categories":[15],"tags":[289,39,26],"acf":[],"yoast_head":"<!-- This site is optimized with the Yoast SEO plugin v23.0 - https:\/\/yoast.com\/wordpress\/plugins\/seo\/ -->\n<title>Prefeitura retira limitadores danificados por carreta<\/title>\n<meta name=\"description\" content=\"A Prefeitura de Manaus realizou, neste s\u00e1bado, 25\/2, a retirada de duas estruturas do limitador de altura da passagem subterr\u00e2nea\" \/>\n<meta name=\"robots\" content=\"index, follow, max-snippet:-1, max-image-preview:large, max-video-preview:-1\" \/>\n<link rel=\"canonical\" href=\"https:\/\/www.manaus.am.gov.br\/seminf\/limitadores-danificados-carreta\/\" \/>\n<meta property=\"og:locale\" content=\"pt_BR\" \/>\n<meta property=\"og:type\" content=\"article\" \/>\n<meta property=\"og:title\" content=\"Prefeitura retira limitadores danificados por carreta\" \/>\n<meta property=\"og:description\" content=\"A Prefeitura de Manaus realizou, neste s\u00e1bado, 25\/2, a retirada de duas estruturas do limitador de altura da passagem subterr\u00e2nea\" \/>\n<meta property=\"og:url\" content=\"https:\/\/www.manaus.am.gov.br\/seminf\/limitadores-danificados-carreta\/\" \/>\n<meta property=\"og:site_name\" content=\"SEMINF\" \/>\n<meta property=\"article:published_time\" content=\"2023-02-25T20:37:34+00:00\" \/>\n<meta property=\"article:modified_time\" content=\"2023-02-25T20:37:36+00:00\" \/>\n<meta property=\"og:image\" content=\"https:\/\/www.manaus.am.gov.br\/seminf\/wp-content\/uploads\/sites\/6\/2023\/02\/CARRETA3.jpeg\" \/>\n\t<meta property=\"og:image:width\" content=\"1600\" \/>\n\t<meta property=\"og:image:height\" content=\"900\" \/>\n\t<meta property=\"og:image:type\" content=\"image\/jpeg\" \/>\n<meta name=\"author\" content=\"Maur\u00edcio Freire\" \/>\n<meta name=\"twitter:card\" content=\"summary_large_image\" \/>\n<meta name=\"twitter:label1\" content=\"Written by\" \/>\n\t<meta name=\"twitter:data1\" content=\"Maur\u00edcio Freire\" \/>\n\t<meta name=\"twitter:label2\" content=\"Est. reading time\" \/>\n\t<meta name=\"twitter:data2\" content=\"1 minuto\" \/>\n<script type=\"application\/ld+json\" class=\"yoast-schema-graph\">{\"@context\":\"https:\/\/schema.org\",\"@graph\":[{\"@type\":\"WebPage\",\"@id\":\"https:\/\/www.manaus.am.gov.br\/seminf\/limitadores-danificados-carreta\/\",\"url\":\"https:\/\/www.manaus.am.gov.br\/seminf\/limitadores-danificados-carreta\/\",\"name\":\"Prefeitura retira limitadores danificados por carreta\",\"isPartOf\":{\"@id\":\"https:\/\/www.manaus.am.gov.br\/seminf\/#website\"},\"primaryImageOfPage\":{\"@id\":\"https:\/\/www.manaus.am.gov.br\/seminf\/limitadores-danificados-carreta\/#primaryimage\"},\"image\":{\"@id\":\"https:\/\/www.manaus.am.gov.br\/seminf\/limitadores-danificados-carreta\/#primaryimage\"},\"thumbnailUrl\":\"https:\/\/www.manaus.am.gov.br\/seminf\/wp-content\/uploads\/sites\/6\/2023\/02\/CARRETA3.jpeg\",\"datePublished\":\"2023-02-25T20:37:34+00:00\",\"dateModified\":\"2023-02-25T20:37:36+00:00\",\"author\":{\"@id\":\"https:\/\/www.manaus.am.gov.br\/seminf\/#\/schema\/person\/587989a23a463cde5618e6a028977a9a\"},\"description\":\"A Prefeitura de Manaus realizou, neste s\u00e1bado, 25\/2, a retirada de duas estruturas do limitador de altura da passagem subterr\u00e2nea\",\"inLanguage\":\"pt-BR\",\"potentialAction\":[{\"@type\":\"ReadAction\",\"target\":[\"https:\/\/www.manaus.am.gov.br\/seminf\/limitadores-danificados-carreta\/\"]}]},{\"@type\":\"ImageObject\",\"inLanguage\":\"pt-BR\",\"@id\":\"https:\/\/www.manaus.am.gov.br\/seminf\/limitadores-danificados-carreta\/#primaryimage\",\"url\":\"https:\/\/www.manaus.am.gov.br\/seminf\/wp-content\/uploads\/sites\/6\/2023\/02\/CARRETA3.jpeg\",\"contentUrl\":\"https:\/\/www.manaus.am.gov.br\/seminf\/wp-content\/uploads\/sites\/6\/2023\/02\/CARRETA3.jpeg\",\"width\":1600,\"height\":900},{\"@type\":\"WebSite\",\"@id\":\"https:\/\/www.manaus.am.gov.br\/seminf\/#website\",\"url\":\"https:\/\/www.manaus.am.gov.br\/seminf\/\",\"name\":\"Secretaria de Infraestrutura\",\"description\":\"Secretaria Municipal de Infraestrutura\",\"potentialAction\":[{\"@type\":\"SearchAction\",\"target\":{\"@type\":\"EntryPoint\",\"urlTemplate\":\"https:\/\/www.manaus.am.gov.br\/seminf\/?s={search_term_string}\"},\"query-input\":\"required name=search_term_string\"}],\"inLanguage\":\"pt-BR\"},{\"@type\":\"Person\",\"@id\":\"https:\/\/www.manaus.am.gov.br\/seminf\/#\/schema\/person\/587989a23a463cde5618e6a028977a9a\",\"name\":\"Maur\u00edcio Freire\",\"image\":{\"@type\":\"ImageObject\",\"inLanguage\":\"pt-BR\",\"@id\":\"https:\/\/www.manaus.am.gov.br\/seminf\/#\/schema\/person\/image\/\",\"url\":\"https:\/\/secure.gravatar.com\/avatar\/dc1481799a1f75c733ac3b2634cd6749?s=96&d=mm&r=g\",\"contentUrl\":\"https:\/\/secure.gravatar.com\/avatar\/dc1481799a1f75c733ac3b2634cd6749?s=96&d=mm&r=g\",\"caption\":\"Maur\u00edcio Freire\"}}]}<\/script>\n<!-- \/ Yoast SEO plugin. -->","yoast_head_json":{"title":"Prefeitura retira limitadores danificados por carreta","description":"A Prefeitura de Manaus realizou, neste s\u00e1bado, 25\/2, a retirada de duas estruturas do limitador de altura da passagem subterr\u00e2nea","robots":{"index":"index","follow":"follow","max-snippet":"max-snippet:-1","max-image-preview":"max-image-preview:large","max-video-preview":"max-video-preview:-1"},"canonical":"https:\/\/www.manaus.am.gov.br\/seminf\/limitadores-danificados-carreta\/","og_locale":"pt_BR","og_type":"article","og_title":"Prefeitura retira limitadores danificados por carreta","og_description":"A Prefeitura de Manaus realizou, neste s\u00e1bado, 25\/2, a retirada de duas estruturas do limitador de altura da passagem subterr\u00e2nea","og_url":"https:\/\/www.manaus.am.gov.br\/seminf\/limitadores-danificados-carreta\/","og_site_name":"SEMINF","article_published_time":"2023-02-25T20:37:34+00:00","article_modified_time":"2023-02-25T20:37:36+00:00","og_image":[{"width":1600,"height":900,"url":"https:\/\/www.manaus.am.gov.br\/seminf\/wp-content\/uploads\/sites\/6\/2023\/02\/CARRETA3.jpeg","type":"image\/jpeg"}],"author":"Maur\u00edcio Freire","twitter_card":"summary_large_image","twitter_misc":{"Written by":"Maur\u00edcio Freire","Est. reading time":"1 minuto"},"schema":{"@context":"https:\/\/schema.org","@graph":[{"@type":"WebPage","@id":"https:\/\/www.manaus.am.gov.br\/seminf\/limitadores-danificados-carreta\/","url":"https:\/\/www.manaus.am.gov.br\/seminf\/limitadores-danificados-carreta\/","name":"Prefeitura retira limitadores danificados por carreta","isPartOf":{"@id":"https:\/\/www.manaus.am.gov.br\/seminf\/#website"},"primaryImageOfPage":{"@id":"https:\/\/www.manaus.am.gov.br\/seminf\/limitadores-danificados-carreta\/#primaryimage"},"image":{"@id":"https:\/\/www.manaus.am.gov.br\/seminf\/limitadores-danificados-carreta\/#primaryimage"},"thumbnailUrl":"https:\/\/www.manaus.am.gov.br\/seminf\/wp-content\/uploads\/sites\/6\/2023\/02\/CARRETA3.jpeg","datePublished":"2023-02-25T20:37:34+00:00","dateModified":"2023-02-25T20:37:36+00:00","author":{"@id":"https:\/\/www.manaus.am.gov.br\/seminf\/#\/schema\/person\/587989a23a463cde5618e6a028977a9a"},"description":"A Prefeitura de Manaus realizou, neste s\u00e1bado, 25\/2, a retirada de duas estruturas do limitador de altura da passagem subterr\u00e2nea","inLanguage":"pt-BR","potentialAction":[{"@type":"ReadAction","target":["https:\/\/www.manaus.am.gov.br\/seminf\/limitadores-danificados-carreta\/"]}]},{"@type":"ImageObject","inLanguage":"pt-BR","@id":"https:\/\/www.manaus.am.gov.br\/seminf\/limitadores-danificados-carreta\/#primaryimage","url":"https:\/\/www.manaus.am.gov.br\/seminf\/wp-content\/uploads\/sites\/6\/2023\/02\/CARRETA3.jpeg","contentUrl":"https:\/\/www.manaus.am.gov.br\/seminf\/wp-content\/uploads\/sites\/6\/2023\/02\/CARRETA3.jpeg","width":1600,"height":900},{"@type":"WebSite","@id":"https:\/\/www.manaus.am.gov.br\/seminf\/#website","url":"https:\/\/www.manaus.am.gov.br\/seminf\/","name":"Secretaria de Infraestrutura","description":"Secretaria Municipal de Infraestrutura","potentialAction":[{"@type":"SearchAction","target":{"@type":"EntryPoint","urlTemplate":"https:\/\/www.manaus.am.gov.br\/seminf\/?s={search_term_string}"},"query-input":"required name=search_term_string"}],"inLanguage":"pt-BR"},{"@type":"Person","@id":"https:\/\/www.manaus.am.gov.br\/seminf\/#\/schema\/person\/587989a23a463cde5618e6a028977a9a","name":"Maur\u00edcio Freire","image":{"@type":"ImageObject","inLanguage":"pt-BR","@id":"https:\/\/www.manaus.am.gov.br\/seminf\/#\/schema\/person\/image\/","url":"https:\/\/secure.gravatar.com\/avatar\/dc1481799a1f75c733ac3b2634cd6749?s=96&d=mm&r=g","contentUrl":"https:\/\/secure.gravatar.com\/avatar\/dc1481799a1f75c733ac3b2634cd6749?s=96&d=mm&r=g","caption":"Maur\u00edcio Freire"}}]}},"_links":{"self":[{"href":"https:\/\/www.manaus.am.gov.br\/seminf\/wp-json\/wp\/v2\/posts\/816"}],"collection":[{"href":"https:\/\/www.manaus.am.gov.br\/seminf\/wp-json\/wp\/v2\/posts"}],"about":[{"href":"https:\/\/www.manaus.am.gov.br\/seminf\/wp-json\/wp\/v2\/types\/post"}],"author":[{"embeddable":true,"href":"https:\/\/www.manaus.am.gov.br\/seminf\/wp-json\/wp\/v2\/users\/25"}],"replies":[{"embeddable":true,"href":"https:\/\/www.manaus.am.gov.br\/seminf\/wp-json\/wp\/v2\/comments?post=816"}],"version-history":[{"count":0,"href":"https:\/\/www.manaus.am.gov.br\/seminf\/wp-json\/wp\/v2\/posts\/816\/revisions"}],"wp:featuredmedia":[{"embeddable":true,"href":"https:\/\/www.manaus.am.gov.br\/seminf\/wp-json\/wp\/v2\/media\/817"}],"wp:attachment":[{"href":"https:\/\/www.manaus.am.gov.br\/seminf\/wp-json\/wp\/v2\/media?parent=816"}],"wp:term":[{"taxonomy":"category","embeddable":true,"href":"https:\/\/www.manaus.am.gov.br\/seminf\/wp-json\/wp\/v2\/categories?post=816"},{"taxonomy":"post_tag","embeddable":true,"href":"https:\/\/www.manaus.am.gov.br\/seminf\/wp-json\/wp\/v2\/tags?post=816"}],"curies":[{"name":"wp","href":"https:\/\/api.w.org\/{rel}","templated":true}]}}