{"id":8159,"date":"2026-01-16T18:25:02","date_gmt":"2026-01-16T22:25:02","guid":{"rendered":"https:\/\/www.manaus.am.gov.br\/seminf\/manutencao-asfaltica-11\/"},"modified":"2026-01-16T18:25:03","modified_gmt":"2026-01-16T22:25:03","slug":"manutencao-asfaltica-11","status":"publish","type":"post","link":"https:\/\/www.manaus.am.gov.br\/seminf\/manutencao-asfaltica-11\/","title":{"rendered":"Prefeitura de Manaus intensifica manuten\u00e7\u00e3o asf\u00e1ltica no bairro Raiz e garante mais mobilidade \u00e0 zona Sul"},"content":{"rendered":"\n<p>A Prefeitura de Manaus, por meio da Secretaria Municipal de Infraestrutura (Seminf), segue avan\u00e7ando com os servi\u00e7os de infraestrutura urbana. Nesta sexta-feira, 16\/1, as equipes de obras realizaram a manuten\u00e7\u00e3o asf\u00e1ltica das ruas 2 e Francisco Couto do Vale, no bairro Raiz, na zona Sul da capital, atendendo \u00e0s solicita\u00e7\u00f5es dos moradores e promovendo mais seguran\u00e7a, mobilidade e qualidade de vida para as fam\u00edlias da regi\u00e3o.<\/p>\n\n\n\n<p>A interven\u00e7\u00e3o contempla a recupera\u00e7\u00e3o de trechos desgastados pelo tempo e pelo fluxo de ve\u00edculos, devolvendo melhores condi\u00e7\u00f5es de tr\u00e1fego a uma \u00e1rea essencial para o dia a dia da comunidade. O trabalho faz parte do cronograma cont\u00ednuo da prefeitura, que atua de forma simult\u00e2nea em diversas zonas da cidade.<\/p>\n\n\n\n<p>\u201cEsse \u00e9 um trabalho que vai al\u00e9m do asfalto. Estamos cuidando das ruas, mas, principalmente, das pessoas que dependem delas todos os dias. Por determina\u00e7\u00e3o do prefeito David Almeida, nossas equipes est\u00e3o nas ruas diariamente, com prontid\u00e3o e compromisso, para garantir mais seguran\u00e7a, mobilidade e dignidade \u00e0 popula\u00e7\u00e3o de Manaus\u201d, destacou o vice-prefeito e secret\u00e1rio de Obras, Renato Junior.<\/p>\n\n\n\n<p>Durante a a\u00e7\u00e3o, os oper\u00e1rios realizaram a prepara\u00e7\u00e3o da base da via, com limpeza e corre\u00e7\u00e3o das irregularidades, seguida da aplica\u00e7\u00e3o de uma nova camada asf\u00e1ltica nos pontos mais cr\u00edticos. O servi\u00e7o melhora a fluidez do tr\u00e2nsito, reduz riscos de acidentes e proporciona mais conforto para motoristas e pedestres.<\/p>\n\n\n\n<p>Moradores do bairro reconhecem a import\u00e2ncia da iniciativa. \u201cS\u00f3 temos a agradecer \u00e0 prefeitura por trazer esse asfalto. \u00c9 um grande trabalho, recuperando ruas que realmente estavam precisando. D\u00e1 satisfa\u00e7\u00e3o ver o desenvolvimento chegando at\u00e9 a nossa porta\u201d, afirmou o aut\u00f4nomo Welton de Souza, de 47 anos.<\/p>\n\n\n\n<p>Com diversas frentes de obras em opera\u00e7\u00e3o simult\u00e2nea, a Prefeitura de Manaus refor\u00e7a o compromisso com a melhoria da infraestrutura urbana, ouvindo a popula\u00e7\u00e3o e transformando demandas antigas em a\u00e7\u00f5es concretas que impactam positivamente a vida dos manauaras.<\/p>\n\n\n\n<p>&#8212; &#8212; &#8212;<\/p>\n\n\n\n<p><strong>Texto &#8211;<\/strong> Eduarda Lira\/Seminf<br><strong>Fotos &#8211; <\/strong>Rayana Coutinho\/Seminf<\/p>\n","protected":false},"excerpt":{"rendered":"","protected":false},"author":68,"featured_media":8160,"comment_status":"closed","ping_status":"closed","sticky":false,"template":"","format":"standard","meta":{"footnotes":""},"categories":[6],"tags":[368,2991,43,26,2992],"acf":[],"yoast_head":"<!-- This site is optimized with the Yoast SEO plugin v23.0 - https:\/\/yoast.com\/wordpress\/plugins\/seo\/ -->\n<title>Prefeitura intensifica manuten\u00e7\u00e3o asf\u00e1ltica no bairro Raiz<\/title>\n<meta name=\"description\" content=\"A Prefeitura, por meio da Secretaria Municipal de Infraestrutura (Seminf), segue avan\u00e7ando com os servi\u00e7os de infraestrutura urbana.\" \/>\n<meta name=\"robots\" content=\"index, follow, max-snippet:-1, max-image-preview:large, max-video-preview:-1\" \/>\n<link rel=\"canonical\" href=\"https:\/\/www.manaus.am.gov.br\/seminf\/manutencao-asfaltica-11\/\" \/>\n<meta property=\"og:locale\" content=\"pt_BR\" \/>\n<meta property=\"og:type\" content=\"article\" \/>\n<meta property=\"og:title\" content=\"Prefeitura intensifica manuten\u00e7\u00e3o asf\u00e1ltica no bairro Raiz\" \/>\n<meta property=\"og:description\" content=\"A Prefeitura, por meio da Secretaria Municipal de Infraestrutura (Seminf), segue avan\u00e7ando com os servi\u00e7os de infraestrutura urbana.\" \/>\n<meta property=\"og:url\" content=\"https:\/\/www.manaus.am.gov.br\/seminf\/manutencao-asfaltica-11\/\" \/>\n<meta property=\"og:site_name\" content=\"SEMINF\" \/>\n<meta property=\"article:published_time\" content=\"2026-01-16T22:25:02+00:00\" \/>\n<meta property=\"article:modified_time\" content=\"2026-01-16T22:25:03+00:00\" \/>\n<meta property=\"og:image\" content=\"https:\/\/www.manaus.am.gov.br\/seminf\/wp-content\/uploads\/sites\/6\/2026\/01\/Prefeitura-de-Manaus-intensifica-manutencao-asfaltica-no-bairro-Raiz-e-garante-mais-mobilidade-a-zona-Sul-4.jpg\" \/>\n\t<meta property=\"og:image:width\" content=\"1600\" \/>\n\t<meta property=\"og:image:height\" content=\"1200\" \/>\n\t<meta property=\"og:image:type\" content=\"image\/jpeg\" \/>\n<meta name=\"author\" content=\"bvalente\" \/>\n<meta name=\"twitter:card\" content=\"summary_large_image\" \/>\n<meta name=\"twitter:label1\" content=\"Written by\" \/>\n\t<meta name=\"twitter:data1\" content=\"bvalente\" \/>\n\t<meta name=\"twitter:label2\" content=\"Est. reading time\" \/>\n\t<meta name=\"twitter:data2\" content=\"2 minutos\" \/>\n<script type=\"application\/ld+json\" class=\"yoast-schema-graph\">{\"@context\":\"https:\/\/schema.org\",\"@graph\":[{\"@type\":\"WebPage\",\"@id\":\"https:\/\/www.manaus.am.gov.br\/seminf\/manutencao-asfaltica-11\/\",\"url\":\"https:\/\/www.manaus.am.gov.br\/seminf\/manutencao-asfaltica-11\/\",\"name\":\"Prefeitura intensifica manuten\u00e7\u00e3o asf\u00e1ltica no bairro Raiz\",\"isPartOf\":{\"@id\":\"https:\/\/www.manaus.am.gov.br\/seminf\/#website\"},\"primaryImageOfPage\":{\"@id\":\"https:\/\/www.manaus.am.gov.br\/seminf\/manutencao-asfaltica-11\/#primaryimage\"},\"image\":{\"@id\":\"https:\/\/www.manaus.am.gov.br\/seminf\/manutencao-asfaltica-11\/#primaryimage\"},\"thumbnailUrl\":\"https:\/\/www.manaus.am.gov.br\/seminf\/wp-content\/uploads\/sites\/6\/2026\/01\/Prefeitura-de-Manaus-intensifica-manutencao-asfaltica-no-bairro-Raiz-e-garante-mais-mobilidade-a-zona-Sul-4.jpg\",\"datePublished\":\"2026-01-16T22:25:02+00:00\",\"dateModified\":\"2026-01-16T22:25:03+00:00\",\"author\":{\"@id\":\"https:\/\/www.manaus.am.gov.br\/seminf\/#\/schema\/person\/466a0e03ae4b6062809046bd560ac955\"},\"description\":\"A Prefeitura, por meio da Secretaria Municipal de Infraestrutura (Seminf), segue avan\u00e7ando com os servi\u00e7os de infraestrutura urbana.\",\"inLanguage\":\"pt-BR\",\"potentialAction\":[{\"@type\":\"ReadAction\",\"target\":[\"https:\/\/www.manaus.am.gov.br\/seminf\/manutencao-asfaltica-11\/\"]}]},{\"@type\":\"ImageObject\",\"inLanguage\":\"pt-BR\",\"@id\":\"https:\/\/www.manaus.am.gov.br\/seminf\/manutencao-asfaltica-11\/#primaryimage\",\"url\":\"https:\/\/www.manaus.am.gov.br\/seminf\/wp-content\/uploads\/sites\/6\/2026\/01\/Prefeitura-de-Manaus-intensifica-manutencao-asfaltica-no-bairro-Raiz-e-garante-mais-mobilidade-a-zona-Sul-4.jpg\",\"contentUrl\":\"https:\/\/www.manaus.am.gov.br\/seminf\/wp-content\/uploads\/sites\/6\/2026\/01\/Prefeitura-de-Manaus-intensifica-manutencao-asfaltica-no-bairro-Raiz-e-garante-mais-mobilidade-a-zona-Sul-4.jpg\",\"width\":1600,\"height\":1200,\"caption\":\"#paratodosverem - Equipe da Seminf aplicando asfalto novo em via\"},{\"@type\":\"WebSite\",\"@id\":\"https:\/\/www.manaus.am.gov.br\/seminf\/#website\",\"url\":\"https:\/\/www.manaus.am.gov.br\/seminf\/\",\"name\":\"Secretaria de Infraestrutura\",\"description\":\"Secretaria Municipal de Infraestrutura\",\"potentialAction\":[{\"@type\":\"SearchAction\",\"target\":{\"@type\":\"EntryPoint\",\"urlTemplate\":\"https:\/\/www.manaus.am.gov.br\/seminf\/?s={search_term_string}\"},\"query-input\":\"required name=search_term_string\"}],\"inLanguage\":\"pt-BR\"},{\"@type\":\"Person\",\"@id\":\"https:\/\/www.manaus.am.gov.br\/seminf\/#\/schema\/person\/466a0e03ae4b6062809046bd560ac955\",\"name\":\"bvalente\",\"image\":{\"@type\":\"ImageObject\",\"inLanguage\":\"pt-BR\",\"@id\":\"https:\/\/www.manaus.am.gov.br\/seminf\/#\/schema\/person\/image\/\",\"url\":\"https:\/\/secure.gravatar.com\/avatar\/3e69bc2b014bdad41adfec3a39de07d2?s=96&d=mm&r=g\",\"contentUrl\":\"https:\/\/secure.gravatar.com\/avatar\/3e69bc2b014bdad41adfec3a39de07d2?s=96&d=mm&r=g\",\"caption\":\"bvalente\"}}]}<\/script>\n<!-- \/ Yoast SEO plugin. -->","yoast_head_json":{"title":"Prefeitura intensifica manuten\u00e7\u00e3o asf\u00e1ltica no bairro Raiz","description":"A Prefeitura, por meio da Secretaria Municipal de Infraestrutura (Seminf), segue avan\u00e7ando com os servi\u00e7os de infraestrutura urbana.","robots":{"index":"index","follow":"follow","max-snippet":"max-snippet:-1","max-image-preview":"max-image-preview:large","max-video-preview":"max-video-preview:-1"},"canonical":"https:\/\/www.manaus.am.gov.br\/seminf\/manutencao-asfaltica-11\/","og_locale":"pt_BR","og_type":"article","og_title":"Prefeitura intensifica manuten\u00e7\u00e3o asf\u00e1ltica no bairro Raiz","og_description":"A Prefeitura, por meio da Secretaria Municipal de Infraestrutura (Seminf), segue avan\u00e7ando com os servi\u00e7os de infraestrutura urbana.","og_url":"https:\/\/www.manaus.am.gov.br\/seminf\/manutencao-asfaltica-11\/","og_site_name":"SEMINF","article_published_time":"2026-01-16T22:25:02+00:00","article_modified_time":"2026-01-16T22:25:03+00:00","og_image":[{"width":1600,"height":1200,"url":"https:\/\/www.manaus.am.gov.br\/seminf\/wp-content\/uploads\/sites\/6\/2026\/01\/Prefeitura-de-Manaus-intensifica-manutencao-asfaltica-no-bairro-Raiz-e-garante-mais-mobilidade-a-zona-Sul-4.jpg","type":"image\/jpeg"}],"author":"bvalente","twitter_card":"summary_large_image","twitter_misc":{"Written by":"bvalente","Est. reading time":"2 minutos"},"schema":{"@context":"https:\/\/schema.org","@graph":[{"@type":"WebPage","@id":"https:\/\/www.manaus.am.gov.br\/seminf\/manutencao-asfaltica-11\/","url":"https:\/\/www.manaus.am.gov.br\/seminf\/manutencao-asfaltica-11\/","name":"Prefeitura intensifica manuten\u00e7\u00e3o asf\u00e1ltica no bairro Raiz","isPartOf":{"@id":"https:\/\/www.manaus.am.gov.br\/seminf\/#website"},"primaryImageOfPage":{"@id":"https:\/\/www.manaus.am.gov.br\/seminf\/manutencao-asfaltica-11\/#primaryimage"},"image":{"@id":"https:\/\/www.manaus.am.gov.br\/seminf\/manutencao-asfaltica-11\/#primaryimage"},"thumbnailUrl":"https:\/\/www.manaus.am.gov.br\/seminf\/wp-content\/uploads\/sites\/6\/2026\/01\/Prefeitura-de-Manaus-intensifica-manutencao-asfaltica-no-bairro-Raiz-e-garante-mais-mobilidade-a-zona-Sul-4.jpg","datePublished":"2026-01-16T22:25:02+00:00","dateModified":"2026-01-16T22:25:03+00:00","author":{"@id":"https:\/\/www.manaus.am.gov.br\/seminf\/#\/schema\/person\/466a0e03ae4b6062809046bd560ac955"},"description":"A Prefeitura, por meio da Secretaria Municipal de Infraestrutura (Seminf), segue avan\u00e7ando com os servi\u00e7os de infraestrutura urbana.","inLanguage":"pt-BR","potentialAction":[{"@type":"ReadAction","target":["https:\/\/www.manaus.am.gov.br\/seminf\/manutencao-asfaltica-11\/"]}]},{"@type":"ImageObject","inLanguage":"pt-BR","@id":"https:\/\/www.manaus.am.gov.br\/seminf\/manutencao-asfaltica-11\/#primaryimage","url":"https:\/\/www.manaus.am.gov.br\/seminf\/wp-content\/uploads\/sites\/6\/2026\/01\/Prefeitura-de-Manaus-intensifica-manutencao-asfaltica-no-bairro-Raiz-e-garante-mais-mobilidade-a-zona-Sul-4.jpg","contentUrl":"https:\/\/www.manaus.am.gov.br\/seminf\/wp-content\/uploads\/sites\/6\/2026\/01\/Prefeitura-de-Manaus-intensifica-manutencao-asfaltica-no-bairro-Raiz-e-garante-mais-mobilidade-a-zona-Sul-4.jpg","width":1600,"height":1200,"caption":"#paratodosverem - Equipe da Seminf aplicando asfalto novo em via"},{"@type":"WebSite","@id":"https:\/\/www.manaus.am.gov.br\/seminf\/#website","url":"https:\/\/www.manaus.am.gov.br\/seminf\/","name":"Secretaria de Infraestrutura","description":"Secretaria Municipal de Infraestrutura","potentialAction":[{"@type":"SearchAction","target":{"@type":"EntryPoint","urlTemplate":"https:\/\/www.manaus.am.gov.br\/seminf\/?s={search_term_string}"},"query-input":"required name=search_term_string"}],"inLanguage":"pt-BR"},{"@type":"Person","@id":"https:\/\/www.manaus.am.gov.br\/seminf\/#\/schema\/person\/466a0e03ae4b6062809046bd560ac955","name":"bvalente","image":{"@type":"ImageObject","inLanguage":"pt-BR","@id":"https:\/\/www.manaus.am.gov.br\/seminf\/#\/schema\/person\/image\/","url":"https:\/\/secure.gravatar.com\/avatar\/3e69bc2b014bdad41adfec3a39de07d2?s=96&d=mm&r=g","contentUrl":"https:\/\/secure.gravatar.com\/avatar\/3e69bc2b014bdad41adfec3a39de07d2?s=96&d=mm&r=g","caption":"bvalente"}}]}},"_links":{"self":[{"href":"https:\/\/www.manaus.am.gov.br\/seminf\/wp-json\/wp\/v2\/posts\/8159"}],"collection":[{"href":"https:\/\/www.manaus.am.gov.br\/seminf\/wp-json\/wp\/v2\/posts"}],"about":[{"href":"https:\/\/www.manaus.am.gov.br\/seminf\/wp-json\/wp\/v2\/types\/post"}],"author":[{"embeddable":true,"href":"https:\/\/www.manaus.am.gov.br\/seminf\/wp-json\/wp\/v2\/users\/68"}],"replies":[{"embeddable":true,"href":"https:\/\/www.manaus.am.gov.br\/seminf\/wp-json\/wp\/v2\/comments?post=8159"}],"version-history":[{"count":0,"href":"https:\/\/www.manaus.am.gov.br\/seminf\/wp-json\/wp\/v2\/posts\/8159\/revisions"}],"wp:featuredmedia":[{"embeddable":true,"href":"https:\/\/www.manaus.am.gov.br\/seminf\/wp-json\/wp\/v2\/media\/8160"}],"wp:attachment":[{"href":"https:\/\/www.manaus.am.gov.br\/seminf\/wp-json\/wp\/v2\/media?parent=8159"}],"wp:term":[{"taxonomy":"category","embeddable":true,"href":"https:\/\/www.manaus.am.gov.br\/seminf\/wp-json\/wp\/v2\/categories?post=8159"},{"taxonomy":"post_tag","embeddable":true,"href":"https:\/\/www.manaus.am.gov.br\/seminf\/wp-json\/wp\/v2\/tags?post=8159"}],"curies":[{"name":"wp","href":"https:\/\/api.w.org\/{rel}","templated":true}]}}