{"id":8155,"date":"2026-01-15T19:18:31","date_gmt":"2026-01-15T23:18:31","guid":{"rendered":"https:\/\/www.manaus.am.gov.br\/seminf\/recuperacao-asfaltica-zona-sul\/"},"modified":"2026-01-15T19:18:32","modified_gmt":"2026-01-15T23:18:32","slug":"recuperacao-asfaltica-zona-sul","status":"publish","type":"post","link":"https:\/\/www.manaus.am.gov.br\/seminf\/recuperacao-asfaltica-zona-sul\/","title":{"rendered":"Prefeitura de Manaus recupera avenida Manaus 2000 e fortalece mobilidade urbana no bairro Japiim"},"content":{"rendered":"\n<p>A Prefeitura de Manaus, por meio da Secretaria Municipal de Infraestrutura (Seminf), realizou, nesta quinta-feira, 15\/1, servi\u00e7os de manuten\u00e7\u00e3o asf\u00e1ltica na avenida Manaus 2000, no bairro Japiim, zona Sul da capital. A via \u00e9 um dos importantes corredores da regi\u00e3o, rota para o distrito industrial e recebe diariamente intenso tr\u00e1fego de ve\u00edculos pesados, fator que acelera o desgaste do pavimento.<\/p>\n\n\n\n<p>A interven\u00e7\u00e3o teve como foco a recupera\u00e7\u00e3o da pista, garantindo melhores condi\u00e7\u00f5es de tr\u00e1fego, mais seguran\u00e7a vi\u00e1ria e conforto para motoristas e pedestres que utilizam a avenida como rota de deslocamento di\u00e1rio.<\/p>\n\n\n\n<p>Segundo o vice-prefeito e secret\u00e1rio de Obras, Renato Junior, as a\u00e7\u00f5es fazem parte de um planejamento cont\u00ednuo da gest\u00e3o municipal para cuidar das vias mais demandadas da cidade. \u201cA gest\u00e3o do prefeito David Almeida trabalha de forma permanente para recuperar as avenidas que sustentam o fluxo da cidade. Sabemos que o tr\u00e1fego pesado desgasta o pavimento, por isso nossas equipes est\u00e3o nas ruas para corrigir esses pontos, garantir seguran\u00e7a e evitar transtornos para quem depende dessas vias todos os dias\u201d, destacou Renato Junior.<\/p>\n\n\n\n<p>As equipes da Seminf atuaram em aproximadamente 400 metros de extens\u00e3o da avenida, realizando a recomposi\u00e7\u00e3o do pavimento com t\u00e9cnicas que asseguram maior durabilidade ao asfalto. A a\u00e7\u00e3o contribui diretamente para a fluidez do tr\u00e2nsito, reduz riscos de acidentes e preserva a infraestrutura vi\u00e1ria.<\/p>\n\n\n\n<p>Morador da \u00e1rea, o aposentado Lincon Ramos, de 66 anos, elogiou o servi\u00e7o executado. \u201cEu dou nota 10 para esse trabalho. Melhora a passagem dos carros e a qualidade de vida de quem mora aqui. \u00c9 um servi\u00e7o muito necess\u00e1rio, e fico feliz em ver a prefeitura cuidando da nossa rua\u201d, afirmou o morador.<\/p>\n\n\n\n<p>Com a conclus\u00e3o do reparo asf\u00e1ltico, a Prefeitura de Manaus reafirma o compromisso com a melhoria cont\u00ednua da malha vi\u00e1ria da cidade, promovendo mais mobilidade, seguran\u00e7a no tr\u00e2nsito e melhores condi\u00e7\u00f5es de deslocamento para a popula\u00e7\u00e3o.<\/p>\n\n\n\n<p>&#8212; &#8212; \u2013<br><strong>Texto &#8211; <\/strong>Eduarda Lira \/ Seminf<\/p>\n\n\n\n<p><strong>Fotos &#8211; <\/strong>M\u00e1rcio Melo \/ Seminf<\/p>\n","protected":false},"excerpt":{"rendered":"","protected":false},"author":68,"featured_media":8156,"comment_status":"closed","ping_status":"closed","sticky":false,"template":"","format":"standard","meta":{"footnotes":""},"categories":[6],"tags":[43,2989,26,2813],"acf":[],"yoast_head":"<!-- This site is optimized with the Yoast SEO plugin v23.0 - https:\/\/yoast.com\/wordpress\/plugins\/seo\/ -->\n<title>Prefeitura de Manaus recupera avenida Manaus 2000<\/title>\n<meta name=\"description\" content=\"A Prefeitura de Manaus realizou, nesta quinta-feira, 15\/1, servi\u00e7os de manuten\u00e7\u00e3o asf\u00e1ltica na avenida Manaus 2000.\" \/>\n<meta name=\"robots\" content=\"index, follow, max-snippet:-1, max-image-preview:large, max-video-preview:-1\" \/>\n<link rel=\"canonical\" href=\"https:\/\/www.manaus.am.gov.br\/seminf\/recuperacao-asfaltica-zona-sul\/\" \/>\n<meta property=\"og:locale\" content=\"pt_BR\" \/>\n<meta property=\"og:type\" content=\"article\" \/>\n<meta property=\"og:title\" content=\"Prefeitura de Manaus recupera avenida Manaus 2000\" \/>\n<meta property=\"og:description\" content=\"A Prefeitura de Manaus realizou, nesta quinta-feira, 15\/1, servi\u00e7os de manuten\u00e7\u00e3o asf\u00e1ltica na avenida Manaus 2000.\" \/>\n<meta property=\"og:url\" content=\"https:\/\/www.manaus.am.gov.br\/seminf\/recuperacao-asfaltica-zona-sul\/\" \/>\n<meta property=\"og:site_name\" content=\"SEMINF\" \/>\n<meta property=\"article:published_time\" content=\"2026-01-15T23:18:31+00:00\" \/>\n<meta property=\"article:modified_time\" content=\"2026-01-15T23:18:32+00:00\" \/>\n<meta property=\"og:image\" content=\"https:\/\/www.manaus.am.gov.br\/seminf\/wp-content\/uploads\/sites\/6\/2026\/01\/Prefeitura-de-Manaus-recupera-avenida-Manaus-2000-e-fortalece-mobilidade-urbana-no-bairro-Japiim-4.jpg\" \/>\n\t<meta property=\"og:image:width\" content=\"1600\" \/>\n\t<meta property=\"og:image:height\" content=\"1067\" \/>\n\t<meta property=\"og:image:type\" content=\"image\/jpeg\" \/>\n<meta name=\"author\" content=\"bvalente\" \/>\n<meta name=\"twitter:card\" content=\"summary_large_image\" \/>\n<meta name=\"twitter:label1\" content=\"Written by\" \/>\n\t<meta name=\"twitter:data1\" content=\"bvalente\" \/>\n\t<meta name=\"twitter:label2\" content=\"Est. reading time\" \/>\n\t<meta name=\"twitter:data2\" content=\"2 minutos\" \/>\n<script type=\"application\/ld+json\" class=\"yoast-schema-graph\">{\"@context\":\"https:\/\/schema.org\",\"@graph\":[{\"@type\":\"WebPage\",\"@id\":\"https:\/\/www.manaus.am.gov.br\/seminf\/recuperacao-asfaltica-zona-sul\/\",\"url\":\"https:\/\/www.manaus.am.gov.br\/seminf\/recuperacao-asfaltica-zona-sul\/\",\"name\":\"Prefeitura de Manaus recupera avenida Manaus 2000\",\"isPartOf\":{\"@id\":\"https:\/\/www.manaus.am.gov.br\/seminf\/#website\"},\"primaryImageOfPage\":{\"@id\":\"https:\/\/www.manaus.am.gov.br\/seminf\/recuperacao-asfaltica-zona-sul\/#primaryimage\"},\"image\":{\"@id\":\"https:\/\/www.manaus.am.gov.br\/seminf\/recuperacao-asfaltica-zona-sul\/#primaryimage\"},\"thumbnailUrl\":\"https:\/\/www.manaus.am.gov.br\/seminf\/wp-content\/uploads\/sites\/6\/2026\/01\/Prefeitura-de-Manaus-recupera-avenida-Manaus-2000-e-fortalece-mobilidade-urbana-no-bairro-Japiim-4.jpg\",\"datePublished\":\"2026-01-15T23:18:31+00:00\",\"dateModified\":\"2026-01-15T23:18:32+00:00\",\"author\":{\"@id\":\"https:\/\/www.manaus.am.gov.br\/seminf\/#\/schema\/person\/466a0e03ae4b6062809046bd560ac955\"},\"description\":\"A Prefeitura de Manaus realizou, nesta quinta-feira, 15\/1, servi\u00e7os de manuten\u00e7\u00e3o asf\u00e1ltica na avenida Manaus 2000.\",\"inLanguage\":\"pt-BR\",\"potentialAction\":[{\"@type\":\"ReadAction\",\"target\":[\"https:\/\/www.manaus.am.gov.br\/seminf\/recuperacao-asfaltica-zona-sul\/\"]}]},{\"@type\":\"ImageObject\",\"inLanguage\":\"pt-BR\",\"@id\":\"https:\/\/www.manaus.am.gov.br\/seminf\/recuperacao-asfaltica-zona-sul\/#primaryimage\",\"url\":\"https:\/\/www.manaus.am.gov.br\/seminf\/wp-content\/uploads\/sites\/6\/2026\/01\/Prefeitura-de-Manaus-recupera-avenida-Manaus-2000-e-fortalece-mobilidade-urbana-no-bairro-Japiim-4.jpg\",\"contentUrl\":\"https:\/\/www.manaus.am.gov.br\/seminf\/wp-content\/uploads\/sites\/6\/2026\/01\/Prefeitura-de-Manaus-recupera-avenida-Manaus-2000-e-fortalece-mobilidade-urbana-no-bairro-Japiim-4.jpg\",\"width\":1600,\"height\":1067,\"caption\":\"#paratodosverem - Equipe da Seminf aplicando asfalto novo em via\"},{\"@type\":\"WebSite\",\"@id\":\"https:\/\/www.manaus.am.gov.br\/seminf\/#website\",\"url\":\"https:\/\/www.manaus.am.gov.br\/seminf\/\",\"name\":\"Secretaria de Infraestrutura\",\"description\":\"Secretaria Municipal de Infraestrutura\",\"potentialAction\":[{\"@type\":\"SearchAction\",\"target\":{\"@type\":\"EntryPoint\",\"urlTemplate\":\"https:\/\/www.manaus.am.gov.br\/seminf\/?s={search_term_string}\"},\"query-input\":\"required name=search_term_string\"}],\"inLanguage\":\"pt-BR\"},{\"@type\":\"Person\",\"@id\":\"https:\/\/www.manaus.am.gov.br\/seminf\/#\/schema\/person\/466a0e03ae4b6062809046bd560ac955\",\"name\":\"bvalente\",\"image\":{\"@type\":\"ImageObject\",\"inLanguage\":\"pt-BR\",\"@id\":\"https:\/\/www.manaus.am.gov.br\/seminf\/#\/schema\/person\/image\/\",\"url\":\"https:\/\/secure.gravatar.com\/avatar\/3e69bc2b014bdad41adfec3a39de07d2?s=96&d=mm&r=g\",\"contentUrl\":\"https:\/\/secure.gravatar.com\/avatar\/3e69bc2b014bdad41adfec3a39de07d2?s=96&d=mm&r=g\",\"caption\":\"bvalente\"}}]}<\/script>\n<!-- \/ Yoast SEO plugin. -->","yoast_head_json":{"title":"Prefeitura de Manaus recupera avenida Manaus 2000","description":"A Prefeitura de Manaus realizou, nesta quinta-feira, 15\/1, servi\u00e7os de manuten\u00e7\u00e3o asf\u00e1ltica na avenida Manaus 2000.","robots":{"index":"index","follow":"follow","max-snippet":"max-snippet:-1","max-image-preview":"max-image-preview:large","max-video-preview":"max-video-preview:-1"},"canonical":"https:\/\/www.manaus.am.gov.br\/seminf\/recuperacao-asfaltica-zona-sul\/","og_locale":"pt_BR","og_type":"article","og_title":"Prefeitura de Manaus recupera avenida Manaus 2000","og_description":"A Prefeitura de Manaus realizou, nesta quinta-feira, 15\/1, servi\u00e7os de manuten\u00e7\u00e3o asf\u00e1ltica na avenida Manaus 2000.","og_url":"https:\/\/www.manaus.am.gov.br\/seminf\/recuperacao-asfaltica-zona-sul\/","og_site_name":"SEMINF","article_published_time":"2026-01-15T23:18:31+00:00","article_modified_time":"2026-01-15T23:18:32+00:00","og_image":[{"width":1600,"height":1067,"url":"https:\/\/www.manaus.am.gov.br\/seminf\/wp-content\/uploads\/sites\/6\/2026\/01\/Prefeitura-de-Manaus-recupera-avenida-Manaus-2000-e-fortalece-mobilidade-urbana-no-bairro-Japiim-4.jpg","type":"image\/jpeg"}],"author":"bvalente","twitter_card":"summary_large_image","twitter_misc":{"Written by":"bvalente","Est. reading time":"2 minutos"},"schema":{"@context":"https:\/\/schema.org","@graph":[{"@type":"WebPage","@id":"https:\/\/www.manaus.am.gov.br\/seminf\/recuperacao-asfaltica-zona-sul\/","url":"https:\/\/www.manaus.am.gov.br\/seminf\/recuperacao-asfaltica-zona-sul\/","name":"Prefeitura de Manaus recupera avenida Manaus 2000","isPartOf":{"@id":"https:\/\/www.manaus.am.gov.br\/seminf\/#website"},"primaryImageOfPage":{"@id":"https:\/\/www.manaus.am.gov.br\/seminf\/recuperacao-asfaltica-zona-sul\/#primaryimage"},"image":{"@id":"https:\/\/www.manaus.am.gov.br\/seminf\/recuperacao-asfaltica-zona-sul\/#primaryimage"},"thumbnailUrl":"https:\/\/www.manaus.am.gov.br\/seminf\/wp-content\/uploads\/sites\/6\/2026\/01\/Prefeitura-de-Manaus-recupera-avenida-Manaus-2000-e-fortalece-mobilidade-urbana-no-bairro-Japiim-4.jpg","datePublished":"2026-01-15T23:18:31+00:00","dateModified":"2026-01-15T23:18:32+00:00","author":{"@id":"https:\/\/www.manaus.am.gov.br\/seminf\/#\/schema\/person\/466a0e03ae4b6062809046bd560ac955"},"description":"A Prefeitura de Manaus realizou, nesta quinta-feira, 15\/1, servi\u00e7os de manuten\u00e7\u00e3o asf\u00e1ltica na avenida Manaus 2000.","inLanguage":"pt-BR","potentialAction":[{"@type":"ReadAction","target":["https:\/\/www.manaus.am.gov.br\/seminf\/recuperacao-asfaltica-zona-sul\/"]}]},{"@type":"ImageObject","inLanguage":"pt-BR","@id":"https:\/\/www.manaus.am.gov.br\/seminf\/recuperacao-asfaltica-zona-sul\/#primaryimage","url":"https:\/\/www.manaus.am.gov.br\/seminf\/wp-content\/uploads\/sites\/6\/2026\/01\/Prefeitura-de-Manaus-recupera-avenida-Manaus-2000-e-fortalece-mobilidade-urbana-no-bairro-Japiim-4.jpg","contentUrl":"https:\/\/www.manaus.am.gov.br\/seminf\/wp-content\/uploads\/sites\/6\/2026\/01\/Prefeitura-de-Manaus-recupera-avenida-Manaus-2000-e-fortalece-mobilidade-urbana-no-bairro-Japiim-4.jpg","width":1600,"height":1067,"caption":"#paratodosverem - Equipe da Seminf aplicando asfalto novo em via"},{"@type":"WebSite","@id":"https:\/\/www.manaus.am.gov.br\/seminf\/#website","url":"https:\/\/www.manaus.am.gov.br\/seminf\/","name":"Secretaria de Infraestrutura","description":"Secretaria Municipal de Infraestrutura","potentialAction":[{"@type":"SearchAction","target":{"@type":"EntryPoint","urlTemplate":"https:\/\/www.manaus.am.gov.br\/seminf\/?s={search_term_string}"},"query-input":"required name=search_term_string"}],"inLanguage":"pt-BR"},{"@type":"Person","@id":"https:\/\/www.manaus.am.gov.br\/seminf\/#\/schema\/person\/466a0e03ae4b6062809046bd560ac955","name":"bvalente","image":{"@type":"ImageObject","inLanguage":"pt-BR","@id":"https:\/\/www.manaus.am.gov.br\/seminf\/#\/schema\/person\/image\/","url":"https:\/\/secure.gravatar.com\/avatar\/3e69bc2b014bdad41adfec3a39de07d2?s=96&d=mm&r=g","contentUrl":"https:\/\/secure.gravatar.com\/avatar\/3e69bc2b014bdad41adfec3a39de07d2?s=96&d=mm&r=g","caption":"bvalente"}}]}},"_links":{"self":[{"href":"https:\/\/www.manaus.am.gov.br\/seminf\/wp-json\/wp\/v2\/posts\/8155"}],"collection":[{"href":"https:\/\/www.manaus.am.gov.br\/seminf\/wp-json\/wp\/v2\/posts"}],"about":[{"href":"https:\/\/www.manaus.am.gov.br\/seminf\/wp-json\/wp\/v2\/types\/post"}],"author":[{"embeddable":true,"href":"https:\/\/www.manaus.am.gov.br\/seminf\/wp-json\/wp\/v2\/users\/68"}],"replies":[{"embeddable":true,"href":"https:\/\/www.manaus.am.gov.br\/seminf\/wp-json\/wp\/v2\/comments?post=8155"}],"version-history":[{"count":0,"href":"https:\/\/www.manaus.am.gov.br\/seminf\/wp-json\/wp\/v2\/posts\/8155\/revisions"}],"wp:featuredmedia":[{"embeddable":true,"href":"https:\/\/www.manaus.am.gov.br\/seminf\/wp-json\/wp\/v2\/media\/8156"}],"wp:attachment":[{"href":"https:\/\/www.manaus.am.gov.br\/seminf\/wp-json\/wp\/v2\/media?parent=8155"}],"wp:term":[{"taxonomy":"category","embeddable":true,"href":"https:\/\/www.manaus.am.gov.br\/seminf\/wp-json\/wp\/v2\/categories?post=8155"},{"taxonomy":"post_tag","embeddable":true,"href":"https:\/\/www.manaus.am.gov.br\/seminf\/wp-json\/wp\/v2\/tags?post=8155"}],"curies":[{"name":"wp","href":"https:\/\/api.w.org\/{rel}","templated":true}]}}