{"id":8153,"date":"2026-01-15T19:09:25","date_gmt":"2026-01-15T23:09:25","guid":{"rendered":"https:\/\/www.manaus.am.gov.br\/seminf\/manutencao-asfaltica-aleixo\/"},"modified":"2026-01-15T19:09:25","modified_gmt":"2026-01-15T23:09:25","slug":"manutencao-asfaltica-aleixo","status":"publish","type":"post","link":"https:\/\/www.manaus.am.gov.br\/seminf\/manutencao-asfaltica-aleixo\/","title":{"rendered":"Prefeitura de Manaus refor\u00e7a mobilidade urbana com manuten\u00e7\u00e3o asf\u00e1ltica em via estrat\u00e9gica do bairro Aleixo"},"content":{"rendered":"\n<p>A Prefeitura de Manaus, por meio da Secretaria Municipal de Infraestrutura (Seminf), intensificou, nesta quinta-feira, 15\/1, os servi\u00e7os de manuten\u00e7\u00e3o asf\u00e1ltica na rua Bacar\u00e9, no bairro Aleixo, zona Centro-Sul da capital. A via funciona como importante acesso alternativo e registra grande fluxo di\u00e1rio de ve\u00edculos, sendo essencial para a mobilidade da regi\u00e3o.<\/p>\n\n\n\n<p>A interven\u00e7\u00e3o tem como objetivo melhorar a trafegabilidade, garantir mais seguran\u00e7a vi\u00e1ria e oferecer conforto tanto para motoristas quanto para pedestres que utilizam a rua diariamente. O servi\u00e7o contempla desde a prepara\u00e7\u00e3o da base at\u00e9 a aplica\u00e7\u00e3o do novo pavimento, assegurando melhor nivelamento da pista e mais durabilidade ao asfalto.<\/p>\n\n\n\n<p>\u201cA determina\u00e7\u00e3o do prefeito David Almeida \u00e9 que possamos executar reparo asf\u00e1ltico no m\u00e1ximo de ruas poss\u00edveis nas zonas Centro-Sul e Sul, priorizando vias estrat\u00e9gicas e de grande circula\u00e7\u00e3o, levando mais mobilidade urbana, seguran\u00e7a vi\u00e1ria e qualidade de vida para a popula\u00e7\u00e3o\u201d, enfatizou o vice-prefeito e secret\u00e1rio de Obras, Renato Junior.<\/p>\n\n\n\n<p>O servi\u00e7o de manuten\u00e7\u00e3o asf\u00e1ltica realizado pela prefeitura na via, contribui para melhoria da mobilidade urbana, oferecendo mais conforto e seguran\u00e7a aos condutores e moradores que trafegam pela regi\u00e3o, al\u00e9m de favorecer a fluidez do tr\u00e1fego e a qualidade do deslocamento do dia a dia. A execu\u00e7\u00e3o do servi\u00e7o inclui a prepara\u00e7\u00e3o e reparo da base e a aplica\u00e7\u00e3o do novo pavimento, garantindo melhor nivelamento da pista.<\/p>\n\n\n\n<p>Moradora do bairro, a diarista Elenilda Seabra, de 56 anos, aprovou a iniciativa e ressaltou a import\u00e2ncia da obra para o dia a dia da comunidade. \u201c\u00c9 muito bom ver esse trabalho sendo feito. A rua melhora, o bairro ganha e todo mundo se sente mais seguro. Aqui passam muitos carros e moram muitas pessoas, ent\u00e3o o asfalto faz toda a diferen\u00e7a\u201d, afirmou.<\/p>\n\n\n\n<p>A Seminf segue com frentes de trabalho em diversas zonas da cidade, promovendo melhorias cont\u00ednuas na infraestrutura vi\u00e1ria de Manaus. As a\u00e7\u00f5es refor\u00e7am o compromisso da prefeitura em garantir mobilidade urbana, seguran\u00e7a no tr\u00e2nsito e mais qualidade de vida para a popula\u00e7\u00e3o, contribuindo para um deslocamento mais r\u00e1pido e seguro de motoristas e pedestres.<\/p>\n\n\n\n<p>\u2014- \u2014- \u2014-<br><strong>Texto &#8211; <\/strong>Eduarda Lira \/ Seminf<br><strong>Fotos &#8211; <\/strong>M\u00e1rcio Melo \/ Seminf<\/p>\n","protected":false},"excerpt":{"rendered":"","protected":false},"author":68,"featured_media":8154,"comment_status":"closed","ping_status":"closed","sticky":false,"template":"","format":"standard","meta":{"footnotes":""},"categories":[3],"tags":[2987,2988,43,26],"acf":[],"yoast_head":"<!-- This site is optimized with the Yoast SEO plugin v23.0 - https:\/\/yoast.com\/wordpress\/plugins\/seo\/ -->\n<title>Prefeitura refor\u00e7a manuten\u00e7\u00e3o asf\u00e1ltica no Aleixo<\/title>\n<meta name=\"description\" content=\"A Prefeitura de Manaus, intensificou, nesta quinta-feira, 15\/1, os servi\u00e7os de manuten\u00e7\u00e3o asf\u00e1ltica na rua Bacar\u00e9, no bairro Aleixo.\" \/>\n<meta name=\"robots\" content=\"index, follow, max-snippet:-1, max-image-preview:large, max-video-preview:-1\" \/>\n<link rel=\"canonical\" href=\"https:\/\/www.manaus.am.gov.br\/seminf\/manutencao-asfaltica-aleixo\/\" \/>\n<meta property=\"og:locale\" content=\"pt_BR\" \/>\n<meta property=\"og:type\" content=\"article\" \/>\n<meta property=\"og:title\" content=\"Prefeitura refor\u00e7a manuten\u00e7\u00e3o asf\u00e1ltica no Aleixo\" \/>\n<meta property=\"og:description\" content=\"A Prefeitura de Manaus, intensificou, nesta quinta-feira, 15\/1, os servi\u00e7os de manuten\u00e7\u00e3o asf\u00e1ltica na rua Bacar\u00e9, no bairro Aleixo.\" \/>\n<meta property=\"og:url\" content=\"https:\/\/www.manaus.am.gov.br\/seminf\/manutencao-asfaltica-aleixo\/\" \/>\n<meta property=\"og:site_name\" content=\"SEMINF\" \/>\n<meta property=\"article:published_time\" content=\"2026-01-15T23:09:25+00:00\" \/>\n<meta property=\"og:image\" content=\"https:\/\/www.manaus.am.gov.br\/seminf\/wp-content\/uploads\/sites\/6\/2026\/01\/Prefeitura-de-Manaus-reforca-mobilidade-urbana-com-manutencao-asfaltica-em-via-estrategica-do-bairro-Aleixo.jpg\" \/>\n\t<meta property=\"og:image:width\" content=\"1600\" \/>\n\t<meta property=\"og:image:height\" content=\"1067\" \/>\n\t<meta property=\"og:image:type\" content=\"image\/jpeg\" \/>\n<meta name=\"author\" content=\"bvalente\" \/>\n<meta name=\"twitter:card\" content=\"summary_large_image\" \/>\n<meta name=\"twitter:label1\" content=\"Written by\" \/>\n\t<meta name=\"twitter:data1\" content=\"bvalente\" \/>\n\t<meta name=\"twitter:label2\" content=\"Est. reading time\" \/>\n\t<meta name=\"twitter:data2\" content=\"3 minutos\" \/>\n<script type=\"application\/ld+json\" class=\"yoast-schema-graph\">{\"@context\":\"https:\/\/schema.org\",\"@graph\":[{\"@type\":\"WebPage\",\"@id\":\"https:\/\/www.manaus.am.gov.br\/seminf\/manutencao-asfaltica-aleixo\/\",\"url\":\"https:\/\/www.manaus.am.gov.br\/seminf\/manutencao-asfaltica-aleixo\/\",\"name\":\"Prefeitura refor\u00e7a manuten\u00e7\u00e3o asf\u00e1ltica no Aleixo\",\"isPartOf\":{\"@id\":\"https:\/\/www.manaus.am.gov.br\/seminf\/#website\"},\"primaryImageOfPage\":{\"@id\":\"https:\/\/www.manaus.am.gov.br\/seminf\/manutencao-asfaltica-aleixo\/#primaryimage\"},\"image\":{\"@id\":\"https:\/\/www.manaus.am.gov.br\/seminf\/manutencao-asfaltica-aleixo\/#primaryimage\"},\"thumbnailUrl\":\"https:\/\/www.manaus.am.gov.br\/seminf\/wp-content\/uploads\/sites\/6\/2026\/01\/Prefeitura-de-Manaus-reforca-mobilidade-urbana-com-manutencao-asfaltica-em-via-estrategica-do-bairro-Aleixo.jpg\",\"datePublished\":\"2026-01-15T23:09:25+00:00\",\"dateModified\":\"2026-01-15T23:09:25+00:00\",\"author\":{\"@id\":\"https:\/\/www.manaus.am.gov.br\/seminf\/#\/schema\/person\/466a0e03ae4b6062809046bd560ac955\"},\"description\":\"A Prefeitura de Manaus, intensificou, nesta quinta-feira, 15\/1, os servi\u00e7os de manuten\u00e7\u00e3o asf\u00e1ltica na rua Bacar\u00e9, no bairro Aleixo.\",\"inLanguage\":\"pt-BR\",\"potentialAction\":[{\"@type\":\"ReadAction\",\"target\":[\"https:\/\/www.manaus.am.gov.br\/seminf\/manutencao-asfaltica-aleixo\/\"]}]},{\"@type\":\"ImageObject\",\"inLanguage\":\"pt-BR\",\"@id\":\"https:\/\/www.manaus.am.gov.br\/seminf\/manutencao-asfaltica-aleixo\/#primaryimage\",\"url\":\"https:\/\/www.manaus.am.gov.br\/seminf\/wp-content\/uploads\/sites\/6\/2026\/01\/Prefeitura-de-Manaus-reforca-mobilidade-urbana-com-manutencao-asfaltica-em-via-estrategica-do-bairro-Aleixo.jpg\",\"contentUrl\":\"https:\/\/www.manaus.am.gov.br\/seminf\/wp-content\/uploads\/sites\/6\/2026\/01\/Prefeitura-de-Manaus-reforca-mobilidade-urbana-com-manutencao-asfaltica-em-via-estrategica-do-bairro-Aleixo.jpg\",\"width\":1600,\"height\":1067,\"caption\":\"#paratodosverem - Equipe da Seminf aplicando asfalto novo em via\"},{\"@type\":\"WebSite\",\"@id\":\"https:\/\/www.manaus.am.gov.br\/seminf\/#website\",\"url\":\"https:\/\/www.manaus.am.gov.br\/seminf\/\",\"name\":\"Secretaria de Infraestrutura\",\"description\":\"Secretaria Municipal de Infraestrutura\",\"potentialAction\":[{\"@type\":\"SearchAction\",\"target\":{\"@type\":\"EntryPoint\",\"urlTemplate\":\"https:\/\/www.manaus.am.gov.br\/seminf\/?s={search_term_string}\"},\"query-input\":\"required name=search_term_string\"}],\"inLanguage\":\"pt-BR\"},{\"@type\":\"Person\",\"@id\":\"https:\/\/www.manaus.am.gov.br\/seminf\/#\/schema\/person\/466a0e03ae4b6062809046bd560ac955\",\"name\":\"bvalente\",\"image\":{\"@type\":\"ImageObject\",\"inLanguage\":\"pt-BR\",\"@id\":\"https:\/\/www.manaus.am.gov.br\/seminf\/#\/schema\/person\/image\/\",\"url\":\"https:\/\/secure.gravatar.com\/avatar\/3e69bc2b014bdad41adfec3a39de07d2?s=96&d=mm&r=g\",\"contentUrl\":\"https:\/\/secure.gravatar.com\/avatar\/3e69bc2b014bdad41adfec3a39de07d2?s=96&d=mm&r=g\",\"caption\":\"bvalente\"}}]}<\/script>\n<!-- \/ Yoast SEO plugin. -->","yoast_head_json":{"title":"Prefeitura refor\u00e7a manuten\u00e7\u00e3o asf\u00e1ltica no Aleixo","description":"A Prefeitura de Manaus, intensificou, nesta quinta-feira, 15\/1, os servi\u00e7os de manuten\u00e7\u00e3o asf\u00e1ltica na rua Bacar\u00e9, no bairro Aleixo.","robots":{"index":"index","follow":"follow","max-snippet":"max-snippet:-1","max-image-preview":"max-image-preview:large","max-video-preview":"max-video-preview:-1"},"canonical":"https:\/\/www.manaus.am.gov.br\/seminf\/manutencao-asfaltica-aleixo\/","og_locale":"pt_BR","og_type":"article","og_title":"Prefeitura refor\u00e7a manuten\u00e7\u00e3o asf\u00e1ltica no Aleixo","og_description":"A Prefeitura de Manaus, intensificou, nesta quinta-feira, 15\/1, os servi\u00e7os de manuten\u00e7\u00e3o asf\u00e1ltica na rua Bacar\u00e9, no bairro Aleixo.","og_url":"https:\/\/www.manaus.am.gov.br\/seminf\/manutencao-asfaltica-aleixo\/","og_site_name":"SEMINF","article_published_time":"2026-01-15T23:09:25+00:00","og_image":[{"width":1600,"height":1067,"url":"https:\/\/www.manaus.am.gov.br\/seminf\/wp-content\/uploads\/sites\/6\/2026\/01\/Prefeitura-de-Manaus-reforca-mobilidade-urbana-com-manutencao-asfaltica-em-via-estrategica-do-bairro-Aleixo.jpg","type":"image\/jpeg"}],"author":"bvalente","twitter_card":"summary_large_image","twitter_misc":{"Written by":"bvalente","Est. reading time":"3 minutos"},"schema":{"@context":"https:\/\/schema.org","@graph":[{"@type":"WebPage","@id":"https:\/\/www.manaus.am.gov.br\/seminf\/manutencao-asfaltica-aleixo\/","url":"https:\/\/www.manaus.am.gov.br\/seminf\/manutencao-asfaltica-aleixo\/","name":"Prefeitura refor\u00e7a manuten\u00e7\u00e3o asf\u00e1ltica no Aleixo","isPartOf":{"@id":"https:\/\/www.manaus.am.gov.br\/seminf\/#website"},"primaryImageOfPage":{"@id":"https:\/\/www.manaus.am.gov.br\/seminf\/manutencao-asfaltica-aleixo\/#primaryimage"},"image":{"@id":"https:\/\/www.manaus.am.gov.br\/seminf\/manutencao-asfaltica-aleixo\/#primaryimage"},"thumbnailUrl":"https:\/\/www.manaus.am.gov.br\/seminf\/wp-content\/uploads\/sites\/6\/2026\/01\/Prefeitura-de-Manaus-reforca-mobilidade-urbana-com-manutencao-asfaltica-em-via-estrategica-do-bairro-Aleixo.jpg","datePublished":"2026-01-15T23:09:25+00:00","dateModified":"2026-01-15T23:09:25+00:00","author":{"@id":"https:\/\/www.manaus.am.gov.br\/seminf\/#\/schema\/person\/466a0e03ae4b6062809046bd560ac955"},"description":"A Prefeitura de Manaus, intensificou, nesta quinta-feira, 15\/1, os servi\u00e7os de manuten\u00e7\u00e3o asf\u00e1ltica na rua Bacar\u00e9, no bairro Aleixo.","inLanguage":"pt-BR","potentialAction":[{"@type":"ReadAction","target":["https:\/\/www.manaus.am.gov.br\/seminf\/manutencao-asfaltica-aleixo\/"]}]},{"@type":"ImageObject","inLanguage":"pt-BR","@id":"https:\/\/www.manaus.am.gov.br\/seminf\/manutencao-asfaltica-aleixo\/#primaryimage","url":"https:\/\/www.manaus.am.gov.br\/seminf\/wp-content\/uploads\/sites\/6\/2026\/01\/Prefeitura-de-Manaus-reforca-mobilidade-urbana-com-manutencao-asfaltica-em-via-estrategica-do-bairro-Aleixo.jpg","contentUrl":"https:\/\/www.manaus.am.gov.br\/seminf\/wp-content\/uploads\/sites\/6\/2026\/01\/Prefeitura-de-Manaus-reforca-mobilidade-urbana-com-manutencao-asfaltica-em-via-estrategica-do-bairro-Aleixo.jpg","width":1600,"height":1067,"caption":"#paratodosverem - Equipe da Seminf aplicando asfalto novo em via"},{"@type":"WebSite","@id":"https:\/\/www.manaus.am.gov.br\/seminf\/#website","url":"https:\/\/www.manaus.am.gov.br\/seminf\/","name":"Secretaria de Infraestrutura","description":"Secretaria Municipal de Infraestrutura","potentialAction":[{"@type":"SearchAction","target":{"@type":"EntryPoint","urlTemplate":"https:\/\/www.manaus.am.gov.br\/seminf\/?s={search_term_string}"},"query-input":"required name=search_term_string"}],"inLanguage":"pt-BR"},{"@type":"Person","@id":"https:\/\/www.manaus.am.gov.br\/seminf\/#\/schema\/person\/466a0e03ae4b6062809046bd560ac955","name":"bvalente","image":{"@type":"ImageObject","inLanguage":"pt-BR","@id":"https:\/\/www.manaus.am.gov.br\/seminf\/#\/schema\/person\/image\/","url":"https:\/\/secure.gravatar.com\/avatar\/3e69bc2b014bdad41adfec3a39de07d2?s=96&d=mm&r=g","contentUrl":"https:\/\/secure.gravatar.com\/avatar\/3e69bc2b014bdad41adfec3a39de07d2?s=96&d=mm&r=g","caption":"bvalente"}}]}},"_links":{"self":[{"href":"https:\/\/www.manaus.am.gov.br\/seminf\/wp-json\/wp\/v2\/posts\/8153"}],"collection":[{"href":"https:\/\/www.manaus.am.gov.br\/seminf\/wp-json\/wp\/v2\/posts"}],"about":[{"href":"https:\/\/www.manaus.am.gov.br\/seminf\/wp-json\/wp\/v2\/types\/post"}],"author":[{"embeddable":true,"href":"https:\/\/www.manaus.am.gov.br\/seminf\/wp-json\/wp\/v2\/users\/68"}],"replies":[{"embeddable":true,"href":"https:\/\/www.manaus.am.gov.br\/seminf\/wp-json\/wp\/v2\/comments?post=8153"}],"version-history":[{"count":0,"href":"https:\/\/www.manaus.am.gov.br\/seminf\/wp-json\/wp\/v2\/posts\/8153\/revisions"}],"wp:featuredmedia":[{"embeddable":true,"href":"https:\/\/www.manaus.am.gov.br\/seminf\/wp-json\/wp\/v2\/media\/8154"}],"wp:attachment":[{"href":"https:\/\/www.manaus.am.gov.br\/seminf\/wp-json\/wp\/v2\/media?parent=8153"}],"wp:term":[{"taxonomy":"category","embeddable":true,"href":"https:\/\/www.manaus.am.gov.br\/seminf\/wp-json\/wp\/v2\/categories?post=8153"},{"taxonomy":"post_tag","embeddable":true,"href":"https:\/\/www.manaus.am.gov.br\/seminf\/wp-json\/wp\/v2\/tags?post=8153"}],"curies":[{"name":"wp","href":"https:\/\/api.w.org\/{rel}","templated":true}]}}