{"id":8151,"date":"2026-01-15T18:50:39","date_gmt":"2026-01-15T22:50:39","guid":{"rendered":"https:\/\/www.manaus.am.gov.br\/seminf\/operacao-novo-asfalto\/"},"modified":"2026-01-15T18:50:41","modified_gmt":"2026-01-15T22:50:41","slug":"operacao-novo-asfalto","status":"publish","type":"post","link":"https:\/\/www.manaus.am.gov.br\/seminf\/operacao-novo-asfalto\/","title":{"rendered":"Prefeitura de Manaus leva novo asfalto para ruas do bairro S\u00e3o Francisco, na zona Sul\u00a0"},"content":{"rendered":"\n<p>A Prefeitura de Manaus, por meio da Secretaria Municipal de Infraestrutura (Seminf), levou, nesta quinta-feira, 15\/1, novo asfalto para o bairro S\u00e3o Francisco, na zona Sul. As equipes executaram a manuten\u00e7\u00e3o de aproximadamente sete ruas do bairro, com objetivo de eliminar os buracos com a nova recomposi\u00e7\u00e3o de asfalto.&nbsp;<\/p>\n\n\n\n<p>As ruas Clarindo de Queiroz, Raul Zagury, S\u00e1tiro Dias, Jonas da Silva, Ata\u00edde Marone, Oliveira Dias e Ata\u00edde Verona foram contempladas com o novo asfalto.&nbsp;<\/p>\n\n\n\n<p>O vice-prefeito e secret\u00e1rio de Obras, Renato Junior, destaca que a equipe da Seminf est\u00e1 intensificando os trabalhos na zona Sul e zona Centro-Sul.&nbsp;<\/p>\n\n\n\n<p>\u201cNesta semana, por determina\u00e7\u00e3o do prefeito David Almeida, intensificamos a opera\u00e7\u00e3o de manuten\u00e7\u00e3o asf\u00e1ltica nas zonas Sul e Centro-Sul. Nossas equipes da Seminf est\u00e3o nas ruas diariamente, trabalhando com agilidade, compromisso e muita dedica\u00e7\u00e3o para garantir vias mais seguras e melhores condi\u00e7\u00f5es de tr\u00e1fego para a popula\u00e7\u00e3o. \u00c9 um trabalho cont\u00ednuo, feito com planejamento e responsabilidade, para que Manaus avance todos os dias. Em seguida, os servi\u00e7os tamb\u00e9m v\u00e3o alcan\u00e7ar outras zonas da cidade\u201d, destacou Renato Junior.<\/p>\n\n\n\n<p>O servi\u00e7o de manuten\u00e7\u00e3o asf\u00e1ltica \u00e9 essencial para preservar a pavimenta\u00e7\u00e3o da pista e executar os reparos nas partes degradadas da via, melhorando a infraestrutura urbana e proporcionando um melhor deslocamento para os moradores e os ve\u00edculos que trafegam pela \u00e1rea.&nbsp;<\/p>\n\n\n\n<p>O comerciante S\u00e9rgio Paiva, 35 anos, que tem um estabelecimento de comida na rua e ainda \u00e9 motorista de aplicativo, ficou satisfeito em ver a equipe da Seminf dando aten\u00e7\u00e3o para o bairro.&nbsp;<\/p>\n\n\n\n<p>\u201cEstou muito feliz por essa a\u00e7\u00e3o, o bairro S\u00e3o Francisco recebendo aten\u00e7\u00e3o da Prefeitura de Manaus, aqui na minha rua estava faltando asfalto e agora temos esse servi\u00e7o acontecendo aqui, estou grato\u201d, relata o morador.&nbsp;<\/p>\n\n\n\n<p>J\u00e1 o aposentado Jo\u00e3o da Costa, 71 anos, morador da rua Raul Zagury, compartilha as dificuldades de antes e enfatiza o quanto esse servi\u00e7o melhora o dia a dia.&nbsp;<\/p>\n\n\n\n<p>\u201cEsse asfalto melhora muito, porque quando a gente caminhava aqui tinha muito buraco, e at\u00e9 medo de sofrer algum acidente, e com esta obra, estou dando nota 10 para toda essa equipe\u201d, comemora o morador.<\/p>\n\n\n\n<p>&#8212; &#8212; &#8212;<\/p>\n\n\n\n<p><strong>Texto &#8211; <\/strong>Rayana Coutinho\/ Seminf&nbsp;<\/p>\n\n\n\n<p><strong>Fotos &#8211; <\/strong>Maria Amed e M\u00e1rcio Melo\/ Seminf&nbsp;<\/p>\n","protected":false},"excerpt":{"rendered":"","protected":false},"author":68,"featured_media":8152,"comment_status":"closed","ping_status":"closed","sticky":false,"template":"","format":"standard","meta":{"footnotes":""},"categories":[3],"tags":[1138,2986,43,26],"acf":[],"yoast_head":"<!-- This site is optimized with the Yoast SEO plugin v23.0 - https:\/\/yoast.com\/wordpress\/plugins\/seo\/ -->\n<title>Prefeitura leva novo asfalto para ruas do bairro S\u00e3o Francisco<\/title>\n<meta name=\"description\" content=\"A Prefeitura, por meio da Secretaria Municipal de Infraestrutura (Seminf), levou novo asfalto para o bairro S\u00e3o Francisco, na zona Sul.\" \/>\n<meta name=\"robots\" content=\"index, follow, max-snippet:-1, max-image-preview:large, max-video-preview:-1\" \/>\n<link rel=\"canonical\" href=\"https:\/\/www.manaus.am.gov.br\/seminf\/operacao-novo-asfalto\/\" \/>\n<meta property=\"og:locale\" content=\"pt_BR\" \/>\n<meta property=\"og:type\" content=\"article\" \/>\n<meta property=\"og:title\" content=\"Prefeitura leva novo asfalto para ruas do bairro S\u00e3o Francisco\" \/>\n<meta property=\"og:description\" content=\"A Prefeitura, por meio da Secretaria Municipal de Infraestrutura (Seminf), levou novo asfalto para o bairro S\u00e3o Francisco, na zona Sul.\" \/>\n<meta property=\"og:url\" content=\"https:\/\/www.manaus.am.gov.br\/seminf\/operacao-novo-asfalto\/\" \/>\n<meta property=\"og:site_name\" content=\"SEMINF\" \/>\n<meta property=\"article:published_time\" content=\"2026-01-15T22:50:39+00:00\" \/>\n<meta property=\"article:modified_time\" content=\"2026-01-15T22:50:41+00:00\" \/>\n<meta property=\"og:image\" content=\"https:\/\/www.manaus.am.gov.br\/seminf\/wp-content\/uploads\/sites\/6\/2026\/01\/736A6990-1024x683.jpg\" \/>\n\t<meta property=\"og:image:width\" content=\"1024\" \/>\n\t<meta property=\"og:image:height\" content=\"683\" \/>\n\t<meta property=\"og:image:type\" content=\"image\/jpeg\" \/>\n<meta name=\"author\" content=\"bvalente\" \/>\n<meta name=\"twitter:card\" content=\"summary_large_image\" \/>\n<meta name=\"twitter:label1\" content=\"Written by\" \/>\n\t<meta name=\"twitter:data1\" content=\"bvalente\" \/>\n\t<meta name=\"twitter:label2\" content=\"Est. reading time\" \/>\n\t<meta name=\"twitter:data2\" content=\"3 minutos\" \/>\n<script type=\"application\/ld+json\" class=\"yoast-schema-graph\">{\"@context\":\"https:\/\/schema.org\",\"@graph\":[{\"@type\":\"WebPage\",\"@id\":\"https:\/\/www.manaus.am.gov.br\/seminf\/operacao-novo-asfalto\/\",\"url\":\"https:\/\/www.manaus.am.gov.br\/seminf\/operacao-novo-asfalto\/\",\"name\":\"Prefeitura leva novo asfalto para ruas do bairro S\u00e3o Francisco\",\"isPartOf\":{\"@id\":\"https:\/\/www.manaus.am.gov.br\/seminf\/#website\"},\"primaryImageOfPage\":{\"@id\":\"https:\/\/www.manaus.am.gov.br\/seminf\/operacao-novo-asfalto\/#primaryimage\"},\"image\":{\"@id\":\"https:\/\/www.manaus.am.gov.br\/seminf\/operacao-novo-asfalto\/#primaryimage\"},\"thumbnailUrl\":\"https:\/\/www.manaus.am.gov.br\/seminf\/wp-content\/uploads\/sites\/6\/2026\/01\/736A6990.jpg\",\"datePublished\":\"2026-01-15T22:50:39+00:00\",\"dateModified\":\"2026-01-15T22:50:41+00:00\",\"author\":{\"@id\":\"https:\/\/www.manaus.am.gov.br\/seminf\/#\/schema\/person\/466a0e03ae4b6062809046bd560ac955\"},\"description\":\"A Prefeitura, por meio da Secretaria Municipal de Infraestrutura (Seminf), levou novo asfalto para o bairro S\u00e3o Francisco, na zona Sul.\",\"inLanguage\":\"pt-BR\",\"potentialAction\":[{\"@type\":\"ReadAction\",\"target\":[\"https:\/\/www.manaus.am.gov.br\/seminf\/operacao-novo-asfalto\/\"]}]},{\"@type\":\"ImageObject\",\"inLanguage\":\"pt-BR\",\"@id\":\"https:\/\/www.manaus.am.gov.br\/seminf\/operacao-novo-asfalto\/#primaryimage\",\"url\":\"https:\/\/www.manaus.am.gov.br\/seminf\/wp-content\/uploads\/sites\/6\/2026\/01\/736A6990.jpg\",\"contentUrl\":\"https:\/\/www.manaus.am.gov.br\/seminf\/wp-content\/uploads\/sites\/6\/2026\/01\/736A6990.jpg\",\"width\":6720,\"height\":4480,\"caption\":\"#paratodosverem - Servidores da Seminf aplicando asfalto novo em via\"},{\"@type\":\"WebSite\",\"@id\":\"https:\/\/www.manaus.am.gov.br\/seminf\/#website\",\"url\":\"https:\/\/www.manaus.am.gov.br\/seminf\/\",\"name\":\"Secretaria de Infraestrutura\",\"description\":\"Secretaria Municipal de Infraestrutura\",\"potentialAction\":[{\"@type\":\"SearchAction\",\"target\":{\"@type\":\"EntryPoint\",\"urlTemplate\":\"https:\/\/www.manaus.am.gov.br\/seminf\/?s={search_term_string}\"},\"query-input\":\"required name=search_term_string\"}],\"inLanguage\":\"pt-BR\"},{\"@type\":\"Person\",\"@id\":\"https:\/\/www.manaus.am.gov.br\/seminf\/#\/schema\/person\/466a0e03ae4b6062809046bd560ac955\",\"name\":\"bvalente\",\"image\":{\"@type\":\"ImageObject\",\"inLanguage\":\"pt-BR\",\"@id\":\"https:\/\/www.manaus.am.gov.br\/seminf\/#\/schema\/person\/image\/\",\"url\":\"https:\/\/secure.gravatar.com\/avatar\/3e69bc2b014bdad41adfec3a39de07d2?s=96&d=mm&r=g\",\"contentUrl\":\"https:\/\/secure.gravatar.com\/avatar\/3e69bc2b014bdad41adfec3a39de07d2?s=96&d=mm&r=g\",\"caption\":\"bvalente\"}}]}<\/script>\n<!-- \/ Yoast SEO plugin. -->","yoast_head_json":{"title":"Prefeitura leva novo asfalto para ruas do bairro S\u00e3o Francisco","description":"A Prefeitura, por meio da Secretaria Municipal de Infraestrutura (Seminf), levou novo asfalto para o bairro S\u00e3o Francisco, na zona Sul.","robots":{"index":"index","follow":"follow","max-snippet":"max-snippet:-1","max-image-preview":"max-image-preview:large","max-video-preview":"max-video-preview:-1"},"canonical":"https:\/\/www.manaus.am.gov.br\/seminf\/operacao-novo-asfalto\/","og_locale":"pt_BR","og_type":"article","og_title":"Prefeitura leva novo asfalto para ruas do bairro S\u00e3o Francisco","og_description":"A Prefeitura, por meio da Secretaria Municipal de Infraestrutura (Seminf), levou novo asfalto para o bairro S\u00e3o Francisco, na zona Sul.","og_url":"https:\/\/www.manaus.am.gov.br\/seminf\/operacao-novo-asfalto\/","og_site_name":"SEMINF","article_published_time":"2026-01-15T22:50:39+00:00","article_modified_time":"2026-01-15T22:50:41+00:00","og_image":[{"width":1024,"height":683,"url":"https:\/\/www.manaus.am.gov.br\/seminf\/wp-content\/uploads\/sites\/6\/2026\/01\/736A6990-1024x683.jpg","type":"image\/jpeg"}],"author":"bvalente","twitter_card":"summary_large_image","twitter_misc":{"Written by":"bvalente","Est. reading time":"3 minutos"},"schema":{"@context":"https:\/\/schema.org","@graph":[{"@type":"WebPage","@id":"https:\/\/www.manaus.am.gov.br\/seminf\/operacao-novo-asfalto\/","url":"https:\/\/www.manaus.am.gov.br\/seminf\/operacao-novo-asfalto\/","name":"Prefeitura leva novo asfalto para ruas do bairro S\u00e3o Francisco","isPartOf":{"@id":"https:\/\/www.manaus.am.gov.br\/seminf\/#website"},"primaryImageOfPage":{"@id":"https:\/\/www.manaus.am.gov.br\/seminf\/operacao-novo-asfalto\/#primaryimage"},"image":{"@id":"https:\/\/www.manaus.am.gov.br\/seminf\/operacao-novo-asfalto\/#primaryimage"},"thumbnailUrl":"https:\/\/www.manaus.am.gov.br\/seminf\/wp-content\/uploads\/sites\/6\/2026\/01\/736A6990.jpg","datePublished":"2026-01-15T22:50:39+00:00","dateModified":"2026-01-15T22:50:41+00:00","author":{"@id":"https:\/\/www.manaus.am.gov.br\/seminf\/#\/schema\/person\/466a0e03ae4b6062809046bd560ac955"},"description":"A Prefeitura, por meio da Secretaria Municipal de Infraestrutura (Seminf), levou novo asfalto para o bairro S\u00e3o Francisco, na zona Sul.","inLanguage":"pt-BR","potentialAction":[{"@type":"ReadAction","target":["https:\/\/www.manaus.am.gov.br\/seminf\/operacao-novo-asfalto\/"]}]},{"@type":"ImageObject","inLanguage":"pt-BR","@id":"https:\/\/www.manaus.am.gov.br\/seminf\/operacao-novo-asfalto\/#primaryimage","url":"https:\/\/www.manaus.am.gov.br\/seminf\/wp-content\/uploads\/sites\/6\/2026\/01\/736A6990.jpg","contentUrl":"https:\/\/www.manaus.am.gov.br\/seminf\/wp-content\/uploads\/sites\/6\/2026\/01\/736A6990.jpg","width":6720,"height":4480,"caption":"#paratodosverem - Servidores da Seminf aplicando asfalto novo em via"},{"@type":"WebSite","@id":"https:\/\/www.manaus.am.gov.br\/seminf\/#website","url":"https:\/\/www.manaus.am.gov.br\/seminf\/","name":"Secretaria de Infraestrutura","description":"Secretaria Municipal de Infraestrutura","potentialAction":[{"@type":"SearchAction","target":{"@type":"EntryPoint","urlTemplate":"https:\/\/www.manaus.am.gov.br\/seminf\/?s={search_term_string}"},"query-input":"required name=search_term_string"}],"inLanguage":"pt-BR"},{"@type":"Person","@id":"https:\/\/www.manaus.am.gov.br\/seminf\/#\/schema\/person\/466a0e03ae4b6062809046bd560ac955","name":"bvalente","image":{"@type":"ImageObject","inLanguage":"pt-BR","@id":"https:\/\/www.manaus.am.gov.br\/seminf\/#\/schema\/person\/image\/","url":"https:\/\/secure.gravatar.com\/avatar\/3e69bc2b014bdad41adfec3a39de07d2?s=96&d=mm&r=g","contentUrl":"https:\/\/secure.gravatar.com\/avatar\/3e69bc2b014bdad41adfec3a39de07d2?s=96&d=mm&r=g","caption":"bvalente"}}]}},"_links":{"self":[{"href":"https:\/\/www.manaus.am.gov.br\/seminf\/wp-json\/wp\/v2\/posts\/8151"}],"collection":[{"href":"https:\/\/www.manaus.am.gov.br\/seminf\/wp-json\/wp\/v2\/posts"}],"about":[{"href":"https:\/\/www.manaus.am.gov.br\/seminf\/wp-json\/wp\/v2\/types\/post"}],"author":[{"embeddable":true,"href":"https:\/\/www.manaus.am.gov.br\/seminf\/wp-json\/wp\/v2\/users\/68"}],"replies":[{"embeddable":true,"href":"https:\/\/www.manaus.am.gov.br\/seminf\/wp-json\/wp\/v2\/comments?post=8151"}],"version-history":[{"count":0,"href":"https:\/\/www.manaus.am.gov.br\/seminf\/wp-json\/wp\/v2\/posts\/8151\/revisions"}],"wp:featuredmedia":[{"embeddable":true,"href":"https:\/\/www.manaus.am.gov.br\/seminf\/wp-json\/wp\/v2\/media\/8152"}],"wp:attachment":[{"href":"https:\/\/www.manaus.am.gov.br\/seminf\/wp-json\/wp\/v2\/media?parent=8151"}],"wp:term":[{"taxonomy":"category","embeddable":true,"href":"https:\/\/www.manaus.am.gov.br\/seminf\/wp-json\/wp\/v2\/categories?post=8151"},{"taxonomy":"post_tag","embeddable":true,"href":"https:\/\/www.manaus.am.gov.br\/seminf\/wp-json\/wp\/v2\/tags?post=8151"}],"curies":[{"name":"wp","href":"https:\/\/api.w.org\/{rel}","templated":true}]}}