{"id":815,"date":"2023-02-25T12:21:29","date_gmt":"2023-02-25T16:21:29","guid":{"rendered":"https:\/\/www.manaus.am.gov.br\/seminf\/carreta-atinge-limitador-de-altura\/"},"modified":"2023-02-25T12:21:31","modified_gmt":"2023-02-25T16:21:31","slug":"carreta-atinge-limitador-de-altura","status":"publish","type":"post","link":"https:\/\/www.manaus.am.gov.br\/seminf\/carreta-atinge-limitador-de-altura\/","title":{"rendered":"<strong>Carreta atinge limitador de altura<\/strong>"},"content":{"rendered":"\n<p>A Prefeitura de Manaus, por meio do Instituto Municipal de Mobilidade Urbana (IMMU) e da Secretaria Municipal de Infraestrutura (Seminf), informa que, na manh\u00e3 deste s\u00e1bado, 25\/2, uma carreta da empresa Oliva Pinto Log\u00edstica ficou presa no limitador de altura da passagem subterr\u00e2nea do Complexo Vi\u00e1rio Ministro Roberto Campos, que liga as avenidas Jo\u00e3o Val\u00e9rio e S\u00e3o Jorge, no bairro Chapada, zona Centro-Sul.<\/p>\n\n\n\n<p>A carreta permanece no local e as equipes de tr\u00e2nsito do IMMU interditaram a \u00e1rea para circula\u00e7\u00e3o de ve\u00edculos, para que as equipes de Secretaria Municipal de Infraestrutura (Seminf) possam realizar a avalia\u00e7\u00e3o dos estragos no limitador.<\/p>\n\n\n\n<p>De acordo com a Seminf, a empresa respons\u00e1vel pelo dano ser\u00e1 acionada para refazer os trabalhos de reparo nas vigas que foram atingidas.&nbsp; O limitador de altura ser\u00e1 restabelecido o mais r\u00e1pido poss\u00edvel.<\/p>\n\n\n\n<p>O IMMU alerta aos condutores que evitem o local e peguem rotas alternativas para acessar o S\u00e3o Jorge ou a Constantino Nery.<\/p>\n\n\n\n<p>Mais informa\u00e7\u00f5es pelo 0800.092.1188<\/p>\n\n\n\n<p>&#8212; &#8212; &#8212;<\/p>\n\n\n\n<p><strong>Texto <\/strong>\u2013 Divulga\u00e7\u00e3o \/ IMMU e Divulga\u00e7\u00e3o \/ Seminf<\/p>\n","protected":false},"excerpt":{"rendered":"","protected":false},"author":25,"featured_media":529,"comment_status":"closed","ping_status":"closed","sticky":false,"template":"","format":"standard","meta":{"footnotes":""},"categories":[15],"tags":[287,288,289,39,290,26],"acf":[],"yoast_head":"<!-- This site is optimized with the Yoast SEO plugin v23.0 - https:\/\/yoast.com\/wordpress\/plugins\/seo\/ -->\n<title>Carreta atinge limitador de altura<\/title>\n<meta name=\"description\" content=\"A Prefeitura de Manaus, informa que, na manh\u00e3 deste s\u00e1bado, 25\/2, uma carreta ficou presa no limitador de altura da passagem subterr\u00e2nea\" \/>\n<meta name=\"robots\" content=\"index, follow, max-snippet:-1, max-image-preview:large, max-video-preview:-1\" \/>\n<link rel=\"canonical\" href=\"https:\/\/www.manaus.am.gov.br\/seminf\/carreta-atinge-limitador-de-altura\/\" \/>\n<meta property=\"og:locale\" content=\"pt_BR\" \/>\n<meta property=\"og:type\" content=\"article\" \/>\n<meta property=\"og:title\" content=\"Carreta atinge limitador de altura\" \/>\n<meta property=\"og:description\" content=\"A Prefeitura de Manaus, informa que, na manh\u00e3 deste s\u00e1bado, 25\/2, uma carreta ficou presa no limitador de altura da passagem subterr\u00e2nea\" \/>\n<meta property=\"og:url\" content=\"https:\/\/www.manaus.am.gov.br\/seminf\/carreta-atinge-limitador-de-altura\/\" \/>\n<meta property=\"og:site_name\" content=\"SEMINF\" \/>\n<meta property=\"article:published_time\" content=\"2023-02-25T16:21:29+00:00\" \/>\n<meta property=\"article:modified_time\" content=\"2023-02-25T16:21:31+00:00\" \/>\n<meta property=\"og:image\" content=\"https:\/\/www.manaus.am.gov.br\/seminf\/wp-content\/uploads\/sites\/6\/2023\/01\/Nota-1.png\" \/>\n\t<meta property=\"og:image:width\" content=\"900\" \/>\n\t<meta property=\"og:image:height\" content=\"509\" \/>\n\t<meta property=\"og:image:type\" content=\"image\/png\" \/>\n<meta name=\"author\" content=\"Maur\u00edcio Freire\" \/>\n<meta name=\"twitter:card\" content=\"summary_large_image\" \/>\n<meta name=\"twitter:label1\" content=\"Written by\" \/>\n\t<meta name=\"twitter:data1\" content=\"Maur\u00edcio Freire\" \/>\n\t<meta name=\"twitter:label2\" content=\"Est. reading time\" \/>\n\t<meta name=\"twitter:data2\" content=\"1 minuto\" \/>\n<script type=\"application\/ld+json\" class=\"yoast-schema-graph\">{\"@context\":\"https:\/\/schema.org\",\"@graph\":[{\"@type\":\"WebPage\",\"@id\":\"https:\/\/www.manaus.am.gov.br\/seminf\/carreta-atinge-limitador-de-altura\/\",\"url\":\"https:\/\/www.manaus.am.gov.br\/seminf\/carreta-atinge-limitador-de-altura\/\",\"name\":\"Carreta atinge limitador de altura\",\"isPartOf\":{\"@id\":\"https:\/\/www.manaus.am.gov.br\/seminf\/#website\"},\"primaryImageOfPage\":{\"@id\":\"https:\/\/www.manaus.am.gov.br\/seminf\/carreta-atinge-limitador-de-altura\/#primaryimage\"},\"image\":{\"@id\":\"https:\/\/www.manaus.am.gov.br\/seminf\/carreta-atinge-limitador-de-altura\/#primaryimage\"},\"thumbnailUrl\":\"https:\/\/www.manaus.am.gov.br\/seminf\/wp-content\/uploads\/sites\/6\/2023\/01\/Nota-1.png\",\"datePublished\":\"2023-02-25T16:21:29+00:00\",\"dateModified\":\"2023-02-25T16:21:31+00:00\",\"author\":{\"@id\":\"https:\/\/www.manaus.am.gov.br\/seminf\/#\/schema\/person\/587989a23a463cde5618e6a028977a9a\"},\"description\":\"A Prefeitura de Manaus, informa que, na manh\u00e3 deste s\u00e1bado, 25\/2, uma carreta ficou presa no limitador de altura da passagem subterr\u00e2nea\",\"inLanguage\":\"pt-BR\",\"potentialAction\":[{\"@type\":\"ReadAction\",\"target\":[\"https:\/\/www.manaus.am.gov.br\/seminf\/carreta-atinge-limitador-de-altura\/\"]}]},{\"@type\":\"ImageObject\",\"inLanguage\":\"pt-BR\",\"@id\":\"https:\/\/www.manaus.am.gov.br\/seminf\/carreta-atinge-limitador-de-altura\/#primaryimage\",\"url\":\"https:\/\/www.manaus.am.gov.br\/seminf\/wp-content\/uploads\/sites\/6\/2023\/01\/Nota-1.png\",\"contentUrl\":\"https:\/\/www.manaus.am.gov.br\/seminf\/wp-content\/uploads\/sites\/6\/2023\/01\/Nota-1.png\",\"width\":900,\"height\":509},{\"@type\":\"WebSite\",\"@id\":\"https:\/\/www.manaus.am.gov.br\/seminf\/#website\",\"url\":\"https:\/\/www.manaus.am.gov.br\/seminf\/\",\"name\":\"Secretaria de Infraestrutura\",\"description\":\"Secretaria Municipal de Infraestrutura\",\"potentialAction\":[{\"@type\":\"SearchAction\",\"target\":{\"@type\":\"EntryPoint\",\"urlTemplate\":\"https:\/\/www.manaus.am.gov.br\/seminf\/?s={search_term_string}\"},\"query-input\":\"required name=search_term_string\"}],\"inLanguage\":\"pt-BR\"},{\"@type\":\"Person\",\"@id\":\"https:\/\/www.manaus.am.gov.br\/seminf\/#\/schema\/person\/587989a23a463cde5618e6a028977a9a\",\"name\":\"Maur\u00edcio Freire\",\"image\":{\"@type\":\"ImageObject\",\"inLanguage\":\"pt-BR\",\"@id\":\"https:\/\/www.manaus.am.gov.br\/seminf\/#\/schema\/person\/image\/\",\"url\":\"https:\/\/secure.gravatar.com\/avatar\/dc1481799a1f75c733ac3b2634cd6749?s=96&d=mm&r=g\",\"contentUrl\":\"https:\/\/secure.gravatar.com\/avatar\/dc1481799a1f75c733ac3b2634cd6749?s=96&d=mm&r=g\",\"caption\":\"Maur\u00edcio Freire\"}}]}<\/script>\n<!-- \/ Yoast SEO plugin. -->","yoast_head_json":{"title":"Carreta atinge limitador de altura","description":"A Prefeitura de Manaus, informa que, na manh\u00e3 deste s\u00e1bado, 25\/2, uma carreta ficou presa no limitador de altura da passagem subterr\u00e2nea","robots":{"index":"index","follow":"follow","max-snippet":"max-snippet:-1","max-image-preview":"max-image-preview:large","max-video-preview":"max-video-preview:-1"},"canonical":"https:\/\/www.manaus.am.gov.br\/seminf\/carreta-atinge-limitador-de-altura\/","og_locale":"pt_BR","og_type":"article","og_title":"Carreta atinge limitador de altura","og_description":"A Prefeitura de Manaus, informa que, na manh\u00e3 deste s\u00e1bado, 25\/2, uma carreta ficou presa no limitador de altura da passagem subterr\u00e2nea","og_url":"https:\/\/www.manaus.am.gov.br\/seminf\/carreta-atinge-limitador-de-altura\/","og_site_name":"SEMINF","article_published_time":"2023-02-25T16:21:29+00:00","article_modified_time":"2023-02-25T16:21:31+00:00","og_image":[{"width":900,"height":509,"url":"https:\/\/www.manaus.am.gov.br\/seminf\/wp-content\/uploads\/sites\/6\/2023\/01\/Nota-1.png","type":"image\/png"}],"author":"Maur\u00edcio Freire","twitter_card":"summary_large_image","twitter_misc":{"Written by":"Maur\u00edcio Freire","Est. reading time":"1 minuto"},"schema":{"@context":"https:\/\/schema.org","@graph":[{"@type":"WebPage","@id":"https:\/\/www.manaus.am.gov.br\/seminf\/carreta-atinge-limitador-de-altura\/","url":"https:\/\/www.manaus.am.gov.br\/seminf\/carreta-atinge-limitador-de-altura\/","name":"Carreta atinge limitador de altura","isPartOf":{"@id":"https:\/\/www.manaus.am.gov.br\/seminf\/#website"},"primaryImageOfPage":{"@id":"https:\/\/www.manaus.am.gov.br\/seminf\/carreta-atinge-limitador-de-altura\/#primaryimage"},"image":{"@id":"https:\/\/www.manaus.am.gov.br\/seminf\/carreta-atinge-limitador-de-altura\/#primaryimage"},"thumbnailUrl":"https:\/\/www.manaus.am.gov.br\/seminf\/wp-content\/uploads\/sites\/6\/2023\/01\/Nota-1.png","datePublished":"2023-02-25T16:21:29+00:00","dateModified":"2023-02-25T16:21:31+00:00","author":{"@id":"https:\/\/www.manaus.am.gov.br\/seminf\/#\/schema\/person\/587989a23a463cde5618e6a028977a9a"},"description":"A Prefeitura de Manaus, informa que, na manh\u00e3 deste s\u00e1bado, 25\/2, uma carreta ficou presa no limitador de altura da passagem subterr\u00e2nea","inLanguage":"pt-BR","potentialAction":[{"@type":"ReadAction","target":["https:\/\/www.manaus.am.gov.br\/seminf\/carreta-atinge-limitador-de-altura\/"]}]},{"@type":"ImageObject","inLanguage":"pt-BR","@id":"https:\/\/www.manaus.am.gov.br\/seminf\/carreta-atinge-limitador-de-altura\/#primaryimage","url":"https:\/\/www.manaus.am.gov.br\/seminf\/wp-content\/uploads\/sites\/6\/2023\/01\/Nota-1.png","contentUrl":"https:\/\/www.manaus.am.gov.br\/seminf\/wp-content\/uploads\/sites\/6\/2023\/01\/Nota-1.png","width":900,"height":509},{"@type":"WebSite","@id":"https:\/\/www.manaus.am.gov.br\/seminf\/#website","url":"https:\/\/www.manaus.am.gov.br\/seminf\/","name":"Secretaria de Infraestrutura","description":"Secretaria Municipal de Infraestrutura","potentialAction":[{"@type":"SearchAction","target":{"@type":"EntryPoint","urlTemplate":"https:\/\/www.manaus.am.gov.br\/seminf\/?s={search_term_string}"},"query-input":"required name=search_term_string"}],"inLanguage":"pt-BR"},{"@type":"Person","@id":"https:\/\/www.manaus.am.gov.br\/seminf\/#\/schema\/person\/587989a23a463cde5618e6a028977a9a","name":"Maur\u00edcio Freire","image":{"@type":"ImageObject","inLanguage":"pt-BR","@id":"https:\/\/www.manaus.am.gov.br\/seminf\/#\/schema\/person\/image\/","url":"https:\/\/secure.gravatar.com\/avatar\/dc1481799a1f75c733ac3b2634cd6749?s=96&d=mm&r=g","contentUrl":"https:\/\/secure.gravatar.com\/avatar\/dc1481799a1f75c733ac3b2634cd6749?s=96&d=mm&r=g","caption":"Maur\u00edcio Freire"}}]}},"_links":{"self":[{"href":"https:\/\/www.manaus.am.gov.br\/seminf\/wp-json\/wp\/v2\/posts\/815"}],"collection":[{"href":"https:\/\/www.manaus.am.gov.br\/seminf\/wp-json\/wp\/v2\/posts"}],"about":[{"href":"https:\/\/www.manaus.am.gov.br\/seminf\/wp-json\/wp\/v2\/types\/post"}],"author":[{"embeddable":true,"href":"https:\/\/www.manaus.am.gov.br\/seminf\/wp-json\/wp\/v2\/users\/25"}],"replies":[{"embeddable":true,"href":"https:\/\/www.manaus.am.gov.br\/seminf\/wp-json\/wp\/v2\/comments?post=815"}],"version-history":[{"count":0,"href":"https:\/\/www.manaus.am.gov.br\/seminf\/wp-json\/wp\/v2\/posts\/815\/revisions"}],"wp:featuredmedia":[{"embeddable":true,"href":"https:\/\/www.manaus.am.gov.br\/seminf\/wp-json\/wp\/v2\/media\/529"}],"wp:attachment":[{"href":"https:\/\/www.manaus.am.gov.br\/seminf\/wp-json\/wp\/v2\/media?parent=815"}],"wp:term":[{"taxonomy":"category","embeddable":true,"href":"https:\/\/www.manaus.am.gov.br\/seminf\/wp-json\/wp\/v2\/categories?post=815"},{"taxonomy":"post_tag","embeddable":true,"href":"https:\/\/www.manaus.am.gov.br\/seminf\/wp-json\/wp\/v2\/tags?post=815"}],"curies":[{"name":"wp","href":"https:\/\/api.w.org\/{rel}","templated":true}]}}