{"id":8140,"date":"2026-01-14T21:25:00","date_gmt":"2026-01-15T01:25:00","guid":{"rendered":"https:\/\/www.manaus.am.gov.br\/seminf\/recuperacao-viaria-2\/"},"modified":"2026-01-15T14:27:20","modified_gmt":"2026-01-15T18:27:20","slug":"recuperacao-viaria-2","status":"publish","type":"post","link":"https:\/\/www.manaus.am.gov.br\/seminf\/recuperacao-viaria-2\/","title":{"rendered":"Prefeitura de Manaus refor\u00e7a recupera\u00e7\u00e3o vi\u00e1ria em corredores estrat\u00e9gicos do bairro Nossa Senhora das Gra\u00e7as"},"content":{"rendered":"\n<p>A <a href=\"https:\/\/www.manaus.am,gov,br\">Prefeitura de Manaus<\/a> segue avan\u00e7ando com a\u00e7\u00f5es que melhoram a mobilidade urbana e garantem mais seguran\u00e7a no tr\u00e2nsito. Nesta quarta-feira, 14\/1, equipes da Secretaria Municipal de Infraestrutura (Seminf) intensificaram os servi\u00e7os de recupera\u00e7\u00e3o vi\u00e1ria em importantes vias do bairro Nossa Senhora das Gra\u00e7as, na zona Centro-Sul da capital, beneficiando diretamente motoristas, comerciantes e trabalhadores que circulam diariamente pela regi\u00e3o.<\/p>\n\n\n\n<p>As frentes de obras contemplaram a avenida Jo\u00e3o Val\u00e9rio, al\u00e9m das ruas Acre e Curitiba, vias reconhecidas pelo grande fluxo de ve\u00edculos e que apresentavam desgaste do pavimento. A interven\u00e7\u00e3o assegura melhores condi\u00e7\u00f5es de tr\u00e1fego, reduz transtornos e contribui para uma circula\u00e7\u00e3o organizada.<\/p>\n\n\n\n<p>\u201cA determina\u00e7\u00e3o do prefeito David Almeida \u00e9 atuar de forma cont\u00ednua nos principais corredores vi\u00e1rios da cidade, especialmente onde o fluxo \u00e9 mais intenso e o desgaste do asfalto acontece mais r\u00e1pido. Esse trabalho garante mais fluidez no tr\u00e2nsito, seguran\u00e7a para quem dirige e mais qualidade de vida para a popula\u00e7\u00e3o\u201d, destacou o vice-prefeito e secret\u00e1rio de Obras, Renato Junior.<\/p>\n\n\n\n<p>Durante os servi\u00e7os, ca\u00e7ambas com massa asf\u00e1ltica foram utilizadas para recompor o pavimento em pontos cr\u00edticos das vias, restaurando trechos comprometidos pelo uso di\u00e1rio. As equipes da prefeitura atuam de maneira peri\u00f3dica nessas regi\u00f5es estrat\u00e9gicas, assegurando uma infraestrutura vi\u00e1ria mais resistente e adequada ao volume de tr\u00e1fego.<\/p>\n\n\n\n<p>Para quem depende dessas vias para trabalhar, a melhoria j\u00e1 \u00e9 percebida. \u201cFazer esse servi\u00e7o em uma avenida com tanta circula\u00e7\u00e3o \u00e9 muito importante. Quando tem buraco, o fluxo diminui e atrapalha nosso trabalho. Eu, como entregador, agrade\u00e7o muito por esse servi\u00e7o\u201d, afirmou Jorge de Souza, de 26 anos.<\/p>\n\n\n\n<p>A Secretaria Municipal de Infraestrutura segue com interven\u00e7\u00f5es em avenidas e pontos de grande movimenta\u00e7\u00e3o da capital, reafirmando o compromisso da Prefeitura de Manaus em reduzir impactos no deslocamento di\u00e1rio, organizar o tr\u00e2nsito e oferecer melhores condi\u00e7\u00f5es de mobilidade urbana para a popula\u00e7\u00e3o.<br><br><\/p>\n\n\n\n<p>\u2014- \u2014- \u2014-<br><strong>Texto &#8211;<\/strong> Eduarda Lira \/ Seminf<br><strong>Fotos &#8211; <\/strong>Sayane Monteiro \/ Seminf<\/p>\n","protected":false},"excerpt":{"rendered":"","protected":false},"author":68,"featured_media":8141,"comment_status":"closed","ping_status":"closed","sticky":false,"template":"","format":"standard","meta":{"footnotes":""},"categories":[4],"tags":[43,354,26],"acf":[],"yoast_head":"<!-- This site is optimized with the Yoast SEO plugin v23.0 - https:\/\/yoast.com\/wordpress\/plugins\/seo\/ -->\n<title>Prefeitura de Manaus refor\u00e7a recupera\u00e7\u00e3o vi\u00e1ria em corredores estrat\u00e9gicos do bairro Nossa Senhora das Gra\u00e7as<\/title>\n<meta name=\"description\" content=\"A Prefeitura de Manaus segue avan\u00e7ando com a\u00e7\u00f5es que melhoram a mobilidade urbana e garantem mais seguran\u00e7a no tr\u00e2nsito.\" \/>\n<meta name=\"robots\" content=\"index, follow, max-snippet:-1, max-image-preview:large, max-video-preview:-1\" \/>\n<link rel=\"canonical\" href=\"https:\/\/www.manaus.am.gov.br\/seminf\/recuperacao-viaria-2\/\" \/>\n<meta property=\"og:locale\" content=\"pt_BR\" \/>\n<meta property=\"og:type\" content=\"article\" \/>\n<meta property=\"og:title\" content=\"Prefeitura de Manaus refor\u00e7a recupera\u00e7\u00e3o vi\u00e1ria em corredores estrat\u00e9gicos do bairro Nossa Senhora das Gra\u00e7as\" \/>\n<meta property=\"og:description\" content=\"A Prefeitura de Manaus segue avan\u00e7ando com a\u00e7\u00f5es que melhoram a mobilidade urbana e garantem mais seguran\u00e7a no tr\u00e2nsito.\" \/>\n<meta property=\"og:url\" content=\"https:\/\/www.manaus.am.gov.br\/seminf\/recuperacao-viaria-2\/\" \/>\n<meta property=\"og:site_name\" content=\"SEMINF\" \/>\n<meta property=\"article:published_time\" content=\"2026-01-15T01:25:00+00:00\" \/>\n<meta property=\"article:modified_time\" content=\"2026-01-15T18:27:20+00:00\" \/>\n<meta property=\"og:image\" content=\"https:\/\/www.manaus.am.gov.br\/seminf\/wp-content\/uploads\/sites\/6\/2026\/01\/Prefeitura-de-Manaus-reforca-recuperacao-viaria-em-corredores-estrategicos-do-bairro-Nossa-Senhora-das-Gracas.jpg\" \/>\n\t<meta property=\"og:image:width\" content=\"1600\" \/>\n\t<meta property=\"og:image:height\" content=\"1200\" \/>\n\t<meta property=\"og:image:type\" content=\"image\/jpeg\" \/>\n<meta name=\"author\" content=\"bvalente\" \/>\n<meta name=\"twitter:card\" content=\"summary_large_image\" \/>\n<meta name=\"twitter:label1\" content=\"Written by\" \/>\n\t<meta name=\"twitter:data1\" content=\"bvalente\" \/>\n\t<meta name=\"twitter:label2\" content=\"Est. reading time\" \/>\n\t<meta name=\"twitter:data2\" content=\"2 minutos\" \/>\n<script type=\"application\/ld+json\" class=\"yoast-schema-graph\">{\"@context\":\"https:\/\/schema.org\",\"@graph\":[{\"@type\":\"WebPage\",\"@id\":\"https:\/\/www.manaus.am.gov.br\/seminf\/recuperacao-viaria-2\/\",\"url\":\"https:\/\/www.manaus.am.gov.br\/seminf\/recuperacao-viaria-2\/\",\"name\":\"Prefeitura de Manaus refor\u00e7a recupera\u00e7\u00e3o vi\u00e1ria em corredores estrat\u00e9gicos do bairro Nossa Senhora das Gra\u00e7as\",\"isPartOf\":{\"@id\":\"https:\/\/www.manaus.am.gov.br\/seminf\/#website\"},\"primaryImageOfPage\":{\"@id\":\"https:\/\/www.manaus.am.gov.br\/seminf\/recuperacao-viaria-2\/#primaryimage\"},\"image\":{\"@id\":\"https:\/\/www.manaus.am.gov.br\/seminf\/recuperacao-viaria-2\/#primaryimage\"},\"thumbnailUrl\":\"https:\/\/www.manaus.am.gov.br\/seminf\/wp-content\/uploads\/sites\/6\/2026\/01\/Prefeitura-de-Manaus-reforca-recuperacao-viaria-em-corredores-estrategicos-do-bairro-Nossa-Senhora-das-Gracas.jpg\",\"datePublished\":\"2026-01-15T01:25:00+00:00\",\"dateModified\":\"2026-01-15T18:27:20+00:00\",\"author\":{\"@id\":\"https:\/\/www.manaus.am.gov.br\/seminf\/#\/schema\/person\/466a0e03ae4b6062809046bd560ac955\"},\"description\":\"A Prefeitura de Manaus segue avan\u00e7ando com a\u00e7\u00f5es que melhoram a mobilidade urbana e garantem mais seguran\u00e7a no tr\u00e2nsito.\",\"inLanguage\":\"pt-BR\",\"potentialAction\":[{\"@type\":\"ReadAction\",\"target\":[\"https:\/\/www.manaus.am.gov.br\/seminf\/recuperacao-viaria-2\/\"]}]},{\"@type\":\"ImageObject\",\"inLanguage\":\"pt-BR\",\"@id\":\"https:\/\/www.manaus.am.gov.br\/seminf\/recuperacao-viaria-2\/#primaryimage\",\"url\":\"https:\/\/www.manaus.am.gov.br\/seminf\/wp-content\/uploads\/sites\/6\/2026\/01\/Prefeitura-de-Manaus-reforca-recuperacao-viaria-em-corredores-estrategicos-do-bairro-Nossa-Senhora-das-Gracas.jpg\",\"contentUrl\":\"https:\/\/www.manaus.am.gov.br\/seminf\/wp-content\/uploads\/sites\/6\/2026\/01\/Prefeitura-de-Manaus-reforca-recuperacao-viaria-em-corredores-estrategicos-do-bairro-Nossa-Senhora-das-Gracas.jpg\",\"width\":1600,\"height\":1200,\"caption\":\"#paratodosverem - Servidores da Seminf aplicando asfalto novo\"},{\"@type\":\"WebSite\",\"@id\":\"https:\/\/www.manaus.am.gov.br\/seminf\/#website\",\"url\":\"https:\/\/www.manaus.am.gov.br\/seminf\/\",\"name\":\"Secretaria de Infraestrutura\",\"description\":\"Secretaria Municipal de Infraestrutura\",\"potentialAction\":[{\"@type\":\"SearchAction\",\"target\":{\"@type\":\"EntryPoint\",\"urlTemplate\":\"https:\/\/www.manaus.am.gov.br\/seminf\/?s={search_term_string}\"},\"query-input\":\"required name=search_term_string\"}],\"inLanguage\":\"pt-BR\"},{\"@type\":\"Person\",\"@id\":\"https:\/\/www.manaus.am.gov.br\/seminf\/#\/schema\/person\/466a0e03ae4b6062809046bd560ac955\",\"name\":\"bvalente\",\"image\":{\"@type\":\"ImageObject\",\"inLanguage\":\"pt-BR\",\"@id\":\"https:\/\/www.manaus.am.gov.br\/seminf\/#\/schema\/person\/image\/\",\"url\":\"https:\/\/secure.gravatar.com\/avatar\/3e69bc2b014bdad41adfec3a39de07d2?s=96&d=mm&r=g\",\"contentUrl\":\"https:\/\/secure.gravatar.com\/avatar\/3e69bc2b014bdad41adfec3a39de07d2?s=96&d=mm&r=g\",\"caption\":\"bvalente\"}}]}<\/script>\n<!-- \/ Yoast SEO plugin. -->","yoast_head_json":{"title":"Prefeitura de Manaus refor\u00e7a recupera\u00e7\u00e3o vi\u00e1ria em corredores estrat\u00e9gicos do bairro Nossa Senhora das Gra\u00e7as","description":"A Prefeitura de Manaus segue avan\u00e7ando com a\u00e7\u00f5es que melhoram a mobilidade urbana e garantem mais seguran\u00e7a no tr\u00e2nsito.","robots":{"index":"index","follow":"follow","max-snippet":"max-snippet:-1","max-image-preview":"max-image-preview:large","max-video-preview":"max-video-preview:-1"},"canonical":"https:\/\/www.manaus.am.gov.br\/seminf\/recuperacao-viaria-2\/","og_locale":"pt_BR","og_type":"article","og_title":"Prefeitura de Manaus refor\u00e7a recupera\u00e7\u00e3o vi\u00e1ria em corredores estrat\u00e9gicos do bairro Nossa Senhora das Gra\u00e7as","og_description":"A Prefeitura de Manaus segue avan\u00e7ando com a\u00e7\u00f5es que melhoram a mobilidade urbana e garantem mais seguran\u00e7a no tr\u00e2nsito.","og_url":"https:\/\/www.manaus.am.gov.br\/seminf\/recuperacao-viaria-2\/","og_site_name":"SEMINF","article_published_time":"2026-01-15T01:25:00+00:00","article_modified_time":"2026-01-15T18:27:20+00:00","og_image":[{"width":1600,"height":1200,"url":"https:\/\/www.manaus.am.gov.br\/seminf\/wp-content\/uploads\/sites\/6\/2026\/01\/Prefeitura-de-Manaus-reforca-recuperacao-viaria-em-corredores-estrategicos-do-bairro-Nossa-Senhora-das-Gracas.jpg","type":"image\/jpeg"}],"author":"bvalente","twitter_card":"summary_large_image","twitter_misc":{"Written by":"bvalente","Est. reading time":"2 minutos"},"schema":{"@context":"https:\/\/schema.org","@graph":[{"@type":"WebPage","@id":"https:\/\/www.manaus.am.gov.br\/seminf\/recuperacao-viaria-2\/","url":"https:\/\/www.manaus.am.gov.br\/seminf\/recuperacao-viaria-2\/","name":"Prefeitura de Manaus refor\u00e7a recupera\u00e7\u00e3o vi\u00e1ria em corredores estrat\u00e9gicos do bairro Nossa Senhora das Gra\u00e7as","isPartOf":{"@id":"https:\/\/www.manaus.am.gov.br\/seminf\/#website"},"primaryImageOfPage":{"@id":"https:\/\/www.manaus.am.gov.br\/seminf\/recuperacao-viaria-2\/#primaryimage"},"image":{"@id":"https:\/\/www.manaus.am.gov.br\/seminf\/recuperacao-viaria-2\/#primaryimage"},"thumbnailUrl":"https:\/\/www.manaus.am.gov.br\/seminf\/wp-content\/uploads\/sites\/6\/2026\/01\/Prefeitura-de-Manaus-reforca-recuperacao-viaria-em-corredores-estrategicos-do-bairro-Nossa-Senhora-das-Gracas.jpg","datePublished":"2026-01-15T01:25:00+00:00","dateModified":"2026-01-15T18:27:20+00:00","author":{"@id":"https:\/\/www.manaus.am.gov.br\/seminf\/#\/schema\/person\/466a0e03ae4b6062809046bd560ac955"},"description":"A Prefeitura de Manaus segue avan\u00e7ando com a\u00e7\u00f5es que melhoram a mobilidade urbana e garantem mais seguran\u00e7a no tr\u00e2nsito.","inLanguage":"pt-BR","potentialAction":[{"@type":"ReadAction","target":["https:\/\/www.manaus.am.gov.br\/seminf\/recuperacao-viaria-2\/"]}]},{"@type":"ImageObject","inLanguage":"pt-BR","@id":"https:\/\/www.manaus.am.gov.br\/seminf\/recuperacao-viaria-2\/#primaryimage","url":"https:\/\/www.manaus.am.gov.br\/seminf\/wp-content\/uploads\/sites\/6\/2026\/01\/Prefeitura-de-Manaus-reforca-recuperacao-viaria-em-corredores-estrategicos-do-bairro-Nossa-Senhora-das-Gracas.jpg","contentUrl":"https:\/\/www.manaus.am.gov.br\/seminf\/wp-content\/uploads\/sites\/6\/2026\/01\/Prefeitura-de-Manaus-reforca-recuperacao-viaria-em-corredores-estrategicos-do-bairro-Nossa-Senhora-das-Gracas.jpg","width":1600,"height":1200,"caption":"#paratodosverem - Servidores da Seminf aplicando asfalto novo"},{"@type":"WebSite","@id":"https:\/\/www.manaus.am.gov.br\/seminf\/#website","url":"https:\/\/www.manaus.am.gov.br\/seminf\/","name":"Secretaria de Infraestrutura","description":"Secretaria Municipal de Infraestrutura","potentialAction":[{"@type":"SearchAction","target":{"@type":"EntryPoint","urlTemplate":"https:\/\/www.manaus.am.gov.br\/seminf\/?s={search_term_string}"},"query-input":"required name=search_term_string"}],"inLanguage":"pt-BR"},{"@type":"Person","@id":"https:\/\/www.manaus.am.gov.br\/seminf\/#\/schema\/person\/466a0e03ae4b6062809046bd560ac955","name":"bvalente","image":{"@type":"ImageObject","inLanguage":"pt-BR","@id":"https:\/\/www.manaus.am.gov.br\/seminf\/#\/schema\/person\/image\/","url":"https:\/\/secure.gravatar.com\/avatar\/3e69bc2b014bdad41adfec3a39de07d2?s=96&d=mm&r=g","contentUrl":"https:\/\/secure.gravatar.com\/avatar\/3e69bc2b014bdad41adfec3a39de07d2?s=96&d=mm&r=g","caption":"bvalente"}}]}},"_links":{"self":[{"href":"https:\/\/www.manaus.am.gov.br\/seminf\/wp-json\/wp\/v2\/posts\/8140"}],"collection":[{"href":"https:\/\/www.manaus.am.gov.br\/seminf\/wp-json\/wp\/v2\/posts"}],"about":[{"href":"https:\/\/www.manaus.am.gov.br\/seminf\/wp-json\/wp\/v2\/types\/post"}],"author":[{"embeddable":true,"href":"https:\/\/www.manaus.am.gov.br\/seminf\/wp-json\/wp\/v2\/users\/68"}],"replies":[{"embeddable":true,"href":"https:\/\/www.manaus.am.gov.br\/seminf\/wp-json\/wp\/v2\/comments?post=8140"}],"version-history":[{"count":1,"href":"https:\/\/www.manaus.am.gov.br\/seminf\/wp-json\/wp\/v2\/posts\/8140\/revisions"}],"predecessor-version":[{"id":8144,"href":"https:\/\/www.manaus.am.gov.br\/seminf\/wp-json\/wp\/v2\/posts\/8140\/revisions\/8144"}],"wp:featuredmedia":[{"embeddable":true,"href":"https:\/\/www.manaus.am.gov.br\/seminf\/wp-json\/wp\/v2\/media\/8141"}],"wp:attachment":[{"href":"https:\/\/www.manaus.am.gov.br\/seminf\/wp-json\/wp\/v2\/media?parent=8140"}],"wp:term":[{"taxonomy":"category","embeddable":true,"href":"https:\/\/www.manaus.am.gov.br\/seminf\/wp-json\/wp\/v2\/categories?post=8140"},{"taxonomy":"post_tag","embeddable":true,"href":"https:\/\/www.manaus.am.gov.br\/seminf\/wp-json\/wp\/v2\/tags?post=8140"}],"curies":[{"name":"wp","href":"https:\/\/api.w.org\/{rel}","templated":true}]}}