{"id":8138,"date":"2026-01-14T21:10:32","date_gmt":"2026-01-15T01:10:32","guid":{"rendered":"https:\/\/www.manaus.am.gov.br\/seminf\/recuperacao-viaria-centro\/"},"modified":"2026-01-15T14:35:04","modified_gmt":"2026-01-15T18:35:04","slug":"recuperacao-viaria-centro-historico-da-capital","status":"publish","type":"post","link":"https:\/\/www.manaus.am.gov.br\/seminf\/recuperacao-viaria-centro-historico-da-capital\/","title":{"rendered":"Prefeitura de Manaus intensifica recupera\u00e7\u00e3o vi\u00e1ria e valoriza centro hist\u00f3rico da capital"},"content":{"rendered":"\n<p>A <a href=\"https:\/www.manaus.am.gov.br\">Prefeitura de Manaus<\/a> segue cuidando de quem vive, trabalha e circula pelo cora\u00e7\u00e3o da cidade. Nesta quarta-feira, 14\/1, equipes da Secretaria Municipal de Infraestrutura (Seminf) atuaram em importantes vias do centro hist\u00f3rico da capital, na zona Sul, executando servi\u00e7os de manuten\u00e7\u00e3o asf\u00e1ltica nas ruas Silva Ramos, Darcy Michiles e Ferreira Pena, garantindo mais seguran\u00e7a, conforto e mobilidade para a popula\u00e7\u00e3o.<\/p>\n\n\n\n<p>As frentes de obras fazem parte do compromisso da gest\u00e3o municipal em preservar e revitalizar uma das regi\u00f5es mais tradicionais e simb\u00f3licas da capital, que concentra grande fluxo de ve\u00edculos, com\u00e9rcio intenso e circula\u00e7\u00e3o di\u00e1ria de pedestres.<\/p>\n\n\n\n<p>\u201cO Centro Hist\u00f3rico de Manaus merece aten\u00e7\u00e3o permanente. A determina\u00e7\u00e3o do prefeito David Almeida \u00e9 cuidar desta \u00e1rea em todos os aspectos, devolvendo dignidade, mobilidade e qualidade de vida para quem frequenta e trabalha aqui. J\u00e1 realizamos a\u00e7\u00f5es como o \u2018Mutir\u00e3o do bairro\u2019, \u2018Faixa Liberada\u2019, revitaliza\u00e7\u00e3o da pra\u00e7a dos Rem\u00e9dios, desobstru\u00e7\u00e3o de caixas coletoras para evitar alagamentos, e agora concentramos frentes de obras com a manuten\u00e7\u00e3o asf\u00e1ltica, garantindo vias mais seguras e organizadas\u201d, destacou o vice-prefeito e secret\u00e1rio de Obras, Renato Junior.<\/p>\n\n\n\n<p>Durante os servi\u00e7os, os oper\u00e1rios aplicam novas camadas de asfalto em pontos cr\u00edticos das vias, corrigindo trechos comprometidos pelo desgaste natural e pelo intenso tr\u00e1fego de ve\u00edculos. A a\u00e7\u00e3o melhora a fluidez do tr\u00e2nsito, reduz transtornos e proporciona mais conforto tanto para motoristas quanto para pedestres.<\/p>\n\n\n\n<p>Quem vivencia a rotina da regi\u00e3o j\u00e1 percebe a diferen\u00e7a. \u201cAgora est\u00e1 bom. Antes tinha muitos buracos, era muito ruim estacionar aqui na Silva Ramos. Agora vai ficar bem melhor para quem trabalha, mora e vem aqui todos os dias\u201d, afirmou o t\u00e9cnico de manuten\u00e7\u00e3o predial Nei Silva, de 47 anos.<\/p>\n\n\n\n<p>A Prefeitura de Manaus segue avan\u00e7ando com frentes de obras no centro hist\u00f3rico da capital, refor\u00e7ando o compromisso de cuidar da cidade, preservar sua hist\u00f3ria e oferecer mais seguran\u00e7a, mobilidade e qualidade de vida \u00e0 popula\u00e7\u00e3o manauara.<\/p>\n\n\n\n<p>\u2014- \u2014- \u2014-<br><strong>Texto &#8211;<\/strong> Eduarda Lira \/ Seminf<br><strong>Fotos &#8211; <\/strong>Sayane Monteiro \/ Seminf<\/p>\n","protected":false},"excerpt":{"rendered":"","protected":false},"author":68,"featured_media":8139,"comment_status":"closed","ping_status":"closed","sticky":false,"template":"","format":"standard","meta":{"footnotes":""},"categories":[3],"tags":[43,2982,26],"acf":[],"yoast_head":"<!-- This site is optimized with the Yoast SEO plugin v23.0 - https:\/\/yoast.com\/wordpress\/plugins\/seo\/ -->\n<title>Prefeitura de Manaus intensifica recupera\u00e7\u00e3o vi\u00e1ria no Centro<\/title>\n<meta name=\"description\" content=\"A Prefeitura de Manaus segue cuidando de quem vive, trabalha e circula pelo cora\u00e7\u00e3o da cidade, com a recupera\u00e7\u00e3o vi\u00e1ria no Centro.\" \/>\n<meta name=\"robots\" content=\"index, follow, max-snippet:-1, max-image-preview:large, max-video-preview:-1\" \/>\n<link rel=\"canonical\" href=\"https:\/\/www.manaus.am.gov.br\/seminf\/recuperacao-viaria-centro\/\" \/>\n<meta property=\"og:locale\" content=\"pt_BR\" \/>\n<meta property=\"og:type\" content=\"article\" \/>\n<meta property=\"og:title\" content=\"Prefeitura de Manaus intensifica recupera\u00e7\u00e3o vi\u00e1ria no Centro\" \/>\n<meta property=\"og:description\" content=\"A Prefeitura de Manaus segue cuidando de quem vive, trabalha e circula pelo cora\u00e7\u00e3o da cidade, com a recupera\u00e7\u00e3o vi\u00e1ria no Centro.\" \/>\n<meta property=\"og:url\" content=\"https:\/\/www.manaus.am.gov.br\/seminf\/recuperacao-viaria-centro\/\" \/>\n<meta property=\"og:site_name\" content=\"SEMINF\" \/>\n<meta property=\"article:published_time\" content=\"2026-01-15T01:10:32+00:00\" \/>\n<meta property=\"article:modified_time\" content=\"2026-01-15T18:35:04+00:00\" \/>\n<meta property=\"og:image\" content=\"https:\/\/www.manaus.am.gov.br\/seminf\/wp-content\/uploads\/sites\/6\/2026\/01\/Prefeitura-de-Manaus-intensifica-recuperacao-viaria-e-valoriza-o-Centro-Historico-da-capital-3.jpg\" \/>\n\t<meta property=\"og:image:width\" content=\"1600\" \/>\n\t<meta property=\"og:image:height\" content=\"1200\" \/>\n\t<meta property=\"og:image:type\" content=\"image\/jpeg\" \/>\n<meta name=\"author\" content=\"bvalente\" \/>\n<meta name=\"twitter:card\" content=\"summary_large_image\" \/>\n<meta name=\"twitter:label1\" content=\"Written by\" \/>\n\t<meta name=\"twitter:data1\" content=\"bvalente\" \/>\n\t<meta name=\"twitter:label2\" content=\"Est. reading time\" \/>\n\t<meta name=\"twitter:data2\" content=\"2 minutos\" \/>\n<script type=\"application\/ld+json\" class=\"yoast-schema-graph\">{\"@context\":\"https:\/\/schema.org\",\"@graph\":[{\"@type\":\"WebPage\",\"@id\":\"https:\/\/www.manaus.am.gov.br\/seminf\/recuperacao-viaria-centro\/\",\"url\":\"https:\/\/www.manaus.am.gov.br\/seminf\/recuperacao-viaria-centro\/\",\"name\":\"Prefeitura de Manaus intensifica recupera\u00e7\u00e3o vi\u00e1ria no Centro\",\"isPartOf\":{\"@id\":\"https:\/\/www.manaus.am.gov.br\/seminf\/#website\"},\"primaryImageOfPage\":{\"@id\":\"https:\/\/www.manaus.am.gov.br\/seminf\/recuperacao-viaria-centro\/#primaryimage\"},\"image\":{\"@id\":\"https:\/\/www.manaus.am.gov.br\/seminf\/recuperacao-viaria-centro\/#primaryimage\"},\"thumbnailUrl\":\"https:\/\/www.manaus.am.gov.br\/seminf\/wp-content\/uploads\/sites\/6\/2026\/01\/Prefeitura-de-Manaus-intensifica-recuperacao-viaria-e-valoriza-o-Centro-Historico-da-capital-3.jpg\",\"datePublished\":\"2026-01-15T01:10:32+00:00\",\"dateModified\":\"2026-01-15T18:35:04+00:00\",\"author\":{\"@id\":\"https:\/\/www.manaus.am.gov.br\/seminf\/#\/schema\/person\/466a0e03ae4b6062809046bd560ac955\"},\"description\":\"A Prefeitura de Manaus segue cuidando de quem vive, trabalha e circula pelo cora\u00e7\u00e3o da cidade, com a recupera\u00e7\u00e3o vi\u00e1ria no Centro.\",\"inLanguage\":\"pt-BR\",\"potentialAction\":[{\"@type\":\"ReadAction\",\"target\":[\"https:\/\/www.manaus.am.gov.br\/seminf\/recuperacao-viaria-centro\/\"]}]},{\"@type\":\"ImageObject\",\"inLanguage\":\"pt-BR\",\"@id\":\"https:\/\/www.manaus.am.gov.br\/seminf\/recuperacao-viaria-centro\/#primaryimage\",\"url\":\"https:\/\/www.manaus.am.gov.br\/seminf\/wp-content\/uploads\/sites\/6\/2026\/01\/Prefeitura-de-Manaus-intensifica-recuperacao-viaria-e-valoriza-o-Centro-Historico-da-capital-3.jpg\",\"contentUrl\":\"https:\/\/www.manaus.am.gov.br\/seminf\/wp-content\/uploads\/sites\/6\/2026\/01\/Prefeitura-de-Manaus-intensifica-recuperacao-viaria-e-valoriza-o-Centro-Historico-da-capital-3.jpg\",\"width\":1600,\"height\":1200,\"caption\":\"#paratodosverem - Servidores da Seminf aplicando asfalto novo em via do Centro\"},{\"@type\":\"WebSite\",\"@id\":\"https:\/\/www.manaus.am.gov.br\/seminf\/#website\",\"url\":\"https:\/\/www.manaus.am.gov.br\/seminf\/\",\"name\":\"Secretaria de Infraestrutura\",\"description\":\"Secretaria Municipal de Infraestrutura\",\"potentialAction\":[{\"@type\":\"SearchAction\",\"target\":{\"@type\":\"EntryPoint\",\"urlTemplate\":\"https:\/\/www.manaus.am.gov.br\/seminf\/?s={search_term_string}\"},\"query-input\":\"required name=search_term_string\"}],\"inLanguage\":\"pt-BR\"},{\"@type\":\"Person\",\"@id\":\"https:\/\/www.manaus.am.gov.br\/seminf\/#\/schema\/person\/466a0e03ae4b6062809046bd560ac955\",\"name\":\"bvalente\",\"image\":{\"@type\":\"ImageObject\",\"inLanguage\":\"pt-BR\",\"@id\":\"https:\/\/www.manaus.am.gov.br\/seminf\/#\/schema\/person\/image\/\",\"url\":\"https:\/\/secure.gravatar.com\/avatar\/3e69bc2b014bdad41adfec3a39de07d2?s=96&d=mm&r=g\",\"contentUrl\":\"https:\/\/secure.gravatar.com\/avatar\/3e69bc2b014bdad41adfec3a39de07d2?s=96&d=mm&r=g\",\"caption\":\"bvalente\"}}]}<\/script>\n<!-- \/ Yoast SEO plugin. -->","yoast_head_json":{"title":"Prefeitura de Manaus intensifica recupera\u00e7\u00e3o vi\u00e1ria no Centro","description":"A Prefeitura de Manaus segue cuidando de quem vive, trabalha e circula pelo cora\u00e7\u00e3o da cidade, com a recupera\u00e7\u00e3o vi\u00e1ria no Centro.","robots":{"index":"index","follow":"follow","max-snippet":"max-snippet:-1","max-image-preview":"max-image-preview:large","max-video-preview":"max-video-preview:-1"},"canonical":"https:\/\/www.manaus.am.gov.br\/seminf\/recuperacao-viaria-centro\/","og_locale":"pt_BR","og_type":"article","og_title":"Prefeitura de Manaus intensifica recupera\u00e7\u00e3o vi\u00e1ria no Centro","og_description":"A Prefeitura de Manaus segue cuidando de quem vive, trabalha e circula pelo cora\u00e7\u00e3o da cidade, com a recupera\u00e7\u00e3o vi\u00e1ria no Centro.","og_url":"https:\/\/www.manaus.am.gov.br\/seminf\/recuperacao-viaria-centro\/","og_site_name":"SEMINF","article_published_time":"2026-01-15T01:10:32+00:00","article_modified_time":"2026-01-15T18:35:04+00:00","og_image":[{"width":1600,"height":1200,"url":"https:\/\/www.manaus.am.gov.br\/seminf\/wp-content\/uploads\/sites\/6\/2026\/01\/Prefeitura-de-Manaus-intensifica-recuperacao-viaria-e-valoriza-o-Centro-Historico-da-capital-3.jpg","type":"image\/jpeg"}],"author":"bvalente","twitter_card":"summary_large_image","twitter_misc":{"Written by":"bvalente","Est. reading time":"2 minutos"},"schema":{"@context":"https:\/\/schema.org","@graph":[{"@type":"WebPage","@id":"https:\/\/www.manaus.am.gov.br\/seminf\/recuperacao-viaria-centro\/","url":"https:\/\/www.manaus.am.gov.br\/seminf\/recuperacao-viaria-centro\/","name":"Prefeitura de Manaus intensifica recupera\u00e7\u00e3o vi\u00e1ria no Centro","isPartOf":{"@id":"https:\/\/www.manaus.am.gov.br\/seminf\/#website"},"primaryImageOfPage":{"@id":"https:\/\/www.manaus.am.gov.br\/seminf\/recuperacao-viaria-centro\/#primaryimage"},"image":{"@id":"https:\/\/www.manaus.am.gov.br\/seminf\/recuperacao-viaria-centro\/#primaryimage"},"thumbnailUrl":"https:\/\/www.manaus.am.gov.br\/seminf\/wp-content\/uploads\/sites\/6\/2026\/01\/Prefeitura-de-Manaus-intensifica-recuperacao-viaria-e-valoriza-o-Centro-Historico-da-capital-3.jpg","datePublished":"2026-01-15T01:10:32+00:00","dateModified":"2026-01-15T18:35:04+00:00","author":{"@id":"https:\/\/www.manaus.am.gov.br\/seminf\/#\/schema\/person\/466a0e03ae4b6062809046bd560ac955"},"description":"A Prefeitura de Manaus segue cuidando de quem vive, trabalha e circula pelo cora\u00e7\u00e3o da cidade, com a recupera\u00e7\u00e3o vi\u00e1ria no Centro.","inLanguage":"pt-BR","potentialAction":[{"@type":"ReadAction","target":["https:\/\/www.manaus.am.gov.br\/seminf\/recuperacao-viaria-centro\/"]}]},{"@type":"ImageObject","inLanguage":"pt-BR","@id":"https:\/\/www.manaus.am.gov.br\/seminf\/recuperacao-viaria-centro\/#primaryimage","url":"https:\/\/www.manaus.am.gov.br\/seminf\/wp-content\/uploads\/sites\/6\/2026\/01\/Prefeitura-de-Manaus-intensifica-recuperacao-viaria-e-valoriza-o-Centro-Historico-da-capital-3.jpg","contentUrl":"https:\/\/www.manaus.am.gov.br\/seminf\/wp-content\/uploads\/sites\/6\/2026\/01\/Prefeitura-de-Manaus-intensifica-recuperacao-viaria-e-valoriza-o-Centro-Historico-da-capital-3.jpg","width":1600,"height":1200,"caption":"#paratodosverem - Servidores da Seminf aplicando asfalto novo em via do Centro"},{"@type":"WebSite","@id":"https:\/\/www.manaus.am.gov.br\/seminf\/#website","url":"https:\/\/www.manaus.am.gov.br\/seminf\/","name":"Secretaria de Infraestrutura","description":"Secretaria Municipal de Infraestrutura","potentialAction":[{"@type":"SearchAction","target":{"@type":"EntryPoint","urlTemplate":"https:\/\/www.manaus.am.gov.br\/seminf\/?s={search_term_string}"},"query-input":"required name=search_term_string"}],"inLanguage":"pt-BR"},{"@type":"Person","@id":"https:\/\/www.manaus.am.gov.br\/seminf\/#\/schema\/person\/466a0e03ae4b6062809046bd560ac955","name":"bvalente","image":{"@type":"ImageObject","inLanguage":"pt-BR","@id":"https:\/\/www.manaus.am.gov.br\/seminf\/#\/schema\/person\/image\/","url":"https:\/\/secure.gravatar.com\/avatar\/3e69bc2b014bdad41adfec3a39de07d2?s=96&d=mm&r=g","contentUrl":"https:\/\/secure.gravatar.com\/avatar\/3e69bc2b014bdad41adfec3a39de07d2?s=96&d=mm&r=g","caption":"bvalente"}}]}},"_links":{"self":[{"href":"https:\/\/www.manaus.am.gov.br\/seminf\/wp-json\/wp\/v2\/posts\/8138"}],"collection":[{"href":"https:\/\/www.manaus.am.gov.br\/seminf\/wp-json\/wp\/v2\/posts"}],"about":[{"href":"https:\/\/www.manaus.am.gov.br\/seminf\/wp-json\/wp\/v2\/types\/post"}],"author":[{"embeddable":true,"href":"https:\/\/www.manaus.am.gov.br\/seminf\/wp-json\/wp\/v2\/users\/68"}],"replies":[{"embeddable":true,"href":"https:\/\/www.manaus.am.gov.br\/seminf\/wp-json\/wp\/v2\/comments?post=8138"}],"version-history":[{"count":1,"href":"https:\/\/www.manaus.am.gov.br\/seminf\/wp-json\/wp\/v2\/posts\/8138\/revisions"}],"predecessor-version":[{"id":8145,"href":"https:\/\/www.manaus.am.gov.br\/seminf\/wp-json\/wp\/v2\/posts\/8138\/revisions\/8145"}],"wp:featuredmedia":[{"embeddable":true,"href":"https:\/\/www.manaus.am.gov.br\/seminf\/wp-json\/wp\/v2\/media\/8139"}],"wp:attachment":[{"href":"https:\/\/www.manaus.am.gov.br\/seminf\/wp-json\/wp\/v2\/media?parent=8138"}],"wp:term":[{"taxonomy":"category","embeddable":true,"href":"https:\/\/www.manaus.am.gov.br\/seminf\/wp-json\/wp\/v2\/categories?post=8138"},{"taxonomy":"post_tag","embeddable":true,"href":"https:\/\/www.manaus.am.gov.br\/seminf\/wp-json\/wp\/v2\/tags?post=8138"}],"curies":[{"name":"wp","href":"https:\/\/api.w.org\/{rel}","templated":true}]}}