{"id":8136,"date":"2026-01-14T20:59:06","date_gmt":"2026-01-15T00:59:06","guid":{"rendered":"https:\/\/www.manaus.am.gov.br\/seminf\/servicos-manutencao-asfaltica-2\/"},"modified":"2026-01-15T14:41:38","modified_gmt":"2026-01-15T18:41:38","slug":"servicos-manutencao-asfaltica-2","status":"publish","type":"post","link":"https:\/\/www.manaus.am.gov.br\/seminf\/servicos-manutencao-asfaltica-2\/","title":{"rendered":"Prefeitura de Manaus intensifica manuten\u00e7\u00e3o asf\u00e1ltica em vias do bairro S\u00e3o Francisco e amplia melhorias na zona Sul"},"content":{"rendered":"\n<p>A <a href=\"https:\/\/www.manaus.am.gov.br\">Prefeitura de Manaus<\/a>, por meio da Secretaria Municipal de Infraestrutura (Seminf), intensificou, nesta quarta-feira, 14\/1, os servi\u00e7os de manuten\u00e7\u00e3o asf\u00e1ltica em diversas vias do bairro S\u00e3o Francisco, na zona Sul da capital. As interven\u00e7\u00f5es contemplam ruas estrat\u00e9gicas da \u00e1rea, atendendo \u00e0s demandas da popula\u00e7\u00e3o e promovendo avan\u00e7os significativos na infraestrutura vi\u00e1ria da regi\u00e3o.<\/p>\n\n\n\n<p>Os servi\u00e7os s\u00e3o executados nas ruas Vasconcelos Chaves, Ara\u00fajo Filho, General Carneiro e Clarinho de Queiroz, refor\u00e7ando o cronograma de manuten\u00e7\u00e3o cont\u00ednua da gest\u00e3o municipal, que atua de forma simult\u00e2nea em diferentes bairros da cidade.<\/p>\n\n\n\n<p>De acordo com o vice-prefeito e secret\u00e1rio de Obras, Renato Junior, a a\u00e7\u00e3o integra um planejamento estrat\u00e9gico que prioriza regi\u00f5es com maior fluxo de ve\u00edculos e necessidade de requalifica\u00e7\u00e3o vi\u00e1ria. \u201cA determina\u00e7\u00e3o do prefeito David Almeida \u00e9 concentrar esfor\u00e7os nesta semana nas zonas Sul e Centro-Sul, acelerando os servi\u00e7os de manuten\u00e7\u00e3o asf\u00e1ltica. Estamos mobilizando equipes para melhorar a mobilidade urbana desta \u00e1rea, garantir mais seguran\u00e7a vi\u00e1ria e assegurar melhores condi\u00e7\u00f5es de tr\u00e1fego para os moradores dessas regi\u00f5es\u201d, destacou Renato Junior.<\/p>\n\n\n\n<p>As equipes da Seminf realizam a prepara\u00e7\u00e3o completa da base das vias, incluindo varri\u00e7\u00e3o, aplica\u00e7\u00e3o de imprima\u00e7\u00e3o e posterior aplica\u00e7\u00e3o da massa asf\u00e1ltica nos trechos onde o pavimento apresentava desgaste. As a\u00e7\u00f5es garantem mais durabilidade ao asfalto e melhores condi\u00e7\u00f5es de circula\u00e7\u00e3o para ve\u00edculos e pedestres.<\/p>\n\n\n\n<p>Moradora da rua Vasconcelos Chaves, a microempres\u00e1ria Arliana Menezes, 48 anos, comemorou a execu\u00e7\u00e3o dos servi\u00e7os. \u201cAntes era muito dif\u00edcil passar por aqui por causa dos buracos. Agora a rua est\u00e1 ficando muito melhor. A gente agradece \u00e0 prefeitura por atender nossa solicita\u00e7\u00e3o e trazer mais qualidade para quem mora aqui\u201d, afirmou Arliana Menezes.<\/p>\n\n\n\n<p>Com frentes de trabalho atuando em diferentes pontos da cidade, a Prefeitura de Manaus segue executando obras de grande alcance, fortalecendo a infraestrutura urbana, melhorando o tr\u00e1fego e reafirmando o compromisso com o atendimento respons\u00e1vel \u00e0s demandas da popula\u00e7\u00e3o.<\/p>\n\n\n\n<p><strong><br><\/strong><br>\u2014- \u2014- \u2014-<br><strong>Texto &#8211;<\/strong> Eduarda Lira \/ Seminf<br><strong>Fotos &#8211; <\/strong>Sayane Monteiro \/ Seminf<\/p>\n","protected":false},"excerpt":{"rendered":"","protected":false},"author":68,"featured_media":8137,"comment_status":"closed","ping_status":"closed","sticky":false,"template":"","format":"standard","meta":{"footnotes":""},"categories":[6],"tags":[2981,43,26,2967],"acf":[],"yoast_head":"<!-- This site is optimized with the Yoast SEO plugin v23.0 - https:\/\/yoast.com\/wordpress\/plugins\/seo\/ -->\n<title>Prefeitura intensifica manuten\u00e7\u00e3o em vias do bairro S\u00e3o Francisco<\/title>\n<meta name=\"description\" content=\"A Prefeitura intensificou, nesta quarta-feira, 14\/1, os servi\u00e7os de manuten\u00e7\u00e3o asf\u00e1ltica em diversas vias do bairro S\u00e3o Francisco.\" \/>\n<meta name=\"robots\" content=\"index, follow, max-snippet:-1, max-image-preview:large, max-video-preview:-1\" \/>\n<link rel=\"canonical\" href=\"https:\/\/www.manaus.am.gov.br\/seminf\/servicos-manutencao-asfaltica-2\/\" \/>\n<meta property=\"og:locale\" content=\"pt_BR\" \/>\n<meta property=\"og:type\" content=\"article\" \/>\n<meta property=\"og:title\" content=\"Prefeitura intensifica manuten\u00e7\u00e3o em vias do bairro S\u00e3o Francisco\" \/>\n<meta property=\"og:description\" content=\"A Prefeitura intensificou, nesta quarta-feira, 14\/1, os servi\u00e7os de manuten\u00e7\u00e3o asf\u00e1ltica em diversas vias do bairro S\u00e3o Francisco.\" \/>\n<meta property=\"og:url\" content=\"https:\/\/www.manaus.am.gov.br\/seminf\/servicos-manutencao-asfaltica-2\/\" \/>\n<meta property=\"og:site_name\" content=\"SEMINF\" \/>\n<meta property=\"article:published_time\" content=\"2026-01-15T00:59:06+00:00\" \/>\n<meta property=\"article:modified_time\" content=\"2026-01-15T18:41:38+00:00\" \/>\n<meta property=\"og:image\" content=\"https:\/\/www.manaus.am.gov.br\/seminf\/wp-content\/uploads\/sites\/6\/2026\/01\/Prefeitura-de-Manaus-intensifica-manutencao-asfaltica-em-vias-do-bairro-Sao-Francisco-e-amplia-melhorias-na-zona-Sul-.jpg\" \/>\n\t<meta property=\"og:image:width\" content=\"1600\" \/>\n\t<meta property=\"og:image:height\" content=\"1200\" \/>\n\t<meta property=\"og:image:type\" content=\"image\/jpeg\" \/>\n<meta name=\"author\" content=\"bvalente\" \/>\n<meta name=\"twitter:card\" content=\"summary_large_image\" \/>\n<meta name=\"twitter:label1\" content=\"Written by\" \/>\n\t<meta name=\"twitter:data1\" content=\"bvalente\" \/>\n\t<meta name=\"twitter:label2\" content=\"Est. reading time\" \/>\n\t<meta name=\"twitter:data2\" content=\"2 minutos\" \/>\n<script type=\"application\/ld+json\" class=\"yoast-schema-graph\">{\"@context\":\"https:\/\/schema.org\",\"@graph\":[{\"@type\":\"WebPage\",\"@id\":\"https:\/\/www.manaus.am.gov.br\/seminf\/servicos-manutencao-asfaltica-2\/\",\"url\":\"https:\/\/www.manaus.am.gov.br\/seminf\/servicos-manutencao-asfaltica-2\/\",\"name\":\"Prefeitura intensifica manuten\u00e7\u00e3o em vias do bairro S\u00e3o Francisco\",\"isPartOf\":{\"@id\":\"https:\/\/www.manaus.am.gov.br\/seminf\/#website\"},\"primaryImageOfPage\":{\"@id\":\"https:\/\/www.manaus.am.gov.br\/seminf\/servicos-manutencao-asfaltica-2\/#primaryimage\"},\"image\":{\"@id\":\"https:\/\/www.manaus.am.gov.br\/seminf\/servicos-manutencao-asfaltica-2\/#primaryimage\"},\"thumbnailUrl\":\"https:\/\/www.manaus.am.gov.br\/seminf\/wp-content\/uploads\/sites\/6\/2026\/01\/Prefeitura-de-Manaus-intensifica-manutencao-asfaltica-em-vias-do-bairro-Sao-Francisco-e-amplia-melhorias-na-zona-Sul-.jpg\",\"datePublished\":\"2026-01-15T00:59:06+00:00\",\"dateModified\":\"2026-01-15T18:41:38+00:00\",\"author\":{\"@id\":\"https:\/\/www.manaus.am.gov.br\/seminf\/#\/schema\/person\/466a0e03ae4b6062809046bd560ac955\"},\"description\":\"A Prefeitura intensificou, nesta quarta-feira, 14\/1, os servi\u00e7os de manuten\u00e7\u00e3o asf\u00e1ltica em diversas vias do bairro S\u00e3o Francisco.\",\"inLanguage\":\"pt-BR\",\"potentialAction\":[{\"@type\":\"ReadAction\",\"target\":[\"https:\/\/www.manaus.am.gov.br\/seminf\/servicos-manutencao-asfaltica-2\/\"]}]},{\"@type\":\"ImageObject\",\"inLanguage\":\"pt-BR\",\"@id\":\"https:\/\/www.manaus.am.gov.br\/seminf\/servicos-manutencao-asfaltica-2\/#primaryimage\",\"url\":\"https:\/\/www.manaus.am.gov.br\/seminf\/wp-content\/uploads\/sites\/6\/2026\/01\/Prefeitura-de-Manaus-intensifica-manutencao-asfaltica-em-vias-do-bairro-Sao-Francisco-e-amplia-melhorias-na-zona-Sul-.jpg\",\"contentUrl\":\"https:\/\/www.manaus.am.gov.br\/seminf\/wp-content\/uploads\/sites\/6\/2026\/01\/Prefeitura-de-Manaus-intensifica-manutencao-asfaltica-em-vias-do-bairro-Sao-Francisco-e-amplia-melhorias-na-zona-Sul-.jpg\",\"width\":1600,\"height\":1200,\"caption\":\"#paratodosverem - Servidores da Seminf aplicando asfalto novo em via\"},{\"@type\":\"WebSite\",\"@id\":\"https:\/\/www.manaus.am.gov.br\/seminf\/#website\",\"url\":\"https:\/\/www.manaus.am.gov.br\/seminf\/\",\"name\":\"Secretaria de Infraestrutura\",\"description\":\"Secretaria Municipal de Infraestrutura\",\"potentialAction\":[{\"@type\":\"SearchAction\",\"target\":{\"@type\":\"EntryPoint\",\"urlTemplate\":\"https:\/\/www.manaus.am.gov.br\/seminf\/?s={search_term_string}\"},\"query-input\":\"required name=search_term_string\"}],\"inLanguage\":\"pt-BR\"},{\"@type\":\"Person\",\"@id\":\"https:\/\/www.manaus.am.gov.br\/seminf\/#\/schema\/person\/466a0e03ae4b6062809046bd560ac955\",\"name\":\"bvalente\",\"image\":{\"@type\":\"ImageObject\",\"inLanguage\":\"pt-BR\",\"@id\":\"https:\/\/www.manaus.am.gov.br\/seminf\/#\/schema\/person\/image\/\",\"url\":\"https:\/\/secure.gravatar.com\/avatar\/3e69bc2b014bdad41adfec3a39de07d2?s=96&d=mm&r=g\",\"contentUrl\":\"https:\/\/secure.gravatar.com\/avatar\/3e69bc2b014bdad41adfec3a39de07d2?s=96&d=mm&r=g\",\"caption\":\"bvalente\"}}]}<\/script>\n<!-- \/ Yoast SEO plugin. -->","yoast_head_json":{"title":"Prefeitura intensifica manuten\u00e7\u00e3o em vias do bairro S\u00e3o Francisco","description":"A Prefeitura intensificou, nesta quarta-feira, 14\/1, os servi\u00e7os de manuten\u00e7\u00e3o asf\u00e1ltica em diversas vias do bairro S\u00e3o Francisco.","robots":{"index":"index","follow":"follow","max-snippet":"max-snippet:-1","max-image-preview":"max-image-preview:large","max-video-preview":"max-video-preview:-1"},"canonical":"https:\/\/www.manaus.am.gov.br\/seminf\/servicos-manutencao-asfaltica-2\/","og_locale":"pt_BR","og_type":"article","og_title":"Prefeitura intensifica manuten\u00e7\u00e3o em vias do bairro S\u00e3o Francisco","og_description":"A Prefeitura intensificou, nesta quarta-feira, 14\/1, os servi\u00e7os de manuten\u00e7\u00e3o asf\u00e1ltica em diversas vias do bairro S\u00e3o Francisco.","og_url":"https:\/\/www.manaus.am.gov.br\/seminf\/servicos-manutencao-asfaltica-2\/","og_site_name":"SEMINF","article_published_time":"2026-01-15T00:59:06+00:00","article_modified_time":"2026-01-15T18:41:38+00:00","og_image":[{"width":1600,"height":1200,"url":"https:\/\/www.manaus.am.gov.br\/seminf\/wp-content\/uploads\/sites\/6\/2026\/01\/Prefeitura-de-Manaus-intensifica-manutencao-asfaltica-em-vias-do-bairro-Sao-Francisco-e-amplia-melhorias-na-zona-Sul-.jpg","type":"image\/jpeg"}],"author":"bvalente","twitter_card":"summary_large_image","twitter_misc":{"Written by":"bvalente","Est. reading time":"2 minutos"},"schema":{"@context":"https:\/\/schema.org","@graph":[{"@type":"WebPage","@id":"https:\/\/www.manaus.am.gov.br\/seminf\/servicos-manutencao-asfaltica-2\/","url":"https:\/\/www.manaus.am.gov.br\/seminf\/servicos-manutencao-asfaltica-2\/","name":"Prefeitura intensifica manuten\u00e7\u00e3o em vias do bairro S\u00e3o Francisco","isPartOf":{"@id":"https:\/\/www.manaus.am.gov.br\/seminf\/#website"},"primaryImageOfPage":{"@id":"https:\/\/www.manaus.am.gov.br\/seminf\/servicos-manutencao-asfaltica-2\/#primaryimage"},"image":{"@id":"https:\/\/www.manaus.am.gov.br\/seminf\/servicos-manutencao-asfaltica-2\/#primaryimage"},"thumbnailUrl":"https:\/\/www.manaus.am.gov.br\/seminf\/wp-content\/uploads\/sites\/6\/2026\/01\/Prefeitura-de-Manaus-intensifica-manutencao-asfaltica-em-vias-do-bairro-Sao-Francisco-e-amplia-melhorias-na-zona-Sul-.jpg","datePublished":"2026-01-15T00:59:06+00:00","dateModified":"2026-01-15T18:41:38+00:00","author":{"@id":"https:\/\/www.manaus.am.gov.br\/seminf\/#\/schema\/person\/466a0e03ae4b6062809046bd560ac955"},"description":"A Prefeitura intensificou, nesta quarta-feira, 14\/1, os servi\u00e7os de manuten\u00e7\u00e3o asf\u00e1ltica em diversas vias do bairro S\u00e3o Francisco.","inLanguage":"pt-BR","potentialAction":[{"@type":"ReadAction","target":["https:\/\/www.manaus.am.gov.br\/seminf\/servicos-manutencao-asfaltica-2\/"]}]},{"@type":"ImageObject","inLanguage":"pt-BR","@id":"https:\/\/www.manaus.am.gov.br\/seminf\/servicos-manutencao-asfaltica-2\/#primaryimage","url":"https:\/\/www.manaus.am.gov.br\/seminf\/wp-content\/uploads\/sites\/6\/2026\/01\/Prefeitura-de-Manaus-intensifica-manutencao-asfaltica-em-vias-do-bairro-Sao-Francisco-e-amplia-melhorias-na-zona-Sul-.jpg","contentUrl":"https:\/\/www.manaus.am.gov.br\/seminf\/wp-content\/uploads\/sites\/6\/2026\/01\/Prefeitura-de-Manaus-intensifica-manutencao-asfaltica-em-vias-do-bairro-Sao-Francisco-e-amplia-melhorias-na-zona-Sul-.jpg","width":1600,"height":1200,"caption":"#paratodosverem - Servidores da Seminf aplicando asfalto novo em via"},{"@type":"WebSite","@id":"https:\/\/www.manaus.am.gov.br\/seminf\/#website","url":"https:\/\/www.manaus.am.gov.br\/seminf\/","name":"Secretaria de Infraestrutura","description":"Secretaria Municipal de Infraestrutura","potentialAction":[{"@type":"SearchAction","target":{"@type":"EntryPoint","urlTemplate":"https:\/\/www.manaus.am.gov.br\/seminf\/?s={search_term_string}"},"query-input":"required name=search_term_string"}],"inLanguage":"pt-BR"},{"@type":"Person","@id":"https:\/\/www.manaus.am.gov.br\/seminf\/#\/schema\/person\/466a0e03ae4b6062809046bd560ac955","name":"bvalente","image":{"@type":"ImageObject","inLanguage":"pt-BR","@id":"https:\/\/www.manaus.am.gov.br\/seminf\/#\/schema\/person\/image\/","url":"https:\/\/secure.gravatar.com\/avatar\/3e69bc2b014bdad41adfec3a39de07d2?s=96&d=mm&r=g","contentUrl":"https:\/\/secure.gravatar.com\/avatar\/3e69bc2b014bdad41adfec3a39de07d2?s=96&d=mm&r=g","caption":"bvalente"}}]}},"_links":{"self":[{"href":"https:\/\/www.manaus.am.gov.br\/seminf\/wp-json\/wp\/v2\/posts\/8136"}],"collection":[{"href":"https:\/\/www.manaus.am.gov.br\/seminf\/wp-json\/wp\/v2\/posts"}],"about":[{"href":"https:\/\/www.manaus.am.gov.br\/seminf\/wp-json\/wp\/v2\/types\/post"}],"author":[{"embeddable":true,"href":"https:\/\/www.manaus.am.gov.br\/seminf\/wp-json\/wp\/v2\/users\/68"}],"replies":[{"embeddable":true,"href":"https:\/\/www.manaus.am.gov.br\/seminf\/wp-json\/wp\/v2\/comments?post=8136"}],"version-history":[{"count":1,"href":"https:\/\/www.manaus.am.gov.br\/seminf\/wp-json\/wp\/v2\/posts\/8136\/revisions"}],"predecessor-version":[{"id":8146,"href":"https:\/\/www.manaus.am.gov.br\/seminf\/wp-json\/wp\/v2\/posts\/8136\/revisions\/8146"}],"wp:featuredmedia":[{"embeddable":true,"href":"https:\/\/www.manaus.am.gov.br\/seminf\/wp-json\/wp\/v2\/media\/8137"}],"wp:attachment":[{"href":"https:\/\/www.manaus.am.gov.br\/seminf\/wp-json\/wp\/v2\/media?parent=8136"}],"wp:term":[{"taxonomy":"category","embeddable":true,"href":"https:\/\/www.manaus.am.gov.br\/seminf\/wp-json\/wp\/v2\/categories?post=8136"},{"taxonomy":"post_tag","embeddable":true,"href":"https:\/\/www.manaus.am.gov.br\/seminf\/wp-json\/wp\/v2\/tags?post=8136"}],"curies":[{"name":"wp","href":"https:\/\/api.w.org\/{rel}","templated":true}]}}