{"id":8123,"date":"2026-01-14T19:44:06","date_gmt":"2026-01-14T23:44:06","guid":{"rendered":"https:\/\/www.manaus.am.gov.br\/seminf\/reforma-do-campo-e-da-praca-do-bairro-petropolis\/"},"modified":"2026-01-15T14:48:54","modified_gmt":"2026-01-15T18:48:54","slug":"reforma-do-campo-e-da-praca-do-bairro-petropolis","status":"publish","type":"post","link":"https:\/\/www.manaus.am.gov.br\/seminf\/reforma-do-campo-e-da-praca-do-bairro-petropolis\/","title":{"rendered":"Prefeitura de Manaus transforma campo e pra\u00e7a do bairro Petr\u00f3polis e refor\u00e7a incentivo ao esporte e lazer na zona Sul"},"content":{"rendered":"\n<p>A <a href=\"https:\/\/www.manaus.am.gov.br\">Prefeitura de Manaus<\/a>, por meio da Secretaria Municipal de Infraestrutura (Seminf), avan\u00e7ou, nesta quarta-feira, 14\/1, com as obras de reforma do campo e da pra\u00e7a do bairro Petr\u00f3polis, localizados na rua N\u00e1uticas, na zona Sul da capital. O espa\u00e7o, que por muitos anos foi apenas um campo e uma pra\u00e7a tradicional, passa por uma requalifica\u00e7\u00e3o completa, ganhando nova estrutura, mais seguran\u00e7a e um novo significado para a comunidade.<\/p>\n\n\n\n<p>A obra faz parte do compromisso da gest\u00e3o municipal em valorizar os bairros, promover o esporte, o lazer e fortalecer a conviv\u00eancia social, especialmente em \u00e1reas tradicionais da cidade.<\/p>\n\n\n\n<p>Para o vice-prefeito e secret\u00e1rio de Obras, Renato Junior, a transforma\u00e7\u00e3o do espa\u00e7o representa cuidado direto com as pessoas e investimento no futuro da cidade. \u201cCada obra como essa carrega mais do que concreto e pintura. Ela carrega oportunidades, esperan\u00e7a e mais qualidade de vida para quem vive aqui. A determina\u00e7\u00e3o do prefeito David Almeida \u00e9 cuidar das pessoas, valorizar os bairros e incentivar o esporte como ferramenta de inclus\u00e3o social. Petr\u00f3polis merece esse novo momento\u201d, destacou Renato Junior.<\/p>\n\n\n\n<p>No campo, as equipes da Seminf j\u00e1 executaram os servi\u00e7os de sistema el\u00e9trico, implanta\u00e7\u00e3o da rede de drenagem profunda, reforma das arquibancadas e dos alambrados, al\u00e9m da pintura completa do espa\u00e7o. A \u00e1rea tamb\u00e9m recebeu melhorias no playground, espa\u00e7o para zumba e academia ao ar livre, com concretagem adequada, al\u00e9m da constru\u00e7\u00e3o de um campo de v\u00f4lei.<\/p>\n\n\n\n<p>Outras frentes de trabalho seguem em andamento, como a constru\u00e7\u00e3o de quiosques, assentamento de azulejos e a confec\u00e7\u00e3o dos banheiros, garantindo mais conforto e funcionalidade para os frequentadores.<\/p>\n\n\n\n<p>Quem acompanha de perto a transforma\u00e7\u00e3o \u00e9 o motorista de \u00f4nibus Vilson Pereira, 34 anos, que trabalha em frente ao local e elogiou a iniciativa da prefeitura. \u201cEssa reforma foi maravilhosa, tanto para os moradores quanto para n\u00f3s que passamos grande parte do dia aqui. D\u00e1 pra ver que a prefeitura est\u00e1 cuidando dos bairros. Tenho visto em outras \u00e1reas da cidade v\u00e1rias pra\u00e7as e complexos sendo reformados. O prefeito David Almeida e o vice Renato est\u00e3o de parab\u00e9ns, est\u00e3o no caminho certo\u201d, afirmou Vilson Pereira.<\/p>\n\n\n\n<p>A nova pra\u00e7a de Petr\u00f3polis simboliza o cuidado da Prefeitura de Manaus com as pessoas, o respeito \u00e0 hist\u00f3ria do bairro e o trabalho cont\u00ednuo para construir uma cidade mais humana, acolhedora e com mais oportunidades para todos.<\/p>\n\n\n\n<p>\u2014- \u2014- \u2014-<br><strong>Texto &#8211; <\/strong>Rayana Coutinho \/ Seminf<br><strong>Fotos &#8211;<\/strong> Carlos Oliveira \/ Gabinete Vice-Prefeito<\/p>\n","protected":false},"excerpt":{"rendered":"","protected":false},"author":68,"featured_media":8124,"comment_status":"closed","ping_status":"closed","sticky":false,"template":"","format":"standard","meta":{"footnotes":""},"categories":[3],"tags":[2974,43,2975,26],"acf":[],"yoast_head":"<!-- This site is optimized with the Yoast SEO plugin v23.0 - https:\/\/yoast.com\/wordpress\/plugins\/seo\/ -->\n<title>Prefeitura transforma campo e pra\u00e7a do bairro Petr\u00f3polis<\/title>\n<meta name=\"description\" content=\"A Prefeitura de Manaus avan\u00e7ou, nesta quarta-feira, 14\/1, com as obras de reforma do campo e da pra\u00e7a do bairro Petr\u00f3polis.\" \/>\n<meta name=\"robots\" content=\"index, follow, max-snippet:-1, max-image-preview:large, max-video-preview:-1\" \/>\n<link rel=\"canonical\" href=\"https:\/\/www.manaus.am.gov.br\/seminf\/reforma-do-campo-e-da-praca-do-bairro-petropolis\/\" \/>\n<meta property=\"og:locale\" content=\"pt_BR\" \/>\n<meta property=\"og:type\" content=\"article\" \/>\n<meta property=\"og:title\" content=\"Prefeitura transforma campo e pra\u00e7a do bairro Petr\u00f3polis\" \/>\n<meta property=\"og:description\" content=\"A Prefeitura de Manaus avan\u00e7ou, nesta quarta-feira, 14\/1, com as obras de reforma do campo e da pra\u00e7a do bairro Petr\u00f3polis.\" \/>\n<meta property=\"og:url\" content=\"https:\/\/www.manaus.am.gov.br\/seminf\/reforma-do-campo-e-da-praca-do-bairro-petropolis\/\" \/>\n<meta property=\"og:site_name\" content=\"SEMINF\" \/>\n<meta property=\"article:published_time\" content=\"2026-01-14T23:44:06+00:00\" \/>\n<meta property=\"article:modified_time\" content=\"2026-01-15T18:48:54+00:00\" \/>\n<meta property=\"og:image\" content=\"https:\/\/www.manaus.am.gov.br\/seminf\/wp-content\/uploads\/sites\/6\/2026\/01\/736A6880-1024x683.jpg\" \/>\n\t<meta property=\"og:image:width\" content=\"1024\" \/>\n\t<meta property=\"og:image:height\" content=\"683\" \/>\n\t<meta property=\"og:image:type\" content=\"image\/jpeg\" \/>\n<meta name=\"author\" content=\"bvalente\" \/>\n<meta name=\"twitter:card\" content=\"summary_large_image\" \/>\n<meta name=\"twitter:label1\" content=\"Written by\" \/>\n\t<meta name=\"twitter:data1\" content=\"bvalente\" \/>\n\t<meta name=\"twitter:label2\" content=\"Est. reading time\" \/>\n\t<meta name=\"twitter:data2\" content=\"3 minutos\" \/>\n<script type=\"application\/ld+json\" class=\"yoast-schema-graph\">{\"@context\":\"https:\/\/schema.org\",\"@graph\":[{\"@type\":\"WebPage\",\"@id\":\"https:\/\/www.manaus.am.gov.br\/seminf\/reforma-do-campo-e-da-praca-do-bairro-petropolis\/\",\"url\":\"https:\/\/www.manaus.am.gov.br\/seminf\/reforma-do-campo-e-da-praca-do-bairro-petropolis\/\",\"name\":\"Prefeitura transforma campo e pra\u00e7a do bairro Petr\u00f3polis\",\"isPartOf\":{\"@id\":\"https:\/\/www.manaus.am.gov.br\/seminf\/#website\"},\"primaryImageOfPage\":{\"@id\":\"https:\/\/www.manaus.am.gov.br\/seminf\/reforma-do-campo-e-da-praca-do-bairro-petropolis\/#primaryimage\"},\"image\":{\"@id\":\"https:\/\/www.manaus.am.gov.br\/seminf\/reforma-do-campo-e-da-praca-do-bairro-petropolis\/#primaryimage\"},\"thumbnailUrl\":\"https:\/\/www.manaus.am.gov.br\/seminf\/wp-content\/uploads\/sites\/6\/2026\/01\/736A6880.jpg\",\"datePublished\":\"2026-01-14T23:44:06+00:00\",\"dateModified\":\"2026-01-15T18:48:54+00:00\",\"author\":{\"@id\":\"https:\/\/www.manaus.am.gov.br\/seminf\/#\/schema\/person\/466a0e03ae4b6062809046bd560ac955\"},\"description\":\"A Prefeitura de Manaus avan\u00e7ou, nesta quarta-feira, 14\/1, com as obras de reforma do campo e da pra\u00e7a do bairro Petr\u00f3polis.\",\"inLanguage\":\"pt-BR\",\"potentialAction\":[{\"@type\":\"ReadAction\",\"target\":[\"https:\/\/www.manaus.am.gov.br\/seminf\/reforma-do-campo-e-da-praca-do-bairro-petropolis\/\"]}]},{\"@type\":\"ImageObject\",\"inLanguage\":\"pt-BR\",\"@id\":\"https:\/\/www.manaus.am.gov.br\/seminf\/reforma-do-campo-e-da-praca-do-bairro-petropolis\/#primaryimage\",\"url\":\"https:\/\/www.manaus.am.gov.br\/seminf\/wp-content\/uploads\/sites\/6\/2026\/01\/736A6880.jpg\",\"contentUrl\":\"https:\/\/www.manaus.am.gov.br\/seminf\/wp-content\/uploads\/sites\/6\/2026\/01\/736A6880.jpg\",\"width\":6720,\"height\":4480,\"caption\":\"#paratodosverem - Imagem da reforma do campo e da pra\u00e7a do bairro Petr\u00f3polis\"},{\"@type\":\"WebSite\",\"@id\":\"https:\/\/www.manaus.am.gov.br\/seminf\/#website\",\"url\":\"https:\/\/www.manaus.am.gov.br\/seminf\/\",\"name\":\"Secretaria de Infraestrutura\",\"description\":\"Secretaria Municipal de Infraestrutura\",\"potentialAction\":[{\"@type\":\"SearchAction\",\"target\":{\"@type\":\"EntryPoint\",\"urlTemplate\":\"https:\/\/www.manaus.am.gov.br\/seminf\/?s={search_term_string}\"},\"query-input\":\"required name=search_term_string\"}],\"inLanguage\":\"pt-BR\"},{\"@type\":\"Person\",\"@id\":\"https:\/\/www.manaus.am.gov.br\/seminf\/#\/schema\/person\/466a0e03ae4b6062809046bd560ac955\",\"name\":\"bvalente\",\"image\":{\"@type\":\"ImageObject\",\"inLanguage\":\"pt-BR\",\"@id\":\"https:\/\/www.manaus.am.gov.br\/seminf\/#\/schema\/person\/image\/\",\"url\":\"https:\/\/secure.gravatar.com\/avatar\/3e69bc2b014bdad41adfec3a39de07d2?s=96&d=mm&r=g\",\"contentUrl\":\"https:\/\/secure.gravatar.com\/avatar\/3e69bc2b014bdad41adfec3a39de07d2?s=96&d=mm&r=g\",\"caption\":\"bvalente\"}}]}<\/script>\n<!-- \/ Yoast SEO plugin. -->","yoast_head_json":{"title":"Prefeitura transforma campo e pra\u00e7a do bairro Petr\u00f3polis","description":"A Prefeitura de Manaus avan\u00e7ou, nesta quarta-feira, 14\/1, com as obras de reforma do campo e da pra\u00e7a do bairro Petr\u00f3polis.","robots":{"index":"index","follow":"follow","max-snippet":"max-snippet:-1","max-image-preview":"max-image-preview:large","max-video-preview":"max-video-preview:-1"},"canonical":"https:\/\/www.manaus.am.gov.br\/seminf\/reforma-do-campo-e-da-praca-do-bairro-petropolis\/","og_locale":"pt_BR","og_type":"article","og_title":"Prefeitura transforma campo e pra\u00e7a do bairro Petr\u00f3polis","og_description":"A Prefeitura de Manaus avan\u00e7ou, nesta quarta-feira, 14\/1, com as obras de reforma do campo e da pra\u00e7a do bairro Petr\u00f3polis.","og_url":"https:\/\/www.manaus.am.gov.br\/seminf\/reforma-do-campo-e-da-praca-do-bairro-petropolis\/","og_site_name":"SEMINF","article_published_time":"2026-01-14T23:44:06+00:00","article_modified_time":"2026-01-15T18:48:54+00:00","og_image":[{"width":1024,"height":683,"url":"https:\/\/www.manaus.am.gov.br\/seminf\/wp-content\/uploads\/sites\/6\/2026\/01\/736A6880-1024x683.jpg","type":"image\/jpeg"}],"author":"bvalente","twitter_card":"summary_large_image","twitter_misc":{"Written by":"bvalente","Est. reading time":"3 minutos"},"schema":{"@context":"https:\/\/schema.org","@graph":[{"@type":"WebPage","@id":"https:\/\/www.manaus.am.gov.br\/seminf\/reforma-do-campo-e-da-praca-do-bairro-petropolis\/","url":"https:\/\/www.manaus.am.gov.br\/seminf\/reforma-do-campo-e-da-praca-do-bairro-petropolis\/","name":"Prefeitura transforma campo e pra\u00e7a do bairro Petr\u00f3polis","isPartOf":{"@id":"https:\/\/www.manaus.am.gov.br\/seminf\/#website"},"primaryImageOfPage":{"@id":"https:\/\/www.manaus.am.gov.br\/seminf\/reforma-do-campo-e-da-praca-do-bairro-petropolis\/#primaryimage"},"image":{"@id":"https:\/\/www.manaus.am.gov.br\/seminf\/reforma-do-campo-e-da-praca-do-bairro-petropolis\/#primaryimage"},"thumbnailUrl":"https:\/\/www.manaus.am.gov.br\/seminf\/wp-content\/uploads\/sites\/6\/2026\/01\/736A6880.jpg","datePublished":"2026-01-14T23:44:06+00:00","dateModified":"2026-01-15T18:48:54+00:00","author":{"@id":"https:\/\/www.manaus.am.gov.br\/seminf\/#\/schema\/person\/466a0e03ae4b6062809046bd560ac955"},"description":"A Prefeitura de Manaus avan\u00e7ou, nesta quarta-feira, 14\/1, com as obras de reforma do campo e da pra\u00e7a do bairro Petr\u00f3polis.","inLanguage":"pt-BR","potentialAction":[{"@type":"ReadAction","target":["https:\/\/www.manaus.am.gov.br\/seminf\/reforma-do-campo-e-da-praca-do-bairro-petropolis\/"]}]},{"@type":"ImageObject","inLanguage":"pt-BR","@id":"https:\/\/www.manaus.am.gov.br\/seminf\/reforma-do-campo-e-da-praca-do-bairro-petropolis\/#primaryimage","url":"https:\/\/www.manaus.am.gov.br\/seminf\/wp-content\/uploads\/sites\/6\/2026\/01\/736A6880.jpg","contentUrl":"https:\/\/www.manaus.am.gov.br\/seminf\/wp-content\/uploads\/sites\/6\/2026\/01\/736A6880.jpg","width":6720,"height":4480,"caption":"#paratodosverem - Imagem da reforma do campo e da pra\u00e7a do bairro Petr\u00f3polis"},{"@type":"WebSite","@id":"https:\/\/www.manaus.am.gov.br\/seminf\/#website","url":"https:\/\/www.manaus.am.gov.br\/seminf\/","name":"Secretaria de Infraestrutura","description":"Secretaria Municipal de Infraestrutura","potentialAction":[{"@type":"SearchAction","target":{"@type":"EntryPoint","urlTemplate":"https:\/\/www.manaus.am.gov.br\/seminf\/?s={search_term_string}"},"query-input":"required name=search_term_string"}],"inLanguage":"pt-BR"},{"@type":"Person","@id":"https:\/\/www.manaus.am.gov.br\/seminf\/#\/schema\/person\/466a0e03ae4b6062809046bd560ac955","name":"bvalente","image":{"@type":"ImageObject","inLanguage":"pt-BR","@id":"https:\/\/www.manaus.am.gov.br\/seminf\/#\/schema\/person\/image\/","url":"https:\/\/secure.gravatar.com\/avatar\/3e69bc2b014bdad41adfec3a39de07d2?s=96&d=mm&r=g","contentUrl":"https:\/\/secure.gravatar.com\/avatar\/3e69bc2b014bdad41adfec3a39de07d2?s=96&d=mm&r=g","caption":"bvalente"}}]}},"_links":{"self":[{"href":"https:\/\/www.manaus.am.gov.br\/seminf\/wp-json\/wp\/v2\/posts\/8123"}],"collection":[{"href":"https:\/\/www.manaus.am.gov.br\/seminf\/wp-json\/wp\/v2\/posts"}],"about":[{"href":"https:\/\/www.manaus.am.gov.br\/seminf\/wp-json\/wp\/v2\/types\/post"}],"author":[{"embeddable":true,"href":"https:\/\/www.manaus.am.gov.br\/seminf\/wp-json\/wp\/v2\/users\/68"}],"replies":[{"embeddable":true,"href":"https:\/\/www.manaus.am.gov.br\/seminf\/wp-json\/wp\/v2\/comments?post=8123"}],"version-history":[{"count":1,"href":"https:\/\/www.manaus.am.gov.br\/seminf\/wp-json\/wp\/v2\/posts\/8123\/revisions"}],"predecessor-version":[{"id":8148,"href":"https:\/\/www.manaus.am.gov.br\/seminf\/wp-json\/wp\/v2\/posts\/8123\/revisions\/8148"}],"wp:featuredmedia":[{"embeddable":true,"href":"https:\/\/www.manaus.am.gov.br\/seminf\/wp-json\/wp\/v2\/media\/8124"}],"wp:attachment":[{"href":"https:\/\/www.manaus.am.gov.br\/seminf\/wp-json\/wp\/v2\/media?parent=8123"}],"wp:term":[{"taxonomy":"category","embeddable":true,"href":"https:\/\/www.manaus.am.gov.br\/seminf\/wp-json\/wp\/v2\/categories?post=8123"},{"taxonomy":"post_tag","embeddable":true,"href":"https:\/\/www.manaus.am.gov.br\/seminf\/wp-json\/wp\/v2\/tags?post=8123"}],"curies":[{"name":"wp","href":"https:\/\/api.w.org\/{rel}","templated":true}]}}