{"id":8110,"date":"2026-01-13T21:04:08","date_gmt":"2026-01-14T01:04:08","guid":{"rendered":"https:\/\/www.manaus.am.gov.br\/seminf\/prefeitura-de-manaus-transforma-area-degradada-em-novo-espaco-de-esporte-e-lazer-no-conjunto-mundo-novo\/"},"modified":"2026-01-14T12:54:45","modified_gmt":"2026-01-14T16:54:45","slug":"prefeitura-de-manaus-conjunto-mundo-novo","status":"publish","type":"post","link":"https:\/\/www.manaus.am.gov.br\/seminf\/prefeitura-de-manaus-conjunto-mundo-novo\/","title":{"rendered":"Prefeitura de Manaus transforma \u00e1rea degradada em novo espa\u00e7o de esporte e lazer no conjunto Mundo Novo"},"content":{"rendered":"\n<p>A <a href=\"https:\/\/www.manaus.am.gov.br\">Prefeitura de Manaus<\/a>, por meio da Secretaria Municipal de Infraestrutura (Seminf), avan\u00e7a na revitaliza\u00e7\u00e3o da pra\u00e7a e da quadra poliesportiva do conjunto Mundo Novo, no bairro Cidade Nova, zona Norte da capital. Localizado na avenida Max Teixeira, o espa\u00e7o est\u00e1 sendo totalmente transformado para incentivar a pr\u00e1tica esportiva, promover o lazer e fortalecer a conviv\u00eancia comunit\u00e1ria.<\/p>\n\n\n\n<p>A \u00e1rea, que antes era tomada por mato e barro e representava risco para moradores, d\u00e1 lugar a uma estrutura moderna e segura, preparada para receber crian\u00e7as, jovens e adultos. A obra refor\u00e7a o compromisso da gest\u00e3o municipal com o esporte como ferramenta de inclus\u00e3o social, sa\u00fade e qualidade de vida.<\/p>\n\n\n\n<p>Segundo o vice-prefeito e secret\u00e1rio de Obras, Renato Junior, a interven\u00e7\u00e3o atende a uma determina\u00e7\u00e3o direta do prefeito David Almeida. \u201cA determina\u00e7\u00e3o do prefeito David Almeida \u00e9 investir em qualidade de vida para a popula\u00e7\u00e3o, revitalizando espa\u00e7os que promovam esporte, lazer e seguran\u00e7a. No conjunto Mundo Novo, estamos transformando uma \u00e1rea degradada em um ambiente estruturado, seguro e preparado para o uso da comunidade\u201d, destacou Renato Junior.<\/p>\n\n\n\n<p>Os servi\u00e7os seguem em ritmo acelerado. A regulariza\u00e7\u00e3o do piso em concreto j\u00e1 alcan\u00e7ou cerca de 50% de execu\u00e7\u00e3o e o alambrado da quadra poliesportiva foi totalmente instalado, garantindo mais seguran\u00e7a para a pr\u00e1tica esportiva. A pra\u00e7a tamb\u00e9m contar\u00e1 com \u00e1reas de conviv\u00eancia que estimulam o uso coletivo do espa\u00e7o.<\/p>\n\n\n\n<p>Morador da regi\u00e3o, o marceneiro Janderclei da Silva, de 43 anos, comemorou o avan\u00e7o da obra. \u201cEu estava passando, vi a movimenta\u00e7\u00e3o e fiquei muito feliz. Antes era s\u00f3 mato e agora est\u00e1 virando um espa\u00e7o muito bom para a comunidade. D\u00e1 gosto de ver esse cuidado com o bairro\u201d, afirmou o morador.<\/p>\n\n\n\n<p>A Prefeitura de Manaus segue investindo na recupera\u00e7\u00e3o e revitaliza\u00e7\u00e3o de pra\u00e7as e quadras esportivas em diversas zonas da cidade, ampliando o acesso ao esporte, ao lazer e a espa\u00e7os p\u00fablicos mais seguros e bem estruturados.<\/p>\n\n\n\n<p>\u2014&#8211; \u2014&#8211; \u2014-<br><strong>Texto &#8211;<\/strong> Eduarda Lira \/ Seminf<br><strong>Fotos &#8211; <\/strong>Rayana Coutinho \/ Seminf<\/p>\n","protected":false},"excerpt":{"rendered":"","protected":false},"author":68,"featured_media":8111,"comment_status":"closed","ping_status":"closed","sticky":false,"template":"","format":"standard","meta":{"footnotes":""},"categories":[3],"tags":[2970,43,26],"acf":[],"yoast_head":"<!-- This site is optimized with the Yoast SEO plugin v23.0 - https:\/\/yoast.com\/wordpress\/plugins\/seo\/ -->\n<title>Prefeitura de Manaus transforma \u00e1rea degradada em novo espa\u00e7o de esporte e lazer no conjunto Mundo Novo<\/title>\n<meta name=\"description\" content=\"A Prefeitura de Manaus, por meio da Secretaria Municipal de Infraestrutura (Seminf), avan\u00e7a na revitaliza\u00e7\u00e3o da pra\u00e7a e da quadra poliesportiva do conjunto Mundo Novo, no bairro Cidade Nova, zona Norte da capital. Localizado na avenida Max Teixeira, o espa\u00e7o est\u00e1 sendo totalmente transformado para incentivar a pr\u00e1tica esportiva, promover o lazer e fortalecer a conviv\u00eancia comunit\u00e1ria.\" \/>\n<meta name=\"robots\" content=\"index, follow, max-snippet:-1, max-image-preview:large, max-video-preview:-1\" \/>\n<link rel=\"canonical\" href=\"https:\/\/www.manaus.am.gov.br\/seminf\/prefeitura-de-manaus-transforma-area-degradada-em-novo-espaco-de-esporte-e-lazer-no-conjunto-mundo-novo\/\" \/>\n<meta property=\"og:locale\" content=\"pt_BR\" \/>\n<meta property=\"og:type\" content=\"article\" \/>\n<meta property=\"og:title\" content=\"Prefeitura de Manaus transforma \u00e1rea degradada em novo espa\u00e7o de esporte e lazer no conjunto Mundo Novo\" \/>\n<meta property=\"og:description\" content=\"A Prefeitura de Manaus, por meio da Secretaria Municipal de Infraestrutura (Seminf), avan\u00e7a na revitaliza\u00e7\u00e3o da pra\u00e7a e da quadra poliesportiva do conjunto Mundo Novo, no bairro Cidade Nova, zona Norte da capital. Localizado na avenida Max Teixeira, o espa\u00e7o est\u00e1 sendo totalmente transformado para incentivar a pr\u00e1tica esportiva, promover o lazer e fortalecer a conviv\u00eancia comunit\u00e1ria.\" \/>\n<meta property=\"og:url\" content=\"https:\/\/www.manaus.am.gov.br\/seminf\/prefeitura-de-manaus-transforma-area-degradada-em-novo-espaco-de-esporte-e-lazer-no-conjunto-mundo-novo\/\" \/>\n<meta property=\"og:site_name\" content=\"SEMINF\" \/>\n<meta property=\"article:published_time\" content=\"2026-01-14T01:04:08+00:00\" \/>\n<meta property=\"article:modified_time\" content=\"2026-01-14T16:54:45+00:00\" \/>\n<meta property=\"og:image\" content=\"https:\/\/www.manaus.am.gov.br\/seminf\/wp-content\/uploads\/sites\/6\/2026\/01\/dji_fly_20260113_154734_549_1768334526791_photo-1024x768.jpg\" \/>\n\t<meta property=\"og:image:width\" content=\"1024\" \/>\n\t<meta property=\"og:image:height\" content=\"768\" \/>\n\t<meta property=\"og:image:type\" content=\"image\/jpeg\" \/>\n<meta name=\"author\" content=\"bvalente\" \/>\n<meta name=\"twitter:card\" content=\"summary_large_image\" \/>\n<meta name=\"twitter:label1\" content=\"Written by\" \/>\n\t<meta name=\"twitter:data1\" content=\"bvalente\" \/>\n\t<meta name=\"twitter:label2\" content=\"Est. reading time\" \/>\n\t<meta name=\"twitter:data2\" content=\"2 minutos\" \/>\n<script type=\"application\/ld+json\" class=\"yoast-schema-graph\">{\"@context\":\"https:\/\/schema.org\",\"@graph\":[{\"@type\":\"WebPage\",\"@id\":\"https:\/\/www.manaus.am.gov.br\/seminf\/prefeitura-de-manaus-transforma-area-degradada-em-novo-espaco-de-esporte-e-lazer-no-conjunto-mundo-novo\/\",\"url\":\"https:\/\/www.manaus.am.gov.br\/seminf\/prefeitura-de-manaus-transforma-area-degradada-em-novo-espaco-de-esporte-e-lazer-no-conjunto-mundo-novo\/\",\"name\":\"Prefeitura de Manaus transforma \u00e1rea degradada em novo espa\u00e7o de esporte e lazer no conjunto Mundo Novo\",\"isPartOf\":{\"@id\":\"https:\/\/www.manaus.am.gov.br\/seminf\/#website\"},\"primaryImageOfPage\":{\"@id\":\"https:\/\/www.manaus.am.gov.br\/seminf\/prefeitura-de-manaus-transforma-area-degradada-em-novo-espaco-de-esporte-e-lazer-no-conjunto-mundo-novo\/#primaryimage\"},\"image\":{\"@id\":\"https:\/\/www.manaus.am.gov.br\/seminf\/prefeitura-de-manaus-transforma-area-degradada-em-novo-espaco-de-esporte-e-lazer-no-conjunto-mundo-novo\/#primaryimage\"},\"thumbnailUrl\":\"https:\/\/www.manaus.am.gov.br\/seminf\/wp-content\/uploads\/sites\/6\/2026\/01\/dji_fly_20260113_154734_549_1768334526791_photo.jpg\",\"datePublished\":\"2026-01-14T01:04:08+00:00\",\"dateModified\":\"2026-01-14T16:54:45+00:00\",\"author\":{\"@id\":\"https:\/\/www.manaus.am.gov.br\/seminf\/#\/schema\/person\/466a0e03ae4b6062809046bd560ac955\"},\"description\":\"A Prefeitura de Manaus, por meio da Secretaria Municipal de Infraestrutura (Seminf), avan\u00e7a na revitaliza\u00e7\u00e3o da pra\u00e7a e da quadra poliesportiva do conjunto Mundo Novo, no bairro Cidade Nova, zona Norte da capital. Localizado na avenida Max Teixeira, o espa\u00e7o est\u00e1 sendo totalmente transformado para incentivar a pr\u00e1tica esportiva, promover o lazer e fortalecer a conviv\u00eancia comunit\u00e1ria.\",\"inLanguage\":\"pt-BR\",\"potentialAction\":[{\"@type\":\"ReadAction\",\"target\":[\"https:\/\/www.manaus.am.gov.br\/seminf\/prefeitura-de-manaus-transforma-area-degradada-em-novo-espaco-de-esporte-e-lazer-no-conjunto-mundo-novo\/\"]}]},{\"@type\":\"ImageObject\",\"inLanguage\":\"pt-BR\",\"@id\":\"https:\/\/www.manaus.am.gov.br\/seminf\/prefeitura-de-manaus-transforma-area-degradada-em-novo-espaco-de-esporte-e-lazer-no-conjunto-mundo-novo\/#primaryimage\",\"url\":\"https:\/\/www.manaus.am.gov.br\/seminf\/wp-content\/uploads\/sites\/6\/2026\/01\/dji_fly_20260113_154734_549_1768334526791_photo.jpg\",\"contentUrl\":\"https:\/\/www.manaus.am.gov.br\/seminf\/wp-content\/uploads\/sites\/6\/2026\/01\/dji_fly_20260113_154734_549_1768334526791_photo.jpg\",\"width\":4032,\"height\":3024,\"caption\":\"#paratodosverem - Imagem da pra\u00e7a e da quadra poliesportiva do conjunto Mundo Novo\"},{\"@type\":\"WebSite\",\"@id\":\"https:\/\/www.manaus.am.gov.br\/seminf\/#website\",\"url\":\"https:\/\/www.manaus.am.gov.br\/seminf\/\",\"name\":\"Secretaria de Infraestrutura\",\"description\":\"Secretaria Municipal de Infraestrutura\",\"potentialAction\":[{\"@type\":\"SearchAction\",\"target\":{\"@type\":\"EntryPoint\",\"urlTemplate\":\"https:\/\/www.manaus.am.gov.br\/seminf\/?s={search_term_string}\"},\"query-input\":\"required name=search_term_string\"}],\"inLanguage\":\"pt-BR\"},{\"@type\":\"Person\",\"@id\":\"https:\/\/www.manaus.am.gov.br\/seminf\/#\/schema\/person\/466a0e03ae4b6062809046bd560ac955\",\"name\":\"bvalente\",\"image\":{\"@type\":\"ImageObject\",\"inLanguage\":\"pt-BR\",\"@id\":\"https:\/\/www.manaus.am.gov.br\/seminf\/#\/schema\/person\/image\/\",\"url\":\"https:\/\/secure.gravatar.com\/avatar\/3e69bc2b014bdad41adfec3a39de07d2?s=96&d=mm&r=g\",\"contentUrl\":\"https:\/\/secure.gravatar.com\/avatar\/3e69bc2b014bdad41adfec3a39de07d2?s=96&d=mm&r=g\",\"caption\":\"bvalente\"}}]}<\/script>\n<!-- \/ Yoast SEO plugin. -->","yoast_head_json":{"title":"Prefeitura de Manaus transforma \u00e1rea degradada em novo espa\u00e7o de esporte e lazer no conjunto Mundo Novo","description":"A Prefeitura de Manaus, por meio da Secretaria Municipal de Infraestrutura (Seminf), avan\u00e7a na revitaliza\u00e7\u00e3o da pra\u00e7a e da quadra poliesportiva do conjunto Mundo Novo, no bairro Cidade Nova, zona Norte da capital. Localizado na avenida Max Teixeira, o espa\u00e7o est\u00e1 sendo totalmente transformado para incentivar a pr\u00e1tica esportiva, promover o lazer e fortalecer a conviv\u00eancia comunit\u00e1ria.","robots":{"index":"index","follow":"follow","max-snippet":"max-snippet:-1","max-image-preview":"max-image-preview:large","max-video-preview":"max-video-preview:-1"},"canonical":"https:\/\/www.manaus.am.gov.br\/seminf\/prefeitura-de-manaus-transforma-area-degradada-em-novo-espaco-de-esporte-e-lazer-no-conjunto-mundo-novo\/","og_locale":"pt_BR","og_type":"article","og_title":"Prefeitura de Manaus transforma \u00e1rea degradada em novo espa\u00e7o de esporte e lazer no conjunto Mundo Novo","og_description":"A Prefeitura de Manaus, por meio da Secretaria Municipal de Infraestrutura (Seminf), avan\u00e7a na revitaliza\u00e7\u00e3o da pra\u00e7a e da quadra poliesportiva do conjunto Mundo Novo, no bairro Cidade Nova, zona Norte da capital. Localizado na avenida Max Teixeira, o espa\u00e7o est\u00e1 sendo totalmente transformado para incentivar a pr\u00e1tica esportiva, promover o lazer e fortalecer a conviv\u00eancia comunit\u00e1ria.","og_url":"https:\/\/www.manaus.am.gov.br\/seminf\/prefeitura-de-manaus-transforma-area-degradada-em-novo-espaco-de-esporte-e-lazer-no-conjunto-mundo-novo\/","og_site_name":"SEMINF","article_published_time":"2026-01-14T01:04:08+00:00","article_modified_time":"2026-01-14T16:54:45+00:00","og_image":[{"width":1024,"height":768,"url":"https:\/\/www.manaus.am.gov.br\/seminf\/wp-content\/uploads\/sites\/6\/2026\/01\/dji_fly_20260113_154734_549_1768334526791_photo-1024x768.jpg","type":"image\/jpeg"}],"author":"bvalente","twitter_card":"summary_large_image","twitter_misc":{"Written by":"bvalente","Est. reading time":"2 minutos"},"schema":{"@context":"https:\/\/schema.org","@graph":[{"@type":"WebPage","@id":"https:\/\/www.manaus.am.gov.br\/seminf\/prefeitura-de-manaus-transforma-area-degradada-em-novo-espaco-de-esporte-e-lazer-no-conjunto-mundo-novo\/","url":"https:\/\/www.manaus.am.gov.br\/seminf\/prefeitura-de-manaus-transforma-area-degradada-em-novo-espaco-de-esporte-e-lazer-no-conjunto-mundo-novo\/","name":"Prefeitura de Manaus transforma \u00e1rea degradada em novo espa\u00e7o de esporte e lazer no conjunto Mundo Novo","isPartOf":{"@id":"https:\/\/www.manaus.am.gov.br\/seminf\/#website"},"primaryImageOfPage":{"@id":"https:\/\/www.manaus.am.gov.br\/seminf\/prefeitura-de-manaus-transforma-area-degradada-em-novo-espaco-de-esporte-e-lazer-no-conjunto-mundo-novo\/#primaryimage"},"image":{"@id":"https:\/\/www.manaus.am.gov.br\/seminf\/prefeitura-de-manaus-transforma-area-degradada-em-novo-espaco-de-esporte-e-lazer-no-conjunto-mundo-novo\/#primaryimage"},"thumbnailUrl":"https:\/\/www.manaus.am.gov.br\/seminf\/wp-content\/uploads\/sites\/6\/2026\/01\/dji_fly_20260113_154734_549_1768334526791_photo.jpg","datePublished":"2026-01-14T01:04:08+00:00","dateModified":"2026-01-14T16:54:45+00:00","author":{"@id":"https:\/\/www.manaus.am.gov.br\/seminf\/#\/schema\/person\/466a0e03ae4b6062809046bd560ac955"},"description":"A Prefeitura de Manaus, por meio da Secretaria Municipal de Infraestrutura (Seminf), avan\u00e7a na revitaliza\u00e7\u00e3o da pra\u00e7a e da quadra poliesportiva do conjunto Mundo Novo, no bairro Cidade Nova, zona Norte da capital. Localizado na avenida Max Teixeira, o espa\u00e7o est\u00e1 sendo totalmente transformado para incentivar a pr\u00e1tica esportiva, promover o lazer e fortalecer a conviv\u00eancia comunit\u00e1ria.","inLanguage":"pt-BR","potentialAction":[{"@type":"ReadAction","target":["https:\/\/www.manaus.am.gov.br\/seminf\/prefeitura-de-manaus-transforma-area-degradada-em-novo-espaco-de-esporte-e-lazer-no-conjunto-mundo-novo\/"]}]},{"@type":"ImageObject","inLanguage":"pt-BR","@id":"https:\/\/www.manaus.am.gov.br\/seminf\/prefeitura-de-manaus-transforma-area-degradada-em-novo-espaco-de-esporte-e-lazer-no-conjunto-mundo-novo\/#primaryimage","url":"https:\/\/www.manaus.am.gov.br\/seminf\/wp-content\/uploads\/sites\/6\/2026\/01\/dji_fly_20260113_154734_549_1768334526791_photo.jpg","contentUrl":"https:\/\/www.manaus.am.gov.br\/seminf\/wp-content\/uploads\/sites\/6\/2026\/01\/dji_fly_20260113_154734_549_1768334526791_photo.jpg","width":4032,"height":3024,"caption":"#paratodosverem - Imagem da pra\u00e7a e da quadra poliesportiva do conjunto Mundo Novo"},{"@type":"WebSite","@id":"https:\/\/www.manaus.am.gov.br\/seminf\/#website","url":"https:\/\/www.manaus.am.gov.br\/seminf\/","name":"Secretaria de Infraestrutura","description":"Secretaria Municipal de Infraestrutura","potentialAction":[{"@type":"SearchAction","target":{"@type":"EntryPoint","urlTemplate":"https:\/\/www.manaus.am.gov.br\/seminf\/?s={search_term_string}"},"query-input":"required name=search_term_string"}],"inLanguage":"pt-BR"},{"@type":"Person","@id":"https:\/\/www.manaus.am.gov.br\/seminf\/#\/schema\/person\/466a0e03ae4b6062809046bd560ac955","name":"bvalente","image":{"@type":"ImageObject","inLanguage":"pt-BR","@id":"https:\/\/www.manaus.am.gov.br\/seminf\/#\/schema\/person\/image\/","url":"https:\/\/secure.gravatar.com\/avatar\/3e69bc2b014bdad41adfec3a39de07d2?s=96&d=mm&r=g","contentUrl":"https:\/\/secure.gravatar.com\/avatar\/3e69bc2b014bdad41adfec3a39de07d2?s=96&d=mm&r=g","caption":"bvalente"}}]}},"_links":{"self":[{"href":"https:\/\/www.manaus.am.gov.br\/seminf\/wp-json\/wp\/v2\/posts\/8110"}],"collection":[{"href":"https:\/\/www.manaus.am.gov.br\/seminf\/wp-json\/wp\/v2\/posts"}],"about":[{"href":"https:\/\/www.manaus.am.gov.br\/seminf\/wp-json\/wp\/v2\/types\/post"}],"author":[{"embeddable":true,"href":"https:\/\/www.manaus.am.gov.br\/seminf\/wp-json\/wp\/v2\/users\/68"}],"replies":[{"embeddable":true,"href":"https:\/\/www.manaus.am.gov.br\/seminf\/wp-json\/wp\/v2\/comments?post=8110"}],"version-history":[{"count":2,"href":"https:\/\/www.manaus.am.gov.br\/seminf\/wp-json\/wp\/v2\/posts\/8110\/revisions"}],"predecessor-version":[{"id":8118,"href":"https:\/\/www.manaus.am.gov.br\/seminf\/wp-json\/wp\/v2\/posts\/8110\/revisions\/8118"}],"wp:featuredmedia":[{"embeddable":true,"href":"https:\/\/www.manaus.am.gov.br\/seminf\/wp-json\/wp\/v2\/media\/8111"}],"wp:attachment":[{"href":"https:\/\/www.manaus.am.gov.br\/seminf\/wp-json\/wp\/v2\/media?parent=8110"}],"wp:term":[{"taxonomy":"category","embeddable":true,"href":"https:\/\/www.manaus.am.gov.br\/seminf\/wp-json\/wp\/v2\/categories?post=8110"},{"taxonomy":"post_tag","embeddable":true,"href":"https:\/\/www.manaus.am.gov.br\/seminf\/wp-json\/wp\/v2\/tags?post=8110"}],"curies":[{"name":"wp","href":"https:\/\/api.w.org\/{rel}","templated":true}]}}