{"id":8106,"date":"2026-01-13T18:55:41","date_gmt":"2026-01-13T22:55:41","guid":{"rendered":"https:\/\/www.manaus.am.gov.br\/seminf\/obra-emergencial-rede-de-drenagem\/"},"modified":"2026-01-13T18:55:43","modified_gmt":"2026-01-13T22:55:43","slug":"obra-emergencial-rede-de-drenagem","status":"publish","type":"post","link":"https:\/\/www.manaus.am.gov.br\/seminf\/obra-emergencial-rede-de-drenagem\/","title":{"rendered":"Prefeitura de Manaus atua de forma emergencial na reestrutura\u00e7\u00e3o de rede de drenagem profunda em rua do bairro Parque 10 de Novembro\u00a0\u00a0"},"content":{"rendered":"\n<p>A Prefeitura de Manaus, por meio da Secretaria Municipal de Infraestrutura (Seminf), trabalhou, nesta ter\u00e7a-feira, 13\/1, de forma emergencial, na rede de drenagem profunda da rua Marqu\u00eas de Paranagu\u00e1, no bairro Parque 10 de Novembro, zona Centro-Sul da cidade. As fortes chuvas comprometeram o sistema antigo, que n\u00e3o possu\u00eda ferro na sua estrutura, formando uma cratera de 2,5 metros de profundidade.&nbsp;<\/p>\n\n\n\n<p>\u201cA gest\u00e3o do prefeito David Almeida age de forma eficiente, justamente para garantir uma solu\u00e7\u00e3o segura e duradoura. As equipes da Secretaria de Obras est\u00e3o implantando novos tubos, muito mais resistentes, que v\u00e3o refor\u00e7ar a estrutura da via e melhorar o escoamento da \u00e1gua da chuva, modernizando a rede de drenagem, devolvendo para os moradores a seguran\u00e7a e o bem-estar conforme determina o nosso l\u00edder\u201d, afirma o vice-prefeito e secret\u00e1rio de Obras, Renato Junior.&nbsp;<\/p>\n\n\n\n<p>Ser\u00e3o implantados novos tubos em concreto armado, com estrutura refor\u00e7ada em ferro, garantindo mais resist\u00eancia, durabilidade e prevenindo novos danos, alagamentos e transtornos aos moradores.<\/p>\n\n\n\n<p>A aposentada Elaine Damaceno, 57 anos, acompanha a obra e fica bastante satisfeita com a movimenta\u00e7\u00e3o na sua rua.&nbsp;<\/p>\n\n\n\n<p>\u201cEst\u00e1 sendo bem satisfat\u00f3rio ver as equipes da prefeitura darem a solu\u00e7\u00e3o para esse problema que est\u00e1vamos tendo, realizando um \u00f3timo servi\u00e7o, os trabalhadores est\u00e3o executando a obra alegres e satisfeitos. Agora os moradores poder\u00e3o passar por essa rua novamente, que tem equipes atuantes\u201d, relata a moradora.&nbsp;<\/p>\n\n\n\n<p>A Prefeitura de Manaus j\u00e1 implantou e recuperou cerca de 58 mil metros de drenagem profunda e superficial em toda a cidade em 2025, um trabalho cont\u00ednuo para fortalecer a infraestrutura de Manaus e garantir mais seguran\u00e7a e qualidade de vida para a popula\u00e7\u00e3o.<\/p>\n\n\n\n<p>\u2014&#8211; \u2014&#8211; \u2014-\u00a0<br><strong>Texto &#8211; <\/strong>Rayana Coutinho\/ Seminf\u00a0<br><strong>Fotos &#8211;<\/strong> M\u00e1rcio Melo\/ Seminf<\/p>\n","protected":false},"excerpt":{"rendered":"","protected":false},"author":68,"featured_media":8107,"comment_status":"closed","ping_status":"closed","sticky":false,"template":"","format":"standard","meta":{"footnotes":""},"categories":[8],"tags":[2878,2968,43,26],"acf":[],"yoast_head":"<!-- This site is optimized with the Yoast SEO plugin v23.0 - https:\/\/yoast.com\/wordpress\/plugins\/seo\/ -->\n<title>Prefeitura atua de forma emergencial em rede de drenagem<\/title>\n<meta name=\"description\" content=\"A Prefeitura de Manaus trabalhou, nesta ter\u00e7a-feira, 13\/1, de forma emergencial, na rede de drenagem profunda da rua Marqu\u00eas de Paranagu\u00e1.\" \/>\n<meta name=\"robots\" content=\"index, follow, max-snippet:-1, max-image-preview:large, max-video-preview:-1\" \/>\n<link rel=\"canonical\" href=\"https:\/\/www.manaus.am.gov.br\/seminf\/obra-emergencial-rede-de-drenagem\/\" \/>\n<meta property=\"og:locale\" content=\"pt_BR\" \/>\n<meta property=\"og:type\" content=\"article\" \/>\n<meta property=\"og:title\" content=\"Prefeitura atua de forma emergencial em rede de drenagem\" \/>\n<meta property=\"og:description\" content=\"A Prefeitura de Manaus trabalhou, nesta ter\u00e7a-feira, 13\/1, de forma emergencial, na rede de drenagem profunda da rua Marqu\u00eas de Paranagu\u00e1.\" \/>\n<meta property=\"og:url\" content=\"https:\/\/www.manaus.am.gov.br\/seminf\/obra-emergencial-rede-de-drenagem\/\" \/>\n<meta property=\"og:site_name\" content=\"SEMINF\" \/>\n<meta property=\"article:published_time\" content=\"2026-01-13T22:55:41+00:00\" \/>\n<meta property=\"article:modified_time\" content=\"2026-01-13T22:55:43+00:00\" \/>\n<meta property=\"og:image\" content=\"https:\/\/www.manaus.am.gov.br\/seminf\/wp-content\/uploads\/sites\/6\/2026\/01\/736A6711-1024x683.jpg\" \/>\n\t<meta property=\"og:image:width\" content=\"1024\" \/>\n\t<meta property=\"og:image:height\" content=\"683\" \/>\n\t<meta property=\"og:image:type\" content=\"image\/jpeg\" \/>\n<meta name=\"author\" content=\"bvalente\" \/>\n<meta name=\"twitter:card\" content=\"summary_large_image\" \/>\n<meta name=\"twitter:label1\" content=\"Written by\" \/>\n\t<meta name=\"twitter:data1\" content=\"bvalente\" \/>\n\t<meta name=\"twitter:label2\" content=\"Est. reading time\" \/>\n\t<meta name=\"twitter:data2\" content=\"2 minutos\" \/>\n<script type=\"application\/ld+json\" class=\"yoast-schema-graph\">{\"@context\":\"https:\/\/schema.org\",\"@graph\":[{\"@type\":\"WebPage\",\"@id\":\"https:\/\/www.manaus.am.gov.br\/seminf\/obra-emergencial-rede-de-drenagem\/\",\"url\":\"https:\/\/www.manaus.am.gov.br\/seminf\/obra-emergencial-rede-de-drenagem\/\",\"name\":\"Prefeitura atua de forma emergencial em rede de drenagem\",\"isPartOf\":{\"@id\":\"https:\/\/www.manaus.am.gov.br\/seminf\/#website\"},\"primaryImageOfPage\":{\"@id\":\"https:\/\/www.manaus.am.gov.br\/seminf\/obra-emergencial-rede-de-drenagem\/#primaryimage\"},\"image\":{\"@id\":\"https:\/\/www.manaus.am.gov.br\/seminf\/obra-emergencial-rede-de-drenagem\/#primaryimage\"},\"thumbnailUrl\":\"https:\/\/www.manaus.am.gov.br\/seminf\/wp-content\/uploads\/sites\/6\/2026\/01\/736A6711.jpg\",\"datePublished\":\"2026-01-13T22:55:41+00:00\",\"dateModified\":\"2026-01-13T22:55:43+00:00\",\"author\":{\"@id\":\"https:\/\/www.manaus.am.gov.br\/seminf\/#\/schema\/person\/466a0e03ae4b6062809046bd560ac955\"},\"description\":\"A Prefeitura de Manaus trabalhou, nesta ter\u00e7a-feira, 13\/1, de forma emergencial, na rede de drenagem profunda da rua Marqu\u00eas de Paranagu\u00e1.\",\"inLanguage\":\"pt-BR\",\"potentialAction\":[{\"@type\":\"ReadAction\",\"target\":[\"https:\/\/www.manaus.am.gov.br\/seminf\/obra-emergencial-rede-de-drenagem\/\"]}]},{\"@type\":\"ImageObject\",\"inLanguage\":\"pt-BR\",\"@id\":\"https:\/\/www.manaus.am.gov.br\/seminf\/obra-emergencial-rede-de-drenagem\/#primaryimage\",\"url\":\"https:\/\/www.manaus.am.gov.br\/seminf\/wp-content\/uploads\/sites\/6\/2026\/01\/736A6711.jpg\",\"contentUrl\":\"https:\/\/www.manaus.am.gov.br\/seminf\/wp-content\/uploads\/sites\/6\/2026\/01\/736A6711.jpg\",\"width\":6720,\"height\":4480,\"caption\":\"#paratodosverem - Servidores da Seminf realizando a recupera\u00e7\u00e3o da rede de drenagem\"},{\"@type\":\"WebSite\",\"@id\":\"https:\/\/www.manaus.am.gov.br\/seminf\/#website\",\"url\":\"https:\/\/www.manaus.am.gov.br\/seminf\/\",\"name\":\"Secretaria de Infraestrutura\",\"description\":\"Secretaria Municipal de Infraestrutura\",\"potentialAction\":[{\"@type\":\"SearchAction\",\"target\":{\"@type\":\"EntryPoint\",\"urlTemplate\":\"https:\/\/www.manaus.am.gov.br\/seminf\/?s={search_term_string}\"},\"query-input\":\"required name=search_term_string\"}],\"inLanguage\":\"pt-BR\"},{\"@type\":\"Person\",\"@id\":\"https:\/\/www.manaus.am.gov.br\/seminf\/#\/schema\/person\/466a0e03ae4b6062809046bd560ac955\",\"name\":\"bvalente\",\"image\":{\"@type\":\"ImageObject\",\"inLanguage\":\"pt-BR\",\"@id\":\"https:\/\/www.manaus.am.gov.br\/seminf\/#\/schema\/person\/image\/\",\"url\":\"https:\/\/secure.gravatar.com\/avatar\/3e69bc2b014bdad41adfec3a39de07d2?s=96&d=mm&r=g\",\"contentUrl\":\"https:\/\/secure.gravatar.com\/avatar\/3e69bc2b014bdad41adfec3a39de07d2?s=96&d=mm&r=g\",\"caption\":\"bvalente\"}}]}<\/script>\n<!-- \/ Yoast SEO plugin. -->","yoast_head_json":{"title":"Prefeitura atua de forma emergencial em rede de drenagem","description":"A Prefeitura de Manaus trabalhou, nesta ter\u00e7a-feira, 13\/1, de forma emergencial, na rede de drenagem profunda da rua Marqu\u00eas de Paranagu\u00e1.","robots":{"index":"index","follow":"follow","max-snippet":"max-snippet:-1","max-image-preview":"max-image-preview:large","max-video-preview":"max-video-preview:-1"},"canonical":"https:\/\/www.manaus.am.gov.br\/seminf\/obra-emergencial-rede-de-drenagem\/","og_locale":"pt_BR","og_type":"article","og_title":"Prefeitura atua de forma emergencial em rede de drenagem","og_description":"A Prefeitura de Manaus trabalhou, nesta ter\u00e7a-feira, 13\/1, de forma emergencial, na rede de drenagem profunda da rua Marqu\u00eas de Paranagu\u00e1.","og_url":"https:\/\/www.manaus.am.gov.br\/seminf\/obra-emergencial-rede-de-drenagem\/","og_site_name":"SEMINF","article_published_time":"2026-01-13T22:55:41+00:00","article_modified_time":"2026-01-13T22:55:43+00:00","og_image":[{"width":1024,"height":683,"url":"https:\/\/www.manaus.am.gov.br\/seminf\/wp-content\/uploads\/sites\/6\/2026\/01\/736A6711-1024x683.jpg","type":"image\/jpeg"}],"author":"bvalente","twitter_card":"summary_large_image","twitter_misc":{"Written by":"bvalente","Est. reading time":"2 minutos"},"schema":{"@context":"https:\/\/schema.org","@graph":[{"@type":"WebPage","@id":"https:\/\/www.manaus.am.gov.br\/seminf\/obra-emergencial-rede-de-drenagem\/","url":"https:\/\/www.manaus.am.gov.br\/seminf\/obra-emergencial-rede-de-drenagem\/","name":"Prefeitura atua de forma emergencial em rede de drenagem","isPartOf":{"@id":"https:\/\/www.manaus.am.gov.br\/seminf\/#website"},"primaryImageOfPage":{"@id":"https:\/\/www.manaus.am.gov.br\/seminf\/obra-emergencial-rede-de-drenagem\/#primaryimage"},"image":{"@id":"https:\/\/www.manaus.am.gov.br\/seminf\/obra-emergencial-rede-de-drenagem\/#primaryimage"},"thumbnailUrl":"https:\/\/www.manaus.am.gov.br\/seminf\/wp-content\/uploads\/sites\/6\/2026\/01\/736A6711.jpg","datePublished":"2026-01-13T22:55:41+00:00","dateModified":"2026-01-13T22:55:43+00:00","author":{"@id":"https:\/\/www.manaus.am.gov.br\/seminf\/#\/schema\/person\/466a0e03ae4b6062809046bd560ac955"},"description":"A Prefeitura de Manaus trabalhou, nesta ter\u00e7a-feira, 13\/1, de forma emergencial, na rede de drenagem profunda da rua Marqu\u00eas de Paranagu\u00e1.","inLanguage":"pt-BR","potentialAction":[{"@type":"ReadAction","target":["https:\/\/www.manaus.am.gov.br\/seminf\/obra-emergencial-rede-de-drenagem\/"]}]},{"@type":"ImageObject","inLanguage":"pt-BR","@id":"https:\/\/www.manaus.am.gov.br\/seminf\/obra-emergencial-rede-de-drenagem\/#primaryimage","url":"https:\/\/www.manaus.am.gov.br\/seminf\/wp-content\/uploads\/sites\/6\/2026\/01\/736A6711.jpg","contentUrl":"https:\/\/www.manaus.am.gov.br\/seminf\/wp-content\/uploads\/sites\/6\/2026\/01\/736A6711.jpg","width":6720,"height":4480,"caption":"#paratodosverem - Servidores da Seminf realizando a recupera\u00e7\u00e3o da rede de drenagem"},{"@type":"WebSite","@id":"https:\/\/www.manaus.am.gov.br\/seminf\/#website","url":"https:\/\/www.manaus.am.gov.br\/seminf\/","name":"Secretaria de Infraestrutura","description":"Secretaria Municipal de Infraestrutura","potentialAction":[{"@type":"SearchAction","target":{"@type":"EntryPoint","urlTemplate":"https:\/\/www.manaus.am.gov.br\/seminf\/?s={search_term_string}"},"query-input":"required name=search_term_string"}],"inLanguage":"pt-BR"},{"@type":"Person","@id":"https:\/\/www.manaus.am.gov.br\/seminf\/#\/schema\/person\/466a0e03ae4b6062809046bd560ac955","name":"bvalente","image":{"@type":"ImageObject","inLanguage":"pt-BR","@id":"https:\/\/www.manaus.am.gov.br\/seminf\/#\/schema\/person\/image\/","url":"https:\/\/secure.gravatar.com\/avatar\/3e69bc2b014bdad41adfec3a39de07d2?s=96&d=mm&r=g","contentUrl":"https:\/\/secure.gravatar.com\/avatar\/3e69bc2b014bdad41adfec3a39de07d2?s=96&d=mm&r=g","caption":"bvalente"}}]}},"_links":{"self":[{"href":"https:\/\/www.manaus.am.gov.br\/seminf\/wp-json\/wp\/v2\/posts\/8106"}],"collection":[{"href":"https:\/\/www.manaus.am.gov.br\/seminf\/wp-json\/wp\/v2\/posts"}],"about":[{"href":"https:\/\/www.manaus.am.gov.br\/seminf\/wp-json\/wp\/v2\/types\/post"}],"author":[{"embeddable":true,"href":"https:\/\/www.manaus.am.gov.br\/seminf\/wp-json\/wp\/v2\/users\/68"}],"replies":[{"embeddable":true,"href":"https:\/\/www.manaus.am.gov.br\/seminf\/wp-json\/wp\/v2\/comments?post=8106"}],"version-history":[{"count":0,"href":"https:\/\/www.manaus.am.gov.br\/seminf\/wp-json\/wp\/v2\/posts\/8106\/revisions"}],"wp:featuredmedia":[{"embeddable":true,"href":"https:\/\/www.manaus.am.gov.br\/seminf\/wp-json\/wp\/v2\/media\/8107"}],"wp:attachment":[{"href":"https:\/\/www.manaus.am.gov.br\/seminf\/wp-json\/wp\/v2\/media?parent=8106"}],"wp:term":[{"taxonomy":"category","embeddable":true,"href":"https:\/\/www.manaus.am.gov.br\/seminf\/wp-json\/wp\/v2\/categories?post=8106"},{"taxonomy":"post_tag","embeddable":true,"href":"https:\/\/www.manaus.am.gov.br\/seminf\/wp-json\/wp\/v2\/tags?post=8106"}],"curies":[{"name":"wp","href":"https:\/\/api.w.org\/{rel}","templated":true}]}}