{"id":8104,"date":"2026-01-12T19:46:29","date_gmt":"2026-01-12T23:46:29","guid":{"rendered":"https:\/\/www.manaus.am.gov.br\/seminf\/servicos-manutencao-asfaltica\/"},"modified":"2026-01-12T19:46:31","modified_gmt":"2026-01-12T23:46:31","slug":"servicos-manutencao-asfaltica","status":"publish","type":"post","link":"https:\/\/www.manaus.am.gov.br\/seminf\/servicos-manutencao-asfaltica\/","title":{"rendered":"Prefeitura de Manaus executa manuten\u00e7\u00e3o asf\u00e1ltica em via do bairro Mauazinho"},"content":{"rendered":"\n<p>A Prefeitura de Manaus, por meio da Secretaria Municipal de Infraestrutura (Seminf), atuou, nesta segunda-feira, 12\/1, na rua Letra Chinesa, no bairro Mauazinho, zona Leste, executando o servi\u00e7o de manuten\u00e7\u00e3o asf\u00e1ltica em aproximadamente 200 metros de extens\u00e3o da via. Os servi\u00e7os garantem a melhoria na mobilidade da \u00e1rea, que recebe um grande n\u00famero de ve\u00edculos pesados.&nbsp;<\/p>\n\n\n\n<p>\u201cNossas equipes atuam ao mesmo tempo em v\u00e1rios pontos da cidade, com frentes de obra dedicadas ao reparo vi\u00e1rio, aplica\u00e7\u00e3o de asfalto e recupera\u00e7\u00e3o das ruas da zona Leste. A orienta\u00e7\u00e3o do prefeito David Almeida \u00e9 realizar os servi\u00e7os com responsabilidade, priorizando a seguran\u00e7a e o bem-estar de toda a popula\u00e7\u00e3o manauara\u201d, afirmou o vice-prefeito e secret\u00e1rio de Obras, Renato Junior.<\/p>\n\n\n\n<p>Durante a execu\u00e7\u00e3o do servi\u00e7o \u00e9 realizado a prepara\u00e7\u00e3o da base com a varredura de sedimentos e poeiras na via, a atividade auxilia na fixa\u00e7\u00e3o da imprima\u00e7\u00e3o, camada impermeabilizante que garante maior ader\u00eancia da massa asf\u00e1ltica, protege a base e contribui para a durabilidade do pavimento.&nbsp;<\/p>\n\n\n\n<p>\u201cEsses servi\u00e7os s\u00e3o muito importantes, porque aqui costuma passar muitos carros pesados, ent\u00e3o \u00e9 muito necess\u00e1rio esse trabalho. Agradecemos muito a prefeitura por melhorar a trafegabilidade aqui da nossa \u00e1rea\u201d, agradece o empres\u00e1rio de 42 anos, Elias da Silva.&nbsp;<\/p>\n\n\n\n<p>O cronograma de obras da Seminf segue sendo realizado com compromisso e responsabilidade para atender as demandas da popula\u00e7\u00e3o, garantindo a seguran\u00e7a de motoristas e pedestres que circulam na regi\u00e3o.<\/p>\n\n\n\n<p>\u2014&#8211; \u2014&#8211; \u2014&#8211;<br><strong>Texto &#8211; <\/strong>Eduarda Lira\/Seminf<\/p>\n\n\n\n<p><strong>Fotos &#8211; <\/strong>Maria Amed\/Seminf<\/p>\n","protected":false},"excerpt":{"rendered":"","protected":false},"author":68,"featured_media":8105,"comment_status":"closed","ping_status":"closed","sticky":false,"template":"","format":"standard","meta":{"footnotes":""},"categories":[6],"tags":[2966,43,26,2967],"acf":[],"yoast_head":"<!-- This site is optimized with the Yoast SEO plugin v23.0 - https:\/\/yoast.com\/wordpress\/plugins\/seo\/ -->\n<title>Prefeitura executa manuten\u00e7\u00e3o asf\u00e1ltica em via no Mauazinho<\/title>\n<meta name=\"description\" content=\"A Prefeitura de Manaus, por meio Seminf, atuou, nesta segunda-feira, 12\/1, na rua Letra Chinesa, no bairro Mauazinho, zona Leste.\" \/>\n<meta name=\"robots\" content=\"index, follow, max-snippet:-1, max-image-preview:large, max-video-preview:-1\" \/>\n<link rel=\"canonical\" href=\"https:\/\/www.manaus.am.gov.br\/seminf\/servicos-manutencao-asfaltica\/\" \/>\n<meta property=\"og:locale\" content=\"pt_BR\" \/>\n<meta property=\"og:type\" content=\"article\" \/>\n<meta property=\"og:title\" content=\"Prefeitura executa manuten\u00e7\u00e3o asf\u00e1ltica em via no Mauazinho\" \/>\n<meta property=\"og:description\" content=\"A Prefeitura de Manaus, por meio Seminf, atuou, nesta segunda-feira, 12\/1, na rua Letra Chinesa, no bairro Mauazinho, zona Leste.\" \/>\n<meta property=\"og:url\" content=\"https:\/\/www.manaus.am.gov.br\/seminf\/servicos-manutencao-asfaltica\/\" \/>\n<meta property=\"og:site_name\" content=\"SEMINF\" \/>\n<meta property=\"article:published_time\" content=\"2026-01-12T23:46:29+00:00\" \/>\n<meta property=\"article:modified_time\" content=\"2026-01-12T23:46:31+00:00\" \/>\n<meta property=\"og:image\" content=\"https:\/\/www.manaus.am.gov.br\/seminf\/wp-content\/uploads\/sites\/6\/2026\/01\/Prefeitura-de-Manaus-executa-manutencao-asfaltica-em-via-do-bairro-Mauazinho-zona-Leste-da-capital-.jpg\" \/>\n\t<meta property=\"og:image:width\" content=\"1600\" \/>\n\t<meta property=\"og:image:height\" content=\"1200\" \/>\n\t<meta property=\"og:image:type\" content=\"image\/jpeg\" \/>\n<meta name=\"author\" content=\"bvalente\" \/>\n<meta name=\"twitter:card\" content=\"summary_large_image\" \/>\n<meta name=\"twitter:label1\" content=\"Written by\" \/>\n\t<meta name=\"twitter:data1\" content=\"bvalente\" \/>\n\t<meta name=\"twitter:label2\" content=\"Est. reading time\" \/>\n\t<meta name=\"twitter:data2\" content=\"2 minutos\" \/>\n<script type=\"application\/ld+json\" class=\"yoast-schema-graph\">{\"@context\":\"https:\/\/schema.org\",\"@graph\":[{\"@type\":\"WebPage\",\"@id\":\"https:\/\/www.manaus.am.gov.br\/seminf\/servicos-manutencao-asfaltica\/\",\"url\":\"https:\/\/www.manaus.am.gov.br\/seminf\/servicos-manutencao-asfaltica\/\",\"name\":\"Prefeitura executa manuten\u00e7\u00e3o asf\u00e1ltica em via no Mauazinho\",\"isPartOf\":{\"@id\":\"https:\/\/www.manaus.am.gov.br\/seminf\/#website\"},\"primaryImageOfPage\":{\"@id\":\"https:\/\/www.manaus.am.gov.br\/seminf\/servicos-manutencao-asfaltica\/#primaryimage\"},\"image\":{\"@id\":\"https:\/\/www.manaus.am.gov.br\/seminf\/servicos-manutencao-asfaltica\/#primaryimage\"},\"thumbnailUrl\":\"https:\/\/www.manaus.am.gov.br\/seminf\/wp-content\/uploads\/sites\/6\/2026\/01\/Prefeitura-de-Manaus-executa-manutencao-asfaltica-em-via-do-bairro-Mauazinho-zona-Leste-da-capital-.jpg\",\"datePublished\":\"2026-01-12T23:46:29+00:00\",\"dateModified\":\"2026-01-12T23:46:31+00:00\",\"author\":{\"@id\":\"https:\/\/www.manaus.am.gov.br\/seminf\/#\/schema\/person\/466a0e03ae4b6062809046bd560ac955\"},\"description\":\"A Prefeitura de Manaus, por meio Seminf, atuou, nesta segunda-feira, 12\/1, na rua Letra Chinesa, no bairro Mauazinho, zona Leste.\",\"inLanguage\":\"pt-BR\",\"potentialAction\":[{\"@type\":\"ReadAction\",\"target\":[\"https:\/\/www.manaus.am.gov.br\/seminf\/servicos-manutencao-asfaltica\/\"]}]},{\"@type\":\"ImageObject\",\"inLanguage\":\"pt-BR\",\"@id\":\"https:\/\/www.manaus.am.gov.br\/seminf\/servicos-manutencao-asfaltica\/#primaryimage\",\"url\":\"https:\/\/www.manaus.am.gov.br\/seminf\/wp-content\/uploads\/sites\/6\/2026\/01\/Prefeitura-de-Manaus-executa-manutencao-asfaltica-em-via-do-bairro-Mauazinho-zona-Leste-da-capital-.jpg\",\"contentUrl\":\"https:\/\/www.manaus.am.gov.br\/seminf\/wp-content\/uploads\/sites\/6\/2026\/01\/Prefeitura-de-Manaus-executa-manutencao-asfaltica-em-via-do-bairro-Mauazinho-zona-Leste-da-capital-.jpg\",\"width\":1600,\"height\":1200,\"caption\":\"#paratodosverem - Servidores da Seminf aplicando asfalto novo em via\"},{\"@type\":\"WebSite\",\"@id\":\"https:\/\/www.manaus.am.gov.br\/seminf\/#website\",\"url\":\"https:\/\/www.manaus.am.gov.br\/seminf\/\",\"name\":\"Secretaria de Infraestrutura\",\"description\":\"Secretaria Municipal de Infraestrutura\",\"potentialAction\":[{\"@type\":\"SearchAction\",\"target\":{\"@type\":\"EntryPoint\",\"urlTemplate\":\"https:\/\/www.manaus.am.gov.br\/seminf\/?s={search_term_string}\"},\"query-input\":\"required name=search_term_string\"}],\"inLanguage\":\"pt-BR\"},{\"@type\":\"Person\",\"@id\":\"https:\/\/www.manaus.am.gov.br\/seminf\/#\/schema\/person\/466a0e03ae4b6062809046bd560ac955\",\"name\":\"bvalente\",\"image\":{\"@type\":\"ImageObject\",\"inLanguage\":\"pt-BR\",\"@id\":\"https:\/\/www.manaus.am.gov.br\/seminf\/#\/schema\/person\/image\/\",\"url\":\"https:\/\/secure.gravatar.com\/avatar\/3e69bc2b014bdad41adfec3a39de07d2?s=96&d=mm&r=g\",\"contentUrl\":\"https:\/\/secure.gravatar.com\/avatar\/3e69bc2b014bdad41adfec3a39de07d2?s=96&d=mm&r=g\",\"caption\":\"bvalente\"}}]}<\/script>\n<!-- \/ Yoast SEO plugin. -->","yoast_head_json":{"title":"Prefeitura executa manuten\u00e7\u00e3o asf\u00e1ltica em via no Mauazinho","description":"A Prefeitura de Manaus, por meio Seminf, atuou, nesta segunda-feira, 12\/1, na rua Letra Chinesa, no bairro Mauazinho, zona Leste.","robots":{"index":"index","follow":"follow","max-snippet":"max-snippet:-1","max-image-preview":"max-image-preview:large","max-video-preview":"max-video-preview:-1"},"canonical":"https:\/\/www.manaus.am.gov.br\/seminf\/servicos-manutencao-asfaltica\/","og_locale":"pt_BR","og_type":"article","og_title":"Prefeitura executa manuten\u00e7\u00e3o asf\u00e1ltica em via no Mauazinho","og_description":"A Prefeitura de Manaus, por meio Seminf, atuou, nesta segunda-feira, 12\/1, na rua Letra Chinesa, no bairro Mauazinho, zona Leste.","og_url":"https:\/\/www.manaus.am.gov.br\/seminf\/servicos-manutencao-asfaltica\/","og_site_name":"SEMINF","article_published_time":"2026-01-12T23:46:29+00:00","article_modified_time":"2026-01-12T23:46:31+00:00","og_image":[{"width":1600,"height":1200,"url":"https:\/\/www.manaus.am.gov.br\/seminf\/wp-content\/uploads\/sites\/6\/2026\/01\/Prefeitura-de-Manaus-executa-manutencao-asfaltica-em-via-do-bairro-Mauazinho-zona-Leste-da-capital-.jpg","type":"image\/jpeg"}],"author":"bvalente","twitter_card":"summary_large_image","twitter_misc":{"Written by":"bvalente","Est. reading time":"2 minutos"},"schema":{"@context":"https:\/\/schema.org","@graph":[{"@type":"WebPage","@id":"https:\/\/www.manaus.am.gov.br\/seminf\/servicos-manutencao-asfaltica\/","url":"https:\/\/www.manaus.am.gov.br\/seminf\/servicos-manutencao-asfaltica\/","name":"Prefeitura executa manuten\u00e7\u00e3o asf\u00e1ltica em via no Mauazinho","isPartOf":{"@id":"https:\/\/www.manaus.am.gov.br\/seminf\/#website"},"primaryImageOfPage":{"@id":"https:\/\/www.manaus.am.gov.br\/seminf\/servicos-manutencao-asfaltica\/#primaryimage"},"image":{"@id":"https:\/\/www.manaus.am.gov.br\/seminf\/servicos-manutencao-asfaltica\/#primaryimage"},"thumbnailUrl":"https:\/\/www.manaus.am.gov.br\/seminf\/wp-content\/uploads\/sites\/6\/2026\/01\/Prefeitura-de-Manaus-executa-manutencao-asfaltica-em-via-do-bairro-Mauazinho-zona-Leste-da-capital-.jpg","datePublished":"2026-01-12T23:46:29+00:00","dateModified":"2026-01-12T23:46:31+00:00","author":{"@id":"https:\/\/www.manaus.am.gov.br\/seminf\/#\/schema\/person\/466a0e03ae4b6062809046bd560ac955"},"description":"A Prefeitura de Manaus, por meio Seminf, atuou, nesta segunda-feira, 12\/1, na rua Letra Chinesa, no bairro Mauazinho, zona Leste.","inLanguage":"pt-BR","potentialAction":[{"@type":"ReadAction","target":["https:\/\/www.manaus.am.gov.br\/seminf\/servicos-manutencao-asfaltica\/"]}]},{"@type":"ImageObject","inLanguage":"pt-BR","@id":"https:\/\/www.manaus.am.gov.br\/seminf\/servicos-manutencao-asfaltica\/#primaryimage","url":"https:\/\/www.manaus.am.gov.br\/seminf\/wp-content\/uploads\/sites\/6\/2026\/01\/Prefeitura-de-Manaus-executa-manutencao-asfaltica-em-via-do-bairro-Mauazinho-zona-Leste-da-capital-.jpg","contentUrl":"https:\/\/www.manaus.am.gov.br\/seminf\/wp-content\/uploads\/sites\/6\/2026\/01\/Prefeitura-de-Manaus-executa-manutencao-asfaltica-em-via-do-bairro-Mauazinho-zona-Leste-da-capital-.jpg","width":1600,"height":1200,"caption":"#paratodosverem - Servidores da Seminf aplicando asfalto novo em via"},{"@type":"WebSite","@id":"https:\/\/www.manaus.am.gov.br\/seminf\/#website","url":"https:\/\/www.manaus.am.gov.br\/seminf\/","name":"Secretaria de Infraestrutura","description":"Secretaria Municipal de Infraestrutura","potentialAction":[{"@type":"SearchAction","target":{"@type":"EntryPoint","urlTemplate":"https:\/\/www.manaus.am.gov.br\/seminf\/?s={search_term_string}"},"query-input":"required name=search_term_string"}],"inLanguage":"pt-BR"},{"@type":"Person","@id":"https:\/\/www.manaus.am.gov.br\/seminf\/#\/schema\/person\/466a0e03ae4b6062809046bd560ac955","name":"bvalente","image":{"@type":"ImageObject","inLanguage":"pt-BR","@id":"https:\/\/www.manaus.am.gov.br\/seminf\/#\/schema\/person\/image\/","url":"https:\/\/secure.gravatar.com\/avatar\/3e69bc2b014bdad41adfec3a39de07d2?s=96&d=mm&r=g","contentUrl":"https:\/\/secure.gravatar.com\/avatar\/3e69bc2b014bdad41adfec3a39de07d2?s=96&d=mm&r=g","caption":"bvalente"}}]}},"_links":{"self":[{"href":"https:\/\/www.manaus.am.gov.br\/seminf\/wp-json\/wp\/v2\/posts\/8104"}],"collection":[{"href":"https:\/\/www.manaus.am.gov.br\/seminf\/wp-json\/wp\/v2\/posts"}],"about":[{"href":"https:\/\/www.manaus.am.gov.br\/seminf\/wp-json\/wp\/v2\/types\/post"}],"author":[{"embeddable":true,"href":"https:\/\/www.manaus.am.gov.br\/seminf\/wp-json\/wp\/v2\/users\/68"}],"replies":[{"embeddable":true,"href":"https:\/\/www.manaus.am.gov.br\/seminf\/wp-json\/wp\/v2\/comments?post=8104"}],"version-history":[{"count":0,"href":"https:\/\/www.manaus.am.gov.br\/seminf\/wp-json\/wp\/v2\/posts\/8104\/revisions"}],"wp:featuredmedia":[{"embeddable":true,"href":"https:\/\/www.manaus.am.gov.br\/seminf\/wp-json\/wp\/v2\/media\/8105"}],"wp:attachment":[{"href":"https:\/\/www.manaus.am.gov.br\/seminf\/wp-json\/wp\/v2\/media?parent=8104"}],"wp:term":[{"taxonomy":"category","embeddable":true,"href":"https:\/\/www.manaus.am.gov.br\/seminf\/wp-json\/wp\/v2\/categories?post=8104"},{"taxonomy":"post_tag","embeddable":true,"href":"https:\/\/www.manaus.am.gov.br\/seminf\/wp-json\/wp\/v2\/tags?post=8104"}],"curies":[{"name":"wp","href":"https:\/\/api.w.org\/{rel}","templated":true}]}}