{"id":8102,"date":"2026-01-12T19:18:05","date_gmt":"2026-01-12T23:18:05","guid":{"rendered":"https:\/\/www.manaus.am.gov.br\/seminf\/manutencao-asfaltica-avenida-margarita\/"},"modified":"2026-01-12T19:18:06","modified_gmt":"2026-01-12T23:18:06","slug":"manutencao-asfaltica-avenida-margarita","status":"publish","type":"post","link":"https:\/\/www.manaus.am.gov.br\/seminf\/manutencao-asfaltica-avenida-margarita\/","title":{"rendered":"Prefeitura de Manaus realiza manuten\u00e7\u00e3o asf\u00e1ltica na avenida Margarita, no bairro Cidade de Deus\u00a0"},"content":{"rendered":"\n<p>A Prefeitura de Manaus, por meio da Secretaria Municipal de Infraestrutura (Seminf), segue atuando de forma efetiva e cont\u00ednua pela cidade. Nesta segunda-feira, 12\/1, as equipes realizaram o servi\u00e7o de manuten\u00e7\u00e3o asf\u00e1ltica na avenida Margarita, localizada no bairro Cidade de Deus, zona Norte da capital, importante via de circula\u00e7\u00e3o e com intenso tr\u00e1fego de ve\u00edculos diariamente.<\/p>\n\n\n\n<p>O vice-prefeito e secret\u00e1rio de Obras, Renato Junior, refor\u00e7a que a nova semana come\u00e7a com equipes em campo e trabalhos em ritmo acelerado em todas as zonas da cidade.<\/p>\n\n\n\n<p>\u201cUma nova semana come\u00e7a e o ritmo de trabalho segue intenso. Nossas equipes da Secretaria de Obras est\u00e3o nas ruas de Manaus de segunda a segunda, incluindo os fins de semana, para dar vaz\u00e3o ao grande volume de servi\u00e7os e atender \u00e0s demandas da cidade. Esse \u00e9 um compromisso da gest\u00e3o do prefeito David Almeida, e seguimos avan\u00e7ando com dedica\u00e7\u00e3o e responsabilidade\u201d, afirmou Renato Junior.<\/p>\n\n\n\n<p>O servi\u00e7o tem como objetivo garantir melhores condi\u00e7\u00f5es de trafegabilidade, melhorando o fluxo de ve\u00edculos e proporcionando mais seguran\u00e7a e conforto para motoristas, e usu\u00e1rios do transporte coletivo que utilizam a via.<\/p>\n\n\n\n<p>Com trabalhos cont\u00ednuos em todas as zonas da cidade, a Prefeitura de Manaus refor\u00e7a sua presen\u00e7a nos bairros e o compromisso com a popula\u00e7\u00e3o, levando servi\u00e7os essenciais, que garantem a qualidade de vida e ruas mais seguras e adequadas para o dia a dia.<\/p>\n\n\n\n<p>\u2014&#8211; \u2014&#8211; \u2014&#8211;<br><strong>Texto &#8211; <\/strong>Rayana Coutinho\/ Seminf\u00a0<br><strong>Fotos &#8211; <\/strong>Divulga\u00e7\u00e3o \/ Seminf<\/p>\n","protected":false},"excerpt":{"rendered":"","protected":false},"author":68,"featured_media":8103,"comment_status":"closed","ping_status":"closed","sticky":false,"template":"","format":"standard","meta":{"footnotes":""},"categories":[8],"tags":[2964,2965,43,26],"acf":[],"yoast_head":"<!-- This site is optimized with the Yoast SEO plugin v23.0 - https:\/\/yoast.com\/wordpress\/plugins\/seo\/ -->\n<title>Prefeitura realiza manuten\u00e7\u00e3o asf\u00e1ltica na avenida Margarita<\/title>\n<meta name=\"description\" content=\"A Prefeitura de Manaus, por meio da Secretaria Municipal de Infraestrutura (Seminf), segue atuando de forma efetiva e cont\u00ednua pela cidade.\" \/>\n<meta name=\"robots\" content=\"index, follow, max-snippet:-1, max-image-preview:large, max-video-preview:-1\" \/>\n<link rel=\"canonical\" href=\"https:\/\/www.manaus.am.gov.br\/seminf\/manutencao-asfaltica-avenida-margarita\/\" \/>\n<meta property=\"og:locale\" content=\"pt_BR\" \/>\n<meta property=\"og:type\" content=\"article\" \/>\n<meta property=\"og:title\" content=\"Prefeitura realiza manuten\u00e7\u00e3o asf\u00e1ltica na avenida Margarita\" \/>\n<meta property=\"og:description\" content=\"A Prefeitura de Manaus, por meio da Secretaria Municipal de Infraestrutura (Seminf), segue atuando de forma efetiva e cont\u00ednua pela cidade.\" \/>\n<meta property=\"og:url\" content=\"https:\/\/www.manaus.am.gov.br\/seminf\/manutencao-asfaltica-avenida-margarita\/\" \/>\n<meta property=\"og:site_name\" content=\"SEMINF\" \/>\n<meta property=\"article:published_time\" content=\"2026-01-12T23:18:05+00:00\" \/>\n<meta property=\"article:modified_time\" content=\"2026-01-12T23:18:06+00:00\" \/>\n<meta property=\"og:image\" content=\"https:\/\/www.manaus.am.gov.br\/seminf\/wp-content\/uploads\/sites\/6\/2026\/01\/Prefeitura-de-Manaus-realiza-manutencao-asfaltica-na-avenida-Margarita-no-bairro-Cidade-de-Deus-3.jpg\" \/>\n\t<meta property=\"og:image:width\" content=\"1600\" \/>\n\t<meta property=\"og:image:height\" content=\"900\" \/>\n\t<meta property=\"og:image:type\" content=\"image\/jpeg\" \/>\n<meta name=\"author\" content=\"bvalente\" \/>\n<meta name=\"twitter:card\" content=\"summary_large_image\" \/>\n<meta name=\"twitter:label1\" content=\"Written by\" \/>\n\t<meta name=\"twitter:data1\" content=\"bvalente\" \/>\n\t<meta name=\"twitter:label2\" content=\"Est. reading time\" \/>\n\t<meta name=\"twitter:data2\" content=\"2 minutos\" \/>\n<script type=\"application\/ld+json\" class=\"yoast-schema-graph\">{\"@context\":\"https:\/\/schema.org\",\"@graph\":[{\"@type\":\"WebPage\",\"@id\":\"https:\/\/www.manaus.am.gov.br\/seminf\/manutencao-asfaltica-avenida-margarita\/\",\"url\":\"https:\/\/www.manaus.am.gov.br\/seminf\/manutencao-asfaltica-avenida-margarita\/\",\"name\":\"Prefeitura realiza manuten\u00e7\u00e3o asf\u00e1ltica na avenida Margarita\",\"isPartOf\":{\"@id\":\"https:\/\/www.manaus.am.gov.br\/seminf\/#website\"},\"primaryImageOfPage\":{\"@id\":\"https:\/\/www.manaus.am.gov.br\/seminf\/manutencao-asfaltica-avenida-margarita\/#primaryimage\"},\"image\":{\"@id\":\"https:\/\/www.manaus.am.gov.br\/seminf\/manutencao-asfaltica-avenida-margarita\/#primaryimage\"},\"thumbnailUrl\":\"https:\/\/www.manaus.am.gov.br\/seminf\/wp-content\/uploads\/sites\/6\/2026\/01\/Prefeitura-de-Manaus-realiza-manutencao-asfaltica-na-avenida-Margarita-no-bairro-Cidade-de-Deus-3.jpg\",\"datePublished\":\"2026-01-12T23:18:05+00:00\",\"dateModified\":\"2026-01-12T23:18:06+00:00\",\"author\":{\"@id\":\"https:\/\/www.manaus.am.gov.br\/seminf\/#\/schema\/person\/466a0e03ae4b6062809046bd560ac955\"},\"description\":\"A Prefeitura de Manaus, por meio da Secretaria Municipal de Infraestrutura (Seminf), segue atuando de forma efetiva e cont\u00ednua pela cidade.\",\"inLanguage\":\"pt-BR\",\"potentialAction\":[{\"@type\":\"ReadAction\",\"target\":[\"https:\/\/www.manaus.am.gov.br\/seminf\/manutencao-asfaltica-avenida-margarita\/\"]}]},{\"@type\":\"ImageObject\",\"inLanguage\":\"pt-BR\",\"@id\":\"https:\/\/www.manaus.am.gov.br\/seminf\/manutencao-asfaltica-avenida-margarita\/#primaryimage\",\"url\":\"https:\/\/www.manaus.am.gov.br\/seminf\/wp-content\/uploads\/sites\/6\/2026\/01\/Prefeitura-de-Manaus-realiza-manutencao-asfaltica-na-avenida-Margarita-no-bairro-Cidade-de-Deus-3.jpg\",\"contentUrl\":\"https:\/\/www.manaus.am.gov.br\/seminf\/wp-content\/uploads\/sites\/6\/2026\/01\/Prefeitura-de-Manaus-realiza-manutencao-asfaltica-na-avenida-Margarita-no-bairro-Cidade-de-Deus-3.jpg\",\"width\":1600,\"height\":900,\"caption\":\"#paratodosverem - Servidores da Seminf aplicando asfalto novo em via\"},{\"@type\":\"WebSite\",\"@id\":\"https:\/\/www.manaus.am.gov.br\/seminf\/#website\",\"url\":\"https:\/\/www.manaus.am.gov.br\/seminf\/\",\"name\":\"Secretaria de Infraestrutura\",\"description\":\"Secretaria Municipal de Infraestrutura\",\"potentialAction\":[{\"@type\":\"SearchAction\",\"target\":{\"@type\":\"EntryPoint\",\"urlTemplate\":\"https:\/\/www.manaus.am.gov.br\/seminf\/?s={search_term_string}\"},\"query-input\":\"required name=search_term_string\"}],\"inLanguage\":\"pt-BR\"},{\"@type\":\"Person\",\"@id\":\"https:\/\/www.manaus.am.gov.br\/seminf\/#\/schema\/person\/466a0e03ae4b6062809046bd560ac955\",\"name\":\"bvalente\",\"image\":{\"@type\":\"ImageObject\",\"inLanguage\":\"pt-BR\",\"@id\":\"https:\/\/www.manaus.am.gov.br\/seminf\/#\/schema\/person\/image\/\",\"url\":\"https:\/\/secure.gravatar.com\/avatar\/3e69bc2b014bdad41adfec3a39de07d2?s=96&d=mm&r=g\",\"contentUrl\":\"https:\/\/secure.gravatar.com\/avatar\/3e69bc2b014bdad41adfec3a39de07d2?s=96&d=mm&r=g\",\"caption\":\"bvalente\"}}]}<\/script>\n<!-- \/ Yoast SEO plugin. -->","yoast_head_json":{"title":"Prefeitura realiza manuten\u00e7\u00e3o asf\u00e1ltica na avenida Margarita","description":"A Prefeitura de Manaus, por meio da Secretaria Municipal de Infraestrutura (Seminf), segue atuando de forma efetiva e cont\u00ednua pela cidade.","robots":{"index":"index","follow":"follow","max-snippet":"max-snippet:-1","max-image-preview":"max-image-preview:large","max-video-preview":"max-video-preview:-1"},"canonical":"https:\/\/www.manaus.am.gov.br\/seminf\/manutencao-asfaltica-avenida-margarita\/","og_locale":"pt_BR","og_type":"article","og_title":"Prefeitura realiza manuten\u00e7\u00e3o asf\u00e1ltica na avenida Margarita","og_description":"A Prefeitura de Manaus, por meio da Secretaria Municipal de Infraestrutura (Seminf), segue atuando de forma efetiva e cont\u00ednua pela cidade.","og_url":"https:\/\/www.manaus.am.gov.br\/seminf\/manutencao-asfaltica-avenida-margarita\/","og_site_name":"SEMINF","article_published_time":"2026-01-12T23:18:05+00:00","article_modified_time":"2026-01-12T23:18:06+00:00","og_image":[{"width":1600,"height":900,"url":"https:\/\/www.manaus.am.gov.br\/seminf\/wp-content\/uploads\/sites\/6\/2026\/01\/Prefeitura-de-Manaus-realiza-manutencao-asfaltica-na-avenida-Margarita-no-bairro-Cidade-de-Deus-3.jpg","type":"image\/jpeg"}],"author":"bvalente","twitter_card":"summary_large_image","twitter_misc":{"Written by":"bvalente","Est. reading time":"2 minutos"},"schema":{"@context":"https:\/\/schema.org","@graph":[{"@type":"WebPage","@id":"https:\/\/www.manaus.am.gov.br\/seminf\/manutencao-asfaltica-avenida-margarita\/","url":"https:\/\/www.manaus.am.gov.br\/seminf\/manutencao-asfaltica-avenida-margarita\/","name":"Prefeitura realiza manuten\u00e7\u00e3o asf\u00e1ltica na avenida Margarita","isPartOf":{"@id":"https:\/\/www.manaus.am.gov.br\/seminf\/#website"},"primaryImageOfPage":{"@id":"https:\/\/www.manaus.am.gov.br\/seminf\/manutencao-asfaltica-avenida-margarita\/#primaryimage"},"image":{"@id":"https:\/\/www.manaus.am.gov.br\/seminf\/manutencao-asfaltica-avenida-margarita\/#primaryimage"},"thumbnailUrl":"https:\/\/www.manaus.am.gov.br\/seminf\/wp-content\/uploads\/sites\/6\/2026\/01\/Prefeitura-de-Manaus-realiza-manutencao-asfaltica-na-avenida-Margarita-no-bairro-Cidade-de-Deus-3.jpg","datePublished":"2026-01-12T23:18:05+00:00","dateModified":"2026-01-12T23:18:06+00:00","author":{"@id":"https:\/\/www.manaus.am.gov.br\/seminf\/#\/schema\/person\/466a0e03ae4b6062809046bd560ac955"},"description":"A Prefeitura de Manaus, por meio da Secretaria Municipal de Infraestrutura (Seminf), segue atuando de forma efetiva e cont\u00ednua pela cidade.","inLanguage":"pt-BR","potentialAction":[{"@type":"ReadAction","target":["https:\/\/www.manaus.am.gov.br\/seminf\/manutencao-asfaltica-avenida-margarita\/"]}]},{"@type":"ImageObject","inLanguage":"pt-BR","@id":"https:\/\/www.manaus.am.gov.br\/seminf\/manutencao-asfaltica-avenida-margarita\/#primaryimage","url":"https:\/\/www.manaus.am.gov.br\/seminf\/wp-content\/uploads\/sites\/6\/2026\/01\/Prefeitura-de-Manaus-realiza-manutencao-asfaltica-na-avenida-Margarita-no-bairro-Cidade-de-Deus-3.jpg","contentUrl":"https:\/\/www.manaus.am.gov.br\/seminf\/wp-content\/uploads\/sites\/6\/2026\/01\/Prefeitura-de-Manaus-realiza-manutencao-asfaltica-na-avenida-Margarita-no-bairro-Cidade-de-Deus-3.jpg","width":1600,"height":900,"caption":"#paratodosverem - Servidores da Seminf aplicando asfalto novo em via"},{"@type":"WebSite","@id":"https:\/\/www.manaus.am.gov.br\/seminf\/#website","url":"https:\/\/www.manaus.am.gov.br\/seminf\/","name":"Secretaria de Infraestrutura","description":"Secretaria Municipal de Infraestrutura","potentialAction":[{"@type":"SearchAction","target":{"@type":"EntryPoint","urlTemplate":"https:\/\/www.manaus.am.gov.br\/seminf\/?s={search_term_string}"},"query-input":"required name=search_term_string"}],"inLanguage":"pt-BR"},{"@type":"Person","@id":"https:\/\/www.manaus.am.gov.br\/seminf\/#\/schema\/person\/466a0e03ae4b6062809046bd560ac955","name":"bvalente","image":{"@type":"ImageObject","inLanguage":"pt-BR","@id":"https:\/\/www.manaus.am.gov.br\/seminf\/#\/schema\/person\/image\/","url":"https:\/\/secure.gravatar.com\/avatar\/3e69bc2b014bdad41adfec3a39de07d2?s=96&d=mm&r=g","contentUrl":"https:\/\/secure.gravatar.com\/avatar\/3e69bc2b014bdad41adfec3a39de07d2?s=96&d=mm&r=g","caption":"bvalente"}}]}},"_links":{"self":[{"href":"https:\/\/www.manaus.am.gov.br\/seminf\/wp-json\/wp\/v2\/posts\/8102"}],"collection":[{"href":"https:\/\/www.manaus.am.gov.br\/seminf\/wp-json\/wp\/v2\/posts"}],"about":[{"href":"https:\/\/www.manaus.am.gov.br\/seminf\/wp-json\/wp\/v2\/types\/post"}],"author":[{"embeddable":true,"href":"https:\/\/www.manaus.am.gov.br\/seminf\/wp-json\/wp\/v2\/users\/68"}],"replies":[{"embeddable":true,"href":"https:\/\/www.manaus.am.gov.br\/seminf\/wp-json\/wp\/v2\/comments?post=8102"}],"version-history":[{"count":0,"href":"https:\/\/www.manaus.am.gov.br\/seminf\/wp-json\/wp\/v2\/posts\/8102\/revisions"}],"wp:featuredmedia":[{"embeddable":true,"href":"https:\/\/www.manaus.am.gov.br\/seminf\/wp-json\/wp\/v2\/media\/8103"}],"wp:attachment":[{"href":"https:\/\/www.manaus.am.gov.br\/seminf\/wp-json\/wp\/v2\/media?parent=8102"}],"wp:term":[{"taxonomy":"category","embeddable":true,"href":"https:\/\/www.manaus.am.gov.br\/seminf\/wp-json\/wp\/v2\/categories?post=8102"},{"taxonomy":"post_tag","embeddable":true,"href":"https:\/\/www.manaus.am.gov.br\/seminf\/wp-json\/wp\/v2\/tags?post=8102"}],"curies":[{"name":"wp","href":"https:\/\/api.w.org\/{rel}","templated":true}]}}