{"id":8100,"date":"2026-01-12T19:03:46","date_gmt":"2026-01-12T23:03:46","guid":{"rendered":"https:\/\/www.manaus.am.gov.br\/seminf\/manutencao-de-drenagem-superficial\/"},"modified":"2026-01-12T19:03:48","modified_gmt":"2026-01-12T23:03:48","slug":"manutencao-de-drenagem-superficial","status":"publish","type":"post","link":"https:\/\/www.manaus.am.gov.br\/seminf\/manutencao-de-drenagem-superficial\/","title":{"rendered":"Prefeitura de Manaus avan\u00e7a em manuten\u00e7\u00e3o de drenagem superficial no bairro L\u00edrio do Vale"},"content":{"rendered":"\n<p>Nesta segunda-feira, 12\/1, a Prefeitura de Manaus, por meio da Secretaria Municipal de Infraestrutura (Seminf), deu continuidade a obra de recupera\u00e7\u00e3o de um trecho da drenagem superficial na avenida Laguna, no bairro L\u00edrio do Vale, zona Centro-Oeste da capital, com servi\u00e7os realizados na cal\u00e7ada, sarjeta, e meio-fio. O trabalho, promovido pelas equipes dos distritos de obras, garante maior seguran\u00e7a e mobilidade aos pedestres na \u00e1rea, devido ao intenso fluxo de ve\u00edculos na via.<\/p>\n\n\n\n<p>O vice-prefeito e secret\u00e1rio de Obras, Renato Junior, reafirmou o compromisso da gest\u00e3o municipal e destacou a import\u00e2ncia do trabalho executado de forma minuciosa e precisa no bairro.<\/p>\n\n\n\n<p>\u201cDia e noite nossas equipes est\u00e3o nas ruas cuidando da cidade e transformando a infraestrutura de Manaus. A miss\u00e3o da gest\u00e3o do prefeito David Almeida \u00e9 levar mais dignidade, seguran\u00e7a e qualidade de vida para quem vive aqui, e as obras fazem parte desse compromisso. Sabemos que a avenida Laguna tem um fluxo intenso de ve\u00edculos, por isso o trabalho \u00e9 feito com muito cuidado e agilidade, para avan\u00e7ar na revitaliza\u00e7\u00e3o sem prejudicar a rotina de quem passa pelo local\u201d, destacou Renato Junior.<\/p>\n\n\n\n<p>Os moradores da \u00e1rea acompanharam a obra em execu\u00e7\u00e3o e avaliaram positivamente a iniciativa da administra\u00e7\u00e3o municipal.<\/p>\n\n\n\n<p>\u201c\u00c9 muito bom, porque essa rua precisava de aten\u00e7\u00e3o e agora est\u00e1 \u00f3timo, aprovado. Agrade\u00e7o pela vinda da equipe e \u00e0 prefeitura por esse trabalho maravilhoso\u201d, agradeceu a industri\u00e1ria Edinete Pereira, 48 anos, moradora da \u00e1rea.<\/p>\n\n\n\n<p>A Prefeitura de Manaus segue em a\u00e7\u00e3o com obras de melhoria na infraestrutura da capital, com a\u00e7\u00f5es transformadoras nos bairros e que mudam a realidade da popula\u00e7\u00e3o manauara.<\/p>\n\n\n\n<p>\u2014&#8211; \u2014&#8211; \u2014&#8211;<br><strong>Texto &#8211;<\/strong> Maria Amed\/ Seminf<br><strong>Fotos &#8211; <\/strong>\u00a0Eduarda Lira e Maria Amed\/ Seminf<\/p>\n","protected":false},"excerpt":{"rendered":"","protected":false},"author":68,"featured_media":8101,"comment_status":"closed","ping_status":"closed","sticky":false,"template":"","format":"standard","meta":{"footnotes":""},"categories":[3],"tags":[879,1133,43,26],"acf":[],"yoast_head":"<!-- This site is optimized with the Yoast SEO plugin v23.0 - https:\/\/yoast.com\/wordpress\/plugins\/seo\/ -->\n<title>Prefeitura avan\u00e7a em manuten\u00e7\u00e3o de drenagem superficial<\/title>\n<meta name=\"description\" content=\"a Prefeitura de Manaus deu continuidade a obra de recupera\u00e7\u00e3o de um trecho da drenagem superficial na avenida Laguna.\" \/>\n<meta name=\"robots\" content=\"index, follow, max-snippet:-1, max-image-preview:large, max-video-preview:-1\" \/>\n<link rel=\"canonical\" href=\"https:\/\/www.manaus.am.gov.br\/seminf\/manutencao-de-drenagem-superficial\/\" \/>\n<meta property=\"og:locale\" content=\"pt_BR\" \/>\n<meta property=\"og:type\" content=\"article\" \/>\n<meta property=\"og:title\" content=\"Prefeitura avan\u00e7a em manuten\u00e7\u00e3o de drenagem superficial\" \/>\n<meta property=\"og:description\" content=\"a Prefeitura de Manaus deu continuidade a obra de recupera\u00e7\u00e3o de um trecho da drenagem superficial na avenida Laguna.\" \/>\n<meta property=\"og:url\" content=\"https:\/\/www.manaus.am.gov.br\/seminf\/manutencao-de-drenagem-superficial\/\" \/>\n<meta property=\"og:site_name\" content=\"SEMINF\" \/>\n<meta property=\"article:published_time\" content=\"2026-01-12T23:03:46+00:00\" \/>\n<meta property=\"article:modified_time\" content=\"2026-01-12T23:03:48+00:00\" \/>\n<meta property=\"og:image\" content=\"https:\/\/www.manaus.am.gov.br\/seminf\/wp-content\/uploads\/sites\/6\/2026\/01\/IMG_9332-1024x768.jpg\" \/>\n\t<meta property=\"og:image:width\" content=\"1024\" \/>\n\t<meta property=\"og:image:height\" content=\"768\" \/>\n\t<meta property=\"og:image:type\" content=\"image\/jpeg\" \/>\n<meta name=\"author\" content=\"bvalente\" \/>\n<meta name=\"twitter:card\" content=\"summary_large_image\" \/>\n<meta name=\"twitter:label1\" content=\"Written by\" \/>\n\t<meta name=\"twitter:data1\" content=\"bvalente\" \/>\n\t<meta name=\"twitter:label2\" content=\"Est. reading time\" \/>\n\t<meta name=\"twitter:data2\" content=\"2 minutos\" \/>\n<script type=\"application\/ld+json\" class=\"yoast-schema-graph\">{\"@context\":\"https:\/\/schema.org\",\"@graph\":[{\"@type\":\"WebPage\",\"@id\":\"https:\/\/www.manaus.am.gov.br\/seminf\/manutencao-de-drenagem-superficial\/\",\"url\":\"https:\/\/www.manaus.am.gov.br\/seminf\/manutencao-de-drenagem-superficial\/\",\"name\":\"Prefeitura avan\u00e7a em manuten\u00e7\u00e3o de drenagem superficial\",\"isPartOf\":{\"@id\":\"https:\/\/www.manaus.am.gov.br\/seminf\/#website\"},\"primaryImageOfPage\":{\"@id\":\"https:\/\/www.manaus.am.gov.br\/seminf\/manutencao-de-drenagem-superficial\/#primaryimage\"},\"image\":{\"@id\":\"https:\/\/www.manaus.am.gov.br\/seminf\/manutencao-de-drenagem-superficial\/#primaryimage\"},\"thumbnailUrl\":\"https:\/\/www.manaus.am.gov.br\/seminf\/wp-content\/uploads\/sites\/6\/2026\/01\/IMG_9332.jpg\",\"datePublished\":\"2026-01-12T23:03:46+00:00\",\"dateModified\":\"2026-01-12T23:03:48+00:00\",\"author\":{\"@id\":\"https:\/\/www.manaus.am.gov.br\/seminf\/#\/schema\/person\/466a0e03ae4b6062809046bd560ac955\"},\"description\":\"a Prefeitura de Manaus deu continuidade a obra de recupera\u00e7\u00e3o de um trecho da drenagem superficial na avenida Laguna.\",\"inLanguage\":\"pt-BR\",\"potentialAction\":[{\"@type\":\"ReadAction\",\"target\":[\"https:\/\/www.manaus.am.gov.br\/seminf\/manutencao-de-drenagem-superficial\/\"]}]},{\"@type\":\"ImageObject\",\"inLanguage\":\"pt-BR\",\"@id\":\"https:\/\/www.manaus.am.gov.br\/seminf\/manutencao-de-drenagem-superficial\/#primaryimage\",\"url\":\"https:\/\/www.manaus.am.gov.br\/seminf\/wp-content\/uploads\/sites\/6\/2026\/01\/IMG_9332.jpg\",\"contentUrl\":\"https:\/\/www.manaus.am.gov.br\/seminf\/wp-content\/uploads\/sites\/6\/2026\/01\/IMG_9332.jpg\",\"width\":5712,\"height\":4284,\"caption\":\"#paratodosverem - Servidores da Seminf realizando a recupera\u00e7\u00e3o de rede de drenagem\"},{\"@type\":\"WebSite\",\"@id\":\"https:\/\/www.manaus.am.gov.br\/seminf\/#website\",\"url\":\"https:\/\/www.manaus.am.gov.br\/seminf\/\",\"name\":\"Secretaria de Infraestrutura\",\"description\":\"Secretaria Municipal de Infraestrutura\",\"potentialAction\":[{\"@type\":\"SearchAction\",\"target\":{\"@type\":\"EntryPoint\",\"urlTemplate\":\"https:\/\/www.manaus.am.gov.br\/seminf\/?s={search_term_string}\"},\"query-input\":\"required name=search_term_string\"}],\"inLanguage\":\"pt-BR\"},{\"@type\":\"Person\",\"@id\":\"https:\/\/www.manaus.am.gov.br\/seminf\/#\/schema\/person\/466a0e03ae4b6062809046bd560ac955\",\"name\":\"bvalente\",\"image\":{\"@type\":\"ImageObject\",\"inLanguage\":\"pt-BR\",\"@id\":\"https:\/\/www.manaus.am.gov.br\/seminf\/#\/schema\/person\/image\/\",\"url\":\"https:\/\/secure.gravatar.com\/avatar\/3e69bc2b014bdad41adfec3a39de07d2?s=96&d=mm&r=g\",\"contentUrl\":\"https:\/\/secure.gravatar.com\/avatar\/3e69bc2b014bdad41adfec3a39de07d2?s=96&d=mm&r=g\",\"caption\":\"bvalente\"}}]}<\/script>\n<!-- \/ Yoast SEO plugin. -->","yoast_head_json":{"title":"Prefeitura avan\u00e7a em manuten\u00e7\u00e3o de drenagem superficial","description":"a Prefeitura de Manaus deu continuidade a obra de recupera\u00e7\u00e3o de um trecho da drenagem superficial na avenida Laguna.","robots":{"index":"index","follow":"follow","max-snippet":"max-snippet:-1","max-image-preview":"max-image-preview:large","max-video-preview":"max-video-preview:-1"},"canonical":"https:\/\/www.manaus.am.gov.br\/seminf\/manutencao-de-drenagem-superficial\/","og_locale":"pt_BR","og_type":"article","og_title":"Prefeitura avan\u00e7a em manuten\u00e7\u00e3o de drenagem superficial","og_description":"a Prefeitura de Manaus deu continuidade a obra de recupera\u00e7\u00e3o de um trecho da drenagem superficial na avenida Laguna.","og_url":"https:\/\/www.manaus.am.gov.br\/seminf\/manutencao-de-drenagem-superficial\/","og_site_name":"SEMINF","article_published_time":"2026-01-12T23:03:46+00:00","article_modified_time":"2026-01-12T23:03:48+00:00","og_image":[{"width":1024,"height":768,"url":"https:\/\/www.manaus.am.gov.br\/seminf\/wp-content\/uploads\/sites\/6\/2026\/01\/IMG_9332-1024x768.jpg","type":"image\/jpeg"}],"author":"bvalente","twitter_card":"summary_large_image","twitter_misc":{"Written by":"bvalente","Est. reading time":"2 minutos"},"schema":{"@context":"https:\/\/schema.org","@graph":[{"@type":"WebPage","@id":"https:\/\/www.manaus.am.gov.br\/seminf\/manutencao-de-drenagem-superficial\/","url":"https:\/\/www.manaus.am.gov.br\/seminf\/manutencao-de-drenagem-superficial\/","name":"Prefeitura avan\u00e7a em manuten\u00e7\u00e3o de drenagem superficial","isPartOf":{"@id":"https:\/\/www.manaus.am.gov.br\/seminf\/#website"},"primaryImageOfPage":{"@id":"https:\/\/www.manaus.am.gov.br\/seminf\/manutencao-de-drenagem-superficial\/#primaryimage"},"image":{"@id":"https:\/\/www.manaus.am.gov.br\/seminf\/manutencao-de-drenagem-superficial\/#primaryimage"},"thumbnailUrl":"https:\/\/www.manaus.am.gov.br\/seminf\/wp-content\/uploads\/sites\/6\/2026\/01\/IMG_9332.jpg","datePublished":"2026-01-12T23:03:46+00:00","dateModified":"2026-01-12T23:03:48+00:00","author":{"@id":"https:\/\/www.manaus.am.gov.br\/seminf\/#\/schema\/person\/466a0e03ae4b6062809046bd560ac955"},"description":"a Prefeitura de Manaus deu continuidade a obra de recupera\u00e7\u00e3o de um trecho da drenagem superficial na avenida Laguna.","inLanguage":"pt-BR","potentialAction":[{"@type":"ReadAction","target":["https:\/\/www.manaus.am.gov.br\/seminf\/manutencao-de-drenagem-superficial\/"]}]},{"@type":"ImageObject","inLanguage":"pt-BR","@id":"https:\/\/www.manaus.am.gov.br\/seminf\/manutencao-de-drenagem-superficial\/#primaryimage","url":"https:\/\/www.manaus.am.gov.br\/seminf\/wp-content\/uploads\/sites\/6\/2026\/01\/IMG_9332.jpg","contentUrl":"https:\/\/www.manaus.am.gov.br\/seminf\/wp-content\/uploads\/sites\/6\/2026\/01\/IMG_9332.jpg","width":5712,"height":4284,"caption":"#paratodosverem - Servidores da Seminf realizando a recupera\u00e7\u00e3o de rede de drenagem"},{"@type":"WebSite","@id":"https:\/\/www.manaus.am.gov.br\/seminf\/#website","url":"https:\/\/www.manaus.am.gov.br\/seminf\/","name":"Secretaria de Infraestrutura","description":"Secretaria Municipal de Infraestrutura","potentialAction":[{"@type":"SearchAction","target":{"@type":"EntryPoint","urlTemplate":"https:\/\/www.manaus.am.gov.br\/seminf\/?s={search_term_string}"},"query-input":"required name=search_term_string"}],"inLanguage":"pt-BR"},{"@type":"Person","@id":"https:\/\/www.manaus.am.gov.br\/seminf\/#\/schema\/person\/466a0e03ae4b6062809046bd560ac955","name":"bvalente","image":{"@type":"ImageObject","inLanguage":"pt-BR","@id":"https:\/\/www.manaus.am.gov.br\/seminf\/#\/schema\/person\/image\/","url":"https:\/\/secure.gravatar.com\/avatar\/3e69bc2b014bdad41adfec3a39de07d2?s=96&d=mm&r=g","contentUrl":"https:\/\/secure.gravatar.com\/avatar\/3e69bc2b014bdad41adfec3a39de07d2?s=96&d=mm&r=g","caption":"bvalente"}}]}},"_links":{"self":[{"href":"https:\/\/www.manaus.am.gov.br\/seminf\/wp-json\/wp\/v2\/posts\/8100"}],"collection":[{"href":"https:\/\/www.manaus.am.gov.br\/seminf\/wp-json\/wp\/v2\/posts"}],"about":[{"href":"https:\/\/www.manaus.am.gov.br\/seminf\/wp-json\/wp\/v2\/types\/post"}],"author":[{"embeddable":true,"href":"https:\/\/www.manaus.am.gov.br\/seminf\/wp-json\/wp\/v2\/users\/68"}],"replies":[{"embeddable":true,"href":"https:\/\/www.manaus.am.gov.br\/seminf\/wp-json\/wp\/v2\/comments?post=8100"}],"version-history":[{"count":0,"href":"https:\/\/www.manaus.am.gov.br\/seminf\/wp-json\/wp\/v2\/posts\/8100\/revisions"}],"wp:featuredmedia":[{"embeddable":true,"href":"https:\/\/www.manaus.am.gov.br\/seminf\/wp-json\/wp\/v2\/media\/8101"}],"wp:attachment":[{"href":"https:\/\/www.manaus.am.gov.br\/seminf\/wp-json\/wp\/v2\/media?parent=8100"}],"wp:term":[{"taxonomy":"category","embeddable":true,"href":"https:\/\/www.manaus.am.gov.br\/seminf\/wp-json\/wp\/v2\/categories?post=8100"},{"taxonomy":"post_tag","embeddable":true,"href":"https:\/\/www.manaus.am.gov.br\/seminf\/wp-json\/wp\/v2\/tags?post=8100"}],"curies":[{"name":"wp","href":"https:\/\/api.w.org\/{rel}","templated":true}]}}